{"id":7497,"date":"2016-10-21T10:54:12","date_gmt":"2016-10-21T08:54:12","guid":{"rendered":"http:\/\/blog.zeit.de\/hamburg\/?p=7497"},"modified":"2016-10-21T10:54:12","modified_gmt":"2016-10-21T08:54:12","slug":"fc-st-pauli-abwehr-staerken","status":"publish","type":"post","link":"https:\/\/blog.zeit.de\/hamburg\/fc-st-pauli-abwehr-staerken\/","title":{"rendered":"St\u00e4rkt die Abwehrkr\u00e4fte"},"content":{"rendered":"<p><em>Der FC St. Pauli steht vor dem Spiel gegen den SV Sandhausen auf dem letzten Tabellenplatz. Das ist kein Drama \u2013 aber der Verein muss jetzt handeln.<\/em><\/p>\n<p>Der ehemalige Fu\u00dfballspieler J\u00fcrgen Wegmann sagte zu einer Zeit, als er noch aktiv auf dem Platz stand, einen denkw\u00fcrdigen Satz, der ihn direkt in die Riege der Fu\u00dfball-Philosophen katapultierte. Der ging so: \u00bbErst hatten wir kein Gl\u00fcck, und dann kam auch noch Pech hinzu.\u00ab Der FC St. Pauli, der sich gerne als Philosophen-Verein der Bundesligen sieht, kann mit diesem Spruch zurzeit mehr anfangen, als ihm lieb ist.<\/p>\n<p>Kein Sieg in den letzten f\u00fcnf Spielen. \u00dcberhaupt nur ein Sieg in neun Saisonspielen. Am vergangenen Freitag eine Niederlage im eigenen Stadion gegen Aufsteiger Erzgebirge Aue. Letzter Tabellenplatz.<!--more--><\/p>\n<p>Bei einem anderen gro\u00dfen Verein in der Stadt reicht eine \u00e4hnliche Konstellation, um in Panik zu verfallen. Beim FC St. Pauli bleiben bislang alle ruhig. Zu Recht. Denn sie wissen, dass J\u00fcrgen Wegmanns Satz ganz gut zusammenfasst, was bislang in dieser Saison passiert ist.<\/p>\n<p><figure id=\"attachment_7498\" aria-describedby=\"caption-attachment-7498\" style=\"width: 620px\" class=\"wp-caption alignnone\"><img loading=\"lazy\" decoding=\"async\" class=\"size-medium wp-image-7498\" src=\"https:\/\/blog.zeit.de\/hamburg\/files\/2016\/10\/84774066-620x412.jpg\" alt=\"Fu\u00dfball: 2. Bundesliga, FC St. Pauli - Erzgebirge Aue, 9. Spieltag am 14.10.2016 im Millerntor-Stadion in Hamburg. St. Paulis Christopher Buchtmann (l-r), Joel Keller und Jeremy Dudziak reagieren entt\u00e4uscht nach dem Abpfiff. Foto: Axel Heimken\/dpa (Wichtiger Hinweis: Aufgrund der Akkreditierungsbestimmungen der DFL ist die Publikation und Weiterverwertung im Internet und in Online-Medien w\u00e4hrend des Spiels auf insgesamt f\u00fcnfzehn Bilder pro Spiel begrenzt.) +++(c) dpa - Bildfunk+++ | Verwendung weltweit\" width=\"620\" height=\"412\" srcset=\"https:\/\/blog.zeit.de\/hamburg\/files\/2016\/10\/84774066-620x412.jpg 620w, https:\/\/blog.zeit.de\/hamburg\/files\/2016\/10\/84774066-768x511.jpg 768w, https:\/\/blog.zeit.de\/hamburg\/files\/2016\/10\/84774066-1024x681.jpg 1024w\" sizes=\"auto, (max-width: 620px) 100vw, 620px\" \/><figcaption id=\"caption-attachment-7498\" class=\"wp-caption-text\">Spieler des FC St. Pauli nach der Niederlage gegen Erzgebirge Aue (c) Axel Heimken\/dpa<\/figcaption><\/figure><\/p>\n<p>Im ersten Spiel gegen den Absteiger aus Stuttgart zeigte der Verein begeisternden Fu\u00dfball \u2013 und verlor am Ende knapp. Danach nahm das Ungl\u00fcck seinen Lauf. Es verletzten sich Spieler, die der Mannschaft Halt geben sollten. Trainer Ewald Lienen setzte auf einen Spieler, der eigentlich noch krank war und prompt ein Gegentor verursachte. Es verletzten sich noch mehr Profis. Andere, die sie ersetzen sollten, blieben weit unter ihrer Normalform. Der Trainer hatte kein Gl\u00fcck mit neuen Spielern in der Startelf, und einige Entscheidungen der Schiedsrichter fielen ganz anders aus, als sich der FC St. Pauli das gew\u00fcnscht h\u00e4tte.<\/p>\n<p>Der Blick auf die Tabelle sagt, dass alles wieder eingest\u00fcrzt ist, was sich der Verein in der vergangenen Saison aufgebaut hat. Nur t\u00e4uscht der Blick in diesem Fall im doppelten Sinne: Der FC St. Pauli war im letzten Jahr nicht so gut, wie er am Ende dastand (auf Platz vier). Und er ist in diesem Jahr nicht so schlecht, wie er dasteht.<\/p>\n<p>Es ist also nicht alles schlecht. Dennoch w\u00e4re es fatal, das fehlende Gl\u00fcck als bequeme Ausrede zu nutzen. Denn es gibt einiges zu tun beim Tabellenletzten.<\/p>\n<p>Trainer Ewald Lienen muss voll auf die Verteidigung setzen. Als er vor knapp zwei Jahren nach Hamburg kam, brachte er der v\u00f6llig verunsicherten Mannschaft bei, wie man Gegentore verhindert. Nur so entrann sie dem sicher geglaubten Abstieg. Jetzt ist es wieder h\u00f6chste Zeit, die Strategie mit aller Konsequenz zu wiederholen.<\/p>\n<p>Spieler, die lieber spektakul\u00e4r dribbeln, als eine taktische Ausrichtung zu befolgen, m\u00fcssen entweder ihre Spielweise \u00e4ndern oder auf der Bank sitzen.<\/p>\n<p>Und Manager Thomas Meggle muss jetzt schon schauen, wie er den Kader im Winter verst\u00e4rkt. Vor allem im defensiven Mittelfeld. Denn bei allem Pech darf nicht \u00fcbersehen werden: Auf der wichtigsten Position im modernen Fu\u00dfball hat der Verein mit Marc Rzatkowski und Enis Alushi zwei Stammspieler verloren \u2013 und keinen gleichwertigen Ersatz gefunden.<\/p>\n","protected":false},"excerpt":{"rendered":"<p>Der FC St. Pauli steht vor dem Spiel gegen den SV Sandhausen auf dem letzten Tabellenplatz. Das ist kein Drama \u2013 aber der Verein muss jetzt handeln. Der ehemalige Fu\u00dfballspieler J\u00fcrgen Wegmann sagte zu einer Zeit, als er noch aktiv auf dem Platz stand, einen denkw\u00fcrdigen Satz, der ihn direkt in die Riege der Fu\u00dfball-Philosophen [&hellip;]<\/p>\n","protected":false},"author":516,"featured_media":7498,"comment_status":"open","ping_status":"open","sticky":false,"template":"","format":"standard","meta":{"_jetpack_memberships_contains_paid_content":false,"footnotes":""},"categories":[16],"tags":[],"class_list":["post-7497","post","type-post","status-publish","format-standard","has-post-thumbnail","hentry","category-allgemein"],"yoast_head":"<!-- This site is optimized with the Yoast SEO plugin v21.0 - https:\/\/yoast.com\/wordpress\/plugins\/seo\/ -->\n<title>St\u00e4rkt die Abwehrkr\u00e4fte - Speersort 1 - ZEIT ONLINE<\/title>\n<meta name=\"robots\" content=\"index, follow, max-snippet:-1, max-image-preview:large, max-video-preview:-1\" \/>\n<link rel=\"canonical\" href=\"https:\/\/blog.zeit.de\/hamburg\/fc-st-pauli-abwehr-staerken\/\" \/>\n<meta property=\"og:locale\" content=\"de_DE\" \/>\n<meta property=\"og:type\" content=\"article\" \/>\n<meta property=\"og:title\" content=\"St\u00e4rkt die Abwehrkr\u00e4fte - Speersort 1 - ZEIT ONLINE\" \/>\n<meta property=\"og:description\" content=\"Der FC St. Pauli steht vor dem Spiel gegen den SV Sandhausen auf dem letzten Tabellenplatz. Das ist kein Drama \u2013 aber der Verein muss jetzt handeln. Der ehemalige Fu\u00dfballspieler J\u00fcrgen Wegmann sagte zu einer Zeit, als er noch aktiv auf dem Platz stand, einen denkw\u00fcrdigen Satz, der ihn direkt in die Riege der Fu\u00dfball-Philosophen [&hellip;]\" \/>\n<meta property=\"og:url\" content=\"https:\/\/blog.zeit.de\/hamburg\/fc-st-pauli-abwehr-staerken\/\" \/>\n<meta property=\"og:site_name\" content=\"Speersort 1\" \/>\n<meta property=\"article:published_time\" content=\"2016-10-21T08:54:12+00:00\" \/>\n<meta property=\"og:image\" content=\"https:\/\/blog.zeit.de\/hamburg\/files\/2016\/10\/84774066-1024x681.jpg\" \/>\n\t<meta property=\"og:image:width\" content=\"1024\" \/>\n\t<meta property=\"og:image:height\" content=\"681\" \/>\n\t<meta property=\"og:image:type\" content=\"image\/jpeg\" \/>\n<meta name=\"author\" content=\"Kilian Trotier\" \/>\n<meta name=\"twitter:card\" content=\"summary_large_image\" \/>\n<meta name=\"twitter:label1\" content=\"Geschrieben von\" \/>\n\t<meta name=\"twitter:data1\" content=\"Kilian Trotier\" \/>\n\t<meta name=\"twitter:label2\" content=\"Gesch\u00e4tzte Lesezeit\" \/>\n\t<meta name=\"twitter:data2\" content=\"3\u00a0Minuten\" \/>\n<script type=\"application\/ld+json\" class=\"yoast-schema-graph\">{\"@context\":\"https:\/\/schema.org\",\"@graph\":[{\"@type\":\"WebPage\",\"@id\":\"https:\/\/blog.zeit.de\/hamburg\/fc-st-pauli-abwehr-staerken\/\",\"url\":\"https:\/\/blog.zeit.de\/hamburg\/fc-st-pauli-abwehr-staerken\/\",\"name\":\"St\u00e4rkt die Abwehrkr\u00e4fte - Speersort 1 - ZEIT ONLINE\",\"isPartOf\":{\"@id\":\"https:\/\/blog.zeit.de\/hamburg\/#website\"},\"datePublished\":\"2016-10-21T08:54:12+00:00\",\"dateModified\":\"2016-10-21T08:54:12+00:00\",\"author\":{\"@id\":\"https:\/\/blog.zeit.de\/hamburg\/#\/schema\/person\/483922ed6aa6e2295a4581ed593518ce\"},\"breadcrumb\":{\"@id\":\"https:\/\/blog.zeit.de\/hamburg\/fc-st-pauli-abwehr-staerken\/#breadcrumb\"},\"inLanguage\":\"de\",\"potentialAction\":[{\"@type\":\"ReadAction\",\"target\":[\"https:\/\/blog.zeit.de\/hamburg\/fc-st-pauli-abwehr-staerken\/\"]}]},{\"@type\":\"BreadcrumbList\",\"@id\":\"https:\/\/blog.zeit.de\/hamburg\/fc-st-pauli-abwehr-staerken\/#breadcrumb\",\"itemListElement\":[{\"@type\":\"ListItem\",\"position\":1,\"name\":\"Startseite\",\"item\":\"https:\/\/blog.zeit.de\/hamburg\/\"},{\"@type\":\"ListItem\",\"position\":2,\"name\":\"St\u00e4rkt die Abwehrkr\u00e4fte\"}]},{\"@type\":\"WebSite\",\"@id\":\"https:\/\/blog.zeit.de\/hamburg\/#website\",\"url\":\"https:\/\/blog.zeit.de\/hamburg\/\",\"name\":\"Speersort 1\",\"description\":\"Das Hamburg-Blog\",\"potentialAction\":[{\"@type\":\"SearchAction\",\"target\":{\"@type\":\"EntryPoint\",\"urlTemplate\":\"https:\/\/blog.zeit.de\/hamburg\/?s={search_term_string}\"},\"query-input\":\"required name=search_term_string\"}],\"inLanguage\":\"de\"},{\"@type\":\"Person\",\"@id\":\"https:\/\/blog.zeit.de\/hamburg\/#\/schema\/person\/483922ed6aa6e2295a4581ed593518ce\",\"name\":\"Kilian Trotier\",\"image\":{\"@type\":\"ImageObject\",\"inLanguage\":\"de\",\"@id\":\"https:\/\/blog.zeit.de\/hamburg\/#\/schema\/person\/image\/\",\"url\":\"https:\/\/secure.gravatar.com\/avatar\/effcdcdcf51814fcc99026694ad5b6e4c302aabba61942419d42d8afdb96aa0a?s=96&d=mm&r=g\",\"contentUrl\":\"https:\/\/secure.gravatar.com\/avatar\/effcdcdcf51814fcc99026694ad5b6e4c302aabba61942419d42d8afdb96aa0a?s=96&d=mm&r=g\",\"caption\":\"Kilian Trotier\"},\"description\":\"ist Redakteur im Hamburg-Ressort der ZEIT.\",\"url\":\"https:\/\/blog.zeit.de\/hamburg\/author\/kiliantrotier\/\"}]}<\/script>\n<!-- \/ Yoast SEO plugin. -->","yoast_head_json":{"title":"St\u00e4rkt die Abwehrkr\u00e4fte - Speersort 1 - ZEIT ONLINE","robots":{"index":"index","follow":"follow","max-snippet":"max-snippet:-1","max-image-preview":"max-image-preview:large","max-video-preview":"max-video-preview:-1"},"canonical":"https:\/\/blog.zeit.de\/hamburg\/fc-st-pauli-abwehr-staerken\/","og_locale":"de_DE","og_type":"article","og_title":"St\u00e4rkt die Abwehrkr\u00e4fte - Speersort 1 - ZEIT ONLINE","og_description":"Der FC St. Pauli steht vor dem Spiel gegen den SV Sandhausen auf dem letzten Tabellenplatz. Das ist kein Drama \u2013 aber der Verein muss jetzt handeln. Der ehemalige Fu\u00dfballspieler J\u00fcrgen Wegmann sagte zu einer Zeit, als er noch aktiv auf dem Platz stand, einen denkw\u00fcrdigen Satz, der ihn direkt in die Riege der Fu\u00dfball-Philosophen [&hellip;]","og_url":"https:\/\/blog.zeit.de\/hamburg\/fc-st-pauli-abwehr-staerken\/","og_site_name":"Speersort 1","article_published_time":"2016-10-21T08:54:12+00:00","og_image":[{"width":1024,"height":681,"url":"https:\/\/blog.zeit.de\/hamburg\/files\/2016\/10\/84774066-1024x681.jpg","type":"image\/jpeg"}],"author":"Kilian Trotier","twitter_card":"summary_large_image","twitter_misc":{"Geschrieben von":"Kilian Trotier","Gesch\u00e4tzte Lesezeit":"3\u00a0Minuten"},"schema":{"@context":"https:\/\/schema.org","@graph":[{"@type":"WebPage","@id":"https:\/\/blog.zeit.de\/hamburg\/fc-st-pauli-abwehr-staerken\/","url":"https:\/\/blog.zeit.de\/hamburg\/fc-st-pauli-abwehr-staerken\/","name":"St\u00e4rkt die Abwehrkr\u00e4fte - Speersort 1 - ZEIT ONLINE","isPartOf":{"@id":"https:\/\/blog.zeit.de\/hamburg\/#website"},"datePublished":"2016-10-21T08:54:12+00:00","dateModified":"2016-10-21T08:54:12+00:00","author":{"@id":"https:\/\/blog.zeit.de\/hamburg\/#\/schema\/person\/483922ed6aa6e2295a4581ed593518ce"},"breadcrumb":{"@id":"https:\/\/blog.zeit.de\/hamburg\/fc-st-pauli-abwehr-staerken\/#breadcrumb"},"inLanguage":"de","potentialAction":[{"@type":"ReadAction","target":["https:\/\/blog.zeit.de\/hamburg\/fc-st-pauli-abwehr-staerken\/"]}]},{"@type":"BreadcrumbList","@id":"https:\/\/blog.zeit.de\/hamburg\/fc-st-pauli-abwehr-staerken\/#breadcrumb","itemListElement":[{"@type":"ListItem","position":1,"name":"Startseite","item":"https:\/\/blog.zeit.de\/hamburg\/"},{"@type":"ListItem","position":2,"name":"St\u00e4rkt die Abwehrkr\u00e4fte"}]},{"@type":"WebSite","@id":"https:\/\/blog.zeit.de\/hamburg\/#website","url":"https:\/\/blog.zeit.de\/hamburg\/","name":"Speersort 1","description":"Das Hamburg-Blog","potentialAction":[{"@type":"SearchAction","target":{"@type":"EntryPoint","urlTemplate":"https:\/\/blog.zeit.de\/hamburg\/?s={search_term_string}"},"query-input":"required name=search_term_string"}],"inLanguage":"de"},{"@type":"Person","@id":"https:\/\/blog.zeit.de\/hamburg\/#\/schema\/person\/483922ed6aa6e2295a4581ed593518ce","name":"Kilian Trotier","image":{"@type":"ImageObject","inLanguage":"de","@id":"https:\/\/blog.zeit.de\/hamburg\/#\/schema\/person\/image\/","url":"https:\/\/secure.gravatar.com\/avatar\/effcdcdcf51814fcc99026694ad5b6e4c302aabba61942419d42d8afdb96aa0a?s=96&d=mm&r=g","contentUrl":"https:\/\/secure.gravatar.com\/avatar\/effcdcdcf51814fcc99026694ad5b6e4c302aabba61942419d42d8afdb96aa0a?s=96&d=mm&r=g","caption":"Kilian Trotier"},"description":"ist Redakteur im Hamburg-Ressort der ZEIT.","url":"https:\/\/blog.zeit.de\/hamburg\/author\/kiliantrotier\/"}]}},"jetpack_featured_media_url":"https:\/\/blog.zeit.de\/hamburg\/files\/2016\/10\/84774066.jpg","jetpack_sharing_enabled":true,"_links":{"self":[{"href":"https:\/\/blog.zeit.de\/hamburg\/wp-json\/wp\/v2\/posts\/7497","targetHints":{"allow":["GET"]}}],"collection":[{"href":"https:\/\/blog.zeit.de\/hamburg\/wp-json\/wp\/v2\/posts"}],"about":[{"href":"https:\/\/blog.zeit.de\/hamburg\/wp-json\/wp\/v2\/types\/post"}],"author":[{"embeddable":true,"href":"https:\/\/blog.zeit.de\/hamburg\/wp-json\/wp\/v2\/users\/516"}],"replies":[{"embeddable":true,"href":"https:\/\/blog.zeit.de\/hamburg\/wp-json\/wp\/v2\/comments?post=7497"}],"version-history":[{"count":2,"href":"https:\/\/blog.zeit.de\/hamburg\/wp-json\/wp\/v2\/posts\/7497\/revisions"}],"predecessor-version":[{"id":7500,"href":"https:\/\/blog.zeit.de\/hamburg\/wp-json\/wp\/v2\/posts\/7497\/revisions\/7500"}],"wp:featuredmedia":[{"embeddable":true,"href":"https:\/\/blog.zeit.de\/hamburg\/wp-json\/wp\/v2\/media\/7498"}],"wp:attachment":[{"href":"https:\/\/blog.zeit.de\/hamburg\/wp-json\/wp\/v2\/media?parent=7497"}],"wp:term":[{"taxonomy":"category","embeddable":true,"href":"https:\/\/blog.zeit.de\/hamburg\/wp-json\/wp\/v2\/categories?post=7497"},{"taxonomy":"post_tag","embeddable":true,"href":"https:\/\/blog.zeit.de\/hamburg\/wp-json\/wp\/v2\/tags?post=7497"}],"curies":[{"name":"wp","href":"https:\/\/api.w.org\/{rel}","templated":true}]}}