{"id":7884,"date":"2017-01-30T17:27:35","date_gmt":"2017-01-30T16:27:35","guid":{"rendered":"http:\/\/blog.zeit.de\/hamburg\/?p=7884"},"modified":"2017-02-02T18:41:33","modified_gmt":"2017-02-02T17:41:33","slug":"fc-st-pauli-vfb-stuttgart","status":"publish","type":"post","link":"https:\/\/blog.zeit.de\/hamburg\/fc-st-pauli-vfb-stuttgart\/","title":{"rendered":"Hart, St.-Pauli-Fan zu sein"},"content":{"rendered":"<p><em>Kein Gl\u00fcck, keine Punkte: Der FC St. Pauli macht gegen Stuttgart weiter, wo er vor der Winterpause aufgeh\u00f6rt hat. Und dann gab es auch noch ekelhafte Szenen.<\/em><\/p>\n<p>Das Spiel am Sonntag gegen den VfB Stuttgart war ein Schaulaufen. Vor Anpfiff galt es, sich mit vielen neuen und einigen lange abwesenden Gesichtern vertraut zu machen. Trainer Ewald Lienen schickte im ersten Spiel nach der Winterpause eine ann\u00e4hernd runderneuerte Mannschaft auf den Rasen. Neben Lasse Sobiech stand der U23-Kicker Yi-Young Park in der Innenverteidigung und die neuen Mittelfeldkr\u00e4fte Johannes Flum und Mats M\u00f8ller D\u00e6hli stellten sich uns vor. Sp\u00e4ter bekamen wir noch Jan-Marc Schneider (ebenfalls U23) vorgesetzt. Und ein bisschen neu f\u00fchlte sich auch R\u00fcckkehr-St\u00fcrmer Lennart Thy an: Mal schauen, wie sehr Bremen ihm geschadet hat.<\/p>\n<p>Auch bei den Gegnern ein Wiedersehen. Daniel Ginczek kam als Schwabe zur\u00fcck ans Millerntor. Und bei Kevin Gro\u00dfkreuz f\u00fchlte es sich so an, als begegne man einem alten, guten Bekannten, der seit der Weltmeisterschaft in Brasilien verschollen schien.<!--more--><\/p>\n<p>Sogar auf der Trib\u00fcne gab es eine Neuerung zu vermelden: In der S\u00fcdkurve stand ein neuer Vors\u00e4nger auf dem Zaun. Er zeigte viel Einsatz. Das Gesp\u00fcr f\u00fcr das Spiel aber geht ihm noch ab. Wir sind gespannt, wie er sich in zwei Wochen pr\u00e4sentieren wird.<\/p>\n<p>Auf die ersehnteste Neuerung im St.-Pauli-Spiel warten wir dagegen noch immer vergebens. Die Tormaschine tuckert weiterhin entfernt am Horizont, aber nicht in unserem Sturm. Mehr als Torumrandung (Sobotta) und Au\u00dfennetz (\u015eahin, Buballa) traf unsere Sch\u00fctzentruppe wieder nicht. Die Punkteausbeute vom Sonntag entspricht daher exakt dem Ausma\u00df, das wir in der laufenden Saison als Tradition zu akzeptieren gelernt haben.<\/p>\n<p><figure id=\"attachment_7885\" aria-describedby=\"caption-attachment-7885\" style=\"width: 620px\" class=\"wp-caption alignnone\"><img loading=\"lazy\" decoding=\"async\" class=\"size-medium wp-image-7885\" src=\"https:\/\/blog.zeit.de\/hamburg\/files\/2017\/01\/87606957-620x428.jpg\" alt=\"\" width=\"620\" height=\"428\" srcset=\"https:\/\/blog.zeit.de\/hamburg\/files\/2017\/01\/87606957-620x428.jpg 620w, https:\/\/blog.zeit.de\/hamburg\/files\/2017\/01\/87606957-768x531.jpg 768w, https:\/\/blog.zeit.de\/hamburg\/files\/2017\/01\/87606957-1024x707.jpg 1024w\" sizes=\"auto, (max-width: 620px) 100vw, 620px\" \/><figcaption id=\"caption-attachment-7885\" class=\"wp-caption-text\">St. Paulis Daniel Bulballa (l) im Zweikampf mit Stuttgarts Jean Zimmer (c) Axel Heimken\/dpa<\/figcaption><\/figure><\/p>\n<p>Ein Unentschieden w\u00e4re gerecht gewesen. Torh\u00fcter Philipp Heerwagen und das Gl\u00fcck hielten die Null bis zur 84. Minute \u2013 dann aber schlenzte Stuttgarts Joker Man\u00e9 einen astrein vorgetragenen Konter unhaltbar in den Winkel. Keine Chance f\u00fcr Heerwagen. Aber auch keine Chance, danach den Spielstand noch einmal zu ver\u00e4ndern. Die Partie endete 0:1.<\/p>\n<p>Das neue Jahr beginnt so schlecht, wie das alte viel zu lange war: Kein Gl\u00fcck plus Pech plus keine Punkte. Und am kommenden Sonntag erwartet uns die zum Aufstieg entschlossene Eintracht aus Braunschweig. Es ist wieder einmal hart, St.-Pauli-Fan zu sein. Und es f\u00e4llt schwer, sich \u00fcber Dinge zu freuen, die auf dem Resultateblatt des Schiedsrichters keine Spuren hinterlassen haben. Wir meinen damit: verbessertes Kurzpassspiel, mehr Kreativit\u00e4t aus dem Mittelfeld heraus, gute Ballkontrolle auf den Fl\u00fcgeln (zumindest eine Stunde lang).<\/p>\n<p>Als in der 84. Minute der Ball hinter Heerwagen einschlug, machte sich Entsetzen breit. Und dann ereignete sich zu allem Elend auch noch Ekelhaftes. In den Schlussminuten wurde auf der S\u00fcd ein Gr\u00fcppchen jubelnde Stuttgarter physisch angegriffen, mit einem Bierbecher beschmissen und von der Trib\u00fcne bep\u00f6belt.<\/p>\n<p>Im \u00c4lteren von uns beiden wecken solche Ereignisse unsch\u00f6ne Erinnerungen. Ich (Urs) stand im November 1979 als Fan der Z\u00fcrcher Grasshopper im Stadion Hardturm. Uefa-Pokal gegen Stuttgart. Nach und nach wurden alle Z\u00fcrcher Fans von gegnerischen Hooligans aus dem Sektor gedr\u00e4ngt. Ich war erst 15 und fl\u00fcchtete als einer der Letzten. Ohne meine Fahne, ohne meine M\u00fctze. Von Erwachsenen mit Schlagringen bedroht, musste ich klein beigeben. Immerhin konnte ein gem\u00e4\u00dfigter Stuttgart-Fan verhindern, dass ich verpr\u00fcgelt wurde.<\/p>\n<p>Ich bin seither nie zum Freund des VfB geworden. F\u00fcr Hass aber, wie er gestern von St. Paulianern den Schwaben entgegenschlug, hat meine Wut auch nie gereicht. Ich m\u00f6chte das Verhalten (war Frust die Ursache?) der S\u00fcdkurvler nicht kommentieren. Es spricht f\u00fcr sich.<\/p>\n","protected":false},"excerpt":{"rendered":"<p>Kein Gl\u00fcck, keine Punkte: Der FC St. Pauli macht gegen Stuttgart weiter, wo er vor der Winterpause aufgeh\u00f6rt hat. Und dann gab es auch noch ekelhafte Szenen. Das Spiel am Sonntag gegen den VfB Stuttgart war ein Schaulaufen. Vor Anpfiff galt es, sich mit vielen neuen und einigen lange abwesenden Gesichtern vertraut zu machen. Trainer [&hellip;]<\/p>\n","protected":false},"author":658,"featured_media":7885,"comment_status":"open","ping_status":"open","sticky":false,"template":"","format":"standard","meta":{"_jetpack_memberships_contains_paid_content":false,"footnotes":""},"categories":[16],"tags":[],"class_list":["post-7884","post","type-post","status-publish","format-standard","has-post-thumbnail","hentry","category-allgemein"],"yoast_head":"<!-- This site is optimized with the Yoast SEO plugin v21.0 - https:\/\/yoast.com\/wordpress\/plugins\/seo\/ -->\n<title>Hart, St.-Pauli-Fan zu sein - Speersort 1 - ZEIT ONLINE<\/title>\n<meta name=\"robots\" content=\"index, follow, max-snippet:-1, max-image-preview:large, max-video-preview:-1\" \/>\n<link rel=\"canonical\" href=\"https:\/\/blog.zeit.de\/hamburg\/fc-st-pauli-vfb-stuttgart\/\" \/>\n<meta property=\"og:locale\" content=\"de_DE\" \/>\n<meta property=\"og:type\" content=\"article\" \/>\n<meta property=\"og:title\" content=\"Hart, St.-Pauli-Fan zu sein - Speersort 1 - ZEIT ONLINE\" \/>\n<meta property=\"og:description\" content=\"Kein Gl\u00fcck, keine Punkte: Der FC St. Pauli macht gegen Stuttgart weiter, wo er vor der Winterpause aufgeh\u00f6rt hat. Und dann gab es auch noch ekelhafte Szenen. Das Spiel am Sonntag gegen den VfB Stuttgart war ein Schaulaufen. Vor Anpfiff galt es, sich mit vielen neuen und einigen lange abwesenden Gesichtern vertraut zu machen. Trainer [&hellip;]\" \/>\n<meta property=\"og:url\" content=\"https:\/\/blog.zeit.de\/hamburg\/fc-st-pauli-vfb-stuttgart\/\" \/>\n<meta property=\"og:site_name\" content=\"Speersort 1\" \/>\n<meta property=\"article:published_time\" content=\"2017-01-30T16:27:35+00:00\" \/>\n<meta property=\"article:modified_time\" content=\"2017-02-02T17:41:33+00:00\" \/>\n<meta property=\"og:image\" content=\"https:\/\/blog.zeit.de\/hamburg\/files\/2017\/01\/87606957-1024x707.jpg\" \/>\n\t<meta property=\"og:image:width\" content=\"1024\" \/>\n\t<meta property=\"og:image:height\" content=\"707\" \/>\n\t<meta property=\"og:image:type\" content=\"image\/jpeg\" \/>\n<meta name=\"author\" content=\"Ana und Urs Willmann\" \/>\n<meta name=\"twitter:card\" content=\"summary_large_image\" \/>\n<meta name=\"twitter:label1\" content=\"Geschrieben von\" \/>\n\t<meta name=\"twitter:data1\" content=\"Ana und Urs Willmann\" \/>\n\t<meta name=\"twitter:label2\" content=\"Gesch\u00e4tzte Lesezeit\" \/>\n\t<meta name=\"twitter:data2\" content=\"3\u00a0Minuten\" \/>\n<script type=\"application\/ld+json\" class=\"yoast-schema-graph\">{\"@context\":\"https:\/\/schema.org\",\"@graph\":[{\"@type\":\"WebPage\",\"@id\":\"https:\/\/blog.zeit.de\/hamburg\/fc-st-pauli-vfb-stuttgart\/\",\"url\":\"https:\/\/blog.zeit.de\/hamburg\/fc-st-pauli-vfb-stuttgart\/\",\"name\":\"Hart, St.-Pauli-Fan zu sein - Speersort 1 - ZEIT ONLINE\",\"isPartOf\":{\"@id\":\"https:\/\/blog.zeit.de\/hamburg\/#website\"},\"datePublished\":\"2017-01-30T16:27:35+00:00\",\"dateModified\":\"2017-02-02T17:41:33+00:00\",\"author\":{\"@id\":\"https:\/\/blog.zeit.de\/hamburg\/#\/schema\/person\/9d1d432dcd00183065b8abc657e3e7ac\"},\"breadcrumb\":{\"@id\":\"https:\/\/blog.zeit.de\/hamburg\/fc-st-pauli-vfb-stuttgart\/#breadcrumb\"},\"inLanguage\":\"de\",\"potentialAction\":[{\"@type\":\"ReadAction\",\"target\":[\"https:\/\/blog.zeit.de\/hamburg\/fc-st-pauli-vfb-stuttgart\/\"]}]},{\"@type\":\"BreadcrumbList\",\"@id\":\"https:\/\/blog.zeit.de\/hamburg\/fc-st-pauli-vfb-stuttgart\/#breadcrumb\",\"itemListElement\":[{\"@type\":\"ListItem\",\"position\":1,\"name\":\"Startseite\",\"item\":\"https:\/\/blog.zeit.de\/hamburg\/\"},{\"@type\":\"ListItem\",\"position\":2,\"name\":\"Hart, St.-Pauli-Fan zu sein\"}]},{\"@type\":\"WebSite\",\"@id\":\"https:\/\/blog.zeit.de\/hamburg\/#website\",\"url\":\"https:\/\/blog.zeit.de\/hamburg\/\",\"name\":\"Speersort 1\",\"description\":\"Das Hamburg-Blog\",\"potentialAction\":[{\"@type\":\"SearchAction\",\"target\":{\"@type\":\"EntryPoint\",\"urlTemplate\":\"https:\/\/blog.zeit.de\/hamburg\/?s={search_term_string}\"},\"query-input\":\"required name=search_term_string\"}],\"inLanguage\":\"de\"},{\"@type\":\"Person\",\"@id\":\"https:\/\/blog.zeit.de\/hamburg\/#\/schema\/person\/9d1d432dcd00183065b8abc657e3e7ac\",\"name\":\"Ana und Urs Willmann\",\"image\":{\"@type\":\"ImageObject\",\"inLanguage\":\"de\",\"@id\":\"https:\/\/blog.zeit.de\/hamburg\/#\/schema\/person\/image\/\",\"url\":\"https:\/\/secure.gravatar.com\/avatar\/c373cd5022b6817795f04102a0372aff2325914f0513e303dc9c317528cfd300?s=96&d=mm&r=g\",\"contentUrl\":\"https:\/\/secure.gravatar.com\/avatar\/c373cd5022b6817795f04102a0372aff2325914f0513e303dc9c317528cfd300?s=96&d=mm&r=g\",\"caption\":\"Ana und Urs Willmann\"},\"description\":\"sind St. Pauli-Fans. Am Millerntor schaut Ana die Spiele von der S\u00fcdkurve aus, ihr Vater Urs steht auf der sagenumwobenen Gegengeraden. Gemeinsam bestreiten sie die St.-Pauli-Kolumne im Speersort 1-Blog.\",\"url\":\"https:\/\/blog.zeit.de\/hamburg\/author\/anaundurswillmann\/\"}]}<\/script>\n<!-- \/ Yoast SEO plugin. -->","yoast_head_json":{"title":"Hart, St.-Pauli-Fan zu sein - Speersort 1 - ZEIT ONLINE","robots":{"index":"index","follow":"follow","max-snippet":"max-snippet:-1","max-image-preview":"max-image-preview:large","max-video-preview":"max-video-preview:-1"},"canonical":"https:\/\/blog.zeit.de\/hamburg\/fc-st-pauli-vfb-stuttgart\/","og_locale":"de_DE","og_type":"article","og_title":"Hart, St.-Pauli-Fan zu sein - Speersort 1 - ZEIT ONLINE","og_description":"Kein Gl\u00fcck, keine Punkte: Der FC St. Pauli macht gegen Stuttgart weiter, wo er vor der Winterpause aufgeh\u00f6rt hat. Und dann gab es auch noch ekelhafte Szenen. Das Spiel am Sonntag gegen den VfB Stuttgart war ein Schaulaufen. Vor Anpfiff galt es, sich mit vielen neuen und einigen lange abwesenden Gesichtern vertraut zu machen. Trainer [&hellip;]","og_url":"https:\/\/blog.zeit.de\/hamburg\/fc-st-pauli-vfb-stuttgart\/","og_site_name":"Speersort 1","article_published_time":"2017-01-30T16:27:35+00:00","article_modified_time":"2017-02-02T17:41:33+00:00","og_image":[{"width":1024,"height":707,"url":"https:\/\/blog.zeit.de\/hamburg\/files\/2017\/01\/87606957-1024x707.jpg","type":"image\/jpeg"}],"author":"Ana und Urs Willmann","twitter_card":"summary_large_image","twitter_misc":{"Geschrieben von":"Ana und Urs Willmann","Gesch\u00e4tzte Lesezeit":"3\u00a0Minuten"},"schema":{"@context":"https:\/\/schema.org","@graph":[{"@type":"WebPage","@id":"https:\/\/blog.zeit.de\/hamburg\/fc-st-pauli-vfb-stuttgart\/","url":"https:\/\/blog.zeit.de\/hamburg\/fc-st-pauli-vfb-stuttgart\/","name":"Hart, St.-Pauli-Fan zu sein - Speersort 1 - ZEIT ONLINE","isPartOf":{"@id":"https:\/\/blog.zeit.de\/hamburg\/#website"},"datePublished":"2017-01-30T16:27:35+00:00","dateModified":"2017-02-02T17:41:33+00:00","author":{"@id":"https:\/\/blog.zeit.de\/hamburg\/#\/schema\/person\/9d1d432dcd00183065b8abc657e3e7ac"},"breadcrumb":{"@id":"https:\/\/blog.zeit.de\/hamburg\/fc-st-pauli-vfb-stuttgart\/#breadcrumb"},"inLanguage":"de","potentialAction":[{"@type":"ReadAction","target":["https:\/\/blog.zeit.de\/hamburg\/fc-st-pauli-vfb-stuttgart\/"]}]},{"@type":"BreadcrumbList","@id":"https:\/\/blog.zeit.de\/hamburg\/fc-st-pauli-vfb-stuttgart\/#breadcrumb","itemListElement":[{"@type":"ListItem","position":1,"name":"Startseite","item":"https:\/\/blog.zeit.de\/hamburg\/"},{"@type":"ListItem","position":2,"name":"Hart, St.-Pauli-Fan zu sein"}]},{"@type":"WebSite","@id":"https:\/\/blog.zeit.de\/hamburg\/#website","url":"https:\/\/blog.zeit.de\/hamburg\/","name":"Speersort 1","description":"Das Hamburg-Blog","potentialAction":[{"@type":"SearchAction","target":{"@type":"EntryPoint","urlTemplate":"https:\/\/blog.zeit.de\/hamburg\/?s={search_term_string}"},"query-input":"required name=search_term_string"}],"inLanguage":"de"},{"@type":"Person","@id":"https:\/\/blog.zeit.de\/hamburg\/#\/schema\/person\/9d1d432dcd00183065b8abc657e3e7ac","name":"Ana und Urs Willmann","image":{"@type":"ImageObject","inLanguage":"de","@id":"https:\/\/blog.zeit.de\/hamburg\/#\/schema\/person\/image\/","url":"https:\/\/secure.gravatar.com\/avatar\/c373cd5022b6817795f04102a0372aff2325914f0513e303dc9c317528cfd300?s=96&d=mm&r=g","contentUrl":"https:\/\/secure.gravatar.com\/avatar\/c373cd5022b6817795f04102a0372aff2325914f0513e303dc9c317528cfd300?s=96&d=mm&r=g","caption":"Ana und Urs Willmann"},"description":"sind St. Pauli-Fans. Am Millerntor schaut Ana die Spiele von der S\u00fcdkurve aus, ihr Vater Urs steht auf der sagenumwobenen Gegengeraden. Gemeinsam bestreiten sie die St.-Pauli-Kolumne im Speersort 1-Blog.","url":"https:\/\/blog.zeit.de\/hamburg\/author\/anaundurswillmann\/"}]}},"jetpack_featured_media_url":"https:\/\/blog.zeit.de\/hamburg\/files\/2017\/01\/87606957.jpg","jetpack_sharing_enabled":true,"_links":{"self":[{"href":"https:\/\/blog.zeit.de\/hamburg\/wp-json\/wp\/v2\/posts\/7884","targetHints":{"allow":["GET"]}}],"collection":[{"href":"https:\/\/blog.zeit.de\/hamburg\/wp-json\/wp\/v2\/posts"}],"about":[{"href":"https:\/\/blog.zeit.de\/hamburg\/wp-json\/wp\/v2\/types\/post"}],"author":[{"embeddable":true,"href":"https:\/\/blog.zeit.de\/hamburg\/wp-json\/wp\/v2\/users\/658"}],"replies":[{"embeddable":true,"href":"https:\/\/blog.zeit.de\/hamburg\/wp-json\/wp\/v2\/comments?post=7884"}],"version-history":[{"count":8,"href":"https:\/\/blog.zeit.de\/hamburg\/wp-json\/wp\/v2\/posts\/7884\/revisions"}],"predecessor-version":[{"id":7895,"href":"https:\/\/blog.zeit.de\/hamburg\/wp-json\/wp\/v2\/posts\/7884\/revisions\/7895"}],"wp:featuredmedia":[{"embeddable":true,"href":"https:\/\/blog.zeit.de\/hamburg\/wp-json\/wp\/v2\/media\/7885"}],"wp:attachment":[{"href":"https:\/\/blog.zeit.de\/hamburg\/wp-json\/wp\/v2\/media?parent=7884"}],"wp:term":[{"taxonomy":"category","embeddable":true,"href":"https:\/\/blog.zeit.de\/hamburg\/wp-json\/wp\/v2\/categories?post=7884"},{"taxonomy":"post_tag","embeddable":true,"href":"https:\/\/blog.zeit.de\/hamburg\/wp-json\/wp\/v2\/tags?post=7884"}],"curies":[{"name":"wp","href":"https:\/\/api.w.org\/{rel}","templated":true}]}}