{"id":8048,"date":"2017-02-28T16:30:56","date_gmt":"2017-02-28T15:30:56","guid":{"rendered":"http:\/\/blog.zeit.de\/hamburg\/?p=8048"},"modified":"2017-02-28T18:24:49","modified_gmt":"2017-02-28T17:24:49","slug":"st-pauli-karlsruhe-millerntor-rasenplatz","status":"publish","type":"post","link":"https:\/\/blog.zeit.de\/hamburg\/st-pauli-karlsruhe-millerntor-rasenplatz\/","title":{"rendered":"Fast ein 8:0"},"content":{"rendered":"<p><em>Der R\u00fcbenacker ist fort, prompt geschieht am Millerntor etwas h\u00f6chst Ungew\u00f6hnliches: Der FC St. Pauli gewinnt nicht nur \u2013 er tut es hoch.<\/em><\/p>\n<p>Endlich wieder Rasensport! Am Montagabend durften wir neues Gr\u00fcn am Millerntor bewundern. Von oben herab sah man die frisch verlegten Bahnen. Ein erfreulicher Anblick \u2013 doch die Vorfreude auf gepflegtes Kurzpassspiel war gepaart mit der Angst, Chefabr\u00e4umer Bernd Nehrig k\u00f6nnte mit seinen gef\u00fcrchteten Gr\u00e4tschen die perfekte Spielmatte in wenigen Minuten in den R\u00fcbenacker zur\u00fcckverwandeln, mit dem sich unsere Fu\u00dfballer eine halbe Saison lang haben herumschlagen m\u00fcssen.<br \/>\n<!--more--><br \/>\nAber die Wiese hielt stand. Und sie wurde umgehend zur B\u00fchne f\u00fcr ein erstes Fu\u00dfballwunder, ein erstes von hoffentlich vielen. Mit einer 5:0-Packung schickte der FC den Karlsruher SC zur\u00fcck nach Baden. Dank des Befreiungsschlags hievten wir uns auf den Nichtabstiegsplatz 15. Mats M\u00f6ller Daehli, Waldemar Sobota und Aziz Bouhaddouz hie\u00dfen die Torsch\u00fctzen. Letzterer legte in H\u00e4lfte zwei einen astreinen Hattrick innerhalb von nur 27 Minuten hin. Zehn Punkte aus vier Spielen hintereinander: So kann es weitergehen.<\/p>\n<p>Vieles, was die Kiezkicker in den neunzig Minuten taten, aktivierte in den Zuschauern den Aussto\u00df von Gl\u00fcckshormonen: Der unerm\u00fcdliche Wirbler Cenk \u015eahin, der sich zwar nicht selber mit Toren belohnte, aber drei Treffer vorbereitete. Die \u00fcberraschenden spielerischen Einf\u00e4lle von Mats M\u00f6ller Daehli. Oder Torh\u00fcter Philipp Heerwagen, der mehrmals einfach am richtigen Ort stand oder mit Paraden gl\u00e4nzte.<\/p>\n<p>Trainer Ewald Lienen platzte fast vor Gl\u00fcck. Dennoch benebelte der Torrausch seine Sinne nicht: Auf der anschlie\u00dfenden Presskonferenz wies er zurecht darauf hin, dass das sch\u00f6ne Resultat nicht alles exakt abbildete. Mehrmals hatten die St. Paulianer Dusel. Die Karlsruher h\u00e4tten genauso einige Treffer erzielen k\u00f6nnen, doch mehrmals schossen sie aus bester Position direkt in die Arme unseres Keepers. &#8222;Mir hat es nicht gefallen, dass wir anschlie\u00dfend ein bisschen relaxt haben und irgendwo jeder sein Tor machen wollte&#8220;, verriet Lienen den Journalisten, &#8222;es galt, eine brenzlige Situation nach der anderen zu \u00fcberstehen. Das h\u00e4tte das Bild beim Stand von 4:0 getr\u00fcbt, und so was geht nicht.&#8220;<\/p>\n<p><strong>Karlsruhes Fans waren fr\u00fcher schon auff\u00e4llig<\/strong><\/p>\n<p>Trotzdem gab es nat\u00fcrlich ausreichend Grund zum Feiern. Hohe Siege auf St. Pauli sind gef\u00fchlt Ereignisse, die sich letztmals vor Jahrzehnten ereignet haben. Zusammen mit der S\u00fcdkurve ging die Mannschaft daher noch in die Verl\u00e4ngerung und intonierte mit den Fans fr\u00f6hliches Liedgut. Am aufgedrehtesten: Cenk \u015eahin. Der Zappelphilipp des Teams auf und neben dem Platz wird immer mehr zu einer Art zweitem Deniz Naki. Vermutlich dreht er heute noch irgendwo auf dem Kiez seine Runden.<\/p>\n<p>Nur eine Szene tr\u00fcbte am Montagabend die Stimmung. Die KSC-Spieler hatten sich unerm\u00fcdlich bis zur letzten Minute um Resultatkorrektur bem\u00fcht. Und nach Abpfiff gingen sie trotz der schlimmen Pleite hin zum Ausw\u00e4rtsblock, um sich f\u00fcr die Unterst\u00fctzung zu bedanken. Sie ernteten schlimme Beschimpfungen, wurden von den eigenen Fans mit Bier beschmissen. Es waren die St.-Pauli-Fans, die den KSC-Mob daraufhin auspfiffen und die Badener Spieler mit Applaus verabschiedeten \u2013 um auf irgendeine Art und Weise die Traurigkeit dieser Szene zu retouchieren.<\/p>\n<p>Es reichte nicht. Die sichtbare Entt\u00e4uschung der gedem\u00fctigten Spieler lie\u00df sich nicht lindern. Mit h\u00e4ngenden K\u00f6pfen gingen sie vom Platz.<\/p>\n<p>Aber lassen wir diesen Text mit etwas lustigem enden. Nach dem 5:0 w\u00e4r noch Zeit gewesen f\u00fcr ein paar T\u00f6rchen mehr. &#8222;Acht zu null&#8220;, sangen die Fans auf der Gegengeraden. Warum wohl ausgerechnet 8:0?<\/p>\n<p><em>In einer fr\u00fcheren Version der Kolumne schrieben wir, dass der Ex-St. Paulianer Florian Lechner als Spieler des Karlsruher SC Opfer einer Spuckattacke geworden sei. Diese Vorfall hat sich zwar ereignet, er hatte aber nichts mit einem antirassistischen Engagement Lechners zu tun. Offenbar handelte es sich &#8222;lediglich\u201c um einen geschmackloser Frustabbau eines Fans, der f\u00fcr seine Aktion danach zur Rechenschaft gezogen wurde.<\/em><\/p>\n","protected":false},"excerpt":{"rendered":"<p>Der R\u00fcbenacker ist fort, prompt geschieht am Millerntor etwas h\u00f6chst Ungew\u00f6hnliches: Der FC St. Pauli gewinnt nicht nur \u2013 er tut es hoch. Endlich wieder Rasensport! Am Montagabend durften wir neues Gr\u00fcn am Millerntor bewundern. Von oben herab sah man die frisch verlegten Bahnen. Ein erfreulicher Anblick \u2013 doch die Vorfreude auf gepflegtes Kurzpassspiel war [&hellip;]<\/p>\n","protected":false},"author":658,"featured_media":8052,"comment_status":"open","ping_status":"open","sticky":false,"template":"","format":"standard","meta":{"_jetpack_memberships_contains_paid_content":false,"footnotes":""},"categories":[16],"tags":[],"class_list":["post-8048","post","type-post","status-publish","format-standard","has-post-thumbnail","hentry","category-allgemein"],"yoast_head":"<!-- This site is optimized with the Yoast SEO plugin v21.0 - https:\/\/yoast.com\/wordpress\/plugins\/seo\/ -->\n<title>Fast ein 8:0 - Speersort 1 - ZEIT ONLINE<\/title>\n<meta name=\"robots\" content=\"index, follow, max-snippet:-1, max-image-preview:large, max-video-preview:-1\" \/>\n<link rel=\"canonical\" href=\"https:\/\/blog.zeit.de\/hamburg\/st-pauli-karlsruhe-millerntor-rasenplatz\/\" \/>\n<meta property=\"og:locale\" content=\"de_DE\" \/>\n<meta property=\"og:type\" content=\"article\" \/>\n<meta property=\"og:title\" content=\"Fast ein 8:0 - Speersort 1 - ZEIT ONLINE\" \/>\n<meta property=\"og:description\" content=\"Der R\u00fcbenacker ist fort, prompt geschieht am Millerntor etwas h\u00f6chst Ungew\u00f6hnliches: Der FC St. Pauli gewinnt nicht nur \u2013 er tut es hoch. Endlich wieder Rasensport! Am Montagabend durften wir neues Gr\u00fcn am Millerntor bewundern. Von oben herab sah man die frisch verlegten Bahnen. Ein erfreulicher Anblick \u2013 doch die Vorfreude auf gepflegtes Kurzpassspiel war [&hellip;]\" \/>\n<meta property=\"og:url\" content=\"https:\/\/blog.zeit.de\/hamburg\/st-pauli-karlsruhe-millerntor-rasenplatz\/\" \/>\n<meta property=\"og:site_name\" content=\"Speersort 1\" \/>\n<meta property=\"article:published_time\" content=\"2017-02-28T15:30:56+00:00\" \/>\n<meta property=\"article:modified_time\" content=\"2017-02-28T17:24:49+00:00\" \/>\n<meta property=\"og:image\" content=\"https:\/\/blog.zeit.de\/hamburg\/files\/2017\/02\/araw-5.jpeg\" \/>\n\t<meta property=\"og:image:width\" content=\"1000\" \/>\n\t<meta property=\"og:image:height\" content=\"717\" \/>\n\t<meta property=\"og:image:type\" content=\"image\/jpeg\" \/>\n<meta name=\"author\" content=\"Ana und Urs Willmann\" \/>\n<meta name=\"twitter:card\" content=\"summary_large_image\" \/>\n<meta name=\"twitter:label1\" content=\"Geschrieben von\" \/>\n\t<meta name=\"twitter:data1\" content=\"Ana und Urs Willmann\" \/>\n\t<meta name=\"twitter:label2\" content=\"Gesch\u00e4tzte Lesezeit\" \/>\n\t<meta name=\"twitter:data2\" content=\"3\u00a0Minuten\" \/>\n<script type=\"application\/ld+json\" class=\"yoast-schema-graph\">{\"@context\":\"https:\/\/schema.org\",\"@graph\":[{\"@type\":\"WebPage\",\"@id\":\"https:\/\/blog.zeit.de\/hamburg\/st-pauli-karlsruhe-millerntor-rasenplatz\/\",\"url\":\"https:\/\/blog.zeit.de\/hamburg\/st-pauli-karlsruhe-millerntor-rasenplatz\/\",\"name\":\"Fast ein 8:0 - Speersort 1 - ZEIT ONLINE\",\"isPartOf\":{\"@id\":\"https:\/\/blog.zeit.de\/hamburg\/#website\"},\"datePublished\":\"2017-02-28T15:30:56+00:00\",\"dateModified\":\"2017-02-28T17:24:49+00:00\",\"author\":{\"@id\":\"https:\/\/blog.zeit.de\/hamburg\/#\/schema\/person\/9d1d432dcd00183065b8abc657e3e7ac\"},\"breadcrumb\":{\"@id\":\"https:\/\/blog.zeit.de\/hamburg\/st-pauli-karlsruhe-millerntor-rasenplatz\/#breadcrumb\"},\"inLanguage\":\"de\",\"potentialAction\":[{\"@type\":\"ReadAction\",\"target\":[\"https:\/\/blog.zeit.de\/hamburg\/st-pauli-karlsruhe-millerntor-rasenplatz\/\"]}]},{\"@type\":\"BreadcrumbList\",\"@id\":\"https:\/\/blog.zeit.de\/hamburg\/st-pauli-karlsruhe-millerntor-rasenplatz\/#breadcrumb\",\"itemListElement\":[{\"@type\":\"ListItem\",\"position\":1,\"name\":\"Startseite\",\"item\":\"https:\/\/blog.zeit.de\/hamburg\/\"},{\"@type\":\"ListItem\",\"position\":2,\"name\":\"Fast ein 8:0\"}]},{\"@type\":\"WebSite\",\"@id\":\"https:\/\/blog.zeit.de\/hamburg\/#website\",\"url\":\"https:\/\/blog.zeit.de\/hamburg\/\",\"name\":\"Speersort 1\",\"description\":\"Das Hamburg-Blog\",\"potentialAction\":[{\"@type\":\"SearchAction\",\"target\":{\"@type\":\"EntryPoint\",\"urlTemplate\":\"https:\/\/blog.zeit.de\/hamburg\/?s={search_term_string}\"},\"query-input\":\"required name=search_term_string\"}],\"inLanguage\":\"de\"},{\"@type\":\"Person\",\"@id\":\"https:\/\/blog.zeit.de\/hamburg\/#\/schema\/person\/9d1d432dcd00183065b8abc657e3e7ac\",\"name\":\"Ana und Urs Willmann\",\"image\":{\"@type\":\"ImageObject\",\"inLanguage\":\"de\",\"@id\":\"https:\/\/blog.zeit.de\/hamburg\/#\/schema\/person\/image\/\",\"url\":\"https:\/\/secure.gravatar.com\/avatar\/c373cd5022b6817795f04102a0372aff2325914f0513e303dc9c317528cfd300?s=96&d=mm&r=g\",\"contentUrl\":\"https:\/\/secure.gravatar.com\/avatar\/c373cd5022b6817795f04102a0372aff2325914f0513e303dc9c317528cfd300?s=96&d=mm&r=g\",\"caption\":\"Ana und Urs Willmann\"},\"description\":\"sind St. Pauli-Fans. Am Millerntor schaut Ana die Spiele von der S\u00fcdkurve aus, ihr Vater Urs steht auf der sagenumwobenen Gegengeraden. Gemeinsam bestreiten sie die St.-Pauli-Kolumne im Speersort 1-Blog.\",\"url\":\"https:\/\/blog.zeit.de\/hamburg\/author\/anaundurswillmann\/\"}]}<\/script>\n<!-- \/ Yoast SEO plugin. -->","yoast_head_json":{"title":"Fast ein 8:0 - Speersort 1 - ZEIT ONLINE","robots":{"index":"index","follow":"follow","max-snippet":"max-snippet:-1","max-image-preview":"max-image-preview:large","max-video-preview":"max-video-preview:-1"},"canonical":"https:\/\/blog.zeit.de\/hamburg\/st-pauli-karlsruhe-millerntor-rasenplatz\/","og_locale":"de_DE","og_type":"article","og_title":"Fast ein 8:0 - Speersort 1 - ZEIT ONLINE","og_description":"Der R\u00fcbenacker ist fort, prompt geschieht am Millerntor etwas h\u00f6chst Ungew\u00f6hnliches: Der FC St. Pauli gewinnt nicht nur \u2013 er tut es hoch. Endlich wieder Rasensport! Am Montagabend durften wir neues Gr\u00fcn am Millerntor bewundern. Von oben herab sah man die frisch verlegten Bahnen. Ein erfreulicher Anblick \u2013 doch die Vorfreude auf gepflegtes Kurzpassspiel war [&hellip;]","og_url":"https:\/\/blog.zeit.de\/hamburg\/st-pauli-karlsruhe-millerntor-rasenplatz\/","og_site_name":"Speersort 1","article_published_time":"2017-02-28T15:30:56+00:00","article_modified_time":"2017-02-28T17:24:49+00:00","og_image":[{"width":1000,"height":717,"url":"https:\/\/blog.zeit.de\/hamburg\/files\/2017\/02\/araw-5.jpeg","type":"image\/jpeg"}],"author":"Ana und Urs Willmann","twitter_card":"summary_large_image","twitter_misc":{"Geschrieben von":"Ana und Urs Willmann","Gesch\u00e4tzte Lesezeit":"3\u00a0Minuten"},"schema":{"@context":"https:\/\/schema.org","@graph":[{"@type":"WebPage","@id":"https:\/\/blog.zeit.de\/hamburg\/st-pauli-karlsruhe-millerntor-rasenplatz\/","url":"https:\/\/blog.zeit.de\/hamburg\/st-pauli-karlsruhe-millerntor-rasenplatz\/","name":"Fast ein 8:0 - Speersort 1 - ZEIT ONLINE","isPartOf":{"@id":"https:\/\/blog.zeit.de\/hamburg\/#website"},"datePublished":"2017-02-28T15:30:56+00:00","dateModified":"2017-02-28T17:24:49+00:00","author":{"@id":"https:\/\/blog.zeit.de\/hamburg\/#\/schema\/person\/9d1d432dcd00183065b8abc657e3e7ac"},"breadcrumb":{"@id":"https:\/\/blog.zeit.de\/hamburg\/st-pauli-karlsruhe-millerntor-rasenplatz\/#breadcrumb"},"inLanguage":"de","potentialAction":[{"@type":"ReadAction","target":["https:\/\/blog.zeit.de\/hamburg\/st-pauli-karlsruhe-millerntor-rasenplatz\/"]}]},{"@type":"BreadcrumbList","@id":"https:\/\/blog.zeit.de\/hamburg\/st-pauli-karlsruhe-millerntor-rasenplatz\/#breadcrumb","itemListElement":[{"@type":"ListItem","position":1,"name":"Startseite","item":"https:\/\/blog.zeit.de\/hamburg\/"},{"@type":"ListItem","position":2,"name":"Fast ein 8:0"}]},{"@type":"WebSite","@id":"https:\/\/blog.zeit.de\/hamburg\/#website","url":"https:\/\/blog.zeit.de\/hamburg\/","name":"Speersort 1","description":"Das Hamburg-Blog","potentialAction":[{"@type":"SearchAction","target":{"@type":"EntryPoint","urlTemplate":"https:\/\/blog.zeit.de\/hamburg\/?s={search_term_string}"},"query-input":"required name=search_term_string"}],"inLanguage":"de"},{"@type":"Person","@id":"https:\/\/blog.zeit.de\/hamburg\/#\/schema\/person\/9d1d432dcd00183065b8abc657e3e7ac","name":"Ana und Urs Willmann","image":{"@type":"ImageObject","inLanguage":"de","@id":"https:\/\/blog.zeit.de\/hamburg\/#\/schema\/person\/image\/","url":"https:\/\/secure.gravatar.com\/avatar\/c373cd5022b6817795f04102a0372aff2325914f0513e303dc9c317528cfd300?s=96&d=mm&r=g","contentUrl":"https:\/\/secure.gravatar.com\/avatar\/c373cd5022b6817795f04102a0372aff2325914f0513e303dc9c317528cfd300?s=96&d=mm&r=g","caption":"Ana und Urs Willmann"},"description":"sind St. Pauli-Fans. Am Millerntor schaut Ana die Spiele von der S\u00fcdkurve aus, ihr Vater Urs steht auf der sagenumwobenen Gegengeraden. Gemeinsam bestreiten sie die St.-Pauli-Kolumne im Speersort 1-Blog.","url":"https:\/\/blog.zeit.de\/hamburg\/author\/anaundurswillmann\/"}]}},"jetpack_featured_media_url":"https:\/\/blog.zeit.de\/hamburg\/files\/2017\/02\/araw-5.jpeg","jetpack_sharing_enabled":true,"_links":{"self":[{"href":"https:\/\/blog.zeit.de\/hamburg\/wp-json\/wp\/v2\/posts\/8048","targetHints":{"allow":["GET"]}}],"collection":[{"href":"https:\/\/blog.zeit.de\/hamburg\/wp-json\/wp\/v2\/posts"}],"about":[{"href":"https:\/\/blog.zeit.de\/hamburg\/wp-json\/wp\/v2\/types\/post"}],"author":[{"embeddable":true,"href":"https:\/\/blog.zeit.de\/hamburg\/wp-json\/wp\/v2\/users\/658"}],"replies":[{"embeddable":true,"href":"https:\/\/blog.zeit.de\/hamburg\/wp-json\/wp\/v2\/comments?post=8048"}],"version-history":[{"count":8,"href":"https:\/\/blog.zeit.de\/hamburg\/wp-json\/wp\/v2\/posts\/8048\/revisions"}],"predecessor-version":[{"id":8057,"href":"https:\/\/blog.zeit.de\/hamburg\/wp-json\/wp\/v2\/posts\/8048\/revisions\/8057"}],"wp:featuredmedia":[{"embeddable":true,"href":"https:\/\/blog.zeit.de\/hamburg\/wp-json\/wp\/v2\/media\/8052"}],"wp:attachment":[{"href":"https:\/\/blog.zeit.de\/hamburg\/wp-json\/wp\/v2\/media?parent=8048"}],"wp:term":[{"taxonomy":"category","embeddable":true,"href":"https:\/\/blog.zeit.de\/hamburg\/wp-json\/wp\/v2\/categories?post=8048"},{"taxonomy":"post_tag","embeddable":true,"href":"https:\/\/blog.zeit.de\/hamburg\/wp-json\/wp\/v2\/tags?post=8048"}],"curies":[{"name":"wp","href":"https:\/\/api.w.org\/{rel}","templated":true}]}}