{"id":8173,"date":"2017-04-05T15:51:03","date_gmt":"2017-04-05T13:51:03","guid":{"rendered":"http:\/\/blog.zeit.de\/hamburg\/?p=8173"},"modified":"2017-04-06T10:10:16","modified_gmt":"2017-04-06T08:10:16","slug":"fc-st-pauli-sv-sandhausen-serie","status":"publish","type":"post","link":"https:\/\/blog.zeit.de\/hamburg\/fc-st-pauli-sv-sandhausen-serie\/","title":{"rendered":"Die Serie ist zur\u00fcck"},"content":{"rendered":"<p><em>Die Nullnummer gegen den SV Sandhausen offenbart: Der FC St. Pauli hat ein Problem, das er vor Kurzem noch f\u00fcr gel\u00f6st hielt. Wer findet die Ausrede?<\/em><\/p>\n<p>Wir sind wieder mittendrin in diesem vermaledeiten Abstiegskampf. Vor einer Woche noch dachten wir, das l\u00e4stige Problem seien wir los. Nie wieder 3. Liga, nie wieder Faschismus, nie wieder Abstiegskampf! Denn davor war ja nur die Niederlage gegen Union. So was kann immer mal passieren, schlie\u00dflich hat Poldi ja einst gesagt: &#8222;So ist Fu\u00dfball. Manchmal gewinnt der Bessere.&#8220;<\/p>\n<p>Auch das Unentschieden gegen Hannover 96 war kein Beinbruch. Dachten wir.<\/p>\n<p>Aber nun das: Die Nullnummer gegen die Niedersachsen entpuppt sich langsam, aber sicher als der Start in eine neue grauenhafte Serie, respektive als die R\u00fcckkehr einer solchen. Denn mittlerweile haben wir seit drei Spielen nicht ins Tor getroffen. So wie zuletzt im November und Dezember. F\u00fcr die Pleite in Aue am vergangenen Wochenende konnte man mit ausschweifenden Gedanken immerhin ein paar Argumente zusammenkratzen, die halbwegs das Zeug zu einer Ausrede hatten: Aziz Bouhaddouz fehlte, Cenk \u015eahin fehlte. Au\u00dferdem ist Aue unser traditioneller Angstgegner; keine andere Mannschaft l\u00e4sst uns immer wieder so humorlos alt aussehen.<!--more--><\/p>\n<p>Und nun gestern die Nullnummer zu Hause gegen Sandhausen. Sp\u00e4testens in der zweiten Halbzeit fragten sich alle im Stadion: Wie viele gef\u00fchlte Jahre sind eigentlich seit dem letzten Tor vergangen? Mit gerade mal 24 Treffern in 27 Spielen haben wir einen Vereinsrekord aufgestellt. Nie trafen wir in Liga 2 so selten.<\/p>\n<p>Sucht man nach einer Ursache, wird man nicht neben dem Platz f\u00fcndig. Die Zuschauer unterst\u00fctzten gegen Sandhausen, so gut es eben ging. Noch eine Viertelstunde nach Abpfiff erscholl es laut hinaus in die D\u00e4mmerung \u00fcber der Stadt: &#8222;<em>You&#8217;ll Never Walk Alone.<\/em>&#8222;<\/p>\n<p><figure id=\"attachment_8175\" aria-describedby=\"caption-attachment-8175\" style=\"width: 620px\" class=\"wp-caption alignnone\"><img loading=\"lazy\" decoding=\"async\" class=\"size-medium wp-image-8175\" src=\"https:\/\/blog.zeit.de\/hamburg\/files\/2017\/04\/89599864-620x377.jpg\" alt=\"\" width=\"620\" height=\"377\" srcset=\"https:\/\/blog.zeit.de\/hamburg\/files\/2017\/04\/89599864-620x377.jpg 620w, https:\/\/blog.zeit.de\/hamburg\/files\/2017\/04\/89599864-768x467.jpg 768w, https:\/\/blog.zeit.de\/hamburg\/files\/2017\/04\/89599864-1024x623.jpg 1024w\" sizes=\"auto, (max-width: 620px) 100vw, 620px\" \/><figcaption id=\"caption-attachment-8175\" class=\"wp-caption-text\">St. Paulis Lasse Sobiech nach dem Null zu Null gegen Sandhausen (c) dpa<\/figcaption><\/figure><\/p>\n<p>Vielleicht sollten wir weniger &#8222;walken&#8220;. Zumindest die Akteure auf dem Platz. Das Problem liegt n\u00e4mlich dort, und zwar mittendrin: im Mittelfeld. Dieses l\u00e4sst, nachdem wir nach der Winterpause in einer Ungeschlagen-Serie von Spiel zu Spiel Hoffnung sch\u00f6pfen konnten, pl\u00f6tzlich wieder die Kreativit\u00e4t vermissen. Im Februar blitzte sie noch auf. Gegen Dynamo, gegen Karlsruhe. Noch im M\u00e4rz gegen M\u00fcnchen.<\/p>\n<p>Jetzt ist April. Aus den wenigen Chancen, die das Mittelfeld noch generiert, kreiert der Sturm nun wieder gar keine Tore mehr. Der arme Lennart Thy: ein Schatten seiner Vor-Bremer-Tage. Und nun streichelt auch Bouhaddouz nur noch die Oberkante der Latte, statt sich via Innenseite des Geb\u00e4lks in die Torsch\u00fctzenliste einzutragen.<\/p>\n<p>Finden wir trotzdem eine Ausrede? Ja! Ein Freund machte uns gerade drauf aufmerksam. Es gab kurz nach Beginn eine \u00e4u\u00dferst gemeine Szene. Da pfiff der Schiedsrichter eindeutig gegen uns. Es war die 11. Minute. Sandhausens Damian Ro\u00dfbach flog nach Notbremse vom Platz. Der Verlust eines Gegenspielers zwang in der Folge den FC St. Pauli, rund 80 Minuten lang in \u00dcberzahl zu spielen. Wer seit Jahrzehnten am Millerntor aufl\u00e4uft und zuschaut, der wei\u00df: Ein Platzverweis in den Reihen des Gegners hat uns noch nie gut getan.<\/p>\n<p>Ist das eine gute Ausrede? Wir denken weiter nach. Immerhin haben wir schon eine Idee f\u00fcr N\u00fcrnberg. Sollten wir auch dort nicht treffen, liegt es an der Abwesenheit von IHM: Deniz Bar\u0131\u015f, Fu\u00dfballgott.<\/p>\n","protected":false},"excerpt":{"rendered":"<p>Die Nullnummer gegen den SV Sandhausen offenbart: Der FC St. Pauli hat ein Problem, das er vor Kurzem noch f\u00fcr gel\u00f6st hielt. Wer findet die Ausrede? Wir sind wieder mittendrin in diesem vermaledeiten Abstiegskampf. Vor einer Woche noch dachten wir, das l\u00e4stige Problem seien wir los. Nie wieder 3. Liga, nie wieder Faschismus, nie wieder [&hellip;]<\/p>\n","protected":false},"author":658,"featured_media":8175,"comment_status":"open","ping_status":"open","sticky":false,"template":"","format":"standard","meta":{"_jetpack_memberships_contains_paid_content":false,"footnotes":""},"categories":[16],"tags":[],"class_list":["post-8173","post","type-post","status-publish","format-standard","has-post-thumbnail","hentry","category-allgemein"],"yoast_head":"<!-- This site is optimized with the Yoast SEO plugin v21.0 - https:\/\/yoast.com\/wordpress\/plugins\/seo\/ -->\n<title>Die Serie ist zur\u00fcck - Speersort 1 - ZEIT ONLINE<\/title>\n<meta name=\"robots\" content=\"index, follow, max-snippet:-1, max-image-preview:large, max-video-preview:-1\" \/>\n<link rel=\"canonical\" href=\"https:\/\/blog.zeit.de\/hamburg\/fc-st-pauli-sv-sandhausen-serie\/\" \/>\n<meta property=\"og:locale\" content=\"de_DE\" \/>\n<meta property=\"og:type\" content=\"article\" \/>\n<meta property=\"og:title\" content=\"Die Serie ist zur\u00fcck - Speersort 1 - ZEIT ONLINE\" \/>\n<meta property=\"og:description\" content=\"Die Nullnummer gegen den SV Sandhausen offenbart: Der FC St. Pauli hat ein Problem, das er vor Kurzem noch f\u00fcr gel\u00f6st hielt. Wer findet die Ausrede? Wir sind wieder mittendrin in diesem vermaledeiten Abstiegskampf. Vor einer Woche noch dachten wir, das l\u00e4stige Problem seien wir los. Nie wieder 3. Liga, nie wieder Faschismus, nie wieder [&hellip;]\" \/>\n<meta property=\"og:url\" content=\"https:\/\/blog.zeit.de\/hamburg\/fc-st-pauli-sv-sandhausen-serie\/\" \/>\n<meta property=\"og:site_name\" content=\"Speersort 1\" \/>\n<meta property=\"article:published_time\" content=\"2017-04-05T13:51:03+00:00\" \/>\n<meta property=\"article:modified_time\" content=\"2017-04-06T08:10:16+00:00\" \/>\n<meta property=\"og:image\" content=\"https:\/\/blog.zeit.de\/hamburg\/files\/2017\/04\/89599864.jpg\" \/>\n\t<meta property=\"og:image:width\" content=\"2925\" \/>\n\t<meta property=\"og:image:height\" content=\"1780\" \/>\n\t<meta property=\"og:image:type\" content=\"image\/jpeg\" \/>\n<meta name=\"author\" content=\"Ana und Urs Willmann\" \/>\n<meta name=\"twitter:card\" content=\"summary_large_image\" \/>\n<meta name=\"twitter:label1\" content=\"Geschrieben von\" \/>\n\t<meta name=\"twitter:data1\" content=\"Ana und Urs Willmann\" \/>\n\t<meta name=\"twitter:label2\" content=\"Gesch\u00e4tzte Lesezeit\" \/>\n\t<meta name=\"twitter:data2\" content=\"3\u00a0Minuten\" \/>\n<script type=\"application\/ld+json\" class=\"yoast-schema-graph\">{\"@context\":\"https:\/\/schema.org\",\"@graph\":[{\"@type\":\"WebPage\",\"@id\":\"https:\/\/blog.zeit.de\/hamburg\/fc-st-pauli-sv-sandhausen-serie\/\",\"url\":\"https:\/\/blog.zeit.de\/hamburg\/fc-st-pauli-sv-sandhausen-serie\/\",\"name\":\"Die Serie ist zur\u00fcck - Speersort 1 - ZEIT ONLINE\",\"isPartOf\":{\"@id\":\"https:\/\/blog.zeit.de\/hamburg\/#website\"},\"datePublished\":\"2017-04-05T13:51:03+00:00\",\"dateModified\":\"2017-04-06T08:10:16+00:00\",\"author\":{\"@id\":\"https:\/\/blog.zeit.de\/hamburg\/#\/schema\/person\/9d1d432dcd00183065b8abc657e3e7ac\"},\"breadcrumb\":{\"@id\":\"https:\/\/blog.zeit.de\/hamburg\/fc-st-pauli-sv-sandhausen-serie\/#breadcrumb\"},\"inLanguage\":\"de\",\"potentialAction\":[{\"@type\":\"ReadAction\",\"target\":[\"https:\/\/blog.zeit.de\/hamburg\/fc-st-pauli-sv-sandhausen-serie\/\"]}]},{\"@type\":\"BreadcrumbList\",\"@id\":\"https:\/\/blog.zeit.de\/hamburg\/fc-st-pauli-sv-sandhausen-serie\/#breadcrumb\",\"itemListElement\":[{\"@type\":\"ListItem\",\"position\":1,\"name\":\"Startseite\",\"item\":\"https:\/\/blog.zeit.de\/hamburg\/\"},{\"@type\":\"ListItem\",\"position\":2,\"name\":\"Die Serie ist zur\u00fcck\"}]},{\"@type\":\"WebSite\",\"@id\":\"https:\/\/blog.zeit.de\/hamburg\/#website\",\"url\":\"https:\/\/blog.zeit.de\/hamburg\/\",\"name\":\"Speersort 1\",\"description\":\"Das Hamburg-Blog\",\"potentialAction\":[{\"@type\":\"SearchAction\",\"target\":{\"@type\":\"EntryPoint\",\"urlTemplate\":\"https:\/\/blog.zeit.de\/hamburg\/?s={search_term_string}\"},\"query-input\":\"required name=search_term_string\"}],\"inLanguage\":\"de\"},{\"@type\":\"Person\",\"@id\":\"https:\/\/blog.zeit.de\/hamburg\/#\/schema\/person\/9d1d432dcd00183065b8abc657e3e7ac\",\"name\":\"Ana und Urs Willmann\",\"image\":{\"@type\":\"ImageObject\",\"inLanguage\":\"de\",\"@id\":\"https:\/\/blog.zeit.de\/hamburg\/#\/schema\/person\/image\/\",\"url\":\"https:\/\/secure.gravatar.com\/avatar\/c373cd5022b6817795f04102a0372aff2325914f0513e303dc9c317528cfd300?s=96&d=mm&r=g\",\"contentUrl\":\"https:\/\/secure.gravatar.com\/avatar\/c373cd5022b6817795f04102a0372aff2325914f0513e303dc9c317528cfd300?s=96&d=mm&r=g\",\"caption\":\"Ana und Urs Willmann\"},\"description\":\"sind St. Pauli-Fans. Am Millerntor schaut Ana die Spiele von der S\u00fcdkurve aus, ihr Vater Urs steht auf der sagenumwobenen Gegengeraden. Gemeinsam bestreiten sie die St.-Pauli-Kolumne im Speersort 1-Blog.\",\"url\":\"https:\/\/blog.zeit.de\/hamburg\/author\/anaundurswillmann\/\"}]}<\/script>\n<!-- \/ Yoast SEO plugin. -->","yoast_head_json":{"title":"Die Serie ist zur\u00fcck - Speersort 1 - ZEIT ONLINE","robots":{"index":"index","follow":"follow","max-snippet":"max-snippet:-1","max-image-preview":"max-image-preview:large","max-video-preview":"max-video-preview:-1"},"canonical":"https:\/\/blog.zeit.de\/hamburg\/fc-st-pauli-sv-sandhausen-serie\/","og_locale":"de_DE","og_type":"article","og_title":"Die Serie ist zur\u00fcck - Speersort 1 - ZEIT ONLINE","og_description":"Die Nullnummer gegen den SV Sandhausen offenbart: Der FC St. Pauli hat ein Problem, das er vor Kurzem noch f\u00fcr gel\u00f6st hielt. Wer findet die Ausrede? Wir sind wieder mittendrin in diesem vermaledeiten Abstiegskampf. Vor einer Woche noch dachten wir, das l\u00e4stige Problem seien wir los. Nie wieder 3. Liga, nie wieder Faschismus, nie wieder [&hellip;]","og_url":"https:\/\/blog.zeit.de\/hamburg\/fc-st-pauli-sv-sandhausen-serie\/","og_site_name":"Speersort 1","article_published_time":"2017-04-05T13:51:03+00:00","article_modified_time":"2017-04-06T08:10:16+00:00","og_image":[{"width":2925,"height":1780,"url":"https:\/\/blog.zeit.de\/hamburg\/files\/2017\/04\/89599864.jpg","type":"image\/jpeg"}],"author":"Ana und Urs Willmann","twitter_card":"summary_large_image","twitter_misc":{"Geschrieben von":"Ana und Urs Willmann","Gesch\u00e4tzte Lesezeit":"3\u00a0Minuten"},"schema":{"@context":"https:\/\/schema.org","@graph":[{"@type":"WebPage","@id":"https:\/\/blog.zeit.de\/hamburg\/fc-st-pauli-sv-sandhausen-serie\/","url":"https:\/\/blog.zeit.de\/hamburg\/fc-st-pauli-sv-sandhausen-serie\/","name":"Die Serie ist zur\u00fcck - Speersort 1 - ZEIT ONLINE","isPartOf":{"@id":"https:\/\/blog.zeit.de\/hamburg\/#website"},"datePublished":"2017-04-05T13:51:03+00:00","dateModified":"2017-04-06T08:10:16+00:00","author":{"@id":"https:\/\/blog.zeit.de\/hamburg\/#\/schema\/person\/9d1d432dcd00183065b8abc657e3e7ac"},"breadcrumb":{"@id":"https:\/\/blog.zeit.de\/hamburg\/fc-st-pauli-sv-sandhausen-serie\/#breadcrumb"},"inLanguage":"de","potentialAction":[{"@type":"ReadAction","target":["https:\/\/blog.zeit.de\/hamburg\/fc-st-pauli-sv-sandhausen-serie\/"]}]},{"@type":"BreadcrumbList","@id":"https:\/\/blog.zeit.de\/hamburg\/fc-st-pauli-sv-sandhausen-serie\/#breadcrumb","itemListElement":[{"@type":"ListItem","position":1,"name":"Startseite","item":"https:\/\/blog.zeit.de\/hamburg\/"},{"@type":"ListItem","position":2,"name":"Die Serie ist zur\u00fcck"}]},{"@type":"WebSite","@id":"https:\/\/blog.zeit.de\/hamburg\/#website","url":"https:\/\/blog.zeit.de\/hamburg\/","name":"Speersort 1","description":"Das Hamburg-Blog","potentialAction":[{"@type":"SearchAction","target":{"@type":"EntryPoint","urlTemplate":"https:\/\/blog.zeit.de\/hamburg\/?s={search_term_string}"},"query-input":"required name=search_term_string"}],"inLanguage":"de"},{"@type":"Person","@id":"https:\/\/blog.zeit.de\/hamburg\/#\/schema\/person\/9d1d432dcd00183065b8abc657e3e7ac","name":"Ana und Urs Willmann","image":{"@type":"ImageObject","inLanguage":"de","@id":"https:\/\/blog.zeit.de\/hamburg\/#\/schema\/person\/image\/","url":"https:\/\/secure.gravatar.com\/avatar\/c373cd5022b6817795f04102a0372aff2325914f0513e303dc9c317528cfd300?s=96&d=mm&r=g","contentUrl":"https:\/\/secure.gravatar.com\/avatar\/c373cd5022b6817795f04102a0372aff2325914f0513e303dc9c317528cfd300?s=96&d=mm&r=g","caption":"Ana und Urs Willmann"},"description":"sind St. Pauli-Fans. Am Millerntor schaut Ana die Spiele von der S\u00fcdkurve aus, ihr Vater Urs steht auf der sagenumwobenen Gegengeraden. Gemeinsam bestreiten sie die St.-Pauli-Kolumne im Speersort 1-Blog.","url":"https:\/\/blog.zeit.de\/hamburg\/author\/anaundurswillmann\/"}]}},"jetpack_featured_media_url":"https:\/\/blog.zeit.de\/hamburg\/files\/2017\/04\/89599864.jpg","jetpack_sharing_enabled":true,"_links":{"self":[{"href":"https:\/\/blog.zeit.de\/hamburg\/wp-json\/wp\/v2\/posts\/8173","targetHints":{"allow":["GET"]}}],"collection":[{"href":"https:\/\/blog.zeit.de\/hamburg\/wp-json\/wp\/v2\/posts"}],"about":[{"href":"https:\/\/blog.zeit.de\/hamburg\/wp-json\/wp\/v2\/types\/post"}],"author":[{"embeddable":true,"href":"https:\/\/blog.zeit.de\/hamburg\/wp-json\/wp\/v2\/users\/658"}],"replies":[{"embeddable":true,"href":"https:\/\/blog.zeit.de\/hamburg\/wp-json\/wp\/v2\/comments?post=8173"}],"version-history":[{"count":9,"href":"https:\/\/blog.zeit.de\/hamburg\/wp-json\/wp\/v2\/posts\/8173\/revisions"}],"predecessor-version":[{"id":8183,"href":"https:\/\/blog.zeit.de\/hamburg\/wp-json\/wp\/v2\/posts\/8173\/revisions\/8183"}],"wp:featuredmedia":[{"embeddable":true,"href":"https:\/\/blog.zeit.de\/hamburg\/wp-json\/wp\/v2\/media\/8175"}],"wp:attachment":[{"href":"https:\/\/blog.zeit.de\/hamburg\/wp-json\/wp\/v2\/media?parent=8173"}],"wp:term":[{"taxonomy":"category","embeddable":true,"href":"https:\/\/blog.zeit.de\/hamburg\/wp-json\/wp\/v2\/categories?post=8173"},{"taxonomy":"post_tag","embeddable":true,"href":"https:\/\/blog.zeit.de\/hamburg\/wp-json\/wp\/v2\/tags?post=8173"}],"curies":[{"name":"wp","href":"https:\/\/api.w.org\/{rel}","templated":true}]}}