{"id":992,"date":"2014-05-22T17:34:55","date_gmt":"2014-05-22T15:34:55","guid":{"rendered":"http:\/\/blog.zeit.de\/hamburg\/?p=992"},"modified":"2014-05-22T18:11:15","modified_gmt":"2014-05-22T16:11:15","slug":"ein-politikum-keine-privatsache","status":"publish","type":"post","link":"https:\/\/blog.zeit.de\/hamburg\/ein-politikum-keine-privatsache\/","title":{"rendered":"Ein Politikum, keine Privatsache"},"content":{"rendered":"<p>Der Eigent\u00fcmer der Roten Flora, Klausmartin Kretschmer, hat offenbar Geldprobleme. Das Insolvenzgericht Hamburg untersucht jedenfalls, ob der Immobilienkaufmann zahlungsunf\u00e4hig ist. Die Pl\u00e4ne Kretschmers, das besetzte linke Kulturzentrum zu kommerzialisieren, sind damit vorerst gestoppt \u2013 jedenfalls solange das Verfahren l\u00e4uft.<!--more--><\/p>\n<p>Die Nachricht kommt nicht \u00fcberraschend. <a href=\"http:\/\/www.brandshof-bleibt.de\/\">Der Brandshof,<\/a> den Kretschmer gekauft hatte, um ihn von der Industrieruine zum Kreativquartier zu pimpen, stand schon im Februar 2013 zur Zwangsversteigerung, ebenso das Restaurant Riverkasematten an der Hafenstra\u00dfe.<\/p>\n<p>Mit der mutma\u00dflichen Pleite des selbst ernannten &#8222;Kulturinvestors&#8220; ist ein ungutes Experiment zu Ende gegangen. Als Kretschmer die Flora im Jahre 2001 zum Schn\u00e4ppchenpreis von 190.000 Euro erwarb, nannte ihn B\u00fcrgermeister Ortwin Runde einen &#8222;Idealisten&#8220;, dem &#8222;jegliches Spekulantentum fremd&#8220; sei. De facto ging es der SPD darum, mit dem Flora-Verkauf ein Reizthema aus dem Wahlkampf herauszuhalten. Aber offensichtlich glaubte man in der liberalen Euphorie der fr\u00fchen nuller Jahre tats\u00e4chlich daran, dass Problemimmobilien besser den ehrenwerten Absichten privater M\u00e4zene zu \u00fcberlassen seien. Kretschmer schien der ideale Privatisierungskandidat f\u00fcr \u00fcberforderte, ideenlose oder klamme Stadt- oder Bezirkspolitiker zu sein.<\/p>\n<p>Dass Kretschmer mit seinem Geltungsdrang der Kulturszene geh\u00f6rig auf den Geist ging, hat Hamburgs Politiker zehn Jahre lang nicht gest\u00f6rt. Noch 2010 schickte der Senat Kretschmer zur Architekturbiennale nach S\u00e3o Paulo, um ihn unter dem Titel Der Hamburger Weg: Oberhafen-Kantine, Brandshof, Rote Flora von eigenen Wohltaten schw\u00e4rmen zu lassen. Im selben Jahr fing Kretschmer damit an, von Kaufinteressenten zu t\u00f6nen. 2013 trat dann sein &#8222;Berater&#8220; Gert Baer auf den Plan, um mit Sticheleien und R\u00e4umungsforderungen die Rote Flora wieder zum Streitthema zu machen \u2013 mit dem Ziel einer R\u00e4umung. Die mutma\u00dfliche Pleite Kretschmers ist kein Anlass zur Schadenfreude. Eine gute Lehre aber ist zu ziehen: Aus einem Politikum kann keine Privatsache werden.<\/p>\n","protected":false},"excerpt":{"rendered":"<p>Der Eigent\u00fcmer der Roten Flora, Klausmartin Kretschmer, hat offenbar Geldprobleme. Das Insolvenzgericht Hamburg untersucht jedenfalls, ob der Immobilienkaufmann zahlungsunf\u00e4hig ist. Die Pl\u00e4ne Kretschmers, das besetzte linke Kulturzentrum zu kommerzialisieren, sind damit vorerst gestoppt \u2013 jedenfalls solange das Verfahren l\u00e4uft.<\/p>\n","protected":false},"author":496,"featured_media":0,"comment_status":"open","ping_status":"open","sticky":false,"template":"","format":"standard","meta":{"_jetpack_memberships_contains_paid_content":false,"footnotes":""},"categories":[16],"tags":[],"class_list":["post-992","post","type-post","status-publish","format-standard","hentry","category-allgemein"],"yoast_head":"<!-- This site is optimized with the Yoast SEO plugin v21.0 - https:\/\/yoast.com\/wordpress\/plugins\/seo\/ -->\n<title>Ein Politikum, keine Privatsache<\/title>\n<meta name=\"description\" content=\"Klausmartin Kretschmer, Besitzer der Roten Flora, ist offenbar pleite. Das ist eine gute Nachricht f\u00fcr die Kulturszene dieser Stadt.\" \/>\n<meta name=\"robots\" content=\"index, follow, max-snippet:-1, max-image-preview:large, max-video-preview:-1\" \/>\n<link rel=\"canonical\" href=\"https:\/\/blog.zeit.de\/hamburg\/ein-politikum-keine-privatsache\/\" \/>\n<meta property=\"og:locale\" content=\"de_DE\" \/>\n<meta property=\"og:type\" content=\"article\" \/>\n<meta property=\"og:title\" content=\"Ein Politikum, keine Privatsache\" \/>\n<meta property=\"og:description\" content=\"Klausmartin Kretschmer, Besitzer der Roten Flora, ist offenbar pleite. Das ist eine gute Nachricht f\u00fcr die Kulturszene dieser Stadt.\" \/>\n<meta property=\"og:url\" content=\"https:\/\/blog.zeit.de\/hamburg\/ein-politikum-keine-privatsache\/\" \/>\n<meta property=\"og:site_name\" content=\"Speersort 1\" \/>\n<meta property=\"article:published_time\" content=\"2014-05-22T15:34:55+00:00\" \/>\n<meta property=\"article:modified_time\" content=\"2014-05-22T16:11:15+00:00\" \/>\n<meta name=\"author\" content=\"Christoph Twickel\" \/>\n<meta name=\"twitter:card\" content=\"summary_large_image\" \/>\n<meta name=\"twitter:label1\" content=\"Geschrieben von\" \/>\n\t<meta name=\"twitter:data1\" content=\"Christoph Twickel\" \/>\n\t<meta name=\"twitter:label2\" content=\"Gesch\u00e4tzte Lesezeit\" \/>\n\t<meta name=\"twitter:data2\" content=\"1\u00a0Minute\" \/>\n<script type=\"application\/ld+json\" class=\"yoast-schema-graph\">{\"@context\":\"https:\/\/schema.org\",\"@graph\":[{\"@type\":\"WebPage\",\"@id\":\"https:\/\/blog.zeit.de\/hamburg\/ein-politikum-keine-privatsache\/\",\"url\":\"https:\/\/blog.zeit.de\/hamburg\/ein-politikum-keine-privatsache\/\",\"name\":\"Ein Politikum, keine Privatsache\",\"isPartOf\":{\"@id\":\"https:\/\/blog.zeit.de\/hamburg\/#website\"},\"datePublished\":\"2014-05-22T15:34:55+00:00\",\"dateModified\":\"2014-05-22T16:11:15+00:00\",\"author\":{\"@id\":\"https:\/\/blog.zeit.de\/hamburg\/#\/schema\/person\/86fdc8d2fbbc43e4115e6680ffcb3fa6\"},\"description\":\"Klausmartin Kretschmer, Besitzer der Roten Flora, ist offenbar pleite. Das ist eine gute Nachricht f\u00fcr die Kulturszene dieser Stadt.\",\"breadcrumb\":{\"@id\":\"https:\/\/blog.zeit.de\/hamburg\/ein-politikum-keine-privatsache\/#breadcrumb\"},\"inLanguage\":\"de\",\"potentialAction\":[{\"@type\":\"ReadAction\",\"target\":[\"https:\/\/blog.zeit.de\/hamburg\/ein-politikum-keine-privatsache\/\"]}]},{\"@type\":\"BreadcrumbList\",\"@id\":\"https:\/\/blog.zeit.de\/hamburg\/ein-politikum-keine-privatsache\/#breadcrumb\",\"itemListElement\":[{\"@type\":\"ListItem\",\"position\":1,\"name\":\"Startseite\",\"item\":\"https:\/\/blog.zeit.de\/hamburg\/\"},{\"@type\":\"ListItem\",\"position\":2,\"name\":\"Ein Politikum, keine Privatsache\"}]},{\"@type\":\"WebSite\",\"@id\":\"https:\/\/blog.zeit.de\/hamburg\/#website\",\"url\":\"https:\/\/blog.zeit.de\/hamburg\/\",\"name\":\"Speersort 1\",\"description\":\"Das Hamburg-Blog\",\"potentialAction\":[{\"@type\":\"SearchAction\",\"target\":{\"@type\":\"EntryPoint\",\"urlTemplate\":\"https:\/\/blog.zeit.de\/hamburg\/?s={search_term_string}\"},\"query-input\":\"required name=search_term_string\"}],\"inLanguage\":\"de\"},{\"@type\":\"Person\",\"@id\":\"https:\/\/blog.zeit.de\/hamburg\/#\/schema\/person\/86fdc8d2fbbc43e4115e6680ffcb3fa6\",\"name\":\"Christoph Twickel\",\"image\":{\"@type\":\"ImageObject\",\"inLanguage\":\"de\",\"@id\":\"https:\/\/blog.zeit.de\/hamburg\/#\/schema\/person\/image\/\",\"url\":\"https:\/\/secure.gravatar.com\/avatar\/04028e41098e5a0fb69b5d10be116b51cc956125e672e0d87e2225b160b2783f?s=96&d=mm&r=g\",\"contentUrl\":\"https:\/\/secure.gravatar.com\/avatar\/04028e41098e5a0fb69b5d10be116b51cc956125e672e0d87e2225b160b2783f?s=96&d=mm&r=g\",\"caption\":\"Christoph Twickel\"},\"description\":\"ist Autor im Hamburg-Ressort der ZEIT.\",\"url\":\"https:\/\/blog.zeit.de\/hamburg\/author\/christophtwickel\/\"}]}<\/script>\n<!-- \/ Yoast SEO plugin. -->","yoast_head_json":{"title":"Ein Politikum, keine Privatsache","description":"Klausmartin Kretschmer, Besitzer der Roten Flora, ist offenbar pleite. Das ist eine gute Nachricht f\u00fcr die Kulturszene dieser Stadt.","robots":{"index":"index","follow":"follow","max-snippet":"max-snippet:-1","max-image-preview":"max-image-preview:large","max-video-preview":"max-video-preview:-1"},"canonical":"https:\/\/blog.zeit.de\/hamburg\/ein-politikum-keine-privatsache\/","og_locale":"de_DE","og_type":"article","og_title":"Ein Politikum, keine Privatsache","og_description":"Klausmartin Kretschmer, Besitzer der Roten Flora, ist offenbar pleite. Das ist eine gute Nachricht f\u00fcr die Kulturszene dieser Stadt.","og_url":"https:\/\/blog.zeit.de\/hamburg\/ein-politikum-keine-privatsache\/","og_site_name":"Speersort 1","article_published_time":"2014-05-22T15:34:55+00:00","article_modified_time":"2014-05-22T16:11:15+00:00","author":"Christoph Twickel","twitter_card":"summary_large_image","twitter_misc":{"Geschrieben von":"Christoph Twickel","Gesch\u00e4tzte Lesezeit":"1\u00a0Minute"},"schema":{"@context":"https:\/\/schema.org","@graph":[{"@type":"WebPage","@id":"https:\/\/blog.zeit.de\/hamburg\/ein-politikum-keine-privatsache\/","url":"https:\/\/blog.zeit.de\/hamburg\/ein-politikum-keine-privatsache\/","name":"Ein Politikum, keine Privatsache","isPartOf":{"@id":"https:\/\/blog.zeit.de\/hamburg\/#website"},"datePublished":"2014-05-22T15:34:55+00:00","dateModified":"2014-05-22T16:11:15+00:00","author":{"@id":"https:\/\/blog.zeit.de\/hamburg\/#\/schema\/person\/86fdc8d2fbbc43e4115e6680ffcb3fa6"},"description":"Klausmartin Kretschmer, Besitzer der Roten Flora, ist offenbar pleite. Das ist eine gute Nachricht f\u00fcr die Kulturszene dieser Stadt.","breadcrumb":{"@id":"https:\/\/blog.zeit.de\/hamburg\/ein-politikum-keine-privatsache\/#breadcrumb"},"inLanguage":"de","potentialAction":[{"@type":"ReadAction","target":["https:\/\/blog.zeit.de\/hamburg\/ein-politikum-keine-privatsache\/"]}]},{"@type":"BreadcrumbList","@id":"https:\/\/blog.zeit.de\/hamburg\/ein-politikum-keine-privatsache\/#breadcrumb","itemListElement":[{"@type":"ListItem","position":1,"name":"Startseite","item":"https:\/\/blog.zeit.de\/hamburg\/"},{"@type":"ListItem","position":2,"name":"Ein Politikum, keine Privatsache"}]},{"@type":"WebSite","@id":"https:\/\/blog.zeit.de\/hamburg\/#website","url":"https:\/\/blog.zeit.de\/hamburg\/","name":"Speersort 1","description":"Das Hamburg-Blog","potentialAction":[{"@type":"SearchAction","target":{"@type":"EntryPoint","urlTemplate":"https:\/\/blog.zeit.de\/hamburg\/?s={search_term_string}"},"query-input":"required name=search_term_string"}],"inLanguage":"de"},{"@type":"Person","@id":"https:\/\/blog.zeit.de\/hamburg\/#\/schema\/person\/86fdc8d2fbbc43e4115e6680ffcb3fa6","name":"Christoph Twickel","image":{"@type":"ImageObject","inLanguage":"de","@id":"https:\/\/blog.zeit.de\/hamburg\/#\/schema\/person\/image\/","url":"https:\/\/secure.gravatar.com\/avatar\/04028e41098e5a0fb69b5d10be116b51cc956125e672e0d87e2225b160b2783f?s=96&d=mm&r=g","contentUrl":"https:\/\/secure.gravatar.com\/avatar\/04028e41098e5a0fb69b5d10be116b51cc956125e672e0d87e2225b160b2783f?s=96&d=mm&r=g","caption":"Christoph Twickel"},"description":"ist Autor im Hamburg-Ressort der ZEIT.","url":"https:\/\/blog.zeit.de\/hamburg\/author\/christophtwickel\/"}]}},"jetpack_featured_media_url":"","jetpack_sharing_enabled":true,"_links":{"self":[{"href":"https:\/\/blog.zeit.de\/hamburg\/wp-json\/wp\/v2\/posts\/992","targetHints":{"allow":["GET"]}}],"collection":[{"href":"https:\/\/blog.zeit.de\/hamburg\/wp-json\/wp\/v2\/posts"}],"about":[{"href":"https:\/\/blog.zeit.de\/hamburg\/wp-json\/wp\/v2\/types\/post"}],"author":[{"embeddable":true,"href":"https:\/\/blog.zeit.de\/hamburg\/wp-json\/wp\/v2\/users\/496"}],"replies":[{"embeddable":true,"href":"https:\/\/blog.zeit.de\/hamburg\/wp-json\/wp\/v2\/comments?post=992"}],"version-history":[{"count":4,"href":"https:\/\/blog.zeit.de\/hamburg\/wp-json\/wp\/v2\/posts\/992\/revisions"}],"predecessor-version":[{"id":1001,"href":"https:\/\/blog.zeit.de\/hamburg\/wp-json\/wp\/v2\/posts\/992\/revisions\/1001"}],"wp:attachment":[{"href":"https:\/\/blog.zeit.de\/hamburg\/wp-json\/wp\/v2\/media?parent=992"}],"wp:term":[{"taxonomy":"category","embeddable":true,"href":"https:\/\/blog.zeit.de\/hamburg\/wp-json\/wp\/v2\/categories?post=992"},{"taxonomy":"post_tag","embeddable":true,"href":"https:\/\/blog.zeit.de\/hamburg\/wp-json\/wp\/v2\/tags?post=992"}],"curies":[{"name":"wp","href":"https:\/\/api.w.org\/{rel}","templated":true}]}}