{"id":100,"date":"2006-12-07T19:42:51","date_gmt":"2006-12-07T18:42:51","guid":{"rendered":"http:\/\/blog.zeit.de\/herdentrieb\/?p=100"},"modified":"2006-12-07T19:42:51","modified_gmt":"2006-12-07T18:42:51","slug":"ezb-weiter-in-inflationsangst-aber-auch-in-eurofurcht","status":"publish","type":"post","link":"https:\/\/blog.zeit.de\/herdentrieb\/2006\/12\/07\/ezb-weiter-in-inflationsangst-aber-auch-in-eurofurcht_100","title":{"rendered":"EZB &#8211; das war die letzte Zinserh\u00f6hung"},"content":{"rendered":"<p><a href=\"http:\/\/www.ecb.int\/press\/pressconf\/2006\/html\/is061207.en.html\" target=\"_blank\">In guter &#8211; oder eigentlich nicht so guter &#8211; Zentralbanktradition hat Jean-Claude Trichet, der Pr\u00e4sident der EZB, heute sein Bestes getan, m\u00f6glichst wenig zu sagen, die eigentlich relevanten Fragen durch die Verwendung von Worth\u00fclsen unbeantwortet zu lassen und die Zuh\u00f6rer zu langweilen.<\/a> Es f\u00e4llt mir schwer, Substantielles aus der heutigen Anhebung der Zinsen von 3\u00bc Prozent auf 3\u00bd Prozent herauszulesen.<\/p>\n<p>Interessant war vor allem, was nicht gesagt wurde, oder wozu sich Trichet weigerte etwas zu sagen. <!--more-->Die Geldpolitik sei jedenfalls weiterhin akkommodierend, die Geldmengenaggregate expandierten sehr rasch, getrieben von der Aktivseite der Bankbilanzen, also vor allem den Krediten. Zwar fielen bestimmte Termini wie &#8222;erh\u00f6hte Wachsamkeit&#8220; nicht mehr, und es wurde auch nicht die n\u00e4chste Zinserh\u00f6hung angek\u00fcndigt, nicht einmal auf codierte Art &#8211; alles h\u00e4nge von der k\u00fcnftigen Datenlage ab -, klar wurde aber schon, dass die tats\u00e4chliche k\u00fcnftige Inflation eher \u00fcber als unterhalb der <a href=\"http:\/\/www.ecb.int\/pub\/pdf\/other\/eurosystemstaffprojections200612en.pdf\" target=\"_blank\">Projektionen des EZB-Stabes<\/a> liegen w\u00fcrde.<\/p>\n<p>Ginge es nach diesen Prognosen, w\u00fcrde die Inflation nach zuletzt 1,8 Prozent im November auf durchschnittlich 2,0 Prozent im n\u00e4chsten und 1,9 Prozent im \u00fcbern\u00e4chsten Jahr steigen, w\u00e4re also genau da, wo die EZB sie mittelfristig haben will. Das gilt auch f\u00fcr die Inflationserwartungen, auf die es ja vor allem ankommen soll. Ziel erreicht, w\u00fcrde ich sagen, wieso also nicht die Zinsen da lassen wo sie sind?<\/p>\n<p>Was nicht noch so alles passieren kann! Der \u00d6lpreis k\u00f6nnte wieder steigen, die Arbeitnehmer k\u00f6nnten, horribile dictu, die g\u00fcnstige Konjunktur f\u00fcr h\u00f6here Lohnabschl\u00fcsse nutzen, auch die Regierungen und die staatlichen Monopolisten k\u00f6nnten versucht sein, die indirekten Steuern und administrierten Preise zu erh\u00f6hen, und es steckt ja zudem wegen der vorangegangenen \u00d6lpreisrunden noch richtig viel Inflationspotential in den Pipelines. Immerhin wolle man aber abwarten, wie die Daten in der n\u00e4chsten Zeit ausfallen, eine weitere Zinserh\u00f6hung sei nicht vorprogrammiert, auch wenn die Terminm\u00e4rkte das bislang unterstellen.<\/p>\n<p>Welche Rolle denn der neuerlich so starke Euro bei den geldpolitischen Entscheidungen spiele? Eine naheliegende Frage, weil die D\u00e4mpfung der Nachfrage und damit der Inflation nicht nur durch Zinserh\u00f6hungen, sondern auch \u00fcber den Wechselkurskanal erreicht werden kann. Dazu gab es keine Antwort. Vielleicht war aber der Verweis auf fr\u00fchere \u00c4u\u00dferungen, dass eine zu gro\u00dfe Wechselkursvolatilit\u00e4t unerw\u00fcnscht sei, so etwas wie ein Eingest\u00e4ndnis, dass eine \u00fcberm\u00e4\u00dfige Aufwertung sch\u00e4dlich sein k\u00f6nnte. Aus der Sicht eines Inflationsbek\u00e4mpfers gibt es doch nichts Sch\u00f6neres als eine m\u00f6glichst feste W\u00e4hrung &#8211; sie bedeutet nicht nur sinkende Einfuhrpreise, sondern querbeet Druck auf die Preise in allen Bereichen, die dem internationalen Wettbewerb ausgesetzt sind. Hat nicht vor kurzem Trichets Landsmann de Villepin gemurmelt, man solle doch die Wechselkurspolitik nicht allein der Notenbank \u00fcberlassen? Haben wir es hier mit so etwas wie vorauseilendem Gehorsam zu tun? Ich denke, wir k\u00f6nnen folgern, dass auch der EZB allen gegenteiligen Beteuerungen zum Trotz die Konjunkturrisiken nicht egal sind. Die Herren Weber und Stark von der Bundesbank m\u00fcssen allerdings demn\u00e4chst vielleicht mal ein paar strenge Worte mit Herrn Trichet reden &#8211; so geht es ja nicht!<\/p>\n<p>F\u00fcr jemanden wie mich, der darauf setzen w\u00fcrde, dass man durch h\u00f6heres Wachstum in der gegenw\u00e4rtigen konjunkturellen Lage sowohl die Arbeitslosigkeit vermindern als auch die Produktivit\u00e4t steigern kann, ist die Furcht vor einer zu kr\u00e4ftigen Aufwertungen genau das, was ich sehen m\u00f6chte. Sie bedeutet, dass es doch nicht zu zus\u00e4tzlichen Zinsschritten kommt, wenn der Euro fest bleiben sollte, und erst recht nicht, wenn er weiter in Richtung 1,40 Dollar marschiert.<\/p>\n<p>Die Risiken beim Wachstum werden \u00fcbrigens auf der Downside gesehen, obwohl die Prognosen erwartungsgem\u00e4\u00df gegen\u00fcber September nach oben revidiert wurden, auf 2,75 Prozent f\u00fcr dieses Jahr, 2,2 Prozent im n\u00e4chsten, und auf 2,3 Prozent im Jahr 2008. Nach meinen Rechnungen w\u00fcrde sich der sogenannte Output Gap auch bei diesen vergleichsweise hohen Werten kaum weiter schlie\u00dfen, die Arbeitslosigkeit bliebe hoch.<\/p>\n<p>Was sind denn nun die Risiken f\u00fcr die Konjunktur? Die EZB zitiert die \u00fcblichen Verd\u00e4chtigen: wieder anziehende \u00d6lpreise, protektionistische Bestrebungen (wie sie sich im US-Kongress derzeit ank\u00fcndigen) und eine turbulente Korrektur der weltwirtschaftlichen Ungleichgewichte, sprich eine sehr starke Dollarabwertung und damit ein Wegbrechen der au\u00dfenwirtschaftlichen Konjunkturst\u00fctze. Aha, das klingt ja nicht so schlecht. Ich w\u00fcrde gerne folgern, dass die EZB Sorge hat, die Risiken k\u00f6nnten tats\u00e4chlich Wirklichkeit werden und es daher ratsam w\u00e4re, es bei den Zinsen nicht zu \u00fcbertreiben. <a href=\"http:\/\/www.ecb.int\/press\/pressconf\/2006\/html\/is061207.en.html\" target=\"_blank\">Vermutlich interpretiere ich jedoch zu viel in diese Passage des vorbereiteten Eingangsstatements<\/a>.<\/p>\n<p>Wenn ich es also richtig sehe, gibt das Kaffeesatzlesen doch mehr her, als ich es anfangs bef\u00fcrchtet hatte. Sicher ist, dass wir uns in der Endphase des Zinserh\u00f6hungszyklus befinden. Es sieht zudem danach aus, als ob der Wechselkurs eine zentrale Rolle dabei spielen d\u00fcrfte, ob es das denn nun war oder ob wir uns auf weitere restriktive Ma\u00dfnahmen einstellen m\u00fcssen.<\/p>\n<p>Es ist unwahrscheinlich, dass die USA, wie es die OECD in ihrem neuesten Outlook vorausgesagt hat, auf Dauer Defizite in der Leistungsbilanz von 800 bis 900 Mrd. Dollar vor sich herschieben k\u00f6nnen. Das erfordert die Bereitschaft der \u00fcbrigen Welt, j\u00e4hrlich Dollarforderungen in dieser Gr\u00f6\u00dfenordnung auflaufen zu lassen. Damit das funktioniert, m\u00fcssten amerikanische Aktiva deutlich billiger werden. Das sind sie aber nicht. Wenn die Verbilligung nicht durch einen Einbruch der US-M\u00e4rkte f\u00fcr Aktien, Renten und Immobilien erreicht werden soll, also durch eine ausgewachsenen Rezession, wird es zu einer betr\u00e4chtlichen weiteren Abwertung des Dollars kommen m\u00fcssen. Das wird der EZB klar sein. Ich wette daher mal, dass wir heute den letzten Zinsschritt gesehen haben.<\/p>\n","protected":false},"excerpt":{"rendered":"<p>In guter &#8211; oder eigentlich nicht so guter &#8211; Zentralbanktradition hat Jean-Claude Trichet, der Pr\u00e4sident der EZB, heute sein Bestes getan, m\u00f6glichst wenig zu sagen, die eigentlich relevanten Fragen durch die Verwendung von Worth\u00fclsen unbeantwortet zu lassen und die Zuh\u00f6rer zu langweilen. Es f\u00e4llt mir schwer, Substantielles aus der heutigen Anhebung der Zinsen von 3\u00bc [&hellip;]<\/p>\n","protected":false},"author":61,"featured_media":0,"comment_status":"open","ping_status":"closed","sticky":false,"template":"","format":"standard","meta":{"_jetpack_memberships_contains_paid_content":false,"footnotes":""},"categories":[10],"tags":[],"class_list":["post-100","post","type-post","status-publish","format-standard","hentry","category-leitwahrungswatch"],"yoast_head":"<!-- This site is optimized with the Yoast SEO plugin v21.0 - https:\/\/yoast.com\/wordpress\/plugins\/seo\/ -->\n<title>EZB - das war die letzte Zinserh\u00f6hung - Herdentrieb<\/title>\n<meta name=\"robots\" content=\"index, follow, max-snippet:-1, max-image-preview:large, max-video-preview:-1\" \/>\n<link rel=\"canonical\" href=\"https:\/\/blog.zeit.de\/herdentrieb\/2006\/12\/07\/ezb-weiter-in-inflationsangst-aber-auch-in-eurofurcht_100\" \/>\n<meta property=\"og:locale\" content=\"de_DE\" \/>\n<meta property=\"og:type\" content=\"article\" \/>\n<meta property=\"og:title\" content=\"EZB - das war die letzte Zinserh\u00f6hung - Herdentrieb\" \/>\n<meta property=\"og:description\" content=\"In guter &#8211; oder eigentlich nicht so guter &#8211; Zentralbanktradition hat Jean-Claude Trichet, der Pr\u00e4sident der EZB, heute sein Bestes getan, m\u00f6glichst wenig zu sagen, die eigentlich relevanten Fragen durch die Verwendung von Worth\u00fclsen unbeantwortet zu lassen und die Zuh\u00f6rer zu langweilen. Es f\u00e4llt mir schwer, Substantielles aus der heutigen Anhebung der Zinsen von 3\u00bc [&hellip;]\" \/>\n<meta property=\"og:url\" content=\"https:\/\/blog.zeit.de\/herdentrieb\/2006\/12\/07\/ezb-weiter-in-inflationsangst-aber-auch-in-eurofurcht_100\" \/>\n<meta property=\"og:site_name\" content=\"Herdentrieb\" \/>\n<meta property=\"article:published_time\" content=\"2006-12-07T18:42:51+00:00\" \/>\n<meta name=\"author\" content=\"Dieter Wermuth\" \/>\n<meta name=\"twitter:card\" content=\"summary_large_image\" \/>\n<meta name=\"twitter:creator\" content=\"@zeitonline\" \/>\n<meta name=\"twitter:site\" content=\"@zeitonline\" \/>\n<meta name=\"twitter:label1\" content=\"Geschrieben von\" \/>\n\t<meta name=\"twitter:data1\" content=\"Dieter Wermuth\" \/>\n\t<meta name=\"twitter:label2\" content=\"Gesch\u00e4tzte Lesezeit\" \/>\n\t<meta name=\"twitter:data2\" content=\"5\u00a0Minuten\" \/>\n<script type=\"application\/ld+json\" class=\"yoast-schema-graph\">{\"@context\":\"https:\/\/schema.org\",\"@graph\":[{\"@type\":\"WebPage\",\"@id\":\"https:\/\/blog.zeit.de\/herdentrieb\/2006\/12\/07\/ezb-weiter-in-inflationsangst-aber-auch-in-eurofurcht_100\",\"url\":\"https:\/\/blog.zeit.de\/herdentrieb\/2006\/12\/07\/ezb-weiter-in-inflationsangst-aber-auch-in-eurofurcht_100\",\"name\":\"EZB - das war die letzte Zinserh\u00f6hung - Herdentrieb\",\"isPartOf\":{\"@id\":\"https:\/\/blog.zeit.de\/herdentrieb\/#website\"},\"datePublished\":\"2006-12-07T18:42:51+00:00\",\"dateModified\":\"2006-12-07T18:42:51+00:00\",\"author\":{\"@id\":\"https:\/\/blog.zeit.de\/herdentrieb\/#\/schema\/person\/cded255e8a7893fa16565de10e59b891\"},\"breadcrumb\":{\"@id\":\"https:\/\/blog.zeit.de\/herdentrieb\/2006\/12\/07\/ezb-weiter-in-inflationsangst-aber-auch-in-eurofurcht_100#breadcrumb\"},\"inLanguage\":\"de\",\"potentialAction\":[{\"@type\":\"ReadAction\",\"target\":[\"https:\/\/blog.zeit.de\/herdentrieb\/2006\/12\/07\/ezb-weiter-in-inflationsangst-aber-auch-in-eurofurcht_100\"]}]},{\"@type\":\"BreadcrumbList\",\"@id\":\"https:\/\/blog.zeit.de\/herdentrieb\/2006\/12\/07\/ezb-weiter-in-inflationsangst-aber-auch-in-eurofurcht_100#breadcrumb\",\"itemListElement\":[{\"@type\":\"ListItem\",\"position\":1,\"name\":\"Startseite\",\"item\":\"https:\/\/blog.zeit.de\/herdentrieb\"},{\"@type\":\"ListItem\",\"position\":2,\"name\":\"EZB &#8211; das war die letzte Zinserh\u00f6hung\"}]},{\"@type\":\"WebSite\",\"@id\":\"https:\/\/blog.zeit.de\/herdentrieb\/#website\",\"url\":\"https:\/\/blog.zeit.de\/herdentrieb\/\",\"name\":\"Herdentrieb\",\"description\":\"So funktioniert Kapitalismus. Ein Blog\",\"potentialAction\":[{\"@type\":\"SearchAction\",\"target\":{\"@type\":\"EntryPoint\",\"urlTemplate\":\"https:\/\/blog.zeit.de\/herdentrieb\/?s={search_term_string}\"},\"query-input\":\"required name=search_term_string\"}],\"inLanguage\":\"de\"},{\"@type\":\"Person\",\"@id\":\"https:\/\/blog.zeit.de\/herdentrieb\/#\/schema\/person\/cded255e8a7893fa16565de10e59b891\",\"name\":\"Dieter Wermuth\",\"image\":{\"@type\":\"ImageObject\",\"inLanguage\":\"de\",\"@id\":\"https:\/\/blog.zeit.de\/herdentrieb\/#\/schema\/person\/image\/\",\"url\":\"https:\/\/secure.gravatar.com\/avatar\/17b936dcdfff00d08ede21a6c8044f16e55bc8832ed4a15d30fdb3dcfd0adec3?s=96&d=mm&r=g\",\"contentUrl\":\"https:\/\/secure.gravatar.com\/avatar\/17b936dcdfff00d08ede21a6c8044f16e55bc8832ed4a15d30fdb3dcfd0adec3?s=96&d=mm&r=g\",\"caption\":\"Dieter Wermuth\"},\"url\":\"https:\/\/blog.zeit.de\/herdentrieb\/author\/dieter-wermuth\"}]}<\/script>\n<!-- \/ Yoast SEO plugin. -->","yoast_head_json":{"title":"EZB - das war die letzte Zinserh\u00f6hung - Herdentrieb","robots":{"index":"index","follow":"follow","max-snippet":"max-snippet:-1","max-image-preview":"max-image-preview:large","max-video-preview":"max-video-preview:-1"},"canonical":"https:\/\/blog.zeit.de\/herdentrieb\/2006\/12\/07\/ezb-weiter-in-inflationsangst-aber-auch-in-eurofurcht_100","og_locale":"de_DE","og_type":"article","og_title":"EZB - das war die letzte Zinserh\u00f6hung - Herdentrieb","og_description":"In guter &#8211; oder eigentlich nicht so guter &#8211; Zentralbanktradition hat Jean-Claude Trichet, der Pr\u00e4sident der EZB, heute sein Bestes getan, m\u00f6glichst wenig zu sagen, die eigentlich relevanten Fragen durch die Verwendung von Worth\u00fclsen unbeantwortet zu lassen und die Zuh\u00f6rer zu langweilen. Es f\u00e4llt mir schwer, Substantielles aus der heutigen Anhebung der Zinsen von 3\u00bc [&hellip;]","og_url":"https:\/\/blog.zeit.de\/herdentrieb\/2006\/12\/07\/ezb-weiter-in-inflationsangst-aber-auch-in-eurofurcht_100","og_site_name":"Herdentrieb","article_published_time":"2006-12-07T18:42:51+00:00","author":"Dieter Wermuth","twitter_card":"summary_large_image","twitter_creator":"@zeitonline","twitter_site":"@zeitonline","twitter_misc":{"Geschrieben von":"Dieter Wermuth","Gesch\u00e4tzte Lesezeit":"5\u00a0Minuten"},"schema":{"@context":"https:\/\/schema.org","@graph":[{"@type":"WebPage","@id":"https:\/\/blog.zeit.de\/herdentrieb\/2006\/12\/07\/ezb-weiter-in-inflationsangst-aber-auch-in-eurofurcht_100","url":"https:\/\/blog.zeit.de\/herdentrieb\/2006\/12\/07\/ezb-weiter-in-inflationsangst-aber-auch-in-eurofurcht_100","name":"EZB - das war die letzte Zinserh\u00f6hung - Herdentrieb","isPartOf":{"@id":"https:\/\/blog.zeit.de\/herdentrieb\/#website"},"datePublished":"2006-12-07T18:42:51+00:00","dateModified":"2006-12-07T18:42:51+00:00","author":{"@id":"https:\/\/blog.zeit.de\/herdentrieb\/#\/schema\/person\/cded255e8a7893fa16565de10e59b891"},"breadcrumb":{"@id":"https:\/\/blog.zeit.de\/herdentrieb\/2006\/12\/07\/ezb-weiter-in-inflationsangst-aber-auch-in-eurofurcht_100#breadcrumb"},"inLanguage":"de","potentialAction":[{"@type":"ReadAction","target":["https:\/\/blog.zeit.de\/herdentrieb\/2006\/12\/07\/ezb-weiter-in-inflationsangst-aber-auch-in-eurofurcht_100"]}]},{"@type":"BreadcrumbList","@id":"https:\/\/blog.zeit.de\/herdentrieb\/2006\/12\/07\/ezb-weiter-in-inflationsangst-aber-auch-in-eurofurcht_100#breadcrumb","itemListElement":[{"@type":"ListItem","position":1,"name":"Startseite","item":"https:\/\/blog.zeit.de\/herdentrieb"},{"@type":"ListItem","position":2,"name":"EZB &#8211; das war die letzte Zinserh\u00f6hung"}]},{"@type":"WebSite","@id":"https:\/\/blog.zeit.de\/herdentrieb\/#website","url":"https:\/\/blog.zeit.de\/herdentrieb\/","name":"Herdentrieb","description":"So funktioniert Kapitalismus. Ein Blog","potentialAction":[{"@type":"SearchAction","target":{"@type":"EntryPoint","urlTemplate":"https:\/\/blog.zeit.de\/herdentrieb\/?s={search_term_string}"},"query-input":"required name=search_term_string"}],"inLanguage":"de"},{"@type":"Person","@id":"https:\/\/blog.zeit.de\/herdentrieb\/#\/schema\/person\/cded255e8a7893fa16565de10e59b891","name":"Dieter Wermuth","image":{"@type":"ImageObject","inLanguage":"de","@id":"https:\/\/blog.zeit.de\/herdentrieb\/#\/schema\/person\/image\/","url":"https:\/\/secure.gravatar.com\/avatar\/17b936dcdfff00d08ede21a6c8044f16e55bc8832ed4a15d30fdb3dcfd0adec3?s=96&d=mm&r=g","contentUrl":"https:\/\/secure.gravatar.com\/avatar\/17b936dcdfff00d08ede21a6c8044f16e55bc8832ed4a15d30fdb3dcfd0adec3?s=96&d=mm&r=g","caption":"Dieter Wermuth"},"url":"https:\/\/blog.zeit.de\/herdentrieb\/author\/dieter-wermuth"}]}},"jetpack_featured_media_url":"","jetpack_sharing_enabled":true,"_links":{"self":[{"href":"https:\/\/blog.zeit.de\/herdentrieb\/wp-json\/wp\/v2\/posts\/100","targetHints":{"allow":["GET"]}}],"collection":[{"href":"https:\/\/blog.zeit.de\/herdentrieb\/wp-json\/wp\/v2\/posts"}],"about":[{"href":"https:\/\/blog.zeit.de\/herdentrieb\/wp-json\/wp\/v2\/types\/post"}],"author":[{"embeddable":true,"href":"https:\/\/blog.zeit.de\/herdentrieb\/wp-json\/wp\/v2\/users\/61"}],"replies":[{"embeddable":true,"href":"https:\/\/blog.zeit.de\/herdentrieb\/wp-json\/wp\/v2\/comments?post=100"}],"version-history":[{"count":0,"href":"https:\/\/blog.zeit.de\/herdentrieb\/wp-json\/wp\/v2\/posts\/100\/revisions"}],"wp:attachment":[{"href":"https:\/\/blog.zeit.de\/herdentrieb\/wp-json\/wp\/v2\/media?parent=100"}],"wp:term":[{"taxonomy":"category","embeddable":true,"href":"https:\/\/blog.zeit.de\/herdentrieb\/wp-json\/wp\/v2\/categories?post=100"},{"taxonomy":"post_tag","embeddable":true,"href":"https:\/\/blog.zeit.de\/herdentrieb\/wp-json\/wp\/v2\/tags?post=100"}],"curies":[{"name":"wp","href":"https:\/\/api.w.org\/{rel}","templated":true}]}}