{"id":1008,"date":"2009-09-01T20:03:59","date_gmt":"2009-09-01T18:03:59","guid":{"rendered":"http:\/\/blog.zeit.de\/herdentrieb\/?p=1008"},"modified":"2009-09-01T20:03:59","modified_gmt":"2009-09-01T18:03:59","slug":"drei-tage-funkstille","status":"publish","type":"post","link":"https:\/\/blog.zeit.de\/herdentrieb\/2009\/09\/01\/drei-tage-funkstille_1008","title":{"rendered":"Drei Tage Funkstille"},"content":{"rendered":"<p>Liebe Blogger, liebe Leser des HERDENTRIEBS,<\/p>\n<p>geben Sie alles und zwar schnell. Denn schon bald droht hier drei Tage absolute Funkstille. Keine neuen Beitr\u00e4ge und noch schlimmer: keine neuen Kommentare. Ab  Mittwoch (2.September) 19 Uhr, bis Sonntag (6. September) in der Fr\u00fch, hat das Blog geschlossen. Warum? Es wird eine neue Blogsoftware von ZEIT-ONLINE aufgespielt und alles nat\u00fcrlich sch\u00f6ner und besser.<\/p>\n<p>Die offizielle Begr\u00fcndung von ZEIT-Online: &#8222;Unsere Weblogs werden demn\u00e4chst visuell \u00fcberarbeitet und aufgefrischt. Diese Gelegenheit w\u00fcrden wir von der Onlinetechnik gerne nutzen, um den technischen Unterbau der Blogs komplett gegen eine komfortablere Version zu ersetzen.&#8220;<\/p>\n<p>Die Hirten bitten um Verst\u00e4ndnis und versprechen danach wieder mit vollem Elan am Start zu sein.<\/p>\n<p>herzlich<br \/>\nIhr Robert Heusinger<\/p>\n","protected":false},"excerpt":{"rendered":"<p>Liebe Blogger, liebe Leser des HERDENTRIEBS, geben Sie alles und zwar schnell. Denn schon bald droht hier drei Tage absolute Funkstille. Keine neuen Beitr\u00e4ge und noch schlimmer: keine neuen Kommentare. Ab Mittwoch (2.September) 19 Uhr, bis Sonntag (6. September) in der Fr\u00fch, hat das Blog geschlossen. Warum? Es wird eine neue Blogsoftware von ZEIT-ONLINE aufgespielt [&hellip;]<\/p>\n","protected":false},"author":59,"featured_media":0,"comment_status":"open","ping_status":"closed","sticky":false,"template":"","format":"standard","meta":{"_jetpack_memberships_contains_paid_content":false,"footnotes":""},"categories":[7],"tags":[],"class_list":["post-1008","post","type-post","status-publish","format-standard","hentry","category-in-eigener-sache"],"yoast_head":"<!-- This site is optimized with the Yoast SEO plugin v21.0 - https:\/\/yoast.com\/wordpress\/plugins\/seo\/ -->\n<title>Drei Tage Funkstille - Herdentrieb<\/title>\n<meta name=\"robots\" content=\"index, follow, max-snippet:-1, max-image-preview:large, max-video-preview:-1\" \/>\n<link rel=\"canonical\" href=\"https:\/\/blog.zeit.de\/herdentrieb\/2009\/09\/01\/drei-tage-funkstille_1008\" \/>\n<meta property=\"og:locale\" content=\"de_DE\" \/>\n<meta property=\"og:type\" content=\"article\" \/>\n<meta property=\"og:title\" content=\"Drei Tage Funkstille - Herdentrieb\" \/>\n<meta property=\"og:description\" content=\"Liebe Blogger, liebe Leser des HERDENTRIEBS, geben Sie alles und zwar schnell. Denn schon bald droht hier drei Tage absolute Funkstille. Keine neuen Beitr\u00e4ge und noch schlimmer: keine neuen Kommentare. Ab Mittwoch (2.September) 19 Uhr, bis Sonntag (6. September) in der Fr\u00fch, hat das Blog geschlossen. Warum? Es wird eine neue Blogsoftware von ZEIT-ONLINE aufgespielt [&hellip;]\" \/>\n<meta property=\"og:url\" content=\"https:\/\/blog.zeit.de\/herdentrieb\/2009\/09\/01\/drei-tage-funkstille_1008\" \/>\n<meta property=\"og:site_name\" content=\"Herdentrieb\" \/>\n<meta property=\"article:published_time\" content=\"2009-09-01T18:03:59+00:00\" \/>\n<meta name=\"author\" content=\"Robert von Heusinger\" \/>\n<meta name=\"twitter:card\" content=\"summary_large_image\" \/>\n<meta name=\"twitter:creator\" content=\"@zeitonline\" \/>\n<meta name=\"twitter:site\" content=\"@zeitonline\" \/>\n<meta name=\"twitter:label1\" content=\"Geschrieben von\" \/>\n\t<meta name=\"twitter:data1\" content=\"Robert von Heusinger\" \/>\n\t<meta name=\"twitter:label2\" content=\"Gesch\u00e4tzte Lesezeit\" \/>\n\t<meta name=\"twitter:data2\" content=\"1\u00a0Minute\" \/>\n<script type=\"application\/ld+json\" class=\"yoast-schema-graph\">{\"@context\":\"https:\/\/schema.org\",\"@graph\":[{\"@type\":\"WebPage\",\"@id\":\"https:\/\/blog.zeit.de\/herdentrieb\/2009\/09\/01\/drei-tage-funkstille_1008\",\"url\":\"https:\/\/blog.zeit.de\/herdentrieb\/2009\/09\/01\/drei-tage-funkstille_1008\",\"name\":\"Drei Tage Funkstille - Herdentrieb\",\"isPartOf\":{\"@id\":\"https:\/\/blog.zeit.de\/herdentrieb\/#website\"},\"datePublished\":\"2009-09-01T18:03:59+00:00\",\"dateModified\":\"2009-09-01T18:03:59+00:00\",\"author\":{\"@id\":\"https:\/\/blog.zeit.de\/herdentrieb\/#\/schema\/person\/359c269ac9be6a7a3529bff7b18ac5c4\"},\"breadcrumb\":{\"@id\":\"https:\/\/blog.zeit.de\/herdentrieb\/2009\/09\/01\/drei-tage-funkstille_1008#breadcrumb\"},\"inLanguage\":\"de\",\"potentialAction\":[{\"@type\":\"ReadAction\",\"target\":[\"https:\/\/blog.zeit.de\/herdentrieb\/2009\/09\/01\/drei-tage-funkstille_1008\"]}]},{\"@type\":\"BreadcrumbList\",\"@id\":\"https:\/\/blog.zeit.de\/herdentrieb\/2009\/09\/01\/drei-tage-funkstille_1008#breadcrumb\",\"itemListElement\":[{\"@type\":\"ListItem\",\"position\":1,\"name\":\"Startseite\",\"item\":\"https:\/\/blog.zeit.de\/herdentrieb\"},{\"@type\":\"ListItem\",\"position\":2,\"name\":\"Drei Tage Funkstille\"}]},{\"@type\":\"WebSite\",\"@id\":\"https:\/\/blog.zeit.de\/herdentrieb\/#website\",\"url\":\"https:\/\/blog.zeit.de\/herdentrieb\/\",\"name\":\"Herdentrieb\",\"description\":\"So funktioniert Kapitalismus. Ein Blog\",\"potentialAction\":[{\"@type\":\"SearchAction\",\"target\":{\"@type\":\"EntryPoint\",\"urlTemplate\":\"https:\/\/blog.zeit.de\/herdentrieb\/?s={search_term_string}\"},\"query-input\":\"required name=search_term_string\"}],\"inLanguage\":\"de\"},{\"@type\":\"Person\",\"@id\":\"https:\/\/blog.zeit.de\/herdentrieb\/#\/schema\/person\/359c269ac9be6a7a3529bff7b18ac5c4\",\"name\":\"Robert von Heusinger\",\"image\":{\"@type\":\"ImageObject\",\"inLanguage\":\"de\",\"@id\":\"https:\/\/blog.zeit.de\/herdentrieb\/#\/schema\/person\/image\/\",\"url\":\"https:\/\/secure.gravatar.com\/avatar\/a0b228cfe6009cf76b01362b64d1658814709a4497c9cdc2617816fa18a05d2f?s=96&d=mm&r=g\",\"contentUrl\":\"https:\/\/secure.gravatar.com\/avatar\/a0b228cfe6009cf76b01362b64d1658814709a4497c9cdc2617816fa18a05d2f?s=96&d=mm&r=g\",\"caption\":\"Robert von Heusinger\"},\"url\":\"https:\/\/blog.zeit.de\/herdentrieb\/author\/robert-von-heusinger\"}]}<\/script>\n<!-- \/ Yoast SEO plugin. -->","yoast_head_json":{"title":"Drei Tage Funkstille - Herdentrieb","robots":{"index":"index","follow":"follow","max-snippet":"max-snippet:-1","max-image-preview":"max-image-preview:large","max-video-preview":"max-video-preview:-1"},"canonical":"https:\/\/blog.zeit.de\/herdentrieb\/2009\/09\/01\/drei-tage-funkstille_1008","og_locale":"de_DE","og_type":"article","og_title":"Drei Tage Funkstille - Herdentrieb","og_description":"Liebe Blogger, liebe Leser des HERDENTRIEBS, geben Sie alles und zwar schnell. Denn schon bald droht hier drei Tage absolute Funkstille. Keine neuen Beitr\u00e4ge und noch schlimmer: keine neuen Kommentare. Ab Mittwoch (2.September) 19 Uhr, bis Sonntag (6. September) in der Fr\u00fch, hat das Blog geschlossen. Warum? Es wird eine neue Blogsoftware von ZEIT-ONLINE aufgespielt [&hellip;]","og_url":"https:\/\/blog.zeit.de\/herdentrieb\/2009\/09\/01\/drei-tage-funkstille_1008","og_site_name":"Herdentrieb","article_published_time":"2009-09-01T18:03:59+00:00","author":"Robert von Heusinger","twitter_card":"summary_large_image","twitter_creator":"@zeitonline","twitter_site":"@zeitonline","twitter_misc":{"Geschrieben von":"Robert von Heusinger","Gesch\u00e4tzte Lesezeit":"1\u00a0Minute"},"schema":{"@context":"https:\/\/schema.org","@graph":[{"@type":"WebPage","@id":"https:\/\/blog.zeit.de\/herdentrieb\/2009\/09\/01\/drei-tage-funkstille_1008","url":"https:\/\/blog.zeit.de\/herdentrieb\/2009\/09\/01\/drei-tage-funkstille_1008","name":"Drei Tage Funkstille - Herdentrieb","isPartOf":{"@id":"https:\/\/blog.zeit.de\/herdentrieb\/#website"},"datePublished":"2009-09-01T18:03:59+00:00","dateModified":"2009-09-01T18:03:59+00:00","author":{"@id":"https:\/\/blog.zeit.de\/herdentrieb\/#\/schema\/person\/359c269ac9be6a7a3529bff7b18ac5c4"},"breadcrumb":{"@id":"https:\/\/blog.zeit.de\/herdentrieb\/2009\/09\/01\/drei-tage-funkstille_1008#breadcrumb"},"inLanguage":"de","potentialAction":[{"@type":"ReadAction","target":["https:\/\/blog.zeit.de\/herdentrieb\/2009\/09\/01\/drei-tage-funkstille_1008"]}]},{"@type":"BreadcrumbList","@id":"https:\/\/blog.zeit.de\/herdentrieb\/2009\/09\/01\/drei-tage-funkstille_1008#breadcrumb","itemListElement":[{"@type":"ListItem","position":1,"name":"Startseite","item":"https:\/\/blog.zeit.de\/herdentrieb"},{"@type":"ListItem","position":2,"name":"Drei Tage Funkstille"}]},{"@type":"WebSite","@id":"https:\/\/blog.zeit.de\/herdentrieb\/#website","url":"https:\/\/blog.zeit.de\/herdentrieb\/","name":"Herdentrieb","description":"So funktioniert Kapitalismus. Ein Blog","potentialAction":[{"@type":"SearchAction","target":{"@type":"EntryPoint","urlTemplate":"https:\/\/blog.zeit.de\/herdentrieb\/?s={search_term_string}"},"query-input":"required name=search_term_string"}],"inLanguage":"de"},{"@type":"Person","@id":"https:\/\/blog.zeit.de\/herdentrieb\/#\/schema\/person\/359c269ac9be6a7a3529bff7b18ac5c4","name":"Robert von Heusinger","image":{"@type":"ImageObject","inLanguage":"de","@id":"https:\/\/blog.zeit.de\/herdentrieb\/#\/schema\/person\/image\/","url":"https:\/\/secure.gravatar.com\/avatar\/a0b228cfe6009cf76b01362b64d1658814709a4497c9cdc2617816fa18a05d2f?s=96&d=mm&r=g","contentUrl":"https:\/\/secure.gravatar.com\/avatar\/a0b228cfe6009cf76b01362b64d1658814709a4497c9cdc2617816fa18a05d2f?s=96&d=mm&r=g","caption":"Robert von Heusinger"},"url":"https:\/\/blog.zeit.de\/herdentrieb\/author\/robert-von-heusinger"}]}},"jetpack_featured_media_url":"","jetpack_sharing_enabled":true,"_links":{"self":[{"href":"https:\/\/blog.zeit.de\/herdentrieb\/wp-json\/wp\/v2\/posts\/1008","targetHints":{"allow":["GET"]}}],"collection":[{"href":"https:\/\/blog.zeit.de\/herdentrieb\/wp-json\/wp\/v2\/posts"}],"about":[{"href":"https:\/\/blog.zeit.de\/herdentrieb\/wp-json\/wp\/v2\/types\/post"}],"author":[{"embeddable":true,"href":"https:\/\/blog.zeit.de\/herdentrieb\/wp-json\/wp\/v2\/users\/59"}],"replies":[{"embeddable":true,"href":"https:\/\/blog.zeit.de\/herdentrieb\/wp-json\/wp\/v2\/comments?post=1008"}],"version-history":[{"count":0,"href":"https:\/\/blog.zeit.de\/herdentrieb\/wp-json\/wp\/v2\/posts\/1008\/revisions"}],"wp:attachment":[{"href":"https:\/\/blog.zeit.de\/herdentrieb\/wp-json\/wp\/v2\/media?parent=1008"}],"wp:term":[{"taxonomy":"category","embeddable":true,"href":"https:\/\/blog.zeit.de\/herdentrieb\/wp-json\/wp\/v2\/categories?post=1008"},{"taxonomy":"post_tag","embeddable":true,"href":"https:\/\/blog.zeit.de\/herdentrieb\/wp-json\/wp\/v2\/tags?post=1008"}],"curies":[{"name":"wp","href":"https:\/\/api.w.org\/{rel}","templated":true}]}}