{"id":10240,"date":"2017-03-02T11:39:16","date_gmt":"2017-03-02T10:39:16","guid":{"rendered":"http:\/\/blog.zeit.de\/herdentrieb\/?p=10240"},"modified":"2017-03-02T14:08:11","modified_gmt":"2017-03-02T13:08:11","slug":"der-chart-den-markus-soeder-nicht-zur-hand-hatte","status":"publish","type":"post","link":"https:\/\/blog.zeit.de\/herdentrieb\/2017\/03\/02\/der-chart-den-markus-soeder-nicht-zur-hand-hatte_10240","title":{"rendered":"Der Chart den Markus S\u00f6der nicht zur Hand hatte"},"content":{"rendered":"<p>Ich habe <a title=\"Wie Markus S\u00f6der einmal zum Fake-News-Produzenten wurde\" href=\"https:\/\/blog.zeit.de\/herdentrieb\/2017\/03\/01\/wie-markus-soeder-einmal-zum-fake-news-produzenten-wurde_10226\">gestern an dieser Stelle<\/a> Markus S\u00f6der f\u00fcr seine Aussagen zu den angeblichen Verlusten der deutschen Sparer durch die niedrigen Zinsen angegriffen aber erstens bin ich bayerischer Staatsb\u00fcrger und zweitens generell eher an konstruktiven Debatten interessiert, deshalb hier ein Service f\u00fcr das bayerische Finanzministerium.<\/p>\n<p>Die Frage war ja, wie es um die Rendite des deutschen Sparers bestellt ist und wie bei fast allen wichtigen makro-\u00f6konomischen Fragen findet man bei der Bundesbank die Zahlen dazu.<\/p>\n<p><a href=\"https:\/\/blog.zeit.de\/herdentrieb\/files\/2017\/03\/Bildschirmfoto-2017-03-02-um-11.22.54.png\"><img loading=\"lazy\" decoding=\"async\" class=\"size-full wp-image-10241\" src=\"https:\/\/blog.zeit.de\/herdentrieb\/files\/2017\/03\/Bildschirmfoto-2017-03-02-um-11.22.54.png\" alt=\"\" width=\"935\" height=\"516\" srcset=\"https:\/\/blog.zeit.de\/herdentrieb\/files\/2017\/03\/Bildschirmfoto-2017-03-02-um-11.22.54.png 935w, https:\/\/blog.zeit.de\/herdentrieb\/files\/2017\/03\/Bildschirmfoto-2017-03-02-um-11.22.54-620x342.png 620w, https:\/\/blog.zeit.de\/herdentrieb\/files\/2017\/03\/Bildschirmfoto-2017-03-02-um-11.22.54-768x424.png 768w\" sizes=\"auto, (max-width: 935px) 100vw, 935px\" \/><\/a><\/p>\n<p>Fazit: Alles halb so wild. <\/p>\n","protected":false},"excerpt":{"rendered":"<p>Ich habe gestern an dieser Stelle Markus S\u00f6der f\u00fcr seine Aussagen zu den angeblichen Verlusten der deutschen Sparer durch die niedrigen Zinsen angegriffen aber erstens bin ich bayerischer Staatsb\u00fcrger und zweitens generell eher an konstruktiven Debatten interessiert, deshalb hier ein Service f\u00fcr das bayerische Finanzministerium. Die Frage war ja, wie es um die Rendite des [&hellip;]<\/p>\n","protected":false},"author":215,"featured_media":0,"comment_status":"open","ping_status":"closed","sticky":false,"template":"","format":"standard","meta":{"_jetpack_memberships_contains_paid_content":false,"footnotes":""},"categories":[3],"tags":[],"class_list":["post-10240","post","type-post","status-publish","format-standard","hentry","category-der-aktuelle-rand"],"yoast_head":"<!-- This site is optimized with the Yoast SEO plugin v21.0 - https:\/\/yoast.com\/wordpress\/plugins\/seo\/ -->\n<title>Der Chart den Markus S\u00f6der nicht zur Hand hatte - Herdentrieb<\/title>\n<meta name=\"robots\" content=\"index, follow, max-snippet:-1, max-image-preview:large, max-video-preview:-1\" \/>\n<link rel=\"canonical\" href=\"https:\/\/blog.zeit.de\/herdentrieb\/2017\/03\/02\/der-chart-den-markus-soeder-nicht-zur-hand-hatte_10240\" \/>\n<meta property=\"og:locale\" content=\"de_DE\" \/>\n<meta property=\"og:type\" content=\"article\" \/>\n<meta property=\"og:title\" content=\"Der Chart den Markus S\u00f6der nicht zur Hand hatte - Herdentrieb\" \/>\n<meta property=\"og:description\" content=\"Ich habe gestern an dieser Stelle Markus S\u00f6der f\u00fcr seine Aussagen zu den angeblichen Verlusten der deutschen Sparer durch die niedrigen Zinsen angegriffen aber erstens bin ich bayerischer Staatsb\u00fcrger und zweitens generell eher an konstruktiven Debatten interessiert, deshalb hier ein Service f\u00fcr das bayerische Finanzministerium. Die Frage war ja, wie es um die Rendite des [&hellip;]\" \/>\n<meta property=\"og:url\" content=\"https:\/\/blog.zeit.de\/herdentrieb\/2017\/03\/02\/der-chart-den-markus-soeder-nicht-zur-hand-hatte_10240\" \/>\n<meta property=\"og:site_name\" content=\"Herdentrieb\" \/>\n<meta property=\"article:published_time\" content=\"2017-03-02T10:39:16+00:00\" \/>\n<meta property=\"article:modified_time\" content=\"2017-03-02T13:08:11+00:00\" \/>\n<meta property=\"og:image\" content=\"https:\/\/blog.zeit.de\/herdentrieb\/files\/2017\/03\/Bildschirmfoto-2017-03-02-um-11.22.54.png\" \/>\n<meta name=\"author\" content=\"Mark Schieritz\" \/>\n<meta name=\"twitter:card\" content=\"summary_large_image\" \/>\n<meta name=\"twitter:creator\" content=\"@zeitonline\" \/>\n<meta name=\"twitter:site\" content=\"@zeitonline\" \/>\n<meta name=\"twitter:label1\" content=\"Geschrieben von\" \/>\n\t<meta name=\"twitter:data1\" content=\"Mark Schieritz\" \/>\n<script type=\"application\/ld+json\" class=\"yoast-schema-graph\">{\"@context\":\"https:\/\/schema.org\",\"@graph\":[{\"@type\":\"WebPage\",\"@id\":\"https:\/\/blog.zeit.de\/herdentrieb\/2017\/03\/02\/der-chart-den-markus-soeder-nicht-zur-hand-hatte_10240\",\"url\":\"https:\/\/blog.zeit.de\/herdentrieb\/2017\/03\/02\/der-chart-den-markus-soeder-nicht-zur-hand-hatte_10240\",\"name\":\"Der Chart den Markus S\u00f6der nicht zur Hand hatte - Herdentrieb\",\"isPartOf\":{\"@id\":\"https:\/\/blog.zeit.de\/herdentrieb\/#website\"},\"datePublished\":\"2017-03-02T10:39:16+00:00\",\"dateModified\":\"2017-03-02T13:08:11+00:00\",\"author\":{\"@id\":\"https:\/\/blog.zeit.de\/herdentrieb\/#\/schema\/person\/a2dfa95bbd4de7e06edc88db4e3d3871\"},\"breadcrumb\":{\"@id\":\"https:\/\/blog.zeit.de\/herdentrieb\/2017\/03\/02\/der-chart-den-markus-soeder-nicht-zur-hand-hatte_10240#breadcrumb\"},\"inLanguage\":\"de\",\"potentialAction\":[{\"@type\":\"ReadAction\",\"target\":[\"https:\/\/blog.zeit.de\/herdentrieb\/2017\/03\/02\/der-chart-den-markus-soeder-nicht-zur-hand-hatte_10240\"]}]},{\"@type\":\"BreadcrumbList\",\"@id\":\"https:\/\/blog.zeit.de\/herdentrieb\/2017\/03\/02\/der-chart-den-markus-soeder-nicht-zur-hand-hatte_10240#breadcrumb\",\"itemListElement\":[{\"@type\":\"ListItem\",\"position\":1,\"name\":\"Startseite\",\"item\":\"https:\/\/blog.zeit.de\/herdentrieb\"},{\"@type\":\"ListItem\",\"position\":2,\"name\":\"Der Chart den Markus S\u00f6der nicht zur Hand hatte\"}]},{\"@type\":\"WebSite\",\"@id\":\"https:\/\/blog.zeit.de\/herdentrieb\/#website\",\"url\":\"https:\/\/blog.zeit.de\/herdentrieb\/\",\"name\":\"Herdentrieb\",\"description\":\"So funktioniert Kapitalismus. Ein Blog\",\"potentialAction\":[{\"@type\":\"SearchAction\",\"target\":{\"@type\":\"EntryPoint\",\"urlTemplate\":\"https:\/\/blog.zeit.de\/herdentrieb\/?s={search_term_string}\"},\"query-input\":\"required name=search_term_string\"}],\"inLanguage\":\"de\"},{\"@type\":\"Person\",\"@id\":\"https:\/\/blog.zeit.de\/herdentrieb\/#\/schema\/person\/a2dfa95bbd4de7e06edc88db4e3d3871\",\"name\":\"Mark Schieritz\",\"image\":{\"@type\":\"ImageObject\",\"inLanguage\":\"de\",\"@id\":\"https:\/\/blog.zeit.de\/herdentrieb\/#\/schema\/person\/image\/\",\"url\":\"https:\/\/secure.gravatar.com\/avatar\/66e072b8ecaf6d851921c0577ca78c8c9a24223a3c3cb6df48c5d839d1b622e0?s=96&d=mm&r=g\",\"contentUrl\":\"https:\/\/secure.gravatar.com\/avatar\/66e072b8ecaf6d851921c0577ca78c8c9a24223a3c3cb6df48c5d839d1b622e0?s=96&d=mm&r=g\",\"caption\":\"Mark Schieritz\"},\"url\":\"https:\/\/blog.zeit.de\/herdentrieb\/author\/mark-schieritz\"}]}<\/script>\n<!-- \/ Yoast SEO plugin. -->","yoast_head_json":{"title":"Der Chart den Markus S\u00f6der nicht zur Hand hatte - Herdentrieb","robots":{"index":"index","follow":"follow","max-snippet":"max-snippet:-1","max-image-preview":"max-image-preview:large","max-video-preview":"max-video-preview:-1"},"canonical":"https:\/\/blog.zeit.de\/herdentrieb\/2017\/03\/02\/der-chart-den-markus-soeder-nicht-zur-hand-hatte_10240","og_locale":"de_DE","og_type":"article","og_title":"Der Chart den Markus S\u00f6der nicht zur Hand hatte - Herdentrieb","og_description":"Ich habe gestern an dieser Stelle Markus S\u00f6der f\u00fcr seine Aussagen zu den angeblichen Verlusten der deutschen Sparer durch die niedrigen Zinsen angegriffen aber erstens bin ich bayerischer Staatsb\u00fcrger und zweitens generell eher an konstruktiven Debatten interessiert, deshalb hier ein Service f\u00fcr das bayerische Finanzministerium. Die Frage war ja, wie es um die Rendite des [&hellip;]","og_url":"https:\/\/blog.zeit.de\/herdentrieb\/2017\/03\/02\/der-chart-den-markus-soeder-nicht-zur-hand-hatte_10240","og_site_name":"Herdentrieb","article_published_time":"2017-03-02T10:39:16+00:00","article_modified_time":"2017-03-02T13:08:11+00:00","og_image":[{"url":"https:\/\/blog.zeit.de\/herdentrieb\/files\/2017\/03\/Bildschirmfoto-2017-03-02-um-11.22.54.png"}],"author":"Mark Schieritz","twitter_card":"summary_large_image","twitter_creator":"@zeitonline","twitter_site":"@zeitonline","twitter_misc":{"Geschrieben von":"Mark Schieritz"},"schema":{"@context":"https:\/\/schema.org","@graph":[{"@type":"WebPage","@id":"https:\/\/blog.zeit.de\/herdentrieb\/2017\/03\/02\/der-chart-den-markus-soeder-nicht-zur-hand-hatte_10240","url":"https:\/\/blog.zeit.de\/herdentrieb\/2017\/03\/02\/der-chart-den-markus-soeder-nicht-zur-hand-hatte_10240","name":"Der Chart den Markus S\u00f6der nicht zur Hand hatte - Herdentrieb","isPartOf":{"@id":"https:\/\/blog.zeit.de\/herdentrieb\/#website"},"datePublished":"2017-03-02T10:39:16+00:00","dateModified":"2017-03-02T13:08:11+00:00","author":{"@id":"https:\/\/blog.zeit.de\/herdentrieb\/#\/schema\/person\/a2dfa95bbd4de7e06edc88db4e3d3871"},"breadcrumb":{"@id":"https:\/\/blog.zeit.de\/herdentrieb\/2017\/03\/02\/der-chart-den-markus-soeder-nicht-zur-hand-hatte_10240#breadcrumb"},"inLanguage":"de","potentialAction":[{"@type":"ReadAction","target":["https:\/\/blog.zeit.de\/herdentrieb\/2017\/03\/02\/der-chart-den-markus-soeder-nicht-zur-hand-hatte_10240"]}]},{"@type":"BreadcrumbList","@id":"https:\/\/blog.zeit.de\/herdentrieb\/2017\/03\/02\/der-chart-den-markus-soeder-nicht-zur-hand-hatte_10240#breadcrumb","itemListElement":[{"@type":"ListItem","position":1,"name":"Startseite","item":"https:\/\/blog.zeit.de\/herdentrieb"},{"@type":"ListItem","position":2,"name":"Der Chart den Markus S\u00f6der nicht zur Hand hatte"}]},{"@type":"WebSite","@id":"https:\/\/blog.zeit.de\/herdentrieb\/#website","url":"https:\/\/blog.zeit.de\/herdentrieb\/","name":"Herdentrieb","description":"So funktioniert Kapitalismus. Ein Blog","potentialAction":[{"@type":"SearchAction","target":{"@type":"EntryPoint","urlTemplate":"https:\/\/blog.zeit.de\/herdentrieb\/?s={search_term_string}"},"query-input":"required name=search_term_string"}],"inLanguage":"de"},{"@type":"Person","@id":"https:\/\/blog.zeit.de\/herdentrieb\/#\/schema\/person\/a2dfa95bbd4de7e06edc88db4e3d3871","name":"Mark Schieritz","image":{"@type":"ImageObject","inLanguage":"de","@id":"https:\/\/blog.zeit.de\/herdentrieb\/#\/schema\/person\/image\/","url":"https:\/\/secure.gravatar.com\/avatar\/66e072b8ecaf6d851921c0577ca78c8c9a24223a3c3cb6df48c5d839d1b622e0?s=96&d=mm&r=g","contentUrl":"https:\/\/secure.gravatar.com\/avatar\/66e072b8ecaf6d851921c0577ca78c8c9a24223a3c3cb6df48c5d839d1b622e0?s=96&d=mm&r=g","caption":"Mark Schieritz"},"url":"https:\/\/blog.zeit.de\/herdentrieb\/author\/mark-schieritz"}]}},"jetpack_featured_media_url":"","jetpack_sharing_enabled":true,"_links":{"self":[{"href":"https:\/\/blog.zeit.de\/herdentrieb\/wp-json\/wp\/v2\/posts\/10240","targetHints":{"allow":["GET"]}}],"collection":[{"href":"https:\/\/blog.zeit.de\/herdentrieb\/wp-json\/wp\/v2\/posts"}],"about":[{"href":"https:\/\/blog.zeit.de\/herdentrieb\/wp-json\/wp\/v2\/types\/post"}],"author":[{"embeddable":true,"href":"https:\/\/blog.zeit.de\/herdentrieb\/wp-json\/wp\/v2\/users\/215"}],"replies":[{"embeddable":true,"href":"https:\/\/blog.zeit.de\/herdentrieb\/wp-json\/wp\/v2\/comments?post=10240"}],"version-history":[{"count":6,"href":"https:\/\/blog.zeit.de\/herdentrieb\/wp-json\/wp\/v2\/posts\/10240\/revisions"}],"predecessor-version":[{"id":10247,"href":"https:\/\/blog.zeit.de\/herdentrieb\/wp-json\/wp\/v2\/posts\/10240\/revisions\/10247"}],"wp:attachment":[{"href":"https:\/\/blog.zeit.de\/herdentrieb\/wp-json\/wp\/v2\/media?parent=10240"}],"wp:term":[{"taxonomy":"category","embeddable":true,"href":"https:\/\/blog.zeit.de\/herdentrieb\/wp-json\/wp\/v2\/categories?post=10240"},{"taxonomy":"post_tag","embeddable":true,"href":"https:\/\/blog.zeit.de\/herdentrieb\/wp-json\/wp\/v2\/tags?post=10240"}],"curies":[{"name":"wp","href":"https:\/\/api.w.org\/{rel}","templated":true}]}}