{"id":10562,"date":"2017-10-05T09:35:49","date_gmt":"2017-10-05T07:35:49","guid":{"rendered":"http:\/\/blog.zeit.de\/herdentrieb\/?p=10562"},"modified":"2017-10-05T09:35:49","modified_gmt":"2017-10-05T07:35:49","slug":"fester-euro-deutschland-kann-damit-leben-die-anderen-auch","status":"publish","type":"post","link":"https:\/\/blog.zeit.de\/herdentrieb\/2017\/10\/05\/fester-euro-deutschland-kann-damit-leben-die-anderen-auch_10562","title":{"rendered":"Fester Euro \u2013 Deutschland kann damit leben, die Anderen auch"},"content":{"rendered":"<p>Immer wieder wird behauptet, dass die F\u00e4higkeit eines Landes, seine W\u00e4hrung bei Bedarf abzuwerten, unabdingbar sei f\u00fcr robustes Wirtschaftswachstum und Vollbesch\u00e4ftigung. Ich bezweifle das. Sicher, in der kurzen Frist hilft es, wenn man seine Preise senkt \u2013 eine Abwertung ist nichts anderes \u2013, auf Dauer aber f\u00f6rdert kaum etwas den Wohlstand so sehr wie ein tendenziell steigender Wechselkurs, genauer: ein moderat steigender Wechselkurs. Zu viel des Guten ist nat\u00fcrlich sch\u00e4dlich, aber noch sch\u00e4dlicher ist es, st\u00e4ndig seine Preise zu senken und den billigen Jakob zu spielen. Die bessere Strategie besteht darin, attraktive Produkte und Dienstleistungen anzubieten, die sich auch zu vergleichsweise hohen Preisen verkaufen lassen.<!--more--><\/p>\n<p>Im <a title=\"Claus Offe: Germany: What Happens Next?, 3 October 2017 \" href=\"https:\/\/www.socialeurope.eu\/germany-happens-next\" target=\"_blank\">Blog <em>Social Europe<\/em><\/a> hat Claus Offe von der Hertie School of Governance in Berlin gerade argumentiert, der Euro sei vor allem im Interesse Deutschlands \u2013 weil sein Wechselkurs durch die zahlreichen Mitgliedsl\u00e4nder, denen es an Wettbewerbsf\u00e4higkeit fehle, tendenziell zur Schw\u00e4che neige. H\u00e4tten wir noch die D-Mark, w\u00e4re die angesichts der gesunden deutschen <em>Fundamentals<\/em> superfest und die Konjunktur w\u00e4re nicht so gut wie sie ist. Der schwache Euro habe wesentlich dazu beigetragen, dass die Wirtschaft brummt.<\/p>\n<p>Im Umkehrschluss bedeute das, dass viele der anderen L\u00e4nder mit einem f\u00fcr sie zu starken Euro zurechtkommen m\u00fcssen. F\u00fcr sie ist er eine Last. Angesichts hoher Arbeitslosigkeit und negativer Leistungsbilanzsalden w\u00e4re eine Abwertung die richtige Medizin. Da das in einer W\u00e4hrungsunion nicht m\u00f6glich ist, m\u00fcssen sie auf andere Weise versuchen, international wettbewerbsf\u00e4higer zu werden. Es gibt nur eine Alternative: die sogenannte interne Abwertung. Darunter versteht man im Wesentlichen eine restriktive Finanzpolitik, kombiniert mit niedriger oder sogar r\u00fcckl\u00e4ufiger Lohninflation. Sie seien gezwungen, die inl\u00e4ndische Nachfrage so stark zu d\u00e4mpfen, dass ihr Preisniveau langsamer zunimmt als bei ihren Handelspartnern. Rezession statt Abwertung und Wachstum!<\/p>\n<p>Offe \u00fcbersch\u00e4tzt die Vorteile einer abwertenden W\u00e4hrung. Sie ist wie eine Droge, an die sich ein Land gew\u00f6hnen kann. Wenn ich nicht mehr richtig wettbewerbsf\u00e4hig bin, senke ich meine Preise. Das ist vergleichbar mit dem Angestellten, der seinen Job verliert und daraufhin seine Gehaltsw\u00fcnsche zur\u00fcckschraubt. Das kann man einmal machen, aber langfristig ist das keine gute Strategie. Es geht auch anders.<\/p>\n<p><img loading=\"lazy\" decoding=\"async\" src=\"https:\/\/blog.zeit.de\/herdentrieb\/files\/2017\/10\/effektive_WKs_Schweiz_Deutschland_seit_1995.gif\" alt=\"Grafik: effektive Wechselkurse: Schweiz und Deutschland seit 1995\" width=\"588\" height=\"324\" class=\"size-full wp-image-10563\" \/><\/p>\n<p>Das Musterbeispiel ist die Schweiz. Wie die beiden Schaubilder zeigen, lebt die Schweiz seit Jahrzehnten nicht nur mit einer starken nominalen Aufwertung ihres handelsgewogenen Wechselkurses, auch real, also unter Ber\u00fccksichtigung der Inflationsdifferenzen gegen\u00fcber dem Ausland, steigt der Franken seit vielen Jahren kr\u00e4ftig an. Mit anderen Worten, das Land verliert st\u00e4ndig an internationaler Wettbewerbsf\u00e4higkeit. Allerdings nur von den Preisen her! Preise sind aber nicht Alles. Die Schweizer Wirtschaft wehrt sich, indem sie auf Forschung und Entwicklung setzt, die Mitarbeiter st\u00e4ndig weiterbildet und ihren Kapitalstock durch eine hohe Investitionsquote vergr\u00f6\u00dfert und modernisiert. Flankiert wird das durch staatliche Ausgaben f\u00fcr Infrastruktur, Bildung und Soziales, die weltweit ihresgleichen suchen.<\/p>\n<p>Die Aufwertungen erzeugen einen Zwang, st\u00e4ndig die Produktivit\u00e4t zu steigern. Da das gelingt, ohne dass es zu Arbeitslosigkeit kommt, erh\u00f6ht eine solche Strategie den Wohlstand des Landes. Pro Kopf ist das Bruttoinlandsprodukt inzwischen etwa doppelt so hoch wie bei uns.<\/p>\n<p>Ich denke, dass sich auch in den Probleml\u00e4ndern des Euroraums allm\u00e4hlich die Einsicht durchsetzt, dass Abwertungen letztlich keine Hilfe sind. Es wird viel \u00fcber den Austerit\u00e4tszwang geklagt, aber es gibt keine Anzeichen daf\u00fcr, dass sich einzelne L\u00e4nder vom Joch des Euro befreien m\u00f6chten.<\/p>\n<p>An die Adresse Deutschlands gerichtet, darf das &#8222;Spardiktat&#8220; allerdings auch nicht \u00fcbertrieben werden. Der Euro sollte sich aufwerten, aber bitte in geordneten Bahnen, damit es nicht allzu dramatisch mal in die eine, dann wieder in die andere Richtung geht. Es schadet, wenn die Preissignale zu oft wechseln. Die deutsche Politik k\u00f6nnte eine zu starke Aufwertung und eine zu gro\u00dfe Volatilit\u00e4t des Euro-Wechselkurses dadurch verhindern, dass sie zu einer expansiveren Finanzpolitik mit einem Schwerpunkt auf wachstumsfreundlichen Ma\u00dfnahmen \u00fcbergeht. An fiskalischem Spielraum mangelt es bekanntlich nicht. F\u00fcr die schw\u00e4cheren L\u00e4nder bedeutet das, dass sie durch Erfolge im Au\u00dfenhandel (mit den bessergestellten europ\u00e4ischen L\u00e4ndern) rascher gesunden k\u00f6nnen. Das w\u00e4re nicht nur ein Mittel gegen gef\u00e4hrliche populistische Tendenzen, sondern w\u00fcrde auch dazu beitragen, die Spannungen innerhalb des Euroraums abzubauen und so den Euro dauerhaft zu stabilisieren.<\/p>\n","protected":false},"excerpt":{"rendered":"<p>Immer wieder wird behauptet, dass die F\u00e4higkeit eines Landes, seine W\u00e4hrung bei Bedarf abzuwerten, unabdingbar sei f\u00fcr robustes Wirtschaftswachstum und Vollbesch\u00e4ftigung. Ich bezweifle das. Sicher, in der kurzen Frist hilft es, wenn man seine Preise senkt \u2013 eine Abwertung ist nichts anderes \u2013, auf Dauer aber f\u00f6rdert kaum etwas den Wohlstand so sehr wie ein [&hellip;]<\/p>\n","protected":false},"author":61,"featured_media":0,"comment_status":"open","ping_status":"closed","sticky":false,"template":"","format":"standard","meta":{"_jetpack_memberships_contains_paid_content":false,"footnotes":""},"categories":[3],"tags":[],"class_list":["post-10562","post","type-post","status-publish","format-standard","hentry","category-der-aktuelle-rand"],"yoast_head":"<!-- This site is optimized with the Yoast SEO plugin v21.0 - https:\/\/yoast.com\/wordpress\/plugins\/seo\/ -->\n<title>Fester Euro \u2013 Deutschland kann damit leben, die Anderen auch - Herdentrieb<\/title>\n<meta name=\"robots\" content=\"index, follow, max-snippet:-1, max-image-preview:large, max-video-preview:-1\" \/>\n<link rel=\"canonical\" href=\"https:\/\/blog.zeit.de\/herdentrieb\/2017\/10\/05\/fester-euro-deutschland-kann-damit-leben-die-anderen-auch_10562\" \/>\n<meta property=\"og:locale\" content=\"de_DE\" \/>\n<meta property=\"og:type\" content=\"article\" \/>\n<meta property=\"og:title\" content=\"Fester Euro \u2013 Deutschland kann damit leben, die Anderen auch - Herdentrieb\" \/>\n<meta property=\"og:description\" content=\"Immer wieder wird behauptet, dass die F\u00e4higkeit eines Landes, seine W\u00e4hrung bei Bedarf abzuwerten, unabdingbar sei f\u00fcr robustes Wirtschaftswachstum und Vollbesch\u00e4ftigung. Ich bezweifle das. Sicher, in der kurzen Frist hilft es, wenn man seine Preise senkt \u2013 eine Abwertung ist nichts anderes \u2013, auf Dauer aber f\u00f6rdert kaum etwas den Wohlstand so sehr wie ein [&hellip;]\" \/>\n<meta property=\"og:url\" content=\"https:\/\/blog.zeit.de\/herdentrieb\/2017\/10\/05\/fester-euro-deutschland-kann-damit-leben-die-anderen-auch_10562\" \/>\n<meta property=\"og:site_name\" content=\"Herdentrieb\" \/>\n<meta property=\"article:published_time\" content=\"2017-10-05T07:35:49+00:00\" \/>\n<meta property=\"og:image\" content=\"https:\/\/blog.zeit.de\/herdentrieb\/files\/2017\/10\/effektive_WKs_Schweiz_Deutschland_seit_1995.gif\" \/>\n<meta name=\"author\" content=\"Dieter Wermuth\" \/>\n<meta name=\"twitter:card\" content=\"summary_large_image\" \/>\n<meta name=\"twitter:creator\" content=\"@zeitonline\" \/>\n<meta name=\"twitter:site\" content=\"@zeitonline\" \/>\n<meta name=\"twitter:label1\" content=\"Geschrieben von\" \/>\n\t<meta name=\"twitter:data1\" content=\"Dieter Wermuth\" \/>\n\t<meta name=\"twitter:label2\" content=\"Gesch\u00e4tzte Lesezeit\" \/>\n\t<meta name=\"twitter:data2\" content=\"4\u00a0Minuten\" \/>\n<script type=\"application\/ld+json\" class=\"yoast-schema-graph\">{\"@context\":\"https:\/\/schema.org\",\"@graph\":[{\"@type\":\"WebPage\",\"@id\":\"https:\/\/blog.zeit.de\/herdentrieb\/2017\/10\/05\/fester-euro-deutschland-kann-damit-leben-die-anderen-auch_10562\",\"url\":\"https:\/\/blog.zeit.de\/herdentrieb\/2017\/10\/05\/fester-euro-deutschland-kann-damit-leben-die-anderen-auch_10562\",\"name\":\"Fester Euro \u2013 Deutschland kann damit leben, die Anderen auch - Herdentrieb\",\"isPartOf\":{\"@id\":\"https:\/\/blog.zeit.de\/herdentrieb\/#website\"},\"datePublished\":\"2017-10-05T07:35:49+00:00\",\"dateModified\":\"2017-10-05T07:35:49+00:00\",\"author\":{\"@id\":\"https:\/\/blog.zeit.de\/herdentrieb\/#\/schema\/person\/cded255e8a7893fa16565de10e59b891\"},\"breadcrumb\":{\"@id\":\"https:\/\/blog.zeit.de\/herdentrieb\/2017\/10\/05\/fester-euro-deutschland-kann-damit-leben-die-anderen-auch_10562#breadcrumb\"},\"inLanguage\":\"de\",\"potentialAction\":[{\"@type\":\"ReadAction\",\"target\":[\"https:\/\/blog.zeit.de\/herdentrieb\/2017\/10\/05\/fester-euro-deutschland-kann-damit-leben-die-anderen-auch_10562\"]}]},{\"@type\":\"BreadcrumbList\",\"@id\":\"https:\/\/blog.zeit.de\/herdentrieb\/2017\/10\/05\/fester-euro-deutschland-kann-damit-leben-die-anderen-auch_10562#breadcrumb\",\"itemListElement\":[{\"@type\":\"ListItem\",\"position\":1,\"name\":\"Startseite\",\"item\":\"https:\/\/blog.zeit.de\/herdentrieb\"},{\"@type\":\"ListItem\",\"position\":2,\"name\":\"Fester Euro \u2013 Deutschland kann damit leben, die Anderen auch\"}]},{\"@type\":\"WebSite\",\"@id\":\"https:\/\/blog.zeit.de\/herdentrieb\/#website\",\"url\":\"https:\/\/blog.zeit.de\/herdentrieb\/\",\"name\":\"Herdentrieb\",\"description\":\"So funktioniert Kapitalismus. Ein Blog\",\"potentialAction\":[{\"@type\":\"SearchAction\",\"target\":{\"@type\":\"EntryPoint\",\"urlTemplate\":\"https:\/\/blog.zeit.de\/herdentrieb\/?s={search_term_string}\"},\"query-input\":\"required name=search_term_string\"}],\"inLanguage\":\"de\"},{\"@type\":\"Person\",\"@id\":\"https:\/\/blog.zeit.de\/herdentrieb\/#\/schema\/person\/cded255e8a7893fa16565de10e59b891\",\"name\":\"Dieter Wermuth\",\"image\":{\"@type\":\"ImageObject\",\"inLanguage\":\"de\",\"@id\":\"https:\/\/blog.zeit.de\/herdentrieb\/#\/schema\/person\/image\/\",\"url\":\"https:\/\/secure.gravatar.com\/avatar\/17b936dcdfff00d08ede21a6c8044f16e55bc8832ed4a15d30fdb3dcfd0adec3?s=96&d=mm&r=g\",\"contentUrl\":\"https:\/\/secure.gravatar.com\/avatar\/17b936dcdfff00d08ede21a6c8044f16e55bc8832ed4a15d30fdb3dcfd0adec3?s=96&d=mm&r=g\",\"caption\":\"Dieter Wermuth\"},\"url\":\"https:\/\/blog.zeit.de\/herdentrieb\/author\/dieter-wermuth\"}]}<\/script>\n<!-- \/ Yoast SEO plugin. -->","yoast_head_json":{"title":"Fester Euro \u2013 Deutschland kann damit leben, die Anderen auch - Herdentrieb","robots":{"index":"index","follow":"follow","max-snippet":"max-snippet:-1","max-image-preview":"max-image-preview:large","max-video-preview":"max-video-preview:-1"},"canonical":"https:\/\/blog.zeit.de\/herdentrieb\/2017\/10\/05\/fester-euro-deutschland-kann-damit-leben-die-anderen-auch_10562","og_locale":"de_DE","og_type":"article","og_title":"Fester Euro \u2013 Deutschland kann damit leben, die Anderen auch - Herdentrieb","og_description":"Immer wieder wird behauptet, dass die F\u00e4higkeit eines Landes, seine W\u00e4hrung bei Bedarf abzuwerten, unabdingbar sei f\u00fcr robustes Wirtschaftswachstum und Vollbesch\u00e4ftigung. Ich bezweifle das. Sicher, in der kurzen Frist hilft es, wenn man seine Preise senkt \u2013 eine Abwertung ist nichts anderes \u2013, auf Dauer aber f\u00f6rdert kaum etwas den Wohlstand so sehr wie ein [&hellip;]","og_url":"https:\/\/blog.zeit.de\/herdentrieb\/2017\/10\/05\/fester-euro-deutschland-kann-damit-leben-die-anderen-auch_10562","og_site_name":"Herdentrieb","article_published_time":"2017-10-05T07:35:49+00:00","og_image":[{"url":"https:\/\/blog.zeit.de\/herdentrieb\/files\/2017\/10\/effektive_WKs_Schweiz_Deutschland_seit_1995.gif"}],"author":"Dieter Wermuth","twitter_card":"summary_large_image","twitter_creator":"@zeitonline","twitter_site":"@zeitonline","twitter_misc":{"Geschrieben von":"Dieter Wermuth","Gesch\u00e4tzte Lesezeit":"4\u00a0Minuten"},"schema":{"@context":"https:\/\/schema.org","@graph":[{"@type":"WebPage","@id":"https:\/\/blog.zeit.de\/herdentrieb\/2017\/10\/05\/fester-euro-deutschland-kann-damit-leben-die-anderen-auch_10562","url":"https:\/\/blog.zeit.de\/herdentrieb\/2017\/10\/05\/fester-euro-deutschland-kann-damit-leben-die-anderen-auch_10562","name":"Fester Euro \u2013 Deutschland kann damit leben, die Anderen auch - Herdentrieb","isPartOf":{"@id":"https:\/\/blog.zeit.de\/herdentrieb\/#website"},"datePublished":"2017-10-05T07:35:49+00:00","dateModified":"2017-10-05T07:35:49+00:00","author":{"@id":"https:\/\/blog.zeit.de\/herdentrieb\/#\/schema\/person\/cded255e8a7893fa16565de10e59b891"},"breadcrumb":{"@id":"https:\/\/blog.zeit.de\/herdentrieb\/2017\/10\/05\/fester-euro-deutschland-kann-damit-leben-die-anderen-auch_10562#breadcrumb"},"inLanguage":"de","potentialAction":[{"@type":"ReadAction","target":["https:\/\/blog.zeit.de\/herdentrieb\/2017\/10\/05\/fester-euro-deutschland-kann-damit-leben-die-anderen-auch_10562"]}]},{"@type":"BreadcrumbList","@id":"https:\/\/blog.zeit.de\/herdentrieb\/2017\/10\/05\/fester-euro-deutschland-kann-damit-leben-die-anderen-auch_10562#breadcrumb","itemListElement":[{"@type":"ListItem","position":1,"name":"Startseite","item":"https:\/\/blog.zeit.de\/herdentrieb"},{"@type":"ListItem","position":2,"name":"Fester Euro \u2013 Deutschland kann damit leben, die Anderen auch"}]},{"@type":"WebSite","@id":"https:\/\/blog.zeit.de\/herdentrieb\/#website","url":"https:\/\/blog.zeit.de\/herdentrieb\/","name":"Herdentrieb","description":"So funktioniert Kapitalismus. Ein Blog","potentialAction":[{"@type":"SearchAction","target":{"@type":"EntryPoint","urlTemplate":"https:\/\/blog.zeit.de\/herdentrieb\/?s={search_term_string}"},"query-input":"required name=search_term_string"}],"inLanguage":"de"},{"@type":"Person","@id":"https:\/\/blog.zeit.de\/herdentrieb\/#\/schema\/person\/cded255e8a7893fa16565de10e59b891","name":"Dieter Wermuth","image":{"@type":"ImageObject","inLanguage":"de","@id":"https:\/\/blog.zeit.de\/herdentrieb\/#\/schema\/person\/image\/","url":"https:\/\/secure.gravatar.com\/avatar\/17b936dcdfff00d08ede21a6c8044f16e55bc8832ed4a15d30fdb3dcfd0adec3?s=96&d=mm&r=g","contentUrl":"https:\/\/secure.gravatar.com\/avatar\/17b936dcdfff00d08ede21a6c8044f16e55bc8832ed4a15d30fdb3dcfd0adec3?s=96&d=mm&r=g","caption":"Dieter Wermuth"},"url":"https:\/\/blog.zeit.de\/herdentrieb\/author\/dieter-wermuth"}]}},"jetpack_featured_media_url":"","jetpack_sharing_enabled":true,"_links":{"self":[{"href":"https:\/\/blog.zeit.de\/herdentrieb\/wp-json\/wp\/v2\/posts\/10562","targetHints":{"allow":["GET"]}}],"collection":[{"href":"https:\/\/blog.zeit.de\/herdentrieb\/wp-json\/wp\/v2\/posts"}],"about":[{"href":"https:\/\/blog.zeit.de\/herdentrieb\/wp-json\/wp\/v2\/types\/post"}],"author":[{"embeddable":true,"href":"https:\/\/blog.zeit.de\/herdentrieb\/wp-json\/wp\/v2\/users\/61"}],"replies":[{"embeddable":true,"href":"https:\/\/blog.zeit.de\/herdentrieb\/wp-json\/wp\/v2\/comments?post=10562"}],"version-history":[{"count":2,"href":"https:\/\/blog.zeit.de\/herdentrieb\/wp-json\/wp\/v2\/posts\/10562\/revisions"}],"predecessor-version":[{"id":10565,"href":"https:\/\/blog.zeit.de\/herdentrieb\/wp-json\/wp\/v2\/posts\/10562\/revisions\/10565"}],"wp:attachment":[{"href":"https:\/\/blog.zeit.de\/herdentrieb\/wp-json\/wp\/v2\/media?parent=10562"}],"wp:term":[{"taxonomy":"category","embeddable":true,"href":"https:\/\/blog.zeit.de\/herdentrieb\/wp-json\/wp\/v2\/categories?post=10562"},{"taxonomy":"post_tag","embeddable":true,"href":"https:\/\/blog.zeit.de\/herdentrieb\/wp-json\/wp\/v2\/tags?post=10562"}],"curies":[{"name":"wp","href":"https:\/\/api.w.org\/{rel}","templated":true}]}}