{"id":11432,"date":"2019-08-19T12:22:12","date_gmt":"2019-08-19T10:22:12","guid":{"rendered":"https:\/\/blog.zeit.de\/herdentrieb\/?p=11432"},"modified":"2019-08-21T11:54:32","modified_gmt":"2019-08-21T09:54:32","slug":"was-eine-co2-steuer-bringt","status":"publish","type":"post","link":"https:\/\/blog.zeit.de\/herdentrieb\/2019\/08\/19\/was-eine-co2-steuer-bringt_11432","title":{"rendered":"Was eine CO2-Steuer bringt"},"content":{"rendered":"<p>Die CO<SUB>2<\/SUB>-Steuer kommt. National w\u00e4chst zusehends der Druck auf die Politik, entschlossener gegen die Emission von Treibhausgasen vorzugehen. Es ist ein <a title=\"CO2-Bepreisung in Deutschland\" href=\"https:\/\/www.umweltbundesamt.de\/sites\/default\/files\/medien\/376\/publikationen\/factsheet_co2-bepreisung_in_deutschland_2019_07_03.pdf\" target=\"_blank\" rel=\"noopener noreferrer\">internationaler Trend<\/a>: Weltbank und <a title=\"Getting Real on Meeting Paris Climate Change Commitments\" href=\"https:\/\/blogs.imf.org\/2019\/05\/03\/getting-real-on-meeting-paris-climate-change-commitments\/\" target=\"_blank\" rel=\"noopener noreferrer\"><br \/>\nInternationaler W\u00e4hrungsfonds<\/a> sowie mehr als <a title=\"ECONOMISTS\u2019 STATEMENT ON CARBON DIVIDENDS\" href=\"https:\/\/www.clcouncil.org\/economists-statement\/\" target=\"_blank\" rel=\"noopener noreferrer\">3.500 amerikanische \u00d6konomen<\/a> haben k\u00fcrzlich eine solche Steuer gefordert. <a title=\"CO2-Bepreisung in Deutschland\" href=\"https:\/\/www.umweltbundesamt.de\/sites\/default\/files\/medien\/376\/publikationen\/factsheet_co2-bepreisung_in_deutschland_2019_07_03.pdf\" target=\"_blank\" rel=\"noopener noreferrer\">26 L\u00e4nder haben sie bereits eingef\u00fchrt<\/a> \u2013 fast niemand scheint mehr dagegen zu sein.<\/p>\n<p>Wie hoch aber sollte sie sein? Die einfache, aber operational nicht befriedigende Antwort lautet: so hoch, dass sich die Menge an CO<SUB>2<\/SUB>, die j\u00e4hrlich, vorwiegend durch Verbrennungsprozesse, freigesetzt wird, gem\u00e4\u00df den <a title=\"Klimaschutzplan 2050 \" href=\"https:\/\/www.bmu.de\/publikation\/klimaschutzplan-2050-klimaschutzpolitische-grundsaetze-und-ziele-der-bundesregierung\/\" target=\"_blank\" rel=\"noopener noreferrer\">politischen Zielvorgaben<\/a> vermindert. Dazu m\u00fcssen die Preise f\u00fcr fossile Brennstoffe f\u00fchlbar steigen. So viel ist klar, aber wo liegt das Einstiegsniveau?<br \/>\n<!--more--><br \/>\nIn einer <a title=\"Bundesumweltamt: Kostens\u00e4tze Stand 02\/2019\" href=\"https:\/\/www.umweltbundesamt.de\/publikationen\/methodenkonvention-30-zur-ermittlung-von\" target=\"_blank\" rel=\"noopener noreferrer\">Studie vom Februar<\/a> dieses Jahres sch\u00e4tzt das Bundesumweltamt die Klimakosten einer Tonne CO<SUB>2<\/SUB> auf 180 Euro. Dabei wird unterstellt, dass die zuk\u00fcnftigen Sch\u00e4den einer heute emittierten Tonne CO<SUB>2<\/SUB> umso geringer gewichtet werden,  je weiter sie in der Zukunft liegen. Das Amt kommt in einer alternativen Rechnung, in der es eine solche Annahme nicht trifft, zu Gesamtkosten von nicht weniger als 640 Euro je Tonne CO<SUB>2<\/SUB>.<\/p>\n<p>W\u00fcrde heute eine Steuer von 180 Euro eingef\u00fchrt, m\u00fcssten also die vollen externen Effekte der CO<SUB>2<\/SUB>-Emissionen sofort von den Verursachern getragen werden, k\u00f6nnte der deutsche Staat mit j\u00e4hrlichen Zusatzeinnahmen von etwa 137 Mrd. Euro rechnen, bei 640 Euro je Tonne w\u00e4ren es 486 Mrd. Euro. Ich habe hier das <a title=\"Treibhausgas-Emissionen seit 1990 nach Gasen\" href=\"https:\/\/www.umweltbundesamt.de\/sites\/default\/files\/medien\/384\/bilder\/dateien\/2_abb_thg-emissionen-seit-1990-nach-gasen_2019.pdf\" target=\"_blank\" rel=\"noopener noreferrer\">letztj\u00e4hrige Emissionsvolumen in H\u00f6he von rund 760 Mio Tonnen CO<SUB>2<\/SUB><\/a> mit den beiden Steuers\u00e4tzen multipliziert. Abzuziehen w\u00e4ren die Ertr\u00e4ge aus den heutigen Energie- und Stromsteuern, da diese vermutlich durch die neue CO<SUB>2<\/SUB>-Steuer ersetzt w\u00fcrden.<\/p>\n<p>Bei diesen S\u00e4tzen erg\u00e4be sich jedenfalls ein gewaltiges steuerliches Zusatzaufkommen. Zum Vergleich: Im Jahr 2019 d\u00fcrften die Einkommensteuern, die wichtigste staatliche Einnahmequelle, 340 Mrd. Euro erreichen, die Umsatzsteuern 240 Mrd. Euro. Es ist daher klar, dass weder 180 noch 640 Eurodie anf\u00e4nglichen Steuers\u00e4tze sein k\u00f6nnen. Das kann die Wirtschaft nicht verkraften. L\u00e4ngerfristig kommen diese Werte schon eher in Betracht. Allerdings vermutet das Bundesumweltamt, dass die Klimakosten nicht konstant sein werden, sondern im Zeitverlauf steigen, im niedrigeren (180 Euro) Szenarium bis 2030 auf 205 Euro und bis 2050 auf 240 Euro, w\u00e4hrend sie sich im anderen Szenarium auf 670 und 730 Euro je Tonne erh\u00f6hen.<\/p>\n<p>CO<SUB>2<\/SUB>-Steuern sind regressive Steuern, wie etwa die Mehrwertsteuer: Sie belasten die \u00e4rmeren Schichten der Bev\u00f6lkerung mehr als die Wohlhabenderen. Das ist der Grund, weswegen die Steuer m\u00f6glichst auf einer gleichm\u00e4\u00dfigen pro-Kopf-Basis zur\u00fcckerstattet werden sollte, <a title=\"CO2-Steuer durch ein B\u00fcrgergeld sozialvertr\u00e4glich machen\" href=\"https:\/\/blog.zeit.de\/herdentrieb\/2019\/02\/14\/co2-steuer-durch-ein-buergergeld-sozialvertraeglich-machen_11205\" target=\"_blank\" rel=\"noopener noreferrer\">so wie es etwa in der Schweiz gemacht wird<\/a> \u2013 das h\u00e4tte einen kompensierenden progressiven Effekt auf die Haushaltseinkommen. Gewinner w\u00e4ren diejenigen, die nur geringe CO<SUB>2<\/SUB>-Emissionen verursachen.<\/p>\n<p>In den <a title=\"Der Preis im Zentrum\" href=\"https:\/\/www.riffreporter.de\/klimasocial\/schrader-co2-preis-gutachten\/\" target=\"_blank\" rel=\"noopener noreferrer\">diversen Gutachten zum Thema CO<SUB>2<\/SUB>-Steuer<\/a> werden als &#8222;Einstiegsniveau&#8220; Zahlen von nur 30-50 Euro vorgeschlagen, beziehungsweise gar keine. Niemand kann genau vorhersagen, wie die Emissionsmenge auf die Verteuerung der fossilen Brennstoffe reagieren wird. Es geht zun\u00e4chst nur darum, einen iterativen Prozess anzusto\u00dfen, bei einem plausiblen und gleichzeitig nicht zu hohen Steuerniveau. Wenn es anfangs keine nennenswerte Reaktion bei den Emissionen gibt und die Klimaziele au\u00dfer Reichweite bleiben, muss die Steuer in mehreren Schritten so lange steigen, bis der CO<SUB>2<\/SUB>-Zielpfad erreicht ist. Damit Haushalte und Unternehmen planen k\u00f6nnen und strukturelle Arbeitslosigkeit gar nicht erst entstehen kann, darf es hier keine \u00dcberraschungen geben.<\/p>\n<p>Noch zwei Punkte zum Schluss: Am besten w\u00e4re eine CO<SUB>2<\/SUB>-Steuer, die in allen EU-L\u00e4ndern gleich hoch ist, damit es unter Umweltaspekten keinen Wettbewerb um die Ansiedlung CO<SUB>2<\/SUB>-intensiver Unternehmen gibt,  also keine CO<SUB>2<\/SUB>-Arbitrage. Zum Zweiten muss die sogenannte <em>CO<SUB>2<\/SUB> leakage<\/em> vermieden werden, indem durch Z\u00f6lle Einfuhren von Produkten verteuert werden, die in L\u00e4ndern au\u00dferhalb der EU ohne R\u00fccksicht auf Klimafolgen hergestellt und dann hier billig angeboten werden. Umwelts\u00fcnder d\u00fcrfen EU-Unternehmen in dieser Hinsicht keinen Schaden zuf\u00fcgen. Solche Schutzz\u00f6lle sind offenbar durch die internationalen Handelsregeln der WTO abgedeckt.<\/p>\n","protected":false},"excerpt":{"rendered":"<p>Die CO2-Steuer kommt. National w\u00e4chst zusehends der Druck auf die Politik, entschlossener gegen die Emission von Treibhausgasen vorzugehen. Es ist ein internationaler Trend: Weltbank und Internationaler W\u00e4hrungsfonds sowie mehr als 3.500 amerikanische \u00d6konomen haben k\u00fcrzlich eine solche Steuer gefordert. 26 L\u00e4nder haben sie bereits eingef\u00fchrt \u2013 fast niemand scheint mehr dagegen zu sein. Wie hoch [&hellip;]<\/p>\n","protected":false},"author":61,"featured_media":0,"comment_status":"open","ping_status":"closed","sticky":false,"template":"","format":"standard","meta":{"_jetpack_memberships_contains_paid_content":false,"footnotes":""},"categories":[3824],"tags":[],"class_list":["post-11432","post","type-post","status-publish","format-standard","hentry","category-wirtschaft-umwelt"],"yoast_head":"<!-- This site is optimized with the Yoast SEO plugin v21.0 - https:\/\/yoast.com\/wordpress\/plugins\/seo\/ -->\n<title>Was eine CO2-Steuer bringt - Herdentrieb<\/title>\n<meta name=\"robots\" content=\"index, follow, max-snippet:-1, max-image-preview:large, max-video-preview:-1\" \/>\n<link rel=\"canonical\" href=\"https:\/\/blog.zeit.de\/herdentrieb\/2019\/08\/19\/was-eine-co2-steuer-bringt_11432\" \/>\n<meta property=\"og:locale\" content=\"de_DE\" \/>\n<meta property=\"og:type\" content=\"article\" \/>\n<meta property=\"og:title\" content=\"Was eine CO2-Steuer bringt - Herdentrieb\" \/>\n<meta property=\"og:description\" content=\"Die CO2-Steuer kommt. National w\u00e4chst zusehends der Druck auf die Politik, entschlossener gegen die Emission von Treibhausgasen vorzugehen. Es ist ein internationaler Trend: Weltbank und Internationaler W\u00e4hrungsfonds sowie mehr als 3.500 amerikanische \u00d6konomen haben k\u00fcrzlich eine solche Steuer gefordert. 26 L\u00e4nder haben sie bereits eingef\u00fchrt \u2013 fast niemand scheint mehr dagegen zu sein. Wie hoch [&hellip;]\" \/>\n<meta property=\"og:url\" content=\"https:\/\/blog.zeit.de\/herdentrieb\/2019\/08\/19\/was-eine-co2-steuer-bringt_11432\" \/>\n<meta property=\"og:site_name\" content=\"Herdentrieb\" \/>\n<meta property=\"article:published_time\" content=\"2019-08-19T10:22:12+00:00\" \/>\n<meta property=\"article:modified_time\" content=\"2019-08-21T09:54:32+00:00\" \/>\n<meta name=\"author\" content=\"Dieter Wermuth\" \/>\n<meta name=\"twitter:card\" content=\"summary_large_image\" \/>\n<meta name=\"twitter:creator\" content=\"@zeitonline\" \/>\n<meta name=\"twitter:site\" content=\"@zeitonline\" \/>\n<meta name=\"twitter:label1\" content=\"Geschrieben von\" \/>\n\t<meta name=\"twitter:data1\" content=\"Dieter Wermuth\" \/>\n\t<meta name=\"twitter:label2\" content=\"Gesch\u00e4tzte Lesezeit\" \/>\n\t<meta name=\"twitter:data2\" content=\"3\u00a0Minuten\" \/>\n<script type=\"application\/ld+json\" class=\"yoast-schema-graph\">{\"@context\":\"https:\/\/schema.org\",\"@graph\":[{\"@type\":\"WebPage\",\"@id\":\"https:\/\/blog.zeit.de\/herdentrieb\/2019\/08\/19\/was-eine-co2-steuer-bringt_11432\",\"url\":\"https:\/\/blog.zeit.de\/herdentrieb\/2019\/08\/19\/was-eine-co2-steuer-bringt_11432\",\"name\":\"Was eine CO2-Steuer bringt - Herdentrieb\",\"isPartOf\":{\"@id\":\"https:\/\/blog.zeit.de\/herdentrieb\/#website\"},\"datePublished\":\"2019-08-19T10:22:12+00:00\",\"dateModified\":\"2019-08-21T09:54:32+00:00\",\"author\":{\"@id\":\"https:\/\/blog.zeit.de\/herdentrieb\/#\/schema\/person\/cded255e8a7893fa16565de10e59b891\"},\"breadcrumb\":{\"@id\":\"https:\/\/blog.zeit.de\/herdentrieb\/2019\/08\/19\/was-eine-co2-steuer-bringt_11432#breadcrumb\"},\"inLanguage\":\"de\",\"potentialAction\":[{\"@type\":\"ReadAction\",\"target\":[\"https:\/\/blog.zeit.de\/herdentrieb\/2019\/08\/19\/was-eine-co2-steuer-bringt_11432\"]}]},{\"@type\":\"BreadcrumbList\",\"@id\":\"https:\/\/blog.zeit.de\/herdentrieb\/2019\/08\/19\/was-eine-co2-steuer-bringt_11432#breadcrumb\",\"itemListElement\":[{\"@type\":\"ListItem\",\"position\":1,\"name\":\"Startseite\",\"item\":\"https:\/\/blog.zeit.de\/herdentrieb\"},{\"@type\":\"ListItem\",\"position\":2,\"name\":\"Was eine CO2-Steuer bringt\"}]},{\"@type\":\"WebSite\",\"@id\":\"https:\/\/blog.zeit.de\/herdentrieb\/#website\",\"url\":\"https:\/\/blog.zeit.de\/herdentrieb\/\",\"name\":\"Herdentrieb\",\"description\":\"So funktioniert Kapitalismus. Ein Blog\",\"potentialAction\":[{\"@type\":\"SearchAction\",\"target\":{\"@type\":\"EntryPoint\",\"urlTemplate\":\"https:\/\/blog.zeit.de\/herdentrieb\/?s={search_term_string}\"},\"query-input\":\"required name=search_term_string\"}],\"inLanguage\":\"de\"},{\"@type\":\"Person\",\"@id\":\"https:\/\/blog.zeit.de\/herdentrieb\/#\/schema\/person\/cded255e8a7893fa16565de10e59b891\",\"name\":\"Dieter Wermuth\",\"image\":{\"@type\":\"ImageObject\",\"inLanguage\":\"de\",\"@id\":\"https:\/\/blog.zeit.de\/herdentrieb\/#\/schema\/person\/image\/\",\"url\":\"https:\/\/secure.gravatar.com\/avatar\/17b936dcdfff00d08ede21a6c8044f16e55bc8832ed4a15d30fdb3dcfd0adec3?s=96&d=mm&r=g\",\"contentUrl\":\"https:\/\/secure.gravatar.com\/avatar\/17b936dcdfff00d08ede21a6c8044f16e55bc8832ed4a15d30fdb3dcfd0adec3?s=96&d=mm&r=g\",\"caption\":\"Dieter Wermuth\"},\"url\":\"https:\/\/blog.zeit.de\/herdentrieb\/author\/dieter-wermuth\"}]}<\/script>\n<!-- \/ Yoast SEO plugin. -->","yoast_head_json":{"title":"Was eine CO2-Steuer bringt - Herdentrieb","robots":{"index":"index","follow":"follow","max-snippet":"max-snippet:-1","max-image-preview":"max-image-preview:large","max-video-preview":"max-video-preview:-1"},"canonical":"https:\/\/blog.zeit.de\/herdentrieb\/2019\/08\/19\/was-eine-co2-steuer-bringt_11432","og_locale":"de_DE","og_type":"article","og_title":"Was eine CO2-Steuer bringt - Herdentrieb","og_description":"Die CO2-Steuer kommt. National w\u00e4chst zusehends der Druck auf die Politik, entschlossener gegen die Emission von Treibhausgasen vorzugehen. Es ist ein internationaler Trend: Weltbank und Internationaler W\u00e4hrungsfonds sowie mehr als 3.500 amerikanische \u00d6konomen haben k\u00fcrzlich eine solche Steuer gefordert. 26 L\u00e4nder haben sie bereits eingef\u00fchrt \u2013 fast niemand scheint mehr dagegen zu sein. Wie hoch [&hellip;]","og_url":"https:\/\/blog.zeit.de\/herdentrieb\/2019\/08\/19\/was-eine-co2-steuer-bringt_11432","og_site_name":"Herdentrieb","article_published_time":"2019-08-19T10:22:12+00:00","article_modified_time":"2019-08-21T09:54:32+00:00","author":"Dieter Wermuth","twitter_card":"summary_large_image","twitter_creator":"@zeitonline","twitter_site":"@zeitonline","twitter_misc":{"Geschrieben von":"Dieter Wermuth","Gesch\u00e4tzte Lesezeit":"3\u00a0Minuten"},"schema":{"@context":"https:\/\/schema.org","@graph":[{"@type":"WebPage","@id":"https:\/\/blog.zeit.de\/herdentrieb\/2019\/08\/19\/was-eine-co2-steuer-bringt_11432","url":"https:\/\/blog.zeit.de\/herdentrieb\/2019\/08\/19\/was-eine-co2-steuer-bringt_11432","name":"Was eine CO2-Steuer bringt - Herdentrieb","isPartOf":{"@id":"https:\/\/blog.zeit.de\/herdentrieb\/#website"},"datePublished":"2019-08-19T10:22:12+00:00","dateModified":"2019-08-21T09:54:32+00:00","author":{"@id":"https:\/\/blog.zeit.de\/herdentrieb\/#\/schema\/person\/cded255e8a7893fa16565de10e59b891"},"breadcrumb":{"@id":"https:\/\/blog.zeit.de\/herdentrieb\/2019\/08\/19\/was-eine-co2-steuer-bringt_11432#breadcrumb"},"inLanguage":"de","potentialAction":[{"@type":"ReadAction","target":["https:\/\/blog.zeit.de\/herdentrieb\/2019\/08\/19\/was-eine-co2-steuer-bringt_11432"]}]},{"@type":"BreadcrumbList","@id":"https:\/\/blog.zeit.de\/herdentrieb\/2019\/08\/19\/was-eine-co2-steuer-bringt_11432#breadcrumb","itemListElement":[{"@type":"ListItem","position":1,"name":"Startseite","item":"https:\/\/blog.zeit.de\/herdentrieb"},{"@type":"ListItem","position":2,"name":"Was eine CO2-Steuer bringt"}]},{"@type":"WebSite","@id":"https:\/\/blog.zeit.de\/herdentrieb\/#website","url":"https:\/\/blog.zeit.de\/herdentrieb\/","name":"Herdentrieb","description":"So funktioniert Kapitalismus. Ein Blog","potentialAction":[{"@type":"SearchAction","target":{"@type":"EntryPoint","urlTemplate":"https:\/\/blog.zeit.de\/herdentrieb\/?s={search_term_string}"},"query-input":"required name=search_term_string"}],"inLanguage":"de"},{"@type":"Person","@id":"https:\/\/blog.zeit.de\/herdentrieb\/#\/schema\/person\/cded255e8a7893fa16565de10e59b891","name":"Dieter Wermuth","image":{"@type":"ImageObject","inLanguage":"de","@id":"https:\/\/blog.zeit.de\/herdentrieb\/#\/schema\/person\/image\/","url":"https:\/\/secure.gravatar.com\/avatar\/17b936dcdfff00d08ede21a6c8044f16e55bc8832ed4a15d30fdb3dcfd0adec3?s=96&d=mm&r=g","contentUrl":"https:\/\/secure.gravatar.com\/avatar\/17b936dcdfff00d08ede21a6c8044f16e55bc8832ed4a15d30fdb3dcfd0adec3?s=96&d=mm&r=g","caption":"Dieter Wermuth"},"url":"https:\/\/blog.zeit.de\/herdentrieb\/author\/dieter-wermuth"}]}},"jetpack_featured_media_url":"","jetpack_sharing_enabled":true,"_links":{"self":[{"href":"https:\/\/blog.zeit.de\/herdentrieb\/wp-json\/wp\/v2\/posts\/11432","targetHints":{"allow":["GET"]}}],"collection":[{"href":"https:\/\/blog.zeit.de\/herdentrieb\/wp-json\/wp\/v2\/posts"}],"about":[{"href":"https:\/\/blog.zeit.de\/herdentrieb\/wp-json\/wp\/v2\/types\/post"}],"author":[{"embeddable":true,"href":"https:\/\/blog.zeit.de\/herdentrieb\/wp-json\/wp\/v2\/users\/61"}],"replies":[{"embeddable":true,"href":"https:\/\/blog.zeit.de\/herdentrieb\/wp-json\/wp\/v2\/comments?post=11432"}],"version-history":[{"count":5,"href":"https:\/\/blog.zeit.de\/herdentrieb\/wp-json\/wp\/v2\/posts\/11432\/revisions"}],"predecessor-version":[{"id":11438,"href":"https:\/\/blog.zeit.de\/herdentrieb\/wp-json\/wp\/v2\/posts\/11432\/revisions\/11438"}],"wp:attachment":[{"href":"https:\/\/blog.zeit.de\/herdentrieb\/wp-json\/wp\/v2\/media?parent=11432"}],"wp:term":[{"taxonomy":"category","embeddable":true,"href":"https:\/\/blog.zeit.de\/herdentrieb\/wp-json\/wp\/v2\/categories?post=11432"},{"taxonomy":"post_tag","embeddable":true,"href":"https:\/\/blog.zeit.de\/herdentrieb\/wp-json\/wp\/v2\/tags?post=11432"}],"curies":[{"name":"wp","href":"https:\/\/api.w.org\/{rel}","templated":true}]}}