{"id":124,"date":"2007-02-12T13:15:07","date_gmt":"2007-02-12T12:15:07","guid":{"rendered":"http:\/\/blog.zeit.de\/herdentrieb\/?p=124"},"modified":"2007-02-12T13:15:07","modified_gmt":"2007-02-12T12:15:07","slug":"die-europaische-produktivitat-steigt-wieder-starker","status":"publish","type":"post","link":"https:\/\/blog.zeit.de\/herdentrieb\/2007\/02\/12\/die-europaische-produktivitat-steigt-wieder-starker_124","title":{"rendered":"Die europ\u00e4ische Produktivit\u00e4t steigt wieder st\u00e4rker"},"content":{"rendered":"<p><img src='https:\/\/blog.zeit.de\/herdentrieb\/files\/old\/Euroland_Produktivitaet_Lohnstueckkosten_rev.gif' alt='Euroland-Produktivit&Atilde;&curren;t und Lohnstueckkosten.' \/><\/p>\n<p>Morgen bekommen wir f\u00fcr Deutschland und den Euroraum die erste Sch\u00e4tzung f\u00fcr das reale Bruttoinlandsprodukt im 4. Quartal. Nach den Indikatoren, die uns bereits vorliegen, sieht es danach aus, als ob die Zuwachsraten im Vorjahresvergleich in beiden F\u00e4llen bei 3 Prozent oder etwas dar\u00fcber liegen werden. Die Konjunktur brummt, wenn auch nicht so sehr, wie es noch vor einigen Wochen ausgesehen hatte &#8211; es gibt eine Diskrepanz zwischen superfesten Umfragewerten und Arbeitsmarktzahlen auf der einen und Auftragseing\u00e4ngen und Industrieproduktion auf der anderen Seite. Warum das so ist, ist nicht ganz klar.<br \/>\n<!--more--><br \/>\nImmerhin, dies sind die besten Zahlen seit dem Jahr 2000, und wenn die Umfragen noch die Prognosequalit\u00e4ten besitzen, die man ihnen bisher zugemessen hat, kann auch das laufende Jahr ein gutes werden. Es zeigt sich, dass sich die angeblichen strukturellen Probleme am Arbeitsmarkt weitgehend ins Nichts aufl\u00f6sen, wenn man die Konjunktur mal einfach ein bisschen laufen l\u00e4sst. Die Anzahl der Jobs liegt in Deutschland um 1,2 Prozent, im Euroraum um 1,4 Prozent oder sogar um etwas mehr \u00fcber dem Vorjahresstand. <a href=\"https:\/\/blog.zeit.de\/herdentrieb\/?p=118\">Die deutsche Arbeitslosigkeit ist im Januar saisonbereinigt bereits unter die Marke von 4 Millionen gefallen<\/a>, eine Zahl, die von den meisten Analysten bislang als Jahresdurchschnitt vorhergesagt wurde. Es sieht jetzt eher so aus, als w\u00fcrden wir bei 3,7 Millionen landen. Zur Erinnerung: Im M\u00e4rz 2005, dem schlechtesten Monat seit Ende der vierziger Jahre, wurden (saisonbereinigt) noch 5,017 Millionen Arbeitslose gez\u00e4hlt.<\/p>\n<p>Das rasche Wirtschaftswachstum ist zu mehr als der H\u00e4lfte der Beschleunigung des Produktivit\u00e4tswachstums zu verdanken. In Euroland insgesamt betrug letzteres auf Pro-Kopf-Basis 1,6 Prozent, in Deutschland 1,9 Prozent. Wenn die Industrieproduktions- und BIP-Zahlen nach oben revidiert werden, wie das nach den sehr guten Ergebnissen f\u00fcr den Arbeitsmarkt zu erwarten ist, wird es bei der Produktivit\u00e4t noch bessere Zahlen geben. Der Produktivit\u00e4tszuwachs ist die eigentliche Quelle steigenden Wohlstands.<\/p>\n<p>Was wir erleben, ist typisch f\u00fcr einen Aufschwung, der zu einer besseren Auslastung vorhandener Kapazit\u00e4ten sowohl bei den Sachanlagen als auch am Arbeitsmarkt f\u00fchrt. Wenn man, wie die EZB zu Beginn der W\u00e4hrungsunion, unterstellt, dass das sogenannte Produktionspotential von Euroland um 2\u00bc Prozent pro Jahr zunimmt, war die Auslastung im vierten Quartal 2006 um 3,7 Prozent geringer als im zweiten Quartal 2001, dem letzten konjunkturellen H\u00f6hepunkt. Der R\u00fcckgang der europ\u00e4ischen Arbeitslosenquote vom H\u00f6chststand von 8,8 Prozent im Jahr 2004 auf zuletzt 7,6 Prozent legt ebenfalls nahe, dass es noch eine Menge Spielraum f\u00fcr eine Ausweitung der Produktion &#8211; und der Produktivit\u00e4t &#8211; gibt.<\/p>\n<p><img src='https:\/\/blog.zeit.de\/herdentrieb\/files\/old\/USA_Produktivitaet_Lohnstueckkosten_rev.gif' alt='USA-Produktivit&Atilde;&curren;tund Lohnstueckkosten' \/><\/p>\n<p>In den USA sieht es anders aus. Dort l\u00e4uft die Wirtschaft schon l\u00e4nger auf Hochtouren und hat sowohl am Arbeitsmarkt als auch beim Kapitalstock die Kapazit\u00e4tsgrenzen in greifbare N\u00e4he ger\u00fcckt. Unter anderem hat das dazu gef\u00fchrt, dass die Stundenl\u00f6hne um 4 Prozent \u00fcber ihren Vorjahreswerten liegen; die vergleichbare Zahl f\u00fcr Euroland betr\u00e4gt nur 2 Prozent. Andererseits ist das amerikanische Produktivit\u00e4tswachstum deutlich geringer geworden und bewegt sich &#8222;nur&#8220; noch in der Gr\u00f6\u00dfenordnung von 2 Prozent statt von 4 Prozent wie in den drei Jahren von 2002 bis 2004, mit der Folge, dass die amerikanischen Lohnst\u00fcckkosten viel rascher steigen als die europ\u00e4ischen. Nicht nur steigen daher die Gewinne der europ\u00e4ischen Unternehmen viel schneller als die der amerikanischen, auch die relative Wettbewerbsf\u00e4higkeit der Europ\u00e4er verbessert sich (solange der Euro nicht st\u00e4rker aufwertet).<\/p>\n","protected":false},"excerpt":{"rendered":"<p>Morgen bekommen wir f\u00fcr Deutschland und den Euroraum die erste Sch\u00e4tzung f\u00fcr das reale Bruttoinlandsprodukt im 4. Quartal. Nach den Indikatoren, die uns bereits vorliegen, sieht es danach aus, als ob die Zuwachsraten im Vorjahresvergleich in beiden F\u00e4llen bei 3 Prozent oder etwas dar\u00fcber liegen werden. Die Konjunktur brummt, wenn auch nicht so sehr, wie [&hellip;]<\/p>\n","protected":false},"author":61,"featured_media":0,"comment_status":"open","ping_status":"closed","sticky":false,"template":"","format":"standard","meta":{"_jetpack_memberships_contains_paid_content":false,"footnotes":""},"categories":[3],"tags":[],"class_list":["post-124","post","type-post","status-publish","format-standard","hentry","category-der-aktuelle-rand"],"yoast_head":"<!-- This site is optimized with the Yoast SEO plugin v21.0 - https:\/\/yoast.com\/wordpress\/plugins\/seo\/ -->\n<title>Die europ\u00e4ische Produktivit\u00e4t steigt wieder st\u00e4rker - Herdentrieb<\/title>\n<meta name=\"robots\" content=\"index, follow, max-snippet:-1, max-image-preview:large, max-video-preview:-1\" \/>\n<link rel=\"canonical\" href=\"https:\/\/blog.zeit.de\/herdentrieb\/2007\/02\/12\/die-europaische-produktivitat-steigt-wieder-starker_124\" \/>\n<meta property=\"og:locale\" content=\"de_DE\" \/>\n<meta property=\"og:type\" content=\"article\" \/>\n<meta property=\"og:title\" content=\"Die europ\u00e4ische Produktivit\u00e4t steigt wieder st\u00e4rker - Herdentrieb\" \/>\n<meta property=\"og:description\" content=\"Morgen bekommen wir f\u00fcr Deutschland und den Euroraum die erste Sch\u00e4tzung f\u00fcr das reale Bruttoinlandsprodukt im 4. Quartal. Nach den Indikatoren, die uns bereits vorliegen, sieht es danach aus, als ob die Zuwachsraten im Vorjahresvergleich in beiden F\u00e4llen bei 3 Prozent oder etwas dar\u00fcber liegen werden. Die Konjunktur brummt, wenn auch nicht so sehr, wie [&hellip;]\" \/>\n<meta property=\"og:url\" content=\"https:\/\/blog.zeit.de\/herdentrieb\/2007\/02\/12\/die-europaische-produktivitat-steigt-wieder-starker_124\" \/>\n<meta property=\"og:site_name\" content=\"Herdentrieb\" \/>\n<meta property=\"article:published_time\" content=\"2007-02-12T12:15:07+00:00\" \/>\n<meta property=\"og:image\" content=\"https:\/\/blog.zeit.de\/herdentrieb\/files\/old\/Euroland_Produktivitaet_Lohnstueckkosten_rev.gif\" \/>\n<meta name=\"author\" content=\"Dieter Wermuth\" \/>\n<meta name=\"twitter:card\" content=\"summary_large_image\" \/>\n<meta name=\"twitter:creator\" content=\"@zeitonline\" \/>\n<meta name=\"twitter:site\" content=\"@zeitonline\" \/>\n<meta name=\"twitter:label1\" content=\"Geschrieben von\" \/>\n\t<meta name=\"twitter:data1\" content=\"Dieter Wermuth\" \/>\n\t<meta name=\"twitter:label2\" content=\"Gesch\u00e4tzte Lesezeit\" \/>\n\t<meta name=\"twitter:data2\" content=\"3\u00a0Minuten\" \/>\n<script type=\"application\/ld+json\" class=\"yoast-schema-graph\">{\"@context\":\"https:\/\/schema.org\",\"@graph\":[{\"@type\":\"WebPage\",\"@id\":\"https:\/\/blog.zeit.de\/herdentrieb\/2007\/02\/12\/die-europaische-produktivitat-steigt-wieder-starker_124\",\"url\":\"https:\/\/blog.zeit.de\/herdentrieb\/2007\/02\/12\/die-europaische-produktivitat-steigt-wieder-starker_124\",\"name\":\"Die europ\u00e4ische Produktivit\u00e4t steigt wieder st\u00e4rker - Herdentrieb\",\"isPartOf\":{\"@id\":\"https:\/\/blog.zeit.de\/herdentrieb\/#website\"},\"datePublished\":\"2007-02-12T12:15:07+00:00\",\"dateModified\":\"2007-02-12T12:15:07+00:00\",\"author\":{\"@id\":\"https:\/\/blog.zeit.de\/herdentrieb\/#\/schema\/person\/cded255e8a7893fa16565de10e59b891\"},\"breadcrumb\":{\"@id\":\"https:\/\/blog.zeit.de\/herdentrieb\/2007\/02\/12\/die-europaische-produktivitat-steigt-wieder-starker_124#breadcrumb\"},\"inLanguage\":\"de\",\"potentialAction\":[{\"@type\":\"ReadAction\",\"target\":[\"https:\/\/blog.zeit.de\/herdentrieb\/2007\/02\/12\/die-europaische-produktivitat-steigt-wieder-starker_124\"]}]},{\"@type\":\"BreadcrumbList\",\"@id\":\"https:\/\/blog.zeit.de\/herdentrieb\/2007\/02\/12\/die-europaische-produktivitat-steigt-wieder-starker_124#breadcrumb\",\"itemListElement\":[{\"@type\":\"ListItem\",\"position\":1,\"name\":\"Startseite\",\"item\":\"https:\/\/blog.zeit.de\/herdentrieb\"},{\"@type\":\"ListItem\",\"position\":2,\"name\":\"Die europ\u00e4ische Produktivit\u00e4t steigt wieder st\u00e4rker\"}]},{\"@type\":\"WebSite\",\"@id\":\"https:\/\/blog.zeit.de\/herdentrieb\/#website\",\"url\":\"https:\/\/blog.zeit.de\/herdentrieb\/\",\"name\":\"Herdentrieb\",\"description\":\"So funktioniert Kapitalismus. Ein Blog\",\"potentialAction\":[{\"@type\":\"SearchAction\",\"target\":{\"@type\":\"EntryPoint\",\"urlTemplate\":\"https:\/\/blog.zeit.de\/herdentrieb\/?s={search_term_string}\"},\"query-input\":\"required name=search_term_string\"}],\"inLanguage\":\"de\"},{\"@type\":\"Person\",\"@id\":\"https:\/\/blog.zeit.de\/herdentrieb\/#\/schema\/person\/cded255e8a7893fa16565de10e59b891\",\"name\":\"Dieter Wermuth\",\"image\":{\"@type\":\"ImageObject\",\"inLanguage\":\"de\",\"@id\":\"https:\/\/blog.zeit.de\/herdentrieb\/#\/schema\/person\/image\/\",\"url\":\"https:\/\/secure.gravatar.com\/avatar\/17b936dcdfff00d08ede21a6c8044f16e55bc8832ed4a15d30fdb3dcfd0adec3?s=96&d=mm&r=g\",\"contentUrl\":\"https:\/\/secure.gravatar.com\/avatar\/17b936dcdfff00d08ede21a6c8044f16e55bc8832ed4a15d30fdb3dcfd0adec3?s=96&d=mm&r=g\",\"caption\":\"Dieter Wermuth\"},\"url\":\"https:\/\/blog.zeit.de\/herdentrieb\/author\/dieter-wermuth\"}]}<\/script>\n<!-- \/ Yoast SEO plugin. -->","yoast_head_json":{"title":"Die europ\u00e4ische Produktivit\u00e4t steigt wieder st\u00e4rker - Herdentrieb","robots":{"index":"index","follow":"follow","max-snippet":"max-snippet:-1","max-image-preview":"max-image-preview:large","max-video-preview":"max-video-preview:-1"},"canonical":"https:\/\/blog.zeit.de\/herdentrieb\/2007\/02\/12\/die-europaische-produktivitat-steigt-wieder-starker_124","og_locale":"de_DE","og_type":"article","og_title":"Die europ\u00e4ische Produktivit\u00e4t steigt wieder st\u00e4rker - Herdentrieb","og_description":"Morgen bekommen wir f\u00fcr Deutschland und den Euroraum die erste Sch\u00e4tzung f\u00fcr das reale Bruttoinlandsprodukt im 4. Quartal. Nach den Indikatoren, die uns bereits vorliegen, sieht es danach aus, als ob die Zuwachsraten im Vorjahresvergleich in beiden F\u00e4llen bei 3 Prozent oder etwas dar\u00fcber liegen werden. Die Konjunktur brummt, wenn auch nicht so sehr, wie [&hellip;]","og_url":"https:\/\/blog.zeit.de\/herdentrieb\/2007\/02\/12\/die-europaische-produktivitat-steigt-wieder-starker_124","og_site_name":"Herdentrieb","article_published_time":"2007-02-12T12:15:07+00:00","og_image":[{"url":"https:\/\/blog.zeit.de\/herdentrieb\/files\/old\/Euroland_Produktivitaet_Lohnstueckkosten_rev.gif"}],"author":"Dieter Wermuth","twitter_card":"summary_large_image","twitter_creator":"@zeitonline","twitter_site":"@zeitonline","twitter_misc":{"Geschrieben von":"Dieter Wermuth","Gesch\u00e4tzte Lesezeit":"3\u00a0Minuten"},"schema":{"@context":"https:\/\/schema.org","@graph":[{"@type":"WebPage","@id":"https:\/\/blog.zeit.de\/herdentrieb\/2007\/02\/12\/die-europaische-produktivitat-steigt-wieder-starker_124","url":"https:\/\/blog.zeit.de\/herdentrieb\/2007\/02\/12\/die-europaische-produktivitat-steigt-wieder-starker_124","name":"Die europ\u00e4ische Produktivit\u00e4t steigt wieder st\u00e4rker - Herdentrieb","isPartOf":{"@id":"https:\/\/blog.zeit.de\/herdentrieb\/#website"},"datePublished":"2007-02-12T12:15:07+00:00","dateModified":"2007-02-12T12:15:07+00:00","author":{"@id":"https:\/\/blog.zeit.de\/herdentrieb\/#\/schema\/person\/cded255e8a7893fa16565de10e59b891"},"breadcrumb":{"@id":"https:\/\/blog.zeit.de\/herdentrieb\/2007\/02\/12\/die-europaische-produktivitat-steigt-wieder-starker_124#breadcrumb"},"inLanguage":"de","potentialAction":[{"@type":"ReadAction","target":["https:\/\/blog.zeit.de\/herdentrieb\/2007\/02\/12\/die-europaische-produktivitat-steigt-wieder-starker_124"]}]},{"@type":"BreadcrumbList","@id":"https:\/\/blog.zeit.de\/herdentrieb\/2007\/02\/12\/die-europaische-produktivitat-steigt-wieder-starker_124#breadcrumb","itemListElement":[{"@type":"ListItem","position":1,"name":"Startseite","item":"https:\/\/blog.zeit.de\/herdentrieb"},{"@type":"ListItem","position":2,"name":"Die europ\u00e4ische Produktivit\u00e4t steigt wieder st\u00e4rker"}]},{"@type":"WebSite","@id":"https:\/\/blog.zeit.de\/herdentrieb\/#website","url":"https:\/\/blog.zeit.de\/herdentrieb\/","name":"Herdentrieb","description":"So funktioniert Kapitalismus. Ein Blog","potentialAction":[{"@type":"SearchAction","target":{"@type":"EntryPoint","urlTemplate":"https:\/\/blog.zeit.de\/herdentrieb\/?s={search_term_string}"},"query-input":"required name=search_term_string"}],"inLanguage":"de"},{"@type":"Person","@id":"https:\/\/blog.zeit.de\/herdentrieb\/#\/schema\/person\/cded255e8a7893fa16565de10e59b891","name":"Dieter Wermuth","image":{"@type":"ImageObject","inLanguage":"de","@id":"https:\/\/blog.zeit.de\/herdentrieb\/#\/schema\/person\/image\/","url":"https:\/\/secure.gravatar.com\/avatar\/17b936dcdfff00d08ede21a6c8044f16e55bc8832ed4a15d30fdb3dcfd0adec3?s=96&d=mm&r=g","contentUrl":"https:\/\/secure.gravatar.com\/avatar\/17b936dcdfff00d08ede21a6c8044f16e55bc8832ed4a15d30fdb3dcfd0adec3?s=96&d=mm&r=g","caption":"Dieter Wermuth"},"url":"https:\/\/blog.zeit.de\/herdentrieb\/author\/dieter-wermuth"}]}},"jetpack_featured_media_url":"","jetpack_sharing_enabled":true,"_links":{"self":[{"href":"https:\/\/blog.zeit.de\/herdentrieb\/wp-json\/wp\/v2\/posts\/124","targetHints":{"allow":["GET"]}}],"collection":[{"href":"https:\/\/blog.zeit.de\/herdentrieb\/wp-json\/wp\/v2\/posts"}],"about":[{"href":"https:\/\/blog.zeit.de\/herdentrieb\/wp-json\/wp\/v2\/types\/post"}],"author":[{"embeddable":true,"href":"https:\/\/blog.zeit.de\/herdentrieb\/wp-json\/wp\/v2\/users\/61"}],"replies":[{"embeddable":true,"href":"https:\/\/blog.zeit.de\/herdentrieb\/wp-json\/wp\/v2\/comments?post=124"}],"version-history":[{"count":0,"href":"https:\/\/blog.zeit.de\/herdentrieb\/wp-json\/wp\/v2\/posts\/124\/revisions"}],"wp:attachment":[{"href":"https:\/\/blog.zeit.de\/herdentrieb\/wp-json\/wp\/v2\/media?parent=124"}],"wp:term":[{"taxonomy":"category","embeddable":true,"href":"https:\/\/blog.zeit.de\/herdentrieb\/wp-json\/wp\/v2\/categories?post=124"},{"taxonomy":"post_tag","embeddable":true,"href":"https:\/\/blog.zeit.de\/herdentrieb\/wp-json\/wp\/v2\/tags?post=124"}],"curies":[{"name":"wp","href":"https:\/\/api.w.org\/{rel}","templated":true}]}}