{"id":138,"date":"2007-03-01T17:01:24","date_gmt":"2007-03-01T16:01:24","guid":{"rendered":"http:\/\/blog.zeit.de\/herdentrieb\/?p=138"},"modified":"2007-03-01T17:01:24","modified_gmt":"2007-03-01T16:01:24","slug":"bip-auch-im-ersten-quartal-auf-expansionskurs","status":"publish","type":"post","link":"https:\/\/blog.zeit.de\/herdentrieb\/2007\/03\/01\/bip-auch-im-ersten-quartal-auf-expansionskurs_138","title":{"rendered":"BIP auch im ersten Quartal auf Expansionskurs"},"content":{"rendered":"<p>Der Aktienmarkt ist am heutigen Donnerstag zwar wiederum eingebrochen und es liegt ein bisschen Panik in der Luft, trotzdem will ich mich mal nicht beirren lassen und die geneigten Leser auf etwas ziemlich Positives hinweisen: Es sieht n\u00e4mlich danach aus, als ob das deutsche Sozialprodukt auch im ersten Quartal 2007 kr\u00e4ftig zulegen wird, nachdem es im vierten Quartal 2006 seinen Vorjahresstand real bereits um 3,7 Prozent \u00fcbertroffen hatte.<br \/>\n<!--more--><br \/>\n<img src='https:\/\/blog.zeit.de\/herdentrieb\/files\/old\/Erwerbtaetige_und_BIP_0703.gif' alt='Besch&Atilde;&curren;ftigung und Wachstum Q1 2007' \/><\/p>\n<p>Es gibt einen engen Zusammenhang zwischen Wachstum und Besch\u00e4ftigung, wie man der ersten Graphik entnehmen kann. Das reale BIP expandiert tendenziell immer rascher als die Anzahl der Jobs &#8211; die Differenz steht f\u00fcr die Ver\u00e4nderung der Produktivit\u00e4t auf Pro-Kopf-Basis. Das \u00e4ndert nichts daran, dass sich die beiden Kurven im Gleichschritt bewegen. Ein Vorlauf oder Nachlauf ist dabei nicht zu erkennen.<\/p>\n<p><img src='https:\/\/blog.zeit.de\/herdentrieb\/files\/old\/Erwerbstaetige_und_Arbeitslose_Aenderung_0703.gif' alt='Erwerbtst&Atilde;&curren;tige und Arbeitslose - &Atilde;?nderung' \/><\/p>\n<p>Im vierten Quartal lag die Anzahl der Besch\u00e4ftigten um 1,13 Prozent h\u00f6her als im Jahr zuvor. Nach den Arbeitslosenzahlen f\u00fcr die beiden ersten Monate und die Besch\u00e4ftigungszahlen f\u00fcr den ersten Monat des Jahres l\u00e4sst sich die Zuwachsrate f\u00fcr die Besch\u00e4ftigung des ersten Quartals einigerma\u00dfen sicher absch\u00e4tzen. Den Zusammenhang zwischen der Ver\u00e4nderung der Arbeitslosigkeit und der Anzahl der Jobs zeigt die zweite Graphik.<\/p>\n<p>Da die Arbeitslosigkeit saisonbereinigt im ersten Quartal um rund 300.000 niedriger liegen d\u00fcrfte als im vierten, vermute ich, dass die Besch\u00e4ftigung um etwa 200.000 h\u00f6her sein wird, womit sie ihren Vorjahresstand um nicht weniger als 1,68 Prozent \u00fcbertreffen w\u00fcrde. Das hei\u00dft auch, dass die Industrieproduktion &#8211; in ein paar Tagen bekommen wir die ersten Werte f\u00fcr Januar &#8211; weiter im Aufschwung ist.<\/p>\n<p>Wichtiger ist in diesem Zusammenhang, dass eine Zunahme der Besch\u00e4ftigung um, wie gesagt, saisonbereinigt 200.000 einhergeht mit einer Zunahme des BIP, die mindestens ebenso stark ausfallen d\u00fcrfte wie die zwischen dem dritten und vierten Quartal, also um 0,9 Prozent oder mehr. Vielleicht werden es 1 Prozent oder 1,1 Prozent. Damit l\u00e4ge das reale BIP um 3,9 Prozent \u00fcber seinem Vorjahreswert. Klingt unglaublich. Aber damit sich eine niedrigere Wachstumsrate ergibt, m\u00fcsste es im M\u00e4rz einen scharfen Anstieg der Arbeitslosigkeit geben, wonach es aber \u00fcberhaupt nicht aussieht.<\/p>\n<p>Die EZB wird keinen Anlass sehen, von ihrer Strategie der Zinserh\u00f6hung abzulassen, es sei denn, der Ausverkauf am Aktienmarkt entwickelt sich zu einer Katastrophe. Das ist aber auch nicht so wahrscheinlich, weil die Bewertungen ja keineswegs \u00fcberzogen sind. Das Defizit des Staates steuert w\u00e4hrenddessen mit gro\u00dfen Schritten auf die Nullmarke zu.<\/p>\n","protected":false},"excerpt":{"rendered":"<p>Der Aktienmarkt ist am heutigen Donnerstag zwar wiederum eingebrochen und es liegt ein bisschen Panik in der Luft, trotzdem will ich mich mal nicht beirren lassen und die geneigten Leser auf etwas ziemlich Positives hinweisen: Es sieht n\u00e4mlich danach aus, als ob das deutsche Sozialprodukt auch im ersten Quartal 2007 kr\u00e4ftig zulegen wird, nachdem es [&hellip;]<\/p>\n","protected":false},"author":61,"featured_media":0,"comment_status":"open","ping_status":"closed","sticky":false,"template":"","format":"standard","meta":{"_jetpack_memberships_contains_paid_content":false,"footnotes":""},"categories":[3],"tags":[],"class_list":["post-138","post","type-post","status-publish","format-standard","hentry","category-der-aktuelle-rand"],"yoast_head":"<!-- This site is optimized with the Yoast SEO plugin v21.0 - https:\/\/yoast.com\/wordpress\/plugins\/seo\/ -->\n<title>BIP auch im ersten Quartal auf Expansionskurs - Herdentrieb<\/title>\n<meta name=\"robots\" content=\"index, follow, max-snippet:-1, max-image-preview:large, max-video-preview:-1\" \/>\n<link rel=\"canonical\" href=\"https:\/\/blog.zeit.de\/herdentrieb\/2007\/03\/01\/bip-auch-im-ersten-quartal-auf-expansionskurs_138\" \/>\n<meta property=\"og:locale\" content=\"de_DE\" \/>\n<meta property=\"og:type\" content=\"article\" \/>\n<meta property=\"og:title\" content=\"BIP auch im ersten Quartal auf Expansionskurs - Herdentrieb\" \/>\n<meta property=\"og:description\" content=\"Der Aktienmarkt ist am heutigen Donnerstag zwar wiederum eingebrochen und es liegt ein bisschen Panik in der Luft, trotzdem will ich mich mal nicht beirren lassen und die geneigten Leser auf etwas ziemlich Positives hinweisen: Es sieht n\u00e4mlich danach aus, als ob das deutsche Sozialprodukt auch im ersten Quartal 2007 kr\u00e4ftig zulegen wird, nachdem es [&hellip;]\" \/>\n<meta property=\"og:url\" content=\"https:\/\/blog.zeit.de\/herdentrieb\/2007\/03\/01\/bip-auch-im-ersten-quartal-auf-expansionskurs_138\" \/>\n<meta property=\"og:site_name\" content=\"Herdentrieb\" \/>\n<meta property=\"article:published_time\" content=\"2007-03-01T16:01:24+00:00\" \/>\n<meta property=\"og:image\" content=\"https:\/\/blog.zeit.de\/herdentrieb\/files\/old\/Erwerbtaetige_und_BIP_0703.gif\" \/>\n<meta name=\"author\" content=\"Dieter Wermuth\" \/>\n<meta name=\"twitter:card\" content=\"summary_large_image\" \/>\n<meta name=\"twitter:creator\" content=\"@zeitonline\" \/>\n<meta name=\"twitter:site\" content=\"@zeitonline\" \/>\n<meta name=\"twitter:label1\" content=\"Geschrieben von\" \/>\n\t<meta name=\"twitter:data1\" content=\"Dieter Wermuth\" \/>\n\t<meta name=\"twitter:label2\" content=\"Gesch\u00e4tzte Lesezeit\" \/>\n\t<meta name=\"twitter:data2\" content=\"2\u00a0Minuten\" \/>\n<script type=\"application\/ld+json\" class=\"yoast-schema-graph\">{\"@context\":\"https:\/\/schema.org\",\"@graph\":[{\"@type\":\"WebPage\",\"@id\":\"https:\/\/blog.zeit.de\/herdentrieb\/2007\/03\/01\/bip-auch-im-ersten-quartal-auf-expansionskurs_138\",\"url\":\"https:\/\/blog.zeit.de\/herdentrieb\/2007\/03\/01\/bip-auch-im-ersten-quartal-auf-expansionskurs_138\",\"name\":\"BIP auch im ersten Quartal auf Expansionskurs - Herdentrieb\",\"isPartOf\":{\"@id\":\"https:\/\/blog.zeit.de\/herdentrieb\/#website\"},\"datePublished\":\"2007-03-01T16:01:24+00:00\",\"dateModified\":\"2007-03-01T16:01:24+00:00\",\"author\":{\"@id\":\"https:\/\/blog.zeit.de\/herdentrieb\/#\/schema\/person\/cded255e8a7893fa16565de10e59b891\"},\"breadcrumb\":{\"@id\":\"https:\/\/blog.zeit.de\/herdentrieb\/2007\/03\/01\/bip-auch-im-ersten-quartal-auf-expansionskurs_138#breadcrumb\"},\"inLanguage\":\"de\",\"potentialAction\":[{\"@type\":\"ReadAction\",\"target\":[\"https:\/\/blog.zeit.de\/herdentrieb\/2007\/03\/01\/bip-auch-im-ersten-quartal-auf-expansionskurs_138\"]}]},{\"@type\":\"BreadcrumbList\",\"@id\":\"https:\/\/blog.zeit.de\/herdentrieb\/2007\/03\/01\/bip-auch-im-ersten-quartal-auf-expansionskurs_138#breadcrumb\",\"itemListElement\":[{\"@type\":\"ListItem\",\"position\":1,\"name\":\"Startseite\",\"item\":\"https:\/\/blog.zeit.de\/herdentrieb\"},{\"@type\":\"ListItem\",\"position\":2,\"name\":\"BIP auch im ersten Quartal auf Expansionskurs\"}]},{\"@type\":\"WebSite\",\"@id\":\"https:\/\/blog.zeit.de\/herdentrieb\/#website\",\"url\":\"https:\/\/blog.zeit.de\/herdentrieb\/\",\"name\":\"Herdentrieb\",\"description\":\"So funktioniert Kapitalismus. Ein Blog\",\"potentialAction\":[{\"@type\":\"SearchAction\",\"target\":{\"@type\":\"EntryPoint\",\"urlTemplate\":\"https:\/\/blog.zeit.de\/herdentrieb\/?s={search_term_string}\"},\"query-input\":\"required name=search_term_string\"}],\"inLanguage\":\"de\"},{\"@type\":\"Person\",\"@id\":\"https:\/\/blog.zeit.de\/herdentrieb\/#\/schema\/person\/cded255e8a7893fa16565de10e59b891\",\"name\":\"Dieter Wermuth\",\"image\":{\"@type\":\"ImageObject\",\"inLanguage\":\"de\",\"@id\":\"https:\/\/blog.zeit.de\/herdentrieb\/#\/schema\/person\/image\/\",\"url\":\"https:\/\/secure.gravatar.com\/avatar\/17b936dcdfff00d08ede21a6c8044f16e55bc8832ed4a15d30fdb3dcfd0adec3?s=96&d=mm&r=g\",\"contentUrl\":\"https:\/\/secure.gravatar.com\/avatar\/17b936dcdfff00d08ede21a6c8044f16e55bc8832ed4a15d30fdb3dcfd0adec3?s=96&d=mm&r=g\",\"caption\":\"Dieter Wermuth\"},\"url\":\"https:\/\/blog.zeit.de\/herdentrieb\/author\/dieter-wermuth\"}]}<\/script>\n<!-- \/ Yoast SEO plugin. -->","yoast_head_json":{"title":"BIP auch im ersten Quartal auf Expansionskurs - Herdentrieb","robots":{"index":"index","follow":"follow","max-snippet":"max-snippet:-1","max-image-preview":"max-image-preview:large","max-video-preview":"max-video-preview:-1"},"canonical":"https:\/\/blog.zeit.de\/herdentrieb\/2007\/03\/01\/bip-auch-im-ersten-quartal-auf-expansionskurs_138","og_locale":"de_DE","og_type":"article","og_title":"BIP auch im ersten Quartal auf Expansionskurs - Herdentrieb","og_description":"Der Aktienmarkt ist am heutigen Donnerstag zwar wiederum eingebrochen und es liegt ein bisschen Panik in der Luft, trotzdem will ich mich mal nicht beirren lassen und die geneigten Leser auf etwas ziemlich Positives hinweisen: Es sieht n\u00e4mlich danach aus, als ob das deutsche Sozialprodukt auch im ersten Quartal 2007 kr\u00e4ftig zulegen wird, nachdem es [&hellip;]","og_url":"https:\/\/blog.zeit.de\/herdentrieb\/2007\/03\/01\/bip-auch-im-ersten-quartal-auf-expansionskurs_138","og_site_name":"Herdentrieb","article_published_time":"2007-03-01T16:01:24+00:00","og_image":[{"url":"https:\/\/blog.zeit.de\/herdentrieb\/files\/old\/Erwerbtaetige_und_BIP_0703.gif"}],"author":"Dieter Wermuth","twitter_card":"summary_large_image","twitter_creator":"@zeitonline","twitter_site":"@zeitonline","twitter_misc":{"Geschrieben von":"Dieter Wermuth","Gesch\u00e4tzte Lesezeit":"2\u00a0Minuten"},"schema":{"@context":"https:\/\/schema.org","@graph":[{"@type":"WebPage","@id":"https:\/\/blog.zeit.de\/herdentrieb\/2007\/03\/01\/bip-auch-im-ersten-quartal-auf-expansionskurs_138","url":"https:\/\/blog.zeit.de\/herdentrieb\/2007\/03\/01\/bip-auch-im-ersten-quartal-auf-expansionskurs_138","name":"BIP auch im ersten Quartal auf Expansionskurs - Herdentrieb","isPartOf":{"@id":"https:\/\/blog.zeit.de\/herdentrieb\/#website"},"datePublished":"2007-03-01T16:01:24+00:00","dateModified":"2007-03-01T16:01:24+00:00","author":{"@id":"https:\/\/blog.zeit.de\/herdentrieb\/#\/schema\/person\/cded255e8a7893fa16565de10e59b891"},"breadcrumb":{"@id":"https:\/\/blog.zeit.de\/herdentrieb\/2007\/03\/01\/bip-auch-im-ersten-quartal-auf-expansionskurs_138#breadcrumb"},"inLanguage":"de","potentialAction":[{"@type":"ReadAction","target":["https:\/\/blog.zeit.de\/herdentrieb\/2007\/03\/01\/bip-auch-im-ersten-quartal-auf-expansionskurs_138"]}]},{"@type":"BreadcrumbList","@id":"https:\/\/blog.zeit.de\/herdentrieb\/2007\/03\/01\/bip-auch-im-ersten-quartal-auf-expansionskurs_138#breadcrumb","itemListElement":[{"@type":"ListItem","position":1,"name":"Startseite","item":"https:\/\/blog.zeit.de\/herdentrieb"},{"@type":"ListItem","position":2,"name":"BIP auch im ersten Quartal auf Expansionskurs"}]},{"@type":"WebSite","@id":"https:\/\/blog.zeit.de\/herdentrieb\/#website","url":"https:\/\/blog.zeit.de\/herdentrieb\/","name":"Herdentrieb","description":"So funktioniert Kapitalismus. Ein Blog","potentialAction":[{"@type":"SearchAction","target":{"@type":"EntryPoint","urlTemplate":"https:\/\/blog.zeit.de\/herdentrieb\/?s={search_term_string}"},"query-input":"required name=search_term_string"}],"inLanguage":"de"},{"@type":"Person","@id":"https:\/\/blog.zeit.de\/herdentrieb\/#\/schema\/person\/cded255e8a7893fa16565de10e59b891","name":"Dieter Wermuth","image":{"@type":"ImageObject","inLanguage":"de","@id":"https:\/\/blog.zeit.de\/herdentrieb\/#\/schema\/person\/image\/","url":"https:\/\/secure.gravatar.com\/avatar\/17b936dcdfff00d08ede21a6c8044f16e55bc8832ed4a15d30fdb3dcfd0adec3?s=96&d=mm&r=g","contentUrl":"https:\/\/secure.gravatar.com\/avatar\/17b936dcdfff00d08ede21a6c8044f16e55bc8832ed4a15d30fdb3dcfd0adec3?s=96&d=mm&r=g","caption":"Dieter Wermuth"},"url":"https:\/\/blog.zeit.de\/herdentrieb\/author\/dieter-wermuth"}]}},"jetpack_featured_media_url":"","jetpack_sharing_enabled":true,"_links":{"self":[{"href":"https:\/\/blog.zeit.de\/herdentrieb\/wp-json\/wp\/v2\/posts\/138","targetHints":{"allow":["GET"]}}],"collection":[{"href":"https:\/\/blog.zeit.de\/herdentrieb\/wp-json\/wp\/v2\/posts"}],"about":[{"href":"https:\/\/blog.zeit.de\/herdentrieb\/wp-json\/wp\/v2\/types\/post"}],"author":[{"embeddable":true,"href":"https:\/\/blog.zeit.de\/herdentrieb\/wp-json\/wp\/v2\/users\/61"}],"replies":[{"embeddable":true,"href":"https:\/\/blog.zeit.de\/herdentrieb\/wp-json\/wp\/v2\/comments?post=138"}],"version-history":[{"count":0,"href":"https:\/\/blog.zeit.de\/herdentrieb\/wp-json\/wp\/v2\/posts\/138\/revisions"}],"wp:attachment":[{"href":"https:\/\/blog.zeit.de\/herdentrieb\/wp-json\/wp\/v2\/media?parent=138"}],"wp:term":[{"taxonomy":"category","embeddable":true,"href":"https:\/\/blog.zeit.de\/herdentrieb\/wp-json\/wp\/v2\/categories?post=138"},{"taxonomy":"post_tag","embeddable":true,"href":"https:\/\/blog.zeit.de\/herdentrieb\/wp-json\/wp\/v2\/tags?post=138"}],"curies":[{"name":"wp","href":"https:\/\/api.w.org\/{rel}","templated":true}]}}