{"id":1410,"date":"2010-02-22T11:45:33","date_gmt":"2010-02-22T10:45:33","guid":{"rendered":"http:\/\/blog.zeit.de\/herdentrieb\/?p=1410"},"modified":"2010-02-22T12:28:16","modified_gmt":"2010-02-22T11:28:16","slug":"danke-financial-times-deutschland","status":"publish","type":"post","link":"https:\/\/blog.zeit.de\/herdentrieb\/2010\/02\/22\/danke-financial-times-deutschland_1410","title":{"rendered":"Danke, Financial Times Deutschland!"},"content":{"rendered":"<p>Liebe <em>FTD<\/em>, <\/p>\n<p>zu Deinem zehnten Geburtstag einen dreifachen Dank:<br \/>\nDanke f\u00fcr zehn Jahre anregende Zeitungslekt\u00fcre. Danke f\u00fcr den Wirbel, den Du vor zehn, elf Jahren im deutschen Wirtschaftsjournalismus verursacht hast. Danke aber vor allem, f\u00fcr Thomas Fricke und sein Team, sowie f\u00fcr die Kolumne, Das KAPITAL. Ohne ihre Beharrlichkeit st\u00fcnde die deutsche volkswirtschaftliche Debatte heute noch weiter im Abseits als sie es ohnehin schon tut. Dein tollster Scoop war die Entzauberung von Hans-Werner Sinn. Aber der Reihe nach.<!--more--><\/p>\n<p>Seit der ersten Ausgabe bin ich ein treuer und oft angetaner Leser. Bereits um sechs Uhr liegst Du neben der <em>FR<\/em>, der <em>FAZ<\/em> und der <em>B\u00f6rsen-Zeitung<\/em> auf meinem Tisch. Angetan bin ich von der Aufmachung,  dem Layout und dem Mix in den  Meinungsbeitr\u00e4gen.<\/p>\n<p>Danke auch daf\u00fcr, dass Du vor elf Jahren ganz sch\u00f6nen Wirbel im etwas verstaubten, deutschen Wirtschaftsjournalismus ausgel\u00f6st hast.  Zum einen hast Du aus allen Redaktionen Herzst\u00fccke rausgerissen, so in der <em>B\u00f6rsen-Zeitung<\/em>, in der ich damals arbeitete, meinen damaligen Chef und <a href=\"https:\/\/blog.zeit.de\/herdentrieb\/die-hirten\">heutigen Hirten Lucas Zeise<\/a>, den klugen Norbert H\u00e4ring, der inzwischen beim Handelsblatt schreibt, den smarten Thomas Klau, der Dir noch als Gastautor erhalten ist, und und und. So ging es vielen Redaktionen und alles musste sich neu sortieren. <\/p>\n<p>Aber nicht nur personell hast Du gewirbelt. Auch mit Deinen Scoops hast Du uns vor Dir hergescheucht. Mit Deiner Respektlosigkeit hast Du uns braven deutschen Journalisten gezeigt, wie man es macht. <\/p>\n<p>Doch das gr\u00f6\u00dfte Verdienst der <em>FTD<\/em> ist ihre offene volkswirtschaftliche Haltung. Das KAPITAL ist f\u00fcr meinen Geschmack etwas zu sehr von der \u00d6sterreichischen Schule beeinflusst. Aber sei es drum, viel besser als plumper Neoliberalismus ist es allemal und viel spannender als all die Kommentare der  Liberalalas, man m\u00f6ge sie auch Tauschwirtschaftler nennen.  <\/p>\n<p>Fricke, der Chefvolkswirt hat vor allem 2000 ff. als einer der ganz wenigen in der Republik gegen den Mainstream gehalten. Damals war hier zu Lande alles so verkrustet, Sie glauben es nicht. Deutschland hat den Stabipakt gerissen, stand am Pranger und alles nur weil Gewerkschaften zu m\u00e4chtig waren, Arbeitsm\u00e4rkte zu inflexibel, der Staat zu fett etc. pp. Da haben Fricke, Dullien, inzwischen Professor und viele andere, so auch <a href=\"https:\/\/blog.zeit.de\/herdentrieb\/die-hirten\">der neue Hirte Mark Schieritz<\/a>, dagegen angeschrieben. Das war wichtig, hat es doch denen, die nicht der \u201ekatholischen Kirche\u201c beitreten wollten, die Option er\u00f6ffnet, anderes zu denken, zu lernen.<\/p>\n<p>Der Scoop schlechthin der vergangenen zehn Jahre steht heute leider nicht auf den Seiten <a href=\"http:\/\/www.ftd.de\/unternehmen\/10jahre\" target=\"_blank\">der Sonderbeilage &#8222;Zehn Jahre FTD&#8220;<\/a>. Es ist die Entzauberung von Gro\u00df\u00f6konom Hans-Werner Sinn. Die <em>FTD<\/em> wars, Fricke, Dullien und Co., die seine zentrale These in &#8222;Basar\u00f6konomie&#8220; entlarvten. Sinn hatte Exporte und Importe falsch abgetragen und war so zu dem Schluss gekommen, dass Deutschland permanent an Wettbewerbsf\u00e4higkeit verliere. Ja, Sie lesen richtig! Die <em>FTD<\/em> machte dann die Schlagzeile auf Seite 1: &#8222;Deutschland ist Exportweltmeister&#8220;. Und das war die Wahrheit! (<a href=\"http:\/\/www.dullien.net\/pdfs\/Beitrag%20Kromphardt.pdf\" target=\"_blank\">eine sch\u00f6ne Aufarbeitung des Falls und wie die anderen gro\u00dfen Zeitungen damit umgingen hier von Sebastian Dullien<\/a>)<\/p>\n<p>Super. Weiter so, meine liebe <em>FTD<\/em>. Du wirst auch in den n\u00e4chsten zehn Jahren noch gebraucht!<\/p>\n<p>Alles Gute zum Geburtstag<\/p>\n<p>Dein Robert Heusinger<\/p>\n","protected":false},"excerpt":{"rendered":"<p>Liebe FTD, zu Deinem zehnten Geburtstag einen dreifachen Dank: Danke f\u00fcr zehn Jahre anregende Zeitungslekt\u00fcre. Danke f\u00fcr den Wirbel, den Du vor zehn, elf Jahren im deutschen Wirtschaftsjournalismus verursacht hast. Danke aber vor allem, f\u00fcr Thomas Fricke und sein Team, sowie f\u00fcr die Kolumne, Das KAPITAL. Ohne ihre Beharrlichkeit st\u00fcnde die deutsche volkswirtschaftliche Debatte heute [&hellip;]<\/p>\n","protected":false},"author":59,"featured_media":0,"comment_status":"open","ping_status":"closed","sticky":false,"template":"","format":"standard","meta":{"_jetpack_memberships_contains_paid_content":false,"footnotes":""},"categories":[1259],"tags":[],"class_list":["post-1410","post","type-post","status-publish","format-standard","hentry","category-der-zeitungsleser"],"yoast_head":"<!-- This site is optimized with the Yoast SEO plugin v21.0 - https:\/\/yoast.com\/wordpress\/plugins\/seo\/ -->\n<title>Danke, Financial Times Deutschland! - Herdentrieb<\/title>\n<meta name=\"robots\" content=\"index, follow, max-snippet:-1, max-image-preview:large, max-video-preview:-1\" \/>\n<link rel=\"canonical\" href=\"https:\/\/blog.zeit.de\/herdentrieb\/2010\/02\/22\/danke-financial-times-deutschland_1410\" \/>\n<meta property=\"og:locale\" content=\"de_DE\" \/>\n<meta property=\"og:type\" content=\"article\" \/>\n<meta property=\"og:title\" content=\"Danke, Financial Times Deutschland! - Herdentrieb\" \/>\n<meta property=\"og:description\" content=\"Liebe FTD, zu Deinem zehnten Geburtstag einen dreifachen Dank: Danke f\u00fcr zehn Jahre anregende Zeitungslekt\u00fcre. Danke f\u00fcr den Wirbel, den Du vor zehn, elf Jahren im deutschen Wirtschaftsjournalismus verursacht hast. Danke aber vor allem, f\u00fcr Thomas Fricke und sein Team, sowie f\u00fcr die Kolumne, Das KAPITAL. Ohne ihre Beharrlichkeit st\u00fcnde die deutsche volkswirtschaftliche Debatte heute [&hellip;]\" \/>\n<meta property=\"og:url\" content=\"https:\/\/blog.zeit.de\/herdentrieb\/2010\/02\/22\/danke-financial-times-deutschland_1410\" \/>\n<meta property=\"og:site_name\" content=\"Herdentrieb\" \/>\n<meta property=\"article:published_time\" content=\"2010-02-22T10:45:33+00:00\" \/>\n<meta property=\"article:modified_time\" content=\"2010-02-22T11:28:16+00:00\" \/>\n<meta name=\"author\" content=\"Robert von Heusinger\" \/>\n<meta name=\"twitter:card\" content=\"summary_large_image\" \/>\n<meta name=\"twitter:creator\" content=\"@zeitonline\" \/>\n<meta name=\"twitter:site\" content=\"@zeitonline\" \/>\n<meta name=\"twitter:label1\" content=\"Geschrieben von\" \/>\n\t<meta name=\"twitter:data1\" content=\"Robert von Heusinger\" \/>\n\t<meta name=\"twitter:label2\" content=\"Gesch\u00e4tzte Lesezeit\" \/>\n\t<meta name=\"twitter:data2\" content=\"3\u00a0Minuten\" \/>\n<script type=\"application\/ld+json\" class=\"yoast-schema-graph\">{\"@context\":\"https:\/\/schema.org\",\"@graph\":[{\"@type\":\"WebPage\",\"@id\":\"https:\/\/blog.zeit.de\/herdentrieb\/2010\/02\/22\/danke-financial-times-deutschland_1410\",\"url\":\"https:\/\/blog.zeit.de\/herdentrieb\/2010\/02\/22\/danke-financial-times-deutschland_1410\",\"name\":\"Danke, Financial Times Deutschland! - Herdentrieb\",\"isPartOf\":{\"@id\":\"https:\/\/blog.zeit.de\/herdentrieb\/#website\"},\"datePublished\":\"2010-02-22T10:45:33+00:00\",\"dateModified\":\"2010-02-22T11:28:16+00:00\",\"author\":{\"@id\":\"https:\/\/blog.zeit.de\/herdentrieb\/#\/schema\/person\/359c269ac9be6a7a3529bff7b18ac5c4\"},\"breadcrumb\":{\"@id\":\"https:\/\/blog.zeit.de\/herdentrieb\/2010\/02\/22\/danke-financial-times-deutschland_1410#breadcrumb\"},\"inLanguage\":\"de\",\"potentialAction\":[{\"@type\":\"ReadAction\",\"target\":[\"https:\/\/blog.zeit.de\/herdentrieb\/2010\/02\/22\/danke-financial-times-deutschland_1410\"]}]},{\"@type\":\"BreadcrumbList\",\"@id\":\"https:\/\/blog.zeit.de\/herdentrieb\/2010\/02\/22\/danke-financial-times-deutschland_1410#breadcrumb\",\"itemListElement\":[{\"@type\":\"ListItem\",\"position\":1,\"name\":\"Startseite\",\"item\":\"https:\/\/blog.zeit.de\/herdentrieb\"},{\"@type\":\"ListItem\",\"position\":2,\"name\":\"Danke, Financial Times Deutschland!\"}]},{\"@type\":\"WebSite\",\"@id\":\"https:\/\/blog.zeit.de\/herdentrieb\/#website\",\"url\":\"https:\/\/blog.zeit.de\/herdentrieb\/\",\"name\":\"Herdentrieb\",\"description\":\"So funktioniert Kapitalismus. Ein Blog\",\"potentialAction\":[{\"@type\":\"SearchAction\",\"target\":{\"@type\":\"EntryPoint\",\"urlTemplate\":\"https:\/\/blog.zeit.de\/herdentrieb\/?s={search_term_string}\"},\"query-input\":\"required name=search_term_string\"}],\"inLanguage\":\"de\"},{\"@type\":\"Person\",\"@id\":\"https:\/\/blog.zeit.de\/herdentrieb\/#\/schema\/person\/359c269ac9be6a7a3529bff7b18ac5c4\",\"name\":\"Robert von Heusinger\",\"image\":{\"@type\":\"ImageObject\",\"inLanguage\":\"de\",\"@id\":\"https:\/\/blog.zeit.de\/herdentrieb\/#\/schema\/person\/image\/\",\"url\":\"https:\/\/secure.gravatar.com\/avatar\/a0b228cfe6009cf76b01362b64d1658814709a4497c9cdc2617816fa18a05d2f?s=96&d=mm&r=g\",\"contentUrl\":\"https:\/\/secure.gravatar.com\/avatar\/a0b228cfe6009cf76b01362b64d1658814709a4497c9cdc2617816fa18a05d2f?s=96&d=mm&r=g\",\"caption\":\"Robert von Heusinger\"},\"url\":\"https:\/\/blog.zeit.de\/herdentrieb\/author\/robert-von-heusinger\"}]}<\/script>\n<!-- \/ Yoast SEO plugin. -->","yoast_head_json":{"title":"Danke, Financial Times Deutschland! - Herdentrieb","robots":{"index":"index","follow":"follow","max-snippet":"max-snippet:-1","max-image-preview":"max-image-preview:large","max-video-preview":"max-video-preview:-1"},"canonical":"https:\/\/blog.zeit.de\/herdentrieb\/2010\/02\/22\/danke-financial-times-deutschland_1410","og_locale":"de_DE","og_type":"article","og_title":"Danke, Financial Times Deutschland! - Herdentrieb","og_description":"Liebe FTD, zu Deinem zehnten Geburtstag einen dreifachen Dank: Danke f\u00fcr zehn Jahre anregende Zeitungslekt\u00fcre. Danke f\u00fcr den Wirbel, den Du vor zehn, elf Jahren im deutschen Wirtschaftsjournalismus verursacht hast. Danke aber vor allem, f\u00fcr Thomas Fricke und sein Team, sowie f\u00fcr die Kolumne, Das KAPITAL. Ohne ihre Beharrlichkeit st\u00fcnde die deutsche volkswirtschaftliche Debatte heute [&hellip;]","og_url":"https:\/\/blog.zeit.de\/herdentrieb\/2010\/02\/22\/danke-financial-times-deutschland_1410","og_site_name":"Herdentrieb","article_published_time":"2010-02-22T10:45:33+00:00","article_modified_time":"2010-02-22T11:28:16+00:00","author":"Robert von Heusinger","twitter_card":"summary_large_image","twitter_creator":"@zeitonline","twitter_site":"@zeitonline","twitter_misc":{"Geschrieben von":"Robert von Heusinger","Gesch\u00e4tzte Lesezeit":"3\u00a0Minuten"},"schema":{"@context":"https:\/\/schema.org","@graph":[{"@type":"WebPage","@id":"https:\/\/blog.zeit.de\/herdentrieb\/2010\/02\/22\/danke-financial-times-deutschland_1410","url":"https:\/\/blog.zeit.de\/herdentrieb\/2010\/02\/22\/danke-financial-times-deutschland_1410","name":"Danke, Financial Times Deutschland! - Herdentrieb","isPartOf":{"@id":"https:\/\/blog.zeit.de\/herdentrieb\/#website"},"datePublished":"2010-02-22T10:45:33+00:00","dateModified":"2010-02-22T11:28:16+00:00","author":{"@id":"https:\/\/blog.zeit.de\/herdentrieb\/#\/schema\/person\/359c269ac9be6a7a3529bff7b18ac5c4"},"breadcrumb":{"@id":"https:\/\/blog.zeit.de\/herdentrieb\/2010\/02\/22\/danke-financial-times-deutschland_1410#breadcrumb"},"inLanguage":"de","potentialAction":[{"@type":"ReadAction","target":["https:\/\/blog.zeit.de\/herdentrieb\/2010\/02\/22\/danke-financial-times-deutschland_1410"]}]},{"@type":"BreadcrumbList","@id":"https:\/\/blog.zeit.de\/herdentrieb\/2010\/02\/22\/danke-financial-times-deutschland_1410#breadcrumb","itemListElement":[{"@type":"ListItem","position":1,"name":"Startseite","item":"https:\/\/blog.zeit.de\/herdentrieb"},{"@type":"ListItem","position":2,"name":"Danke, Financial Times Deutschland!"}]},{"@type":"WebSite","@id":"https:\/\/blog.zeit.de\/herdentrieb\/#website","url":"https:\/\/blog.zeit.de\/herdentrieb\/","name":"Herdentrieb","description":"So funktioniert Kapitalismus. Ein Blog","potentialAction":[{"@type":"SearchAction","target":{"@type":"EntryPoint","urlTemplate":"https:\/\/blog.zeit.de\/herdentrieb\/?s={search_term_string}"},"query-input":"required name=search_term_string"}],"inLanguage":"de"},{"@type":"Person","@id":"https:\/\/blog.zeit.de\/herdentrieb\/#\/schema\/person\/359c269ac9be6a7a3529bff7b18ac5c4","name":"Robert von Heusinger","image":{"@type":"ImageObject","inLanguage":"de","@id":"https:\/\/blog.zeit.de\/herdentrieb\/#\/schema\/person\/image\/","url":"https:\/\/secure.gravatar.com\/avatar\/a0b228cfe6009cf76b01362b64d1658814709a4497c9cdc2617816fa18a05d2f?s=96&d=mm&r=g","contentUrl":"https:\/\/secure.gravatar.com\/avatar\/a0b228cfe6009cf76b01362b64d1658814709a4497c9cdc2617816fa18a05d2f?s=96&d=mm&r=g","caption":"Robert von Heusinger"},"url":"https:\/\/blog.zeit.de\/herdentrieb\/author\/robert-von-heusinger"}]}},"jetpack_featured_media_url":"","jetpack_sharing_enabled":true,"_links":{"self":[{"href":"https:\/\/blog.zeit.de\/herdentrieb\/wp-json\/wp\/v2\/posts\/1410","targetHints":{"allow":["GET"]}}],"collection":[{"href":"https:\/\/blog.zeit.de\/herdentrieb\/wp-json\/wp\/v2\/posts"}],"about":[{"href":"https:\/\/blog.zeit.de\/herdentrieb\/wp-json\/wp\/v2\/types\/post"}],"author":[{"embeddable":true,"href":"https:\/\/blog.zeit.de\/herdentrieb\/wp-json\/wp\/v2\/users\/59"}],"replies":[{"embeddable":true,"href":"https:\/\/blog.zeit.de\/herdentrieb\/wp-json\/wp\/v2\/comments?post=1410"}],"version-history":[{"count":0,"href":"https:\/\/blog.zeit.de\/herdentrieb\/wp-json\/wp\/v2\/posts\/1410\/revisions"}],"wp:attachment":[{"href":"https:\/\/blog.zeit.de\/herdentrieb\/wp-json\/wp\/v2\/media?parent=1410"}],"wp:term":[{"taxonomy":"category","embeddable":true,"href":"https:\/\/blog.zeit.de\/herdentrieb\/wp-json\/wp\/v2\/categories?post=1410"},{"taxonomy":"post_tag","embeddable":true,"href":"https:\/\/blog.zeit.de\/herdentrieb\/wp-json\/wp\/v2\/tags?post=1410"}],"curies":[{"name":"wp","href":"https:\/\/api.w.org\/{rel}","templated":true}]}}