{"id":1930,"date":"2010-06-07T17:47:49","date_gmt":"2010-06-07T15:47:49","guid":{"rendered":"http:\/\/blog.zeit.de\/herdentrieb\/?p=1930"},"modified":"2010-06-07T17:52:50","modified_gmt":"2010-06-07T15:52:50","slug":"moralisch-verwerflich-und-okonomischer-selbstmord","status":"publish","type":"post","link":"https:\/\/blog.zeit.de\/herdentrieb\/2010\/06\/07\/moralisch-verwerflich-und-okonomischer-selbstmord_1930","title":{"rendered":"Moralisch verwerflich und \u00f6konomischer Selbstmord"},"content":{"rendered":"<p><a href=\"http:\/\/www.ftd.de\/politik\/deutschland\/:haushaltsklausur-koalition-braucht-laenger-zum-streichen\/50123501.html\" target=\"_blank\">Bei Familien und Arbeitslosen will die Bundesregierung jetzt sparen; bei denen, die die Krise ganz sicher nicht verursacht haben<\/a>. Das ist nicht nur schreiend ungerecht, sondern auch \u00f6konomisch gef\u00e4hrlich.<!--more--><\/p>\n<p>Wir erinnern uns (oder tut es die Bundesregierung nicht?): Der deutschen Wirtschaft ging es vor der Krise endlich wieder gut. Nach Jahren der Entbehrung, der Massenarbeitslosigkeit und der gro\u00dfen &#8222;Reformen&#8220; sank die Arbeitslosigkeit endlich wieder. Allerdings hatte man die deutschen Arbeitnehmer so klein gekriegt, dass sie auch im Aufschwung keine Lohnerh\u00f6hungen durchsetzen konnten. Gewonnen haben im letzten Aufschwung allein die Kapital- und Gewinneinkommensbezieher und die Gutverdiener. <a href=\"http:\/\/www.boeckler.de\/pdf\/v_2009_02_10_grabka.pdf\" target=\"_blank\">Die Mittelschicht verlor in den letzten zehn Jahren real an Einkommen, und die Armen erst recht<\/a>. Deswegen blieb trotz des Aufschwungs der Konsum schwach, allein Investitionen und der Export erledigten das Wachstum.<\/p>\n<p><img loading=\"lazy\" decoding=\"async\" src=\"https:\/\/blog.zeit.de\/herdentrieb\/files\/2010\/06\/Funktionale_Einkommensverteilung_10Q1.gif\" alt=\"Grafik: Funktionale Einkommensverteilung seit 1991\" title=\"Funktionale Einkommensverteilung seit 1991\" width=\"400\" height=\"338\" class=\"alignnone size-full wp-image-1932\" srcset=\"https:\/\/blog.zeit.de\/herdentrieb\/files\/2010\/06\/Funktionale_Einkommensverteilung_10Q1.gif 400w, https:\/\/blog.zeit.de\/herdentrieb\/files\/2010\/06\/Funktionale_Einkommensverteilung_10Q1-300x253.gif 300w\" sizes=\"auto, (max-width: 400px) 100vw, 400px\" \/><\/p>\n<p>Doch diese Strategie schlug zur\u00fcck: Der hohe Export machte die deutsche Wirtschaft zu sehr von der Weltkonjunktur abh\u00e4ngig. Die Kredite, die Banken nicht in Deutschland, sondern im Ausland vergaben, sind durch die internationale Schuldenkrise bedroht \u2013 was ja die Krise der deutschen Banken verursacht hat.<\/p>\n<p>Dabei werden die Gewinner des letzten Aufschwungs gerettet, wo es nur geht, ob Banken oder Autobauer, vor allem aber die Reichen. Die m\u00f6gen zwar durch den Einsturz der B\u00f6rsen etwas verloren haben, profitieren aber vor allem von den diversen Rettungsprogrammen aus Steuergeldern. Ohne diese Hilfen h\u00e4tten viele Reiche sehr viel gr\u00f6\u00dfere Teile ihres Verm\u00f6gens verloren.<\/p>\n<p>Was w\u00e4re die logische und moralisch richtige Konsequenz? Die Verm\u00f6genssteuer m\u00fcsste wieder erhoben werden; die Erbschaftssteuer und die Spitzensteuers\u00e4tze m\u00fcssten zudem erh\u00f6ht werden. Diejenigen, die allein im letzten Aufschwung auf Kosten der Arbeitnehmer gewonnen haben, m\u00fcssen jetzt auch solidarisch die Schwachen sch\u00fctzen. Denen bietet allein der Arbeitsplatz und der Sozialstaat ein wenig \u00f6konomische Sicherheit.<\/p>\n<p>Dass die Bundesregierung jetzt vor allem an Sozialem und an Familien sparen will und sich die FDP gar gegen jede Art von Steuererh\u00f6hungen stellt, hei\u00dft, dass das Gemeinwesen vollends zum politischen und \u00f6konomischen Opfer derjenigen wird, die durch ihre abgehobenen Renditeanspr\u00fcche (und die damit verbundene Spekulation) die Weltwirtschaft an den Rand des Abgrunds gebracht haben. Die Armen sollen die Reichen davor retten.<\/p>\n<p>Wenn es wirklich zu einem Sparen bei den Schw\u00e4chsten in dieser Gesellschaft kommt, ist das moralisch verwerflich. Der Schwur der Bundesregierung, dem Wohle des ganzen Volkes zu dienen, w\u00e4re gebrochen.<\/p>\n<p>Und auch \u00f6konomisch wird das Sparprogramm schwere Folgen haben: Die Binnennachfrage wird weiter geschw\u00e4cht, und die deutsche Volkswirtschaft weiterhin allein vom Auf und Ab der Weltwirtschaft abh\u00e4ngig gemacht. Haben denn die Kanzlerin und ihre Minister nichts aus der Krise gelernt?<\/p>\n<p>Ist durch die Krise nicht klar geworden, dass die deutschen Unternehmen nur deswegen so viel exportieren k\u00f6nnen, weil sich andere verschulden? Ist nicht der Kern der Krise der Import auf Pump, den die s\u00fcdlichen Europ\u00e4er genauso wie die USA oder Gro\u00dfbritannien betrieben haben?<\/p>\n<p>Wenn die Bundesregierung ernst mit ihrer Sparpolitik auf Kosten der Armen macht, zieht sie den Staat und die ganze Volkswirtschaft nicht nur in den \u00f6konomischen, sondern auch den moralischen Bankrott.<\/p>\n","protected":false},"excerpt":{"rendered":"<p>Bei Familien und Arbeitslosen will die Bundesregierung jetzt sparen; bei denen, die die Krise ganz sicher nicht verursacht haben. Das ist nicht nur schreiend ungerecht, sondern auch \u00f6konomisch gef\u00e4hrlich.<\/p>\n","protected":false},"author":62,"featured_media":0,"comment_status":"open","ping_status":"closed","sticky":false,"template":"","format":"standard","meta":{"_jetpack_memberships_contains_paid_content":false,"footnotes":""},"categories":[9],"tags":[],"class_list":["post-1930","post","type-post","status-publish","format-standard","hentry","category-konjunktur-und-wirtschaftspolitik"],"yoast_head":"<!-- This site is optimized with the Yoast SEO plugin v21.0 - https:\/\/yoast.com\/wordpress\/plugins\/seo\/ -->\n<title>Moralisch verwerflich und \u00f6konomischer Selbstmord - Herdentrieb<\/title>\n<meta name=\"robots\" content=\"index, follow, max-snippet:-1, max-image-preview:large, max-video-preview:-1\" \/>\n<link rel=\"canonical\" href=\"https:\/\/blog.zeit.de\/herdentrieb\/2010\/06\/07\/moralisch-verwerflich-und-okonomischer-selbstmord_1930\" \/>\n<meta property=\"og:locale\" content=\"de_DE\" \/>\n<meta property=\"og:type\" content=\"article\" \/>\n<meta property=\"og:title\" content=\"Moralisch verwerflich und \u00f6konomischer Selbstmord - Herdentrieb\" \/>\n<meta property=\"og:description\" content=\"Bei Familien und Arbeitslosen will die Bundesregierung jetzt sparen; bei denen, die die Krise ganz sicher nicht verursacht haben. Das ist nicht nur schreiend ungerecht, sondern auch \u00f6konomisch gef\u00e4hrlich.\" \/>\n<meta property=\"og:url\" content=\"https:\/\/blog.zeit.de\/herdentrieb\/2010\/06\/07\/moralisch-verwerflich-und-okonomischer-selbstmord_1930\" \/>\n<meta property=\"og:site_name\" content=\"Herdentrieb\" \/>\n<meta property=\"article:published_time\" content=\"2010-06-07T15:47:49+00:00\" \/>\n<meta property=\"article:modified_time\" content=\"2010-06-07T15:52:50+00:00\" \/>\n<meta property=\"og:image\" content=\"https:\/\/blog.zeit.de\/herdentrieb\/files\/2010\/06\/Funktionale_Einkommensverteilung_10Q1.gif\" \/>\n<meta name=\"author\" content=\"Fabian Lindner\" \/>\n<meta name=\"twitter:card\" content=\"summary_large_image\" \/>\n<meta name=\"twitter:creator\" content=\"@zeitonline\" \/>\n<meta name=\"twitter:site\" content=\"@zeitonline\" \/>\n<meta name=\"twitter:label1\" content=\"Geschrieben von\" \/>\n\t<meta name=\"twitter:data1\" content=\"Fabian Lindner\" \/>\n\t<meta name=\"twitter:label2\" content=\"Gesch\u00e4tzte Lesezeit\" \/>\n\t<meta name=\"twitter:data2\" content=\"3\u00a0Minuten\" \/>\n<script type=\"application\/ld+json\" class=\"yoast-schema-graph\">{\"@context\":\"https:\/\/schema.org\",\"@graph\":[{\"@type\":\"WebPage\",\"@id\":\"https:\/\/blog.zeit.de\/herdentrieb\/2010\/06\/07\/moralisch-verwerflich-und-okonomischer-selbstmord_1930\",\"url\":\"https:\/\/blog.zeit.de\/herdentrieb\/2010\/06\/07\/moralisch-verwerflich-und-okonomischer-selbstmord_1930\",\"name\":\"Moralisch verwerflich und \u00f6konomischer Selbstmord - Herdentrieb\",\"isPartOf\":{\"@id\":\"https:\/\/blog.zeit.de\/herdentrieb\/#website\"},\"datePublished\":\"2010-06-07T15:47:49+00:00\",\"dateModified\":\"2010-06-07T15:52:50+00:00\",\"author\":{\"@id\":\"https:\/\/blog.zeit.de\/herdentrieb\/#\/schema\/person\/3af429f21b9864fff68b8deb3de9270a\"},\"breadcrumb\":{\"@id\":\"https:\/\/blog.zeit.de\/herdentrieb\/2010\/06\/07\/moralisch-verwerflich-und-okonomischer-selbstmord_1930#breadcrumb\"},\"inLanguage\":\"de\",\"potentialAction\":[{\"@type\":\"ReadAction\",\"target\":[\"https:\/\/blog.zeit.de\/herdentrieb\/2010\/06\/07\/moralisch-verwerflich-und-okonomischer-selbstmord_1930\"]}]},{\"@type\":\"BreadcrumbList\",\"@id\":\"https:\/\/blog.zeit.de\/herdentrieb\/2010\/06\/07\/moralisch-verwerflich-und-okonomischer-selbstmord_1930#breadcrumb\",\"itemListElement\":[{\"@type\":\"ListItem\",\"position\":1,\"name\":\"Startseite\",\"item\":\"https:\/\/blog.zeit.de\/herdentrieb\"},{\"@type\":\"ListItem\",\"position\":2,\"name\":\"Moralisch verwerflich und \u00f6konomischer Selbstmord\"}]},{\"@type\":\"WebSite\",\"@id\":\"https:\/\/blog.zeit.de\/herdentrieb\/#website\",\"url\":\"https:\/\/blog.zeit.de\/herdentrieb\/\",\"name\":\"Herdentrieb\",\"description\":\"So funktioniert Kapitalismus. Ein Blog\",\"potentialAction\":[{\"@type\":\"SearchAction\",\"target\":{\"@type\":\"EntryPoint\",\"urlTemplate\":\"https:\/\/blog.zeit.de\/herdentrieb\/?s={search_term_string}\"},\"query-input\":\"required name=search_term_string\"}],\"inLanguage\":\"de\"},{\"@type\":\"Person\",\"@id\":\"https:\/\/blog.zeit.de\/herdentrieb\/#\/schema\/person\/3af429f21b9864fff68b8deb3de9270a\",\"name\":\"Fabian Lindner\",\"image\":{\"@type\":\"ImageObject\",\"inLanguage\":\"de\",\"@id\":\"https:\/\/blog.zeit.de\/herdentrieb\/#\/schema\/person\/image\/\",\"url\":\"https:\/\/secure.gravatar.com\/avatar\/74587f2a7376ae1f53edb1a10cc73cae1d317b72717e6dcdf92030d8473fca39?s=96&d=mm&r=g\",\"contentUrl\":\"https:\/\/secure.gravatar.com\/avatar\/74587f2a7376ae1f53edb1a10cc73cae1d317b72717e6dcdf92030d8473fca39?s=96&d=mm&r=g\",\"caption\":\"Fabian Lindner\"},\"url\":\"https:\/\/blog.zeit.de\/herdentrieb\/author\/fabian-lindner\"}]}<\/script>\n<!-- \/ Yoast SEO plugin. -->","yoast_head_json":{"title":"Moralisch verwerflich und \u00f6konomischer Selbstmord - Herdentrieb","robots":{"index":"index","follow":"follow","max-snippet":"max-snippet:-1","max-image-preview":"max-image-preview:large","max-video-preview":"max-video-preview:-1"},"canonical":"https:\/\/blog.zeit.de\/herdentrieb\/2010\/06\/07\/moralisch-verwerflich-und-okonomischer-selbstmord_1930","og_locale":"de_DE","og_type":"article","og_title":"Moralisch verwerflich und \u00f6konomischer Selbstmord - Herdentrieb","og_description":"Bei Familien und Arbeitslosen will die Bundesregierung jetzt sparen; bei denen, die die Krise ganz sicher nicht verursacht haben. Das ist nicht nur schreiend ungerecht, sondern auch \u00f6konomisch gef\u00e4hrlich.","og_url":"https:\/\/blog.zeit.de\/herdentrieb\/2010\/06\/07\/moralisch-verwerflich-und-okonomischer-selbstmord_1930","og_site_name":"Herdentrieb","article_published_time":"2010-06-07T15:47:49+00:00","article_modified_time":"2010-06-07T15:52:50+00:00","og_image":[{"url":"https:\/\/blog.zeit.de\/herdentrieb\/files\/2010\/06\/Funktionale_Einkommensverteilung_10Q1.gif"}],"author":"Fabian Lindner","twitter_card":"summary_large_image","twitter_creator":"@zeitonline","twitter_site":"@zeitonline","twitter_misc":{"Geschrieben von":"Fabian Lindner","Gesch\u00e4tzte Lesezeit":"3\u00a0Minuten"},"schema":{"@context":"https:\/\/schema.org","@graph":[{"@type":"WebPage","@id":"https:\/\/blog.zeit.de\/herdentrieb\/2010\/06\/07\/moralisch-verwerflich-und-okonomischer-selbstmord_1930","url":"https:\/\/blog.zeit.de\/herdentrieb\/2010\/06\/07\/moralisch-verwerflich-und-okonomischer-selbstmord_1930","name":"Moralisch verwerflich und \u00f6konomischer Selbstmord - Herdentrieb","isPartOf":{"@id":"https:\/\/blog.zeit.de\/herdentrieb\/#website"},"datePublished":"2010-06-07T15:47:49+00:00","dateModified":"2010-06-07T15:52:50+00:00","author":{"@id":"https:\/\/blog.zeit.de\/herdentrieb\/#\/schema\/person\/3af429f21b9864fff68b8deb3de9270a"},"breadcrumb":{"@id":"https:\/\/blog.zeit.de\/herdentrieb\/2010\/06\/07\/moralisch-verwerflich-und-okonomischer-selbstmord_1930#breadcrumb"},"inLanguage":"de","potentialAction":[{"@type":"ReadAction","target":["https:\/\/blog.zeit.de\/herdentrieb\/2010\/06\/07\/moralisch-verwerflich-und-okonomischer-selbstmord_1930"]}]},{"@type":"BreadcrumbList","@id":"https:\/\/blog.zeit.de\/herdentrieb\/2010\/06\/07\/moralisch-verwerflich-und-okonomischer-selbstmord_1930#breadcrumb","itemListElement":[{"@type":"ListItem","position":1,"name":"Startseite","item":"https:\/\/blog.zeit.de\/herdentrieb"},{"@type":"ListItem","position":2,"name":"Moralisch verwerflich und \u00f6konomischer Selbstmord"}]},{"@type":"WebSite","@id":"https:\/\/blog.zeit.de\/herdentrieb\/#website","url":"https:\/\/blog.zeit.de\/herdentrieb\/","name":"Herdentrieb","description":"So funktioniert Kapitalismus. Ein Blog","potentialAction":[{"@type":"SearchAction","target":{"@type":"EntryPoint","urlTemplate":"https:\/\/blog.zeit.de\/herdentrieb\/?s={search_term_string}"},"query-input":"required name=search_term_string"}],"inLanguage":"de"},{"@type":"Person","@id":"https:\/\/blog.zeit.de\/herdentrieb\/#\/schema\/person\/3af429f21b9864fff68b8deb3de9270a","name":"Fabian Lindner","image":{"@type":"ImageObject","inLanguage":"de","@id":"https:\/\/blog.zeit.de\/herdentrieb\/#\/schema\/person\/image\/","url":"https:\/\/secure.gravatar.com\/avatar\/74587f2a7376ae1f53edb1a10cc73cae1d317b72717e6dcdf92030d8473fca39?s=96&d=mm&r=g","contentUrl":"https:\/\/secure.gravatar.com\/avatar\/74587f2a7376ae1f53edb1a10cc73cae1d317b72717e6dcdf92030d8473fca39?s=96&d=mm&r=g","caption":"Fabian Lindner"},"url":"https:\/\/blog.zeit.de\/herdentrieb\/author\/fabian-lindner"}]}},"jetpack_featured_media_url":"","jetpack_sharing_enabled":true,"_links":{"self":[{"href":"https:\/\/blog.zeit.de\/herdentrieb\/wp-json\/wp\/v2\/posts\/1930","targetHints":{"allow":["GET"]}}],"collection":[{"href":"https:\/\/blog.zeit.de\/herdentrieb\/wp-json\/wp\/v2\/posts"}],"about":[{"href":"https:\/\/blog.zeit.de\/herdentrieb\/wp-json\/wp\/v2\/types\/post"}],"author":[{"embeddable":true,"href":"https:\/\/blog.zeit.de\/herdentrieb\/wp-json\/wp\/v2\/users\/62"}],"replies":[{"embeddable":true,"href":"https:\/\/blog.zeit.de\/herdentrieb\/wp-json\/wp\/v2\/comments?post=1930"}],"version-history":[{"count":0,"href":"https:\/\/blog.zeit.de\/herdentrieb\/wp-json\/wp\/v2\/posts\/1930\/revisions"}],"wp:attachment":[{"href":"https:\/\/blog.zeit.de\/herdentrieb\/wp-json\/wp\/v2\/media?parent=1930"}],"wp:term":[{"taxonomy":"category","embeddable":true,"href":"https:\/\/blog.zeit.de\/herdentrieb\/wp-json\/wp\/v2\/categories?post=1930"},{"taxonomy":"post_tag","embeddable":true,"href":"https:\/\/blog.zeit.de\/herdentrieb\/wp-json\/wp\/v2\/tags?post=1930"}],"curies":[{"name":"wp","href":"https:\/\/api.w.org\/{rel}","templated":true}]}}