{"id":1951,"date":"2010-06-16T21:10:09","date_gmt":"2010-06-16T19:10:09","guid":{"rendered":"http:\/\/blog.zeit.de\/herdentrieb\/?p=1951"},"modified":"2010-06-16T21:10:09","modified_gmt":"2010-06-16T19:10:09","slug":"stark-wie-die-mark","status":"publish","type":"post","link":"https:\/\/blog.zeit.de\/herdentrieb\/2010\/06\/16\/stark-wie-die-mark_1951","title":{"rendered":"Stark wie die Mark?"},"content":{"rendered":"<p>F\u00fcr die <a href=\"http:\/\/www.zeit.de\/2010\/25\/EZB-Interview-Stark\">aktuelle Ausgabe der <em>ZEIT<\/em> habe ich ein Interview mit J\u00fcrgen Stark, Chefvolkswirt der EZB, gef\u00fchrt<\/a>. Axel Weber hin oder her &#8211; wenn jemand in der Notenbank die Bezeichnung Falke verdient hat, dann ist es Stark. Kein Wunder also, dass er im Streit um Konjunkturprogramme und Export\u00fcbersch\u00fcsse die ordnungspolitisch korrekten Positionen vertritt (Strohfeuer bzw. nur die Defizitl\u00e4nder m\u00fcssen sich anpassen).<\/p>\n<p>Bemerkenswert aber, dass Stark sagt, in schweren Krisen d\u00fcrfe man sich nicht auf Lehrbuchwissen verlassen und indirekt jene Bundesbanker kritisiert, die die EZB kritisiert haben. Ist denn nichts mehr heilig?<\/p>\n","protected":false},"excerpt":{"rendered":"<p>F\u00fcr die aktuelle Ausgabe der ZEIT habe ich ein Interview mit J\u00fcrgen Stark, Chefvolkswirt der EZB, gef\u00fchrt. Axel Weber hin oder her &#8211; wenn jemand in der Notenbank die Bezeichnung Falke verdient hat, dann ist es Stark. Kein Wunder also, dass er im Streit um Konjunkturprogramme und Export\u00fcbersch\u00fcsse die ordnungspolitisch korrekten Positionen vertritt (Strohfeuer bzw. [&hellip;]<\/p>\n","protected":false},"author":215,"featured_media":0,"comment_status":"open","ping_status":"closed","sticky":false,"template":"","format":"standard","meta":{"_jetpack_memberships_contains_paid_content":false,"footnotes":""},"categories":[10],"tags":[],"class_list":["post-1951","post","type-post","status-publish","format-standard","hentry","category-leitwahrungswatch"],"yoast_head":"<!-- This site is optimized with the Yoast SEO plugin v21.0 - https:\/\/yoast.com\/wordpress\/plugins\/seo\/ -->\n<title>Stark wie die Mark? - Herdentrieb<\/title>\n<meta name=\"robots\" content=\"index, follow, max-snippet:-1, max-image-preview:large, max-video-preview:-1\" \/>\n<link rel=\"canonical\" href=\"https:\/\/blog.zeit.de\/herdentrieb\/2010\/06\/16\/stark-wie-die-mark_1951\" \/>\n<meta property=\"og:locale\" content=\"de_DE\" \/>\n<meta property=\"og:type\" content=\"article\" \/>\n<meta property=\"og:title\" content=\"Stark wie die Mark? - Herdentrieb\" \/>\n<meta property=\"og:description\" content=\"F\u00fcr die aktuelle Ausgabe der ZEIT habe ich ein Interview mit J\u00fcrgen Stark, Chefvolkswirt der EZB, gef\u00fchrt. Axel Weber hin oder her &#8211; wenn jemand in der Notenbank die Bezeichnung Falke verdient hat, dann ist es Stark. Kein Wunder also, dass er im Streit um Konjunkturprogramme und Export\u00fcbersch\u00fcsse die ordnungspolitisch korrekten Positionen vertritt (Strohfeuer bzw. [&hellip;]\" \/>\n<meta property=\"og:url\" content=\"https:\/\/blog.zeit.de\/herdentrieb\/2010\/06\/16\/stark-wie-die-mark_1951\" \/>\n<meta property=\"og:site_name\" content=\"Herdentrieb\" \/>\n<meta property=\"article:published_time\" content=\"2010-06-16T19:10:09+00:00\" \/>\n<meta name=\"author\" content=\"Mark Schieritz\" \/>\n<meta name=\"twitter:card\" content=\"summary_large_image\" \/>\n<meta name=\"twitter:creator\" content=\"@zeitonline\" \/>\n<meta name=\"twitter:site\" content=\"@zeitonline\" \/>\n<meta name=\"twitter:label1\" content=\"Geschrieben von\" \/>\n\t<meta name=\"twitter:data1\" content=\"Mark Schieritz\" \/>\n<script type=\"application\/ld+json\" class=\"yoast-schema-graph\">{\"@context\":\"https:\/\/schema.org\",\"@graph\":[{\"@type\":\"WebPage\",\"@id\":\"https:\/\/blog.zeit.de\/herdentrieb\/2010\/06\/16\/stark-wie-die-mark_1951\",\"url\":\"https:\/\/blog.zeit.de\/herdentrieb\/2010\/06\/16\/stark-wie-die-mark_1951\",\"name\":\"Stark wie die Mark? - Herdentrieb\",\"isPartOf\":{\"@id\":\"https:\/\/blog.zeit.de\/herdentrieb\/#website\"},\"datePublished\":\"2010-06-16T19:10:09+00:00\",\"dateModified\":\"2010-06-16T19:10:09+00:00\",\"author\":{\"@id\":\"https:\/\/blog.zeit.de\/herdentrieb\/#\/schema\/person\/a2dfa95bbd4de7e06edc88db4e3d3871\"},\"breadcrumb\":{\"@id\":\"https:\/\/blog.zeit.de\/herdentrieb\/2010\/06\/16\/stark-wie-die-mark_1951#breadcrumb\"},\"inLanguage\":\"de\",\"potentialAction\":[{\"@type\":\"ReadAction\",\"target\":[\"https:\/\/blog.zeit.de\/herdentrieb\/2010\/06\/16\/stark-wie-die-mark_1951\"]}]},{\"@type\":\"BreadcrumbList\",\"@id\":\"https:\/\/blog.zeit.de\/herdentrieb\/2010\/06\/16\/stark-wie-die-mark_1951#breadcrumb\",\"itemListElement\":[{\"@type\":\"ListItem\",\"position\":1,\"name\":\"Startseite\",\"item\":\"https:\/\/blog.zeit.de\/herdentrieb\"},{\"@type\":\"ListItem\",\"position\":2,\"name\":\"Stark wie die Mark?\"}]},{\"@type\":\"WebSite\",\"@id\":\"https:\/\/blog.zeit.de\/herdentrieb\/#website\",\"url\":\"https:\/\/blog.zeit.de\/herdentrieb\/\",\"name\":\"Herdentrieb\",\"description\":\"So funktioniert Kapitalismus. Ein Blog\",\"potentialAction\":[{\"@type\":\"SearchAction\",\"target\":{\"@type\":\"EntryPoint\",\"urlTemplate\":\"https:\/\/blog.zeit.de\/herdentrieb\/?s={search_term_string}\"},\"query-input\":\"required name=search_term_string\"}],\"inLanguage\":\"de\"},{\"@type\":\"Person\",\"@id\":\"https:\/\/blog.zeit.de\/herdentrieb\/#\/schema\/person\/a2dfa95bbd4de7e06edc88db4e3d3871\",\"name\":\"Mark Schieritz\",\"image\":{\"@type\":\"ImageObject\",\"inLanguage\":\"de\",\"@id\":\"https:\/\/blog.zeit.de\/herdentrieb\/#\/schema\/person\/image\/\",\"url\":\"https:\/\/secure.gravatar.com\/avatar\/66e072b8ecaf6d851921c0577ca78c8c9a24223a3c3cb6df48c5d839d1b622e0?s=96&d=mm&r=g\",\"contentUrl\":\"https:\/\/secure.gravatar.com\/avatar\/66e072b8ecaf6d851921c0577ca78c8c9a24223a3c3cb6df48c5d839d1b622e0?s=96&d=mm&r=g\",\"caption\":\"Mark Schieritz\"},\"url\":\"https:\/\/blog.zeit.de\/herdentrieb\/author\/mark-schieritz\"}]}<\/script>\n<!-- \/ Yoast SEO plugin. -->","yoast_head_json":{"title":"Stark wie die Mark? - Herdentrieb","robots":{"index":"index","follow":"follow","max-snippet":"max-snippet:-1","max-image-preview":"max-image-preview:large","max-video-preview":"max-video-preview:-1"},"canonical":"https:\/\/blog.zeit.de\/herdentrieb\/2010\/06\/16\/stark-wie-die-mark_1951","og_locale":"de_DE","og_type":"article","og_title":"Stark wie die Mark? - Herdentrieb","og_description":"F\u00fcr die aktuelle Ausgabe der ZEIT habe ich ein Interview mit J\u00fcrgen Stark, Chefvolkswirt der EZB, gef\u00fchrt. Axel Weber hin oder her &#8211; wenn jemand in der Notenbank die Bezeichnung Falke verdient hat, dann ist es Stark. Kein Wunder also, dass er im Streit um Konjunkturprogramme und Export\u00fcbersch\u00fcsse die ordnungspolitisch korrekten Positionen vertritt (Strohfeuer bzw. [&hellip;]","og_url":"https:\/\/blog.zeit.de\/herdentrieb\/2010\/06\/16\/stark-wie-die-mark_1951","og_site_name":"Herdentrieb","article_published_time":"2010-06-16T19:10:09+00:00","author":"Mark Schieritz","twitter_card":"summary_large_image","twitter_creator":"@zeitonline","twitter_site":"@zeitonline","twitter_misc":{"Geschrieben von":"Mark Schieritz"},"schema":{"@context":"https:\/\/schema.org","@graph":[{"@type":"WebPage","@id":"https:\/\/blog.zeit.de\/herdentrieb\/2010\/06\/16\/stark-wie-die-mark_1951","url":"https:\/\/blog.zeit.de\/herdentrieb\/2010\/06\/16\/stark-wie-die-mark_1951","name":"Stark wie die Mark? - Herdentrieb","isPartOf":{"@id":"https:\/\/blog.zeit.de\/herdentrieb\/#website"},"datePublished":"2010-06-16T19:10:09+00:00","dateModified":"2010-06-16T19:10:09+00:00","author":{"@id":"https:\/\/blog.zeit.de\/herdentrieb\/#\/schema\/person\/a2dfa95bbd4de7e06edc88db4e3d3871"},"breadcrumb":{"@id":"https:\/\/blog.zeit.de\/herdentrieb\/2010\/06\/16\/stark-wie-die-mark_1951#breadcrumb"},"inLanguage":"de","potentialAction":[{"@type":"ReadAction","target":["https:\/\/blog.zeit.de\/herdentrieb\/2010\/06\/16\/stark-wie-die-mark_1951"]}]},{"@type":"BreadcrumbList","@id":"https:\/\/blog.zeit.de\/herdentrieb\/2010\/06\/16\/stark-wie-die-mark_1951#breadcrumb","itemListElement":[{"@type":"ListItem","position":1,"name":"Startseite","item":"https:\/\/blog.zeit.de\/herdentrieb"},{"@type":"ListItem","position":2,"name":"Stark wie die Mark?"}]},{"@type":"WebSite","@id":"https:\/\/blog.zeit.de\/herdentrieb\/#website","url":"https:\/\/blog.zeit.de\/herdentrieb\/","name":"Herdentrieb","description":"So funktioniert Kapitalismus. Ein Blog","potentialAction":[{"@type":"SearchAction","target":{"@type":"EntryPoint","urlTemplate":"https:\/\/blog.zeit.de\/herdentrieb\/?s={search_term_string}"},"query-input":"required name=search_term_string"}],"inLanguage":"de"},{"@type":"Person","@id":"https:\/\/blog.zeit.de\/herdentrieb\/#\/schema\/person\/a2dfa95bbd4de7e06edc88db4e3d3871","name":"Mark Schieritz","image":{"@type":"ImageObject","inLanguage":"de","@id":"https:\/\/blog.zeit.de\/herdentrieb\/#\/schema\/person\/image\/","url":"https:\/\/secure.gravatar.com\/avatar\/66e072b8ecaf6d851921c0577ca78c8c9a24223a3c3cb6df48c5d839d1b622e0?s=96&d=mm&r=g","contentUrl":"https:\/\/secure.gravatar.com\/avatar\/66e072b8ecaf6d851921c0577ca78c8c9a24223a3c3cb6df48c5d839d1b622e0?s=96&d=mm&r=g","caption":"Mark Schieritz"},"url":"https:\/\/blog.zeit.de\/herdentrieb\/author\/mark-schieritz"}]}},"jetpack_featured_media_url":"","jetpack_sharing_enabled":true,"_links":{"self":[{"href":"https:\/\/blog.zeit.de\/herdentrieb\/wp-json\/wp\/v2\/posts\/1951","targetHints":{"allow":["GET"]}}],"collection":[{"href":"https:\/\/blog.zeit.de\/herdentrieb\/wp-json\/wp\/v2\/posts"}],"about":[{"href":"https:\/\/blog.zeit.de\/herdentrieb\/wp-json\/wp\/v2\/types\/post"}],"author":[{"embeddable":true,"href":"https:\/\/blog.zeit.de\/herdentrieb\/wp-json\/wp\/v2\/users\/215"}],"replies":[{"embeddable":true,"href":"https:\/\/blog.zeit.de\/herdentrieb\/wp-json\/wp\/v2\/comments?post=1951"}],"version-history":[{"count":0,"href":"https:\/\/blog.zeit.de\/herdentrieb\/wp-json\/wp\/v2\/posts\/1951\/revisions"}],"wp:attachment":[{"href":"https:\/\/blog.zeit.de\/herdentrieb\/wp-json\/wp\/v2\/media?parent=1951"}],"wp:term":[{"taxonomy":"category","embeddable":true,"href":"https:\/\/blog.zeit.de\/herdentrieb\/wp-json\/wp\/v2\/categories?post=1951"},{"taxonomy":"post_tag","embeddable":true,"href":"https:\/\/blog.zeit.de\/herdentrieb\/wp-json\/wp\/v2\/tags?post=1951"}],"curies":[{"name":"wp","href":"https:\/\/api.w.org\/{rel}","templated":true}]}}