{"id":1997,"date":"2010-06-24T00:30:07","date_gmt":"2010-06-23T22:30:07","guid":{"rendered":"http:\/\/blog.zeit.de\/herdentrieb\/?p=1997"},"modified":"2010-07-04T17:20:07","modified_gmt":"2010-07-04T15:20:07","slug":"darf-axel-weber-noch-zur-ezb","status":"publish","type":"post","link":"https:\/\/blog.zeit.de\/herdentrieb\/2010\/06\/24\/darf-axel-weber-noch-zur-ezb_1997","title":{"rendered":"Darf Axel Weber noch zur EZB?"},"content":{"rendered":"<p>Ich bin on-the-record mit einem vorsichtigen <a href=\"http:\/\/www.zeit.de\/2010\/08\/F-Kolumne-Weber\">endorsement<\/a> von Axel Weber als Pr\u00e4sident der Europ\u00e4ischen Zentralbank. Nach seiner Entscheidung, gegen den Kauf von Staatsanleihen zu stimmen und seine Kritik am Kurs des EZB-Rats, dem er selbst angeh\u00f6rt, auch noch \u00f6ffentlich zu machen, wird er im Ausland skeptischer beurteilt. <a href=\"http:\/\/www.zeit.de\/wirtschaft\/2010-06\/krugman-interview\">Paul Krugman<\/a> hat im Handelsblatt gegen Weber Stellung bezogen, auch in der EU regt sich offensichtlich Widerstand, wollen ebenfalls die D\u00fcsseldorfer Kollegen erfahren haben (leider kein Link).<\/p>\n<p>Ich bin unschl\u00fcssig. Ich halte den Kauf von Staatsanleihen in der <a href=\"http:\/\/www.20min.ch\/finance\/news\/story\/Anfang-Mai-stand-die-Finanzwelt-vor-dem-Crash-31397529\" target=\"_blank\">Situation, in der Europa nun einmal war<\/a>, f\u00fcr alternativlos und bin der Meinung, Differenzen im Zentralbankrat sollten auch da bleiben. Ich habe Weber in dem Artikel damals unterst\u00fctzt, weil ich glaube, dass er viel pragmatischer ist, als viele denken, dass er gute Leute zur Bundesbank geholt und sie so  nach vorne gebracht hat (wenn die Volkswirte in der Bundesbank nicht gewesen w\u00e4ren, w\u00e4ren wir in dieser Krise v\u00f6llig untergegangen) und dass er sich allein durch die konservative ver\u00f6ffentlichte Meinung in Deutschland gezwungen sieht, den Falken zu spielen.<\/p>\n<p>Wenn er erst einmal an der Spitze der EZB ist, so dachte ich, dann lernen wir den wahren Weber kennen und dann ist er souver\u00e4n genug, die Kritik der monet\u00e4ren Taliban in deutschen Universit\u00e4ten und Redaktionsstuben an sich abprallen zu lassen. Die meisten von ihnen stecken er und seine Leute analytisch locker in die Tasche.<\/p>\n<p>Ich glaube immer noch, dass Weber ein kluger und pragmatischer \u00d6konom ist. Was ich mich frage ist: Wie souver\u00e4n ist er wirklich?<\/p>\n","protected":false},"excerpt":{"rendered":"<p>Ich bin on-the-record mit einem vorsichtigen endorsement von Axel Weber als Pr\u00e4sident der Europ\u00e4ischen Zentralbank. Nach seiner Entscheidung, gegen den Kauf von Staatsanleihen zu stimmen und seine Kritik am Kurs des EZB-Rats, dem er selbst angeh\u00f6rt, auch noch \u00f6ffentlich zu machen, wird er im Ausland skeptischer beurteilt. Paul Krugman hat im Handelsblatt gegen Weber Stellung [&hellip;]<\/p>\n","protected":false},"author":215,"featured_media":0,"comment_status":"open","ping_status":"closed","sticky":false,"template":"","format":"standard","meta":{"_jetpack_memberships_contains_paid_content":false,"footnotes":""},"categories":[10],"tags":[],"class_list":["post-1997","post","type-post","status-publish","format-standard","hentry","category-leitwahrungswatch"],"yoast_head":"<!-- This site is optimized with the Yoast SEO plugin v21.0 - https:\/\/yoast.com\/wordpress\/plugins\/seo\/ -->\n<title>Darf Axel Weber noch zur EZB? - Herdentrieb<\/title>\n<meta name=\"robots\" content=\"index, follow, max-snippet:-1, max-image-preview:large, max-video-preview:-1\" \/>\n<link rel=\"canonical\" href=\"https:\/\/blog.zeit.de\/herdentrieb\/2010\/06\/24\/darf-axel-weber-noch-zur-ezb_1997\" \/>\n<meta property=\"og:locale\" content=\"de_DE\" \/>\n<meta property=\"og:type\" content=\"article\" \/>\n<meta property=\"og:title\" content=\"Darf Axel Weber noch zur EZB? - Herdentrieb\" \/>\n<meta property=\"og:description\" content=\"Ich bin on-the-record mit einem vorsichtigen endorsement von Axel Weber als Pr\u00e4sident der Europ\u00e4ischen Zentralbank. Nach seiner Entscheidung, gegen den Kauf von Staatsanleihen zu stimmen und seine Kritik am Kurs des EZB-Rats, dem er selbst angeh\u00f6rt, auch noch \u00f6ffentlich zu machen, wird er im Ausland skeptischer beurteilt. Paul Krugman hat im Handelsblatt gegen Weber Stellung [&hellip;]\" \/>\n<meta property=\"og:url\" content=\"https:\/\/blog.zeit.de\/herdentrieb\/2010\/06\/24\/darf-axel-weber-noch-zur-ezb_1997\" \/>\n<meta property=\"og:site_name\" content=\"Herdentrieb\" \/>\n<meta property=\"article:published_time\" content=\"2010-06-23T22:30:07+00:00\" \/>\n<meta property=\"article:modified_time\" content=\"2010-07-04T15:20:07+00:00\" \/>\n<meta name=\"author\" content=\"Mark Schieritz\" \/>\n<meta name=\"twitter:card\" content=\"summary_large_image\" \/>\n<meta name=\"twitter:creator\" content=\"@zeitonline\" \/>\n<meta name=\"twitter:site\" content=\"@zeitonline\" \/>\n<meta name=\"twitter:label1\" content=\"Geschrieben von\" \/>\n\t<meta name=\"twitter:data1\" content=\"Mark Schieritz\" \/>\n\t<meta name=\"twitter:label2\" content=\"Gesch\u00e4tzte Lesezeit\" \/>\n\t<meta name=\"twitter:data2\" content=\"1\u00a0Minute\" \/>\n<script type=\"application\/ld+json\" class=\"yoast-schema-graph\">{\"@context\":\"https:\/\/schema.org\",\"@graph\":[{\"@type\":\"WebPage\",\"@id\":\"https:\/\/blog.zeit.de\/herdentrieb\/2010\/06\/24\/darf-axel-weber-noch-zur-ezb_1997\",\"url\":\"https:\/\/blog.zeit.de\/herdentrieb\/2010\/06\/24\/darf-axel-weber-noch-zur-ezb_1997\",\"name\":\"Darf Axel Weber noch zur EZB? - Herdentrieb\",\"isPartOf\":{\"@id\":\"https:\/\/blog.zeit.de\/herdentrieb\/#website\"},\"datePublished\":\"2010-06-23T22:30:07+00:00\",\"dateModified\":\"2010-07-04T15:20:07+00:00\",\"author\":{\"@id\":\"https:\/\/blog.zeit.de\/herdentrieb\/#\/schema\/person\/a2dfa95bbd4de7e06edc88db4e3d3871\"},\"breadcrumb\":{\"@id\":\"https:\/\/blog.zeit.de\/herdentrieb\/2010\/06\/24\/darf-axel-weber-noch-zur-ezb_1997#breadcrumb\"},\"inLanguage\":\"de\",\"potentialAction\":[{\"@type\":\"ReadAction\",\"target\":[\"https:\/\/blog.zeit.de\/herdentrieb\/2010\/06\/24\/darf-axel-weber-noch-zur-ezb_1997\"]}]},{\"@type\":\"BreadcrumbList\",\"@id\":\"https:\/\/blog.zeit.de\/herdentrieb\/2010\/06\/24\/darf-axel-weber-noch-zur-ezb_1997#breadcrumb\",\"itemListElement\":[{\"@type\":\"ListItem\",\"position\":1,\"name\":\"Startseite\",\"item\":\"https:\/\/blog.zeit.de\/herdentrieb\"},{\"@type\":\"ListItem\",\"position\":2,\"name\":\"Darf Axel Weber noch zur EZB?\"}]},{\"@type\":\"WebSite\",\"@id\":\"https:\/\/blog.zeit.de\/herdentrieb\/#website\",\"url\":\"https:\/\/blog.zeit.de\/herdentrieb\/\",\"name\":\"Herdentrieb\",\"description\":\"So funktioniert Kapitalismus. Ein Blog\",\"potentialAction\":[{\"@type\":\"SearchAction\",\"target\":{\"@type\":\"EntryPoint\",\"urlTemplate\":\"https:\/\/blog.zeit.de\/herdentrieb\/?s={search_term_string}\"},\"query-input\":\"required name=search_term_string\"}],\"inLanguage\":\"de\"},{\"@type\":\"Person\",\"@id\":\"https:\/\/blog.zeit.de\/herdentrieb\/#\/schema\/person\/a2dfa95bbd4de7e06edc88db4e3d3871\",\"name\":\"Mark Schieritz\",\"image\":{\"@type\":\"ImageObject\",\"inLanguage\":\"de\",\"@id\":\"https:\/\/blog.zeit.de\/herdentrieb\/#\/schema\/person\/image\/\",\"url\":\"https:\/\/secure.gravatar.com\/avatar\/66e072b8ecaf6d851921c0577ca78c8c9a24223a3c3cb6df48c5d839d1b622e0?s=96&d=mm&r=g\",\"contentUrl\":\"https:\/\/secure.gravatar.com\/avatar\/66e072b8ecaf6d851921c0577ca78c8c9a24223a3c3cb6df48c5d839d1b622e0?s=96&d=mm&r=g\",\"caption\":\"Mark Schieritz\"},\"url\":\"https:\/\/blog.zeit.de\/herdentrieb\/author\/mark-schieritz\"}]}<\/script>\n<!-- \/ Yoast SEO plugin. -->","yoast_head_json":{"title":"Darf Axel Weber noch zur EZB? - Herdentrieb","robots":{"index":"index","follow":"follow","max-snippet":"max-snippet:-1","max-image-preview":"max-image-preview:large","max-video-preview":"max-video-preview:-1"},"canonical":"https:\/\/blog.zeit.de\/herdentrieb\/2010\/06\/24\/darf-axel-weber-noch-zur-ezb_1997","og_locale":"de_DE","og_type":"article","og_title":"Darf Axel Weber noch zur EZB? - Herdentrieb","og_description":"Ich bin on-the-record mit einem vorsichtigen endorsement von Axel Weber als Pr\u00e4sident der Europ\u00e4ischen Zentralbank. Nach seiner Entscheidung, gegen den Kauf von Staatsanleihen zu stimmen und seine Kritik am Kurs des EZB-Rats, dem er selbst angeh\u00f6rt, auch noch \u00f6ffentlich zu machen, wird er im Ausland skeptischer beurteilt. Paul Krugman hat im Handelsblatt gegen Weber Stellung [&hellip;]","og_url":"https:\/\/blog.zeit.de\/herdentrieb\/2010\/06\/24\/darf-axel-weber-noch-zur-ezb_1997","og_site_name":"Herdentrieb","article_published_time":"2010-06-23T22:30:07+00:00","article_modified_time":"2010-07-04T15:20:07+00:00","author":"Mark Schieritz","twitter_card":"summary_large_image","twitter_creator":"@zeitonline","twitter_site":"@zeitonline","twitter_misc":{"Geschrieben von":"Mark Schieritz","Gesch\u00e4tzte Lesezeit":"1\u00a0Minute"},"schema":{"@context":"https:\/\/schema.org","@graph":[{"@type":"WebPage","@id":"https:\/\/blog.zeit.de\/herdentrieb\/2010\/06\/24\/darf-axel-weber-noch-zur-ezb_1997","url":"https:\/\/blog.zeit.de\/herdentrieb\/2010\/06\/24\/darf-axel-weber-noch-zur-ezb_1997","name":"Darf Axel Weber noch zur EZB? - Herdentrieb","isPartOf":{"@id":"https:\/\/blog.zeit.de\/herdentrieb\/#website"},"datePublished":"2010-06-23T22:30:07+00:00","dateModified":"2010-07-04T15:20:07+00:00","author":{"@id":"https:\/\/blog.zeit.de\/herdentrieb\/#\/schema\/person\/a2dfa95bbd4de7e06edc88db4e3d3871"},"breadcrumb":{"@id":"https:\/\/blog.zeit.de\/herdentrieb\/2010\/06\/24\/darf-axel-weber-noch-zur-ezb_1997#breadcrumb"},"inLanguage":"de","potentialAction":[{"@type":"ReadAction","target":["https:\/\/blog.zeit.de\/herdentrieb\/2010\/06\/24\/darf-axel-weber-noch-zur-ezb_1997"]}]},{"@type":"BreadcrumbList","@id":"https:\/\/blog.zeit.de\/herdentrieb\/2010\/06\/24\/darf-axel-weber-noch-zur-ezb_1997#breadcrumb","itemListElement":[{"@type":"ListItem","position":1,"name":"Startseite","item":"https:\/\/blog.zeit.de\/herdentrieb"},{"@type":"ListItem","position":2,"name":"Darf Axel Weber noch zur EZB?"}]},{"@type":"WebSite","@id":"https:\/\/blog.zeit.de\/herdentrieb\/#website","url":"https:\/\/blog.zeit.de\/herdentrieb\/","name":"Herdentrieb","description":"So funktioniert Kapitalismus. Ein Blog","potentialAction":[{"@type":"SearchAction","target":{"@type":"EntryPoint","urlTemplate":"https:\/\/blog.zeit.de\/herdentrieb\/?s={search_term_string}"},"query-input":"required name=search_term_string"}],"inLanguage":"de"},{"@type":"Person","@id":"https:\/\/blog.zeit.de\/herdentrieb\/#\/schema\/person\/a2dfa95bbd4de7e06edc88db4e3d3871","name":"Mark Schieritz","image":{"@type":"ImageObject","inLanguage":"de","@id":"https:\/\/blog.zeit.de\/herdentrieb\/#\/schema\/person\/image\/","url":"https:\/\/secure.gravatar.com\/avatar\/66e072b8ecaf6d851921c0577ca78c8c9a24223a3c3cb6df48c5d839d1b622e0?s=96&d=mm&r=g","contentUrl":"https:\/\/secure.gravatar.com\/avatar\/66e072b8ecaf6d851921c0577ca78c8c9a24223a3c3cb6df48c5d839d1b622e0?s=96&d=mm&r=g","caption":"Mark Schieritz"},"url":"https:\/\/blog.zeit.de\/herdentrieb\/author\/mark-schieritz"}]}},"jetpack_featured_media_url":"","jetpack_sharing_enabled":true,"_links":{"self":[{"href":"https:\/\/blog.zeit.de\/herdentrieb\/wp-json\/wp\/v2\/posts\/1997","targetHints":{"allow":["GET"]}}],"collection":[{"href":"https:\/\/blog.zeit.de\/herdentrieb\/wp-json\/wp\/v2\/posts"}],"about":[{"href":"https:\/\/blog.zeit.de\/herdentrieb\/wp-json\/wp\/v2\/types\/post"}],"author":[{"embeddable":true,"href":"https:\/\/blog.zeit.de\/herdentrieb\/wp-json\/wp\/v2\/users\/215"}],"replies":[{"embeddable":true,"href":"https:\/\/blog.zeit.de\/herdentrieb\/wp-json\/wp\/v2\/comments?post=1997"}],"version-history":[{"count":0,"href":"https:\/\/blog.zeit.de\/herdentrieb\/wp-json\/wp\/v2\/posts\/1997\/revisions"}],"wp:attachment":[{"href":"https:\/\/blog.zeit.de\/herdentrieb\/wp-json\/wp\/v2\/media?parent=1997"}],"wp:term":[{"taxonomy":"category","embeddable":true,"href":"https:\/\/blog.zeit.de\/herdentrieb\/wp-json\/wp\/v2\/categories?post=1997"},{"taxonomy":"post_tag","embeddable":true,"href":"https:\/\/blog.zeit.de\/herdentrieb\/wp-json\/wp\/v2\/tags?post=1997"}],"curies":[{"name":"wp","href":"https:\/\/api.w.org\/{rel}","templated":true}]}}