{"id":20,"date":"2005-11-18T21:00:47","date_gmt":"2005-11-18T20:00:47","guid":{"rendered":"http:\/\/blog.zeit.de\/herdentrieb\/?p=20"},"modified":"2005-11-18T21:00:47","modified_gmt":"2005-11-18T20:00:47","slug":"keine-evidenz-fur-die-basarokonomie-deutschland","status":"publish","type":"post","link":"https:\/\/blog.zeit.de\/herdentrieb\/2005\/11\/18\/keine-evidenz-fur-die-basarokonomie-deutschland_20","title":{"rendered":"Keine Evidenz f\u00fcr die Basar\u00f6konomie Deutschland"},"content":{"rendered":"<p>Wie erfolgreich ist der Exportweltmeister? Sehr, sagen die einen &#8211; und sie sind in der Mehrzahl. Ein Land, das in alle Welt G\u00fcter exportiert und dessen Firmen auch noch Gewinne machen, muss einfach wettbewerbsf\u00e4hig sein. Die L\u00f6hne k\u00f6nnen kaum zu hoch sein. Die anderen bezweifeln diese Argumentation und verweisen auf die medial geschickt vertretende These der Basar\u00f6konomie. Es gibt eine hei\u00dfe Debatte unter deutschen Volkswirten: Mutiert Deutschland wirklich zu einer Wirtschaft, die nur noch Handel treibt, in der aber keine Wertsch\u00f6pfung mehr stattfindet? Das behauptet zumindest seit zwei Jahren Hans-Werner Sinn. Der einflussreiche Chef des M\u00fcnchener Ifo-Institutes fordert deshalb unabl\u00e4ssig &quot;runter mit den L\u00f6hnen&quot;.<\/p>\n<p>Im November hat sich das gewerkschaftsnahe IMK mit einer neuen Studie zu Wort gemeldet: <!--more-->Im neuesten <a href=\"http:\/\/www.boeckler.de\/pdf\/p_imk_report_04_2005.pdf\" target=\"_blank\">IMK Report<\/a> haben Gustav Horn und Sabine Stephan die Ursachen f\u00fcr den im Vergleich zu den deutschen Importen starken Anstieg der Exporte deutscher Unternehmen untersucht. Die Ergebnisse ihrer Simulationsstudie wiedersprechen der These von Hans-Werner Sinn, dass sich Deutschland zu einer Basar\u00f6konomie entwickelt.<\/p>\n<p>Nach <a href=\"http:\/\/www.schlossneuhardenberg.de\/media\/dokumente\/HansWernerSinn.pdf\" target=\"_blank\">Sinns These<\/a> w\u00fcrde ein zunehmender Anteil des Wertes der deutschen Exporte, aus Vorleistungen bestehen, die aus dem Ausland importiert und in Deutschland lediglich zu Endprodukten zusammen gesetzt werden. Die Wertsch\u00f6pfung w\u00fcrde also immer weniger in Deutschland und immer mehr im Ausland stattfinden. Der Grund hierf\u00fcr, so Sinn, sei der Umstand, dass deutsche Arbeitspl\u00e4tze international nicht mehr wettbewerbsf\u00e4hig seien und deshalb verloren gehen. Mit dieser These soll der Umstand, dass die deutsche Exportwirtschaft im internationalen Wettbewerb sehr erfolgreich ist, mit dem Glaubenssatz zu teuerer und von daher nicht wettbewerbsf\u00e4higer deutscher Arbeitspl\u00e4tze in Einklang gebracht werden.<\/p>\n<p>Die Ergebnisse von Horn und Stephan lassen einen solchen Schluss nicht zu. Im Gegenteil<\/p>\n<blockquote><p> <em>&quot;&#8230; die deutsche Wirtschaft weist langfristig \u00dcbersch\u00fcsse im Au\u00dfenhandel auf, die sich aus der trendm\u00e4\u00dfig verst\u00e4rkten Integration der Weltm\u00e4rkte speisen. Mit anderen Worten unabh\u00e4ngig von der teilweise g\u00fcnstigeren Konjunktur im Ausland und hoher preislicher Wettbewerbsf\u00e4higkeit <b>profitiert die deutsche Wirtschaft von der verst\u00e4rkten internationalen Arbeitsteilung<\/b>: Es entsteht in der Tendenz mehr Wertsch\u00f6pfung und damit mehr Wachstum. In einer Basar\u00f6konomie w\u00fcrde diese Tendenz negativ sein.&quot;<\/em> (meine Hervorhebung) <\/p><\/blockquote>\n<p>Dies best\u00e4tigt fr\u00fchere Untersuchungen der These. Unter anderem hatte sich ihr der Sachverst\u00e4ndigenrat in seinem <a href=\"http:\/\/www.sachverstaendigenrat-wirtschaft.de\/download\/gutachten\/04_iv.pdf\" target=\"_blank\">Jahresgutachten 2004 (Tz 465-468)<\/a> gewidmet. Und bemerkt dazu:<\/p>\n<blockquote><p> <em>&quot;Ein erstes Indiz daf\u00fcr, dass die deutsche Wirtschaft  nicht zu einem Basar degeneriert ist, stellt bereits die Entwicklung des Au\u00dfenbeitrags dar.  Selbst unter der unrealistischen Annahme, dass s\u00e4mtliche Importe Deutschlands letztlich als Vorleistungen f\u00fcr  die deutschen Exporte dienen, bedeutet ein steigender Au\u00dfenbeitrag eine Zunahme der durch den Export anfallenden Wertsch\u00f6pfung im Inland.&quot;<\/em> <\/p><\/blockquote>\n<p>Bei der genaueren Analyse der Bedeutung importierter Vorleistungen, kommt der Rat zum Ergebnis, dass der ausl\u00e4ndische Wertsch\u00f6pfungsanteil der Exporte im Zeitraum von 1991  bis 2002 von 26,7 Prozent auf 38,8 Prozent gestiegen ist. Dies muss aber  kein Indiz f\u00fcr die Basar\u00f6konomie-These sein, denn so der Rat:<\/p>\n<blockquote><p><em>&quot;Ein sinkender inl\u00e4ndischer Wertsch\u00f6pfungsanteil l\u00e4sst sich als <b> Beleg einer effizienten Einordnung der deutschen Exportunternehmen in die internationale Arbeitsteilung<\/b> verstehen, und hier sind die M\u00f6glichkeiten durch die Markt\u00f6ffnung in Mittel- und Osteuropa seit Beginn der neunziger Jahre f\u00fcr deutsche Unternehmen vielf\u00e4ltiger geworden.&quot;<\/em> (meine Hervorhebung)<\/p><\/blockquote>\n<p>Ein Indiz daf\u00fcr, dass die Integration der deutschen Wirtschaft in die internationale Arbeitsteilung einen positiven Besch\u00e4ftigungseffekt hat, sieht der Rat darin, dass:<\/p>\n<blockquote><p> <em>&quot;&#8230; die insgesamt gestiegene exportinduzierte Bruttowertsch\u00f6pfung mit 4,6 vH st\u00e4rker zugenommen hat als die Wertsch\u00f6pfung der \u00fcbrigen Wirtschaftsbereiche im Durchschnitt (3,4 vH). <b> Folglich ist auch der Anteil der durch die Exporte erzeugten Wertsch\u00f6pfung an der gesamten Wertsch\u00f6pfung gr\u00f6\u00dfer geworden<\/b>.&quot; <\/em> (meine Hervorherbung) <\/p><\/blockquote>\n<p>Ein solcher Effekt l\u00e4sst sich auch beobachten, denn:<\/p>\n<blockquote><p><em>&quot;Im Verarbeitenden Gewerbe, der S\u00e4ule der deutschen Exportt\u00e4tigkeit, kam es seit Mitte der neunziger Jahre zu einem merklichen exportinduzierten Aufbau an Besch\u00e4ftigung, und dies in einem Zeitraum, in dem die Gesamtbesch\u00e4ftigung dieses Sektors weiter zur\u00fcckging.&quot;<\/em><\/p><\/blockquote>\n","protected":false},"excerpt":{"rendered":"<p>Wie erfolgreich ist der Exportweltmeister? Sehr, sagen die einen &#8211; und sie sind in der Mehrzahl. Ein Land, das in alle Welt G\u00fcter exportiert und dessen Firmen auch noch Gewinne machen, muss einfach wettbewerbsf\u00e4hig sein. Die L\u00f6hne k\u00f6nnen kaum zu hoch sein. Die anderen bezweifeln diese Argumentation und verweisen auf die medial geschickt vertretende These [&hellip;]<\/p>\n","protected":false},"author":60,"featured_media":0,"comment_status":"open","ping_status":"closed","sticky":false,"template":"","format":"standard","meta":{"_jetpack_memberships_contains_paid_content":false,"footnotes":""},"categories":[14],"tags":[],"class_list":["post-20","post","type-post","status-publish","format-standard","hentry","category-wissen-und-glauben"],"yoast_head":"<!-- This site is optimized with the Yoast SEO plugin v21.0 - https:\/\/yoast.com\/wordpress\/plugins\/seo\/ -->\n<title>Keine Evidenz f\u00fcr die Basar\u00f6konomie Deutschland - Herdentrieb<\/title>\n<meta name=\"robots\" content=\"index, follow, max-snippet:-1, max-image-preview:large, max-video-preview:-1\" \/>\n<link rel=\"canonical\" href=\"https:\/\/blog.zeit.de\/herdentrieb\/2005\/11\/18\/keine-evidenz-fur-die-basarokonomie-deutschland_20\" \/>\n<meta property=\"og:locale\" content=\"de_DE\" \/>\n<meta property=\"og:type\" content=\"article\" \/>\n<meta property=\"og:title\" content=\"Keine Evidenz f\u00fcr die Basar\u00f6konomie Deutschland - Herdentrieb\" \/>\n<meta property=\"og:description\" content=\"Wie erfolgreich ist der Exportweltmeister? Sehr, sagen die einen &#8211; und sie sind in der Mehrzahl. Ein Land, das in alle Welt G\u00fcter exportiert und dessen Firmen auch noch Gewinne machen, muss einfach wettbewerbsf\u00e4hig sein. Die L\u00f6hne k\u00f6nnen kaum zu hoch sein. Die anderen bezweifeln diese Argumentation und verweisen auf die medial geschickt vertretende These [&hellip;]\" \/>\n<meta property=\"og:url\" content=\"https:\/\/blog.zeit.de\/herdentrieb\/2005\/11\/18\/keine-evidenz-fur-die-basarokonomie-deutschland_20\" \/>\n<meta property=\"og:site_name\" content=\"Herdentrieb\" \/>\n<meta property=\"article:published_time\" content=\"2005-11-18T20:00:47+00:00\" \/>\n<meta name=\"author\" content=\"Uwe Richter\" \/>\n<meta name=\"twitter:card\" content=\"summary_large_image\" \/>\n<meta name=\"twitter:creator\" content=\"@zeitonline\" \/>\n<meta name=\"twitter:site\" content=\"@zeitonline\" \/>\n<meta name=\"twitter:label1\" content=\"Geschrieben von\" \/>\n\t<meta name=\"twitter:data1\" content=\"Uwe Richter\" \/>\n\t<meta name=\"twitter:label2\" content=\"Gesch\u00e4tzte Lesezeit\" \/>\n\t<meta name=\"twitter:data2\" content=\"3\u00a0Minuten\" \/>\n<script type=\"application\/ld+json\" class=\"yoast-schema-graph\">{\"@context\":\"https:\/\/schema.org\",\"@graph\":[{\"@type\":\"WebPage\",\"@id\":\"https:\/\/blog.zeit.de\/herdentrieb\/2005\/11\/18\/keine-evidenz-fur-die-basarokonomie-deutschland_20\",\"url\":\"https:\/\/blog.zeit.de\/herdentrieb\/2005\/11\/18\/keine-evidenz-fur-die-basarokonomie-deutschland_20\",\"name\":\"Keine Evidenz f\u00fcr die Basar\u00f6konomie Deutschland - Herdentrieb\",\"isPartOf\":{\"@id\":\"https:\/\/blog.zeit.de\/herdentrieb\/#website\"},\"datePublished\":\"2005-11-18T20:00:47+00:00\",\"dateModified\":\"2005-11-18T20:00:47+00:00\",\"author\":{\"@id\":\"https:\/\/blog.zeit.de\/herdentrieb\/#\/schema\/person\/803e1e47a610d37f0d3f02bc3c4d7005\"},\"breadcrumb\":{\"@id\":\"https:\/\/blog.zeit.de\/herdentrieb\/2005\/11\/18\/keine-evidenz-fur-die-basarokonomie-deutschland_20#breadcrumb\"},\"inLanguage\":\"de\",\"potentialAction\":[{\"@type\":\"ReadAction\",\"target\":[\"https:\/\/blog.zeit.de\/herdentrieb\/2005\/11\/18\/keine-evidenz-fur-die-basarokonomie-deutschland_20\"]}]},{\"@type\":\"BreadcrumbList\",\"@id\":\"https:\/\/blog.zeit.de\/herdentrieb\/2005\/11\/18\/keine-evidenz-fur-die-basarokonomie-deutschland_20#breadcrumb\",\"itemListElement\":[{\"@type\":\"ListItem\",\"position\":1,\"name\":\"Startseite\",\"item\":\"https:\/\/blog.zeit.de\/herdentrieb\"},{\"@type\":\"ListItem\",\"position\":2,\"name\":\"Keine Evidenz f\u00fcr die Basar\u00f6konomie Deutschland\"}]},{\"@type\":\"WebSite\",\"@id\":\"https:\/\/blog.zeit.de\/herdentrieb\/#website\",\"url\":\"https:\/\/blog.zeit.de\/herdentrieb\/\",\"name\":\"Herdentrieb\",\"description\":\"So funktioniert Kapitalismus. Ein Blog\",\"potentialAction\":[{\"@type\":\"SearchAction\",\"target\":{\"@type\":\"EntryPoint\",\"urlTemplate\":\"https:\/\/blog.zeit.de\/herdentrieb\/?s={search_term_string}\"},\"query-input\":\"required name=search_term_string\"}],\"inLanguage\":\"de\"},{\"@type\":\"Person\",\"@id\":\"https:\/\/blog.zeit.de\/herdentrieb\/#\/schema\/person\/803e1e47a610d37f0d3f02bc3c4d7005\",\"name\":\"Uwe Richter\",\"image\":{\"@type\":\"ImageObject\",\"inLanguage\":\"de\",\"@id\":\"https:\/\/blog.zeit.de\/herdentrieb\/#\/schema\/person\/image\/\",\"url\":\"https:\/\/secure.gravatar.com\/avatar\/3b632d6f5cc9eed638d5c5b7325ac5aae3657d39c74129990c3568ff007c2ed9?s=96&d=mm&r=g\",\"contentUrl\":\"https:\/\/secure.gravatar.com\/avatar\/3b632d6f5cc9eed638d5c5b7325ac5aae3657d39c74129990c3568ff007c2ed9?s=96&d=mm&r=g\",\"caption\":\"Uwe Richter\"},\"url\":\"https:\/\/blog.zeit.de\/herdentrieb\/author\/uwe-richter\"}]}<\/script>\n<!-- \/ Yoast SEO plugin. -->","yoast_head_json":{"title":"Keine Evidenz f\u00fcr die Basar\u00f6konomie Deutschland - Herdentrieb","robots":{"index":"index","follow":"follow","max-snippet":"max-snippet:-1","max-image-preview":"max-image-preview:large","max-video-preview":"max-video-preview:-1"},"canonical":"https:\/\/blog.zeit.de\/herdentrieb\/2005\/11\/18\/keine-evidenz-fur-die-basarokonomie-deutschland_20","og_locale":"de_DE","og_type":"article","og_title":"Keine Evidenz f\u00fcr die Basar\u00f6konomie Deutschland - Herdentrieb","og_description":"Wie erfolgreich ist der Exportweltmeister? Sehr, sagen die einen &#8211; und sie sind in der Mehrzahl. Ein Land, das in alle Welt G\u00fcter exportiert und dessen Firmen auch noch Gewinne machen, muss einfach wettbewerbsf\u00e4hig sein. Die L\u00f6hne k\u00f6nnen kaum zu hoch sein. Die anderen bezweifeln diese Argumentation und verweisen auf die medial geschickt vertretende These [&hellip;]","og_url":"https:\/\/blog.zeit.de\/herdentrieb\/2005\/11\/18\/keine-evidenz-fur-die-basarokonomie-deutschland_20","og_site_name":"Herdentrieb","article_published_time":"2005-11-18T20:00:47+00:00","author":"Uwe Richter","twitter_card":"summary_large_image","twitter_creator":"@zeitonline","twitter_site":"@zeitonline","twitter_misc":{"Geschrieben von":"Uwe Richter","Gesch\u00e4tzte Lesezeit":"3\u00a0Minuten"},"schema":{"@context":"https:\/\/schema.org","@graph":[{"@type":"WebPage","@id":"https:\/\/blog.zeit.de\/herdentrieb\/2005\/11\/18\/keine-evidenz-fur-die-basarokonomie-deutschland_20","url":"https:\/\/blog.zeit.de\/herdentrieb\/2005\/11\/18\/keine-evidenz-fur-die-basarokonomie-deutschland_20","name":"Keine Evidenz f\u00fcr die Basar\u00f6konomie Deutschland - Herdentrieb","isPartOf":{"@id":"https:\/\/blog.zeit.de\/herdentrieb\/#website"},"datePublished":"2005-11-18T20:00:47+00:00","dateModified":"2005-11-18T20:00:47+00:00","author":{"@id":"https:\/\/blog.zeit.de\/herdentrieb\/#\/schema\/person\/803e1e47a610d37f0d3f02bc3c4d7005"},"breadcrumb":{"@id":"https:\/\/blog.zeit.de\/herdentrieb\/2005\/11\/18\/keine-evidenz-fur-die-basarokonomie-deutschland_20#breadcrumb"},"inLanguage":"de","potentialAction":[{"@type":"ReadAction","target":["https:\/\/blog.zeit.de\/herdentrieb\/2005\/11\/18\/keine-evidenz-fur-die-basarokonomie-deutschland_20"]}]},{"@type":"BreadcrumbList","@id":"https:\/\/blog.zeit.de\/herdentrieb\/2005\/11\/18\/keine-evidenz-fur-die-basarokonomie-deutschland_20#breadcrumb","itemListElement":[{"@type":"ListItem","position":1,"name":"Startseite","item":"https:\/\/blog.zeit.de\/herdentrieb"},{"@type":"ListItem","position":2,"name":"Keine Evidenz f\u00fcr die Basar\u00f6konomie Deutschland"}]},{"@type":"WebSite","@id":"https:\/\/blog.zeit.de\/herdentrieb\/#website","url":"https:\/\/blog.zeit.de\/herdentrieb\/","name":"Herdentrieb","description":"So funktioniert Kapitalismus. Ein Blog","potentialAction":[{"@type":"SearchAction","target":{"@type":"EntryPoint","urlTemplate":"https:\/\/blog.zeit.de\/herdentrieb\/?s={search_term_string}"},"query-input":"required name=search_term_string"}],"inLanguage":"de"},{"@type":"Person","@id":"https:\/\/blog.zeit.de\/herdentrieb\/#\/schema\/person\/803e1e47a610d37f0d3f02bc3c4d7005","name":"Uwe Richter","image":{"@type":"ImageObject","inLanguage":"de","@id":"https:\/\/blog.zeit.de\/herdentrieb\/#\/schema\/person\/image\/","url":"https:\/\/secure.gravatar.com\/avatar\/3b632d6f5cc9eed638d5c5b7325ac5aae3657d39c74129990c3568ff007c2ed9?s=96&d=mm&r=g","contentUrl":"https:\/\/secure.gravatar.com\/avatar\/3b632d6f5cc9eed638d5c5b7325ac5aae3657d39c74129990c3568ff007c2ed9?s=96&d=mm&r=g","caption":"Uwe Richter"},"url":"https:\/\/blog.zeit.de\/herdentrieb\/author\/uwe-richter"}]}},"jetpack_featured_media_url":"","jetpack_sharing_enabled":true,"_links":{"self":[{"href":"https:\/\/blog.zeit.de\/herdentrieb\/wp-json\/wp\/v2\/posts\/20","targetHints":{"allow":["GET"]}}],"collection":[{"href":"https:\/\/blog.zeit.de\/herdentrieb\/wp-json\/wp\/v2\/posts"}],"about":[{"href":"https:\/\/blog.zeit.de\/herdentrieb\/wp-json\/wp\/v2\/types\/post"}],"author":[{"embeddable":true,"href":"https:\/\/blog.zeit.de\/herdentrieb\/wp-json\/wp\/v2\/users\/60"}],"replies":[{"embeddable":true,"href":"https:\/\/blog.zeit.de\/herdentrieb\/wp-json\/wp\/v2\/comments?post=20"}],"version-history":[{"count":0,"href":"https:\/\/blog.zeit.de\/herdentrieb\/wp-json\/wp\/v2\/posts\/20\/revisions"}],"wp:attachment":[{"href":"https:\/\/blog.zeit.de\/herdentrieb\/wp-json\/wp\/v2\/media?parent=20"}],"wp:term":[{"taxonomy":"category","embeddable":true,"href":"https:\/\/blog.zeit.de\/herdentrieb\/wp-json\/wp\/v2\/categories?post=20"},{"taxonomy":"post_tag","embeddable":true,"href":"https:\/\/blog.zeit.de\/herdentrieb\/wp-json\/wp\/v2\/tags?post=20"}],"curies":[{"name":"wp","href":"https:\/\/api.w.org\/{rel}","templated":true}]}}