{"id":2220,"date":"2010-08-18T19:28:50","date_gmt":"2010-08-18T17:28:50","guid":{"rendered":"http:\/\/blog.zeit.de\/herdentrieb\/?p=2220"},"modified":"2010-08-22T14:44:49","modified_gmt":"2010-08-22T12:44:49","slug":"es-gibt-nichts-zu-verteilen-oder-doch","status":"publish","type":"post","link":"https:\/\/blog.zeit.de\/herdentrieb\/2010\/08\/18\/es-gibt-nichts-zu-verteilen-oder-doch_2220","title":{"rendered":"Es gibt nichts zu verteilen &#8211; oder doch?"},"content":{"rendered":"<p>In den letzten Tagen ist \u2013 von Politikern der FDP, den Arbeitgebern aber auch vielen Kollegen \u2013 ein Satz besonders h\u00e4ufig zu h\u00f6ren:<\/p>\n<p style=\"padding-left: 30px;\"><em>\u00abWas verteilt wird, muss erst einmal erwirtschaftet werden\u00bb<\/em><\/p>\n<p>Das wird  gerne als Argument gegen h\u00f6here L\u00f6hne, niedrigere Steuern oder eine Anhebung der Sozialleistungen vorgebracht. Doch wenn mit Adam Smith der Endzweck allen Wirtschaftens der Konsum ist, dann w\u00fcrde das Wirtschaften eingestellt, wenn \u2013 ein Extremfall \u2013 nicht mehr konsumiert w\u00fcrde. Das Besondere am Wirtschaftskuchen ist ja, dass er nicht kleiner, sondern gr\u00f6\u00dfer wird, je mehr davon gegessen wird. Skeptiker vergleichen bitte die Entwicklung der L\u00f6hne und des Wirtschaftswachstums seit Beginn der Industrialisierung. Man k\u00f6nnte deshalb den Satz  auch umdrehen.<\/p>\n<p style=\"padding-left: 30px;\"><em>\u00abErwirtschaftet wird nur, was auch  verteilt wird\u00bb<\/em><\/p>\n<p>Und noch etwas verschweigen die Verteilungsverneiner gerne. Denn nat\u00fcrlich wird immer etwas verteilt, wenn die Wirtschaft w\u00e4chst.  Der Satz, es gebe nichts zu verteilen, meint \u2013 in marxistischer Terminologie \u2013 zumeist, es gibt nichts f\u00fcr die Arbeit, weil das Kapital das Mehrprodukt einstecken will.  Das kann manchmal gesamtwirtschaftlicher Perspektive sinnvoll sein, derzeit ist es das in Deutschland aber wohl eher nicht.<\/p>\n<p>Und wenn der Staat sagt, es gebe nichts zu verteilen, weil das Geld f\u00fcr die R\u00fcckzahlung der Schulden verwendet werden muss, dann verteilt er auch. In diesem Fall an die Inhaber der Staatspapiere. Auch das ist nicht unbedingt schlecht \u2013 ich bin sogar daf\u00fcr, wenn die Konsolidierung \u00fcber h\u00f6here Steuern und nicht \u00fcber niedrigere Ausgaben geschieht.<\/p>\n<p>Aber man sollte Ross und Reiter schon benennen.<\/p>\n","protected":false},"excerpt":{"rendered":"<p>In den letzten Tagen ist \u2013 von Politikern der FDP, den Arbeitgebern aber auch vielen Kollegen \u2013 ein Satz besonders h\u00e4ufig zu h\u00f6ren: \u00abWas verteilt wird, muss erst einmal erwirtschaftet werden\u00bb Das wird gerne als Argument gegen h\u00f6here L\u00f6hne, niedrigere Steuern oder eine Anhebung der Sozialleistungen vorgebracht. Doch wenn mit Adam Smith der Endzweck allen [&hellip;]<\/p>\n","protected":false},"author":215,"featured_media":0,"comment_status":"open","ping_status":"closed","sticky":false,"template":"","format":"standard","meta":{"_jetpack_memberships_contains_paid_content":false,"footnotes":""},"categories":[14],"tags":[],"class_list":["post-2220","post","type-post","status-publish","format-standard","hentry","category-wissen-und-glauben"],"yoast_head":"<!-- This site is optimized with the Yoast SEO plugin v21.0 - https:\/\/yoast.com\/wordpress\/plugins\/seo\/ -->\n<title>Es gibt nichts zu verteilen - oder doch?  - Herdentrieb<\/title>\n<meta name=\"robots\" content=\"index, follow, max-snippet:-1, max-image-preview:large, max-video-preview:-1\" \/>\n<link rel=\"canonical\" href=\"https:\/\/blog.zeit.de\/herdentrieb\/2010\/08\/18\/es-gibt-nichts-zu-verteilen-oder-doch_2220\" \/>\n<meta property=\"og:locale\" content=\"de_DE\" \/>\n<meta property=\"og:type\" content=\"article\" \/>\n<meta property=\"og:title\" content=\"Es gibt nichts zu verteilen - oder doch?  - Herdentrieb\" \/>\n<meta property=\"og:description\" content=\"In den letzten Tagen ist \u2013 von Politikern der FDP, den Arbeitgebern aber auch vielen Kollegen \u2013 ein Satz besonders h\u00e4ufig zu h\u00f6ren: \u00abWas verteilt wird, muss erst einmal erwirtschaftet werden\u00bb Das wird gerne als Argument gegen h\u00f6here L\u00f6hne, niedrigere Steuern oder eine Anhebung der Sozialleistungen vorgebracht. Doch wenn mit Adam Smith der Endzweck allen [&hellip;]\" \/>\n<meta property=\"og:url\" content=\"https:\/\/blog.zeit.de\/herdentrieb\/2010\/08\/18\/es-gibt-nichts-zu-verteilen-oder-doch_2220\" \/>\n<meta property=\"og:site_name\" content=\"Herdentrieb\" \/>\n<meta property=\"article:published_time\" content=\"2010-08-18T17:28:50+00:00\" \/>\n<meta property=\"article:modified_time\" content=\"2010-08-22T12:44:49+00:00\" \/>\n<meta name=\"author\" content=\"Mark Schieritz\" \/>\n<meta name=\"twitter:card\" content=\"summary_large_image\" \/>\n<meta name=\"twitter:creator\" content=\"@zeitonline\" \/>\n<meta name=\"twitter:site\" content=\"@zeitonline\" \/>\n<meta name=\"twitter:label1\" content=\"Geschrieben von\" \/>\n\t<meta name=\"twitter:data1\" content=\"Mark Schieritz\" \/>\n\t<meta name=\"twitter:label2\" content=\"Gesch\u00e4tzte Lesezeit\" \/>\n\t<meta name=\"twitter:data2\" content=\"1\u00a0Minute\" \/>\n<script type=\"application\/ld+json\" class=\"yoast-schema-graph\">{\"@context\":\"https:\/\/schema.org\",\"@graph\":[{\"@type\":\"WebPage\",\"@id\":\"https:\/\/blog.zeit.de\/herdentrieb\/2010\/08\/18\/es-gibt-nichts-zu-verteilen-oder-doch_2220\",\"url\":\"https:\/\/blog.zeit.de\/herdentrieb\/2010\/08\/18\/es-gibt-nichts-zu-verteilen-oder-doch_2220\",\"name\":\"Es gibt nichts zu verteilen - oder doch? - Herdentrieb\",\"isPartOf\":{\"@id\":\"https:\/\/blog.zeit.de\/herdentrieb\/#website\"},\"datePublished\":\"2010-08-18T17:28:50+00:00\",\"dateModified\":\"2010-08-22T12:44:49+00:00\",\"author\":{\"@id\":\"https:\/\/blog.zeit.de\/herdentrieb\/#\/schema\/person\/a2dfa95bbd4de7e06edc88db4e3d3871\"},\"breadcrumb\":{\"@id\":\"https:\/\/blog.zeit.de\/herdentrieb\/2010\/08\/18\/es-gibt-nichts-zu-verteilen-oder-doch_2220#breadcrumb\"},\"inLanguage\":\"de\",\"potentialAction\":[{\"@type\":\"ReadAction\",\"target\":[\"https:\/\/blog.zeit.de\/herdentrieb\/2010\/08\/18\/es-gibt-nichts-zu-verteilen-oder-doch_2220\"]}]},{\"@type\":\"BreadcrumbList\",\"@id\":\"https:\/\/blog.zeit.de\/herdentrieb\/2010\/08\/18\/es-gibt-nichts-zu-verteilen-oder-doch_2220#breadcrumb\",\"itemListElement\":[{\"@type\":\"ListItem\",\"position\":1,\"name\":\"Startseite\",\"item\":\"https:\/\/blog.zeit.de\/herdentrieb\"},{\"@type\":\"ListItem\",\"position\":2,\"name\":\"Es gibt nichts zu verteilen &#8211; oder doch?\"}]},{\"@type\":\"WebSite\",\"@id\":\"https:\/\/blog.zeit.de\/herdentrieb\/#website\",\"url\":\"https:\/\/blog.zeit.de\/herdentrieb\/\",\"name\":\"Herdentrieb\",\"description\":\"So funktioniert Kapitalismus. Ein Blog\",\"potentialAction\":[{\"@type\":\"SearchAction\",\"target\":{\"@type\":\"EntryPoint\",\"urlTemplate\":\"https:\/\/blog.zeit.de\/herdentrieb\/?s={search_term_string}\"},\"query-input\":\"required name=search_term_string\"}],\"inLanguage\":\"de\"},{\"@type\":\"Person\",\"@id\":\"https:\/\/blog.zeit.de\/herdentrieb\/#\/schema\/person\/a2dfa95bbd4de7e06edc88db4e3d3871\",\"name\":\"Mark Schieritz\",\"image\":{\"@type\":\"ImageObject\",\"inLanguage\":\"de\",\"@id\":\"https:\/\/blog.zeit.de\/herdentrieb\/#\/schema\/person\/image\/\",\"url\":\"https:\/\/secure.gravatar.com\/avatar\/66e072b8ecaf6d851921c0577ca78c8c9a24223a3c3cb6df48c5d839d1b622e0?s=96&d=mm&r=g\",\"contentUrl\":\"https:\/\/secure.gravatar.com\/avatar\/66e072b8ecaf6d851921c0577ca78c8c9a24223a3c3cb6df48c5d839d1b622e0?s=96&d=mm&r=g\",\"caption\":\"Mark Schieritz\"},\"url\":\"https:\/\/blog.zeit.de\/herdentrieb\/author\/mark-schieritz\"}]}<\/script>\n<!-- \/ Yoast SEO plugin. -->","yoast_head_json":{"title":"Es gibt nichts zu verteilen - oder doch?  - Herdentrieb","robots":{"index":"index","follow":"follow","max-snippet":"max-snippet:-1","max-image-preview":"max-image-preview:large","max-video-preview":"max-video-preview:-1"},"canonical":"https:\/\/blog.zeit.de\/herdentrieb\/2010\/08\/18\/es-gibt-nichts-zu-verteilen-oder-doch_2220","og_locale":"de_DE","og_type":"article","og_title":"Es gibt nichts zu verteilen - oder doch?  - Herdentrieb","og_description":"In den letzten Tagen ist \u2013 von Politikern der FDP, den Arbeitgebern aber auch vielen Kollegen \u2013 ein Satz besonders h\u00e4ufig zu h\u00f6ren: \u00abWas verteilt wird, muss erst einmal erwirtschaftet werden\u00bb Das wird gerne als Argument gegen h\u00f6here L\u00f6hne, niedrigere Steuern oder eine Anhebung der Sozialleistungen vorgebracht. Doch wenn mit Adam Smith der Endzweck allen [&hellip;]","og_url":"https:\/\/blog.zeit.de\/herdentrieb\/2010\/08\/18\/es-gibt-nichts-zu-verteilen-oder-doch_2220","og_site_name":"Herdentrieb","article_published_time":"2010-08-18T17:28:50+00:00","article_modified_time":"2010-08-22T12:44:49+00:00","author":"Mark Schieritz","twitter_card":"summary_large_image","twitter_creator":"@zeitonline","twitter_site":"@zeitonline","twitter_misc":{"Geschrieben von":"Mark Schieritz","Gesch\u00e4tzte Lesezeit":"1\u00a0Minute"},"schema":{"@context":"https:\/\/schema.org","@graph":[{"@type":"WebPage","@id":"https:\/\/blog.zeit.de\/herdentrieb\/2010\/08\/18\/es-gibt-nichts-zu-verteilen-oder-doch_2220","url":"https:\/\/blog.zeit.de\/herdentrieb\/2010\/08\/18\/es-gibt-nichts-zu-verteilen-oder-doch_2220","name":"Es gibt nichts zu verteilen - oder doch? - Herdentrieb","isPartOf":{"@id":"https:\/\/blog.zeit.de\/herdentrieb\/#website"},"datePublished":"2010-08-18T17:28:50+00:00","dateModified":"2010-08-22T12:44:49+00:00","author":{"@id":"https:\/\/blog.zeit.de\/herdentrieb\/#\/schema\/person\/a2dfa95bbd4de7e06edc88db4e3d3871"},"breadcrumb":{"@id":"https:\/\/blog.zeit.de\/herdentrieb\/2010\/08\/18\/es-gibt-nichts-zu-verteilen-oder-doch_2220#breadcrumb"},"inLanguage":"de","potentialAction":[{"@type":"ReadAction","target":["https:\/\/blog.zeit.de\/herdentrieb\/2010\/08\/18\/es-gibt-nichts-zu-verteilen-oder-doch_2220"]}]},{"@type":"BreadcrumbList","@id":"https:\/\/blog.zeit.de\/herdentrieb\/2010\/08\/18\/es-gibt-nichts-zu-verteilen-oder-doch_2220#breadcrumb","itemListElement":[{"@type":"ListItem","position":1,"name":"Startseite","item":"https:\/\/blog.zeit.de\/herdentrieb"},{"@type":"ListItem","position":2,"name":"Es gibt nichts zu verteilen &#8211; oder doch?"}]},{"@type":"WebSite","@id":"https:\/\/blog.zeit.de\/herdentrieb\/#website","url":"https:\/\/blog.zeit.de\/herdentrieb\/","name":"Herdentrieb","description":"So funktioniert Kapitalismus. Ein Blog","potentialAction":[{"@type":"SearchAction","target":{"@type":"EntryPoint","urlTemplate":"https:\/\/blog.zeit.de\/herdentrieb\/?s={search_term_string}"},"query-input":"required name=search_term_string"}],"inLanguage":"de"},{"@type":"Person","@id":"https:\/\/blog.zeit.de\/herdentrieb\/#\/schema\/person\/a2dfa95bbd4de7e06edc88db4e3d3871","name":"Mark Schieritz","image":{"@type":"ImageObject","inLanguage":"de","@id":"https:\/\/blog.zeit.de\/herdentrieb\/#\/schema\/person\/image\/","url":"https:\/\/secure.gravatar.com\/avatar\/66e072b8ecaf6d851921c0577ca78c8c9a24223a3c3cb6df48c5d839d1b622e0?s=96&d=mm&r=g","contentUrl":"https:\/\/secure.gravatar.com\/avatar\/66e072b8ecaf6d851921c0577ca78c8c9a24223a3c3cb6df48c5d839d1b622e0?s=96&d=mm&r=g","caption":"Mark Schieritz"},"url":"https:\/\/blog.zeit.de\/herdentrieb\/author\/mark-schieritz"}]}},"jetpack_featured_media_url":"","jetpack_sharing_enabled":true,"_links":{"self":[{"href":"https:\/\/blog.zeit.de\/herdentrieb\/wp-json\/wp\/v2\/posts\/2220","targetHints":{"allow":["GET"]}}],"collection":[{"href":"https:\/\/blog.zeit.de\/herdentrieb\/wp-json\/wp\/v2\/posts"}],"about":[{"href":"https:\/\/blog.zeit.de\/herdentrieb\/wp-json\/wp\/v2\/types\/post"}],"author":[{"embeddable":true,"href":"https:\/\/blog.zeit.de\/herdentrieb\/wp-json\/wp\/v2\/users\/215"}],"replies":[{"embeddable":true,"href":"https:\/\/blog.zeit.de\/herdentrieb\/wp-json\/wp\/v2\/comments?post=2220"}],"version-history":[{"count":0,"href":"https:\/\/blog.zeit.de\/herdentrieb\/wp-json\/wp\/v2\/posts\/2220\/revisions"}],"wp:attachment":[{"href":"https:\/\/blog.zeit.de\/herdentrieb\/wp-json\/wp\/v2\/media?parent=2220"}],"wp:term":[{"taxonomy":"category","embeddable":true,"href":"https:\/\/blog.zeit.de\/herdentrieb\/wp-json\/wp\/v2\/categories?post=2220"},{"taxonomy":"post_tag","embeddable":true,"href":"https:\/\/blog.zeit.de\/herdentrieb\/wp-json\/wp\/v2\/tags?post=2220"}],"curies":[{"name":"wp","href":"https:\/\/api.w.org\/{rel}","templated":true}]}}