{"id":232,"date":"2007-10-18T22:15:00","date_gmt":"2007-10-18T20:15:00","guid":{"rendered":"http:\/\/blog.zeit.de\/herdentrieb\/2007\/10\/18\/die-realitat-wird-die-aktienmarkte-einholen_232"},"modified":"2019-10-02T11:00:29","modified_gmt":"2019-10-02T09:00:29","slug":"die-realitat-wird-die-aktienmarkte-einholen","status":"publish","type":"post","link":"https:\/\/blog.zeit.de\/herdentrieb\/2007\/10\/18\/die-realitat-wird-die-aktienmarkte-einholen_232","title":{"rendered":"Die Realit\u00e4t wird die Aktienm\u00e4rkte einholen"},"content":{"rendered":"<p>Ich war zu pessimistisch in meiner Markteinsch\u00e4tzung. Die Akteure gehen bisher davon aus, dass die Finanzkrise entweder schon \u00fcberwunden, nicht so schlimm oder beherrschbar ist. Die Zentralbanken werden es schon richten. Wer sich daran hielt, hat in den vergangenen Wochen gut Geld verdient. Der Konsens ist, dass die leichte Wachstumsabschw\u00e4chung in den USA mehr als wettgemacht wird durch den asiatischen Wirtschaftsboom.<\/p>\n<p>Meine Zweifel an dieser Geschichte sind nicht verschwunden. Ganz im Gegenteil, weder die Finanzkrise noch die amerikanische Immobilienkrise sind \u00fcberwunden. Sie werden einen stark negativen Einfluss auf das globale Wirtschaftswachstum und damit auf die Aktienm\u00e4rkte haben. Zudem haben wir zwei weitere Krisen, die es in sich haben: die \u00d6lkrise und den Dollarcrash. Leugnen hilft nicht &#8211; und die Struktur der Portfolios muss den neuen Realit\u00e4ten Rechnung tragen.<\/p>\n<p>Ausf\u00fchrliches dazu in meinem neusten Investment Outlook:<\/p>\n<p><a href=\"https:\/\/blog.zeit.de\/herdentrieb\/files\/2007\/10\/wermuths_investment_outlook_october_2007.pdf\" title=\"Wermuth\u2019s Investment Outlook - October 2007\">Wermuth\u2019s Investment Outlook &#8211; October 2007<\/a>*) (pdf, 233 KB)<\/p>\n<p style=\"line-height: 75%\"><font face=\"Arial\" size=\"1\">*) Den Investment Outlook von Dieter Wermuth in englischer Sprache gibt es einmal im Monat und er wird zun\u00e4chst kostenlos auf Herdentrieb zum Herunterladen bereitgestellt. (ur)<\/font><\/p>\n","protected":false},"excerpt":{"rendered":"<p>Ich war zu pessimistisch in meiner Markteinsch\u00e4tzung. Die Akteure gehen bisher davon aus, dass die Finanzkrise entweder schon \u00fcberwunden, nicht so schlimm oder beherrschbar ist. Die Zentralbanken werden es schon richten. Wer sich daran hielt, hat in den vergangenen Wochen gut Geld verdient. Der Konsens ist, dass die leichte Wachstumsabschw\u00e4chung in den USA mehr als [&hellip;]<\/p>\n","protected":false},"author":61,"featured_media":0,"comment_status":"open","ping_status":"closed","sticky":false,"template":"","format":"standard","meta":{"_jetpack_memberships_contains_paid_content":false,"footnotes":""},"categories":[13],"tags":[],"class_list":["post-232","post","type-post","status-publish","format-standard","hentry","category-wermuths-investment-outlook"],"yoast_head":"<!-- This site is optimized with the Yoast SEO plugin v21.0 - https:\/\/yoast.com\/wordpress\/plugins\/seo\/ -->\n<title>Die Realit\u00e4t wird die Aktienm\u00e4rkte einholen - Herdentrieb<\/title>\n<meta name=\"robots\" content=\"index, follow, max-snippet:-1, max-image-preview:large, max-video-preview:-1\" \/>\n<link rel=\"canonical\" href=\"https:\/\/blog.zeit.de\/herdentrieb\/2007\/10\/18\/die-realitat-wird-die-aktienmarkte-einholen_232\" \/>\n<meta property=\"og:locale\" content=\"de_DE\" \/>\n<meta property=\"og:type\" content=\"article\" \/>\n<meta property=\"og:title\" content=\"Die Realit\u00e4t wird die Aktienm\u00e4rkte einholen - Herdentrieb\" \/>\n<meta property=\"og:description\" content=\"Ich war zu pessimistisch in meiner Markteinsch\u00e4tzung. Die Akteure gehen bisher davon aus, dass die Finanzkrise entweder schon \u00fcberwunden, nicht so schlimm oder beherrschbar ist. Die Zentralbanken werden es schon richten. Wer sich daran hielt, hat in den vergangenen Wochen gut Geld verdient. Der Konsens ist, dass die leichte Wachstumsabschw\u00e4chung in den USA mehr als [&hellip;]\" \/>\n<meta property=\"og:url\" content=\"https:\/\/blog.zeit.de\/herdentrieb\/2007\/10\/18\/die-realitat-wird-die-aktienmarkte-einholen_232\" \/>\n<meta property=\"og:site_name\" content=\"Herdentrieb\" \/>\n<meta property=\"article:published_time\" content=\"2007-10-18T20:15:00+00:00\" \/>\n<meta property=\"article:modified_time\" content=\"2019-10-02T09:00:29+00:00\" \/>\n<meta name=\"author\" content=\"Dieter Wermuth\" \/>\n<meta name=\"twitter:card\" content=\"summary_large_image\" \/>\n<meta name=\"twitter:creator\" content=\"@zeitonline\" \/>\n<meta name=\"twitter:site\" content=\"@zeitonline\" \/>\n<meta name=\"twitter:label1\" content=\"Geschrieben von\" \/>\n\t<meta name=\"twitter:data1\" content=\"Dieter Wermuth\" \/>\n\t<meta name=\"twitter:label2\" content=\"Gesch\u00e4tzte Lesezeit\" \/>\n\t<meta name=\"twitter:data2\" content=\"1\u00a0Minute\" \/>\n<script type=\"application\/ld+json\" class=\"yoast-schema-graph\">{\"@context\":\"https:\/\/schema.org\",\"@graph\":[{\"@type\":\"WebPage\",\"@id\":\"https:\/\/blog.zeit.de\/herdentrieb\/2007\/10\/18\/die-realitat-wird-die-aktienmarkte-einholen_232\",\"url\":\"https:\/\/blog.zeit.de\/herdentrieb\/2007\/10\/18\/die-realitat-wird-die-aktienmarkte-einholen_232\",\"name\":\"Die Realit\u00e4t wird die Aktienm\u00e4rkte einholen - Herdentrieb\",\"isPartOf\":{\"@id\":\"https:\/\/blog.zeit.de\/herdentrieb\/#website\"},\"datePublished\":\"2007-10-18T20:15:00+00:00\",\"dateModified\":\"2019-10-02T09:00:29+00:00\",\"author\":{\"@id\":\"https:\/\/blog.zeit.de\/herdentrieb\/#\/schema\/person\/cded255e8a7893fa16565de10e59b891\"},\"breadcrumb\":{\"@id\":\"https:\/\/blog.zeit.de\/herdentrieb\/2007\/10\/18\/die-realitat-wird-die-aktienmarkte-einholen_232#breadcrumb\"},\"inLanguage\":\"de\",\"potentialAction\":[{\"@type\":\"ReadAction\",\"target\":[\"https:\/\/blog.zeit.de\/herdentrieb\/2007\/10\/18\/die-realitat-wird-die-aktienmarkte-einholen_232\"]}]},{\"@type\":\"BreadcrumbList\",\"@id\":\"https:\/\/blog.zeit.de\/herdentrieb\/2007\/10\/18\/die-realitat-wird-die-aktienmarkte-einholen_232#breadcrumb\",\"itemListElement\":[{\"@type\":\"ListItem\",\"position\":1,\"name\":\"Startseite\",\"item\":\"https:\/\/blog.zeit.de\/herdentrieb\"},{\"@type\":\"ListItem\",\"position\":2,\"name\":\"Die Realit\u00e4t wird die Aktienm\u00e4rkte einholen\"}]},{\"@type\":\"WebSite\",\"@id\":\"https:\/\/blog.zeit.de\/herdentrieb\/#website\",\"url\":\"https:\/\/blog.zeit.de\/herdentrieb\/\",\"name\":\"Herdentrieb\",\"description\":\"So funktioniert Kapitalismus. Ein Blog\",\"potentialAction\":[{\"@type\":\"SearchAction\",\"target\":{\"@type\":\"EntryPoint\",\"urlTemplate\":\"https:\/\/blog.zeit.de\/herdentrieb\/?s={search_term_string}\"},\"query-input\":\"required name=search_term_string\"}],\"inLanguage\":\"de\"},{\"@type\":\"Person\",\"@id\":\"https:\/\/blog.zeit.de\/herdentrieb\/#\/schema\/person\/cded255e8a7893fa16565de10e59b891\",\"name\":\"Dieter Wermuth\",\"image\":{\"@type\":\"ImageObject\",\"inLanguage\":\"de\",\"@id\":\"https:\/\/blog.zeit.de\/herdentrieb\/#\/schema\/person\/image\/\",\"url\":\"https:\/\/secure.gravatar.com\/avatar\/17b936dcdfff00d08ede21a6c8044f16e55bc8832ed4a15d30fdb3dcfd0adec3?s=96&d=mm&r=g\",\"contentUrl\":\"https:\/\/secure.gravatar.com\/avatar\/17b936dcdfff00d08ede21a6c8044f16e55bc8832ed4a15d30fdb3dcfd0adec3?s=96&d=mm&r=g\",\"caption\":\"Dieter Wermuth\"},\"url\":\"https:\/\/blog.zeit.de\/herdentrieb\/author\/dieter-wermuth\"}]}<\/script>\n<!-- \/ Yoast SEO plugin. -->","yoast_head_json":{"title":"Die Realit\u00e4t wird die Aktienm\u00e4rkte einholen - Herdentrieb","robots":{"index":"index","follow":"follow","max-snippet":"max-snippet:-1","max-image-preview":"max-image-preview:large","max-video-preview":"max-video-preview:-1"},"canonical":"https:\/\/blog.zeit.de\/herdentrieb\/2007\/10\/18\/die-realitat-wird-die-aktienmarkte-einholen_232","og_locale":"de_DE","og_type":"article","og_title":"Die Realit\u00e4t wird die Aktienm\u00e4rkte einholen - Herdentrieb","og_description":"Ich war zu pessimistisch in meiner Markteinsch\u00e4tzung. Die Akteure gehen bisher davon aus, dass die Finanzkrise entweder schon \u00fcberwunden, nicht so schlimm oder beherrschbar ist. Die Zentralbanken werden es schon richten. Wer sich daran hielt, hat in den vergangenen Wochen gut Geld verdient. Der Konsens ist, dass die leichte Wachstumsabschw\u00e4chung in den USA mehr als [&hellip;]","og_url":"https:\/\/blog.zeit.de\/herdentrieb\/2007\/10\/18\/die-realitat-wird-die-aktienmarkte-einholen_232","og_site_name":"Herdentrieb","article_published_time":"2007-10-18T20:15:00+00:00","article_modified_time":"2019-10-02T09:00:29+00:00","author":"Dieter Wermuth","twitter_card":"summary_large_image","twitter_creator":"@zeitonline","twitter_site":"@zeitonline","twitter_misc":{"Geschrieben von":"Dieter Wermuth","Gesch\u00e4tzte Lesezeit":"1\u00a0Minute"},"schema":{"@context":"https:\/\/schema.org","@graph":[{"@type":"WebPage","@id":"https:\/\/blog.zeit.de\/herdentrieb\/2007\/10\/18\/die-realitat-wird-die-aktienmarkte-einholen_232","url":"https:\/\/blog.zeit.de\/herdentrieb\/2007\/10\/18\/die-realitat-wird-die-aktienmarkte-einholen_232","name":"Die Realit\u00e4t wird die Aktienm\u00e4rkte einholen - Herdentrieb","isPartOf":{"@id":"https:\/\/blog.zeit.de\/herdentrieb\/#website"},"datePublished":"2007-10-18T20:15:00+00:00","dateModified":"2019-10-02T09:00:29+00:00","author":{"@id":"https:\/\/blog.zeit.de\/herdentrieb\/#\/schema\/person\/cded255e8a7893fa16565de10e59b891"},"breadcrumb":{"@id":"https:\/\/blog.zeit.de\/herdentrieb\/2007\/10\/18\/die-realitat-wird-die-aktienmarkte-einholen_232#breadcrumb"},"inLanguage":"de","potentialAction":[{"@type":"ReadAction","target":["https:\/\/blog.zeit.de\/herdentrieb\/2007\/10\/18\/die-realitat-wird-die-aktienmarkte-einholen_232"]}]},{"@type":"BreadcrumbList","@id":"https:\/\/blog.zeit.de\/herdentrieb\/2007\/10\/18\/die-realitat-wird-die-aktienmarkte-einholen_232#breadcrumb","itemListElement":[{"@type":"ListItem","position":1,"name":"Startseite","item":"https:\/\/blog.zeit.de\/herdentrieb"},{"@type":"ListItem","position":2,"name":"Die Realit\u00e4t wird die Aktienm\u00e4rkte einholen"}]},{"@type":"WebSite","@id":"https:\/\/blog.zeit.de\/herdentrieb\/#website","url":"https:\/\/blog.zeit.de\/herdentrieb\/","name":"Herdentrieb","description":"So funktioniert Kapitalismus. Ein Blog","potentialAction":[{"@type":"SearchAction","target":{"@type":"EntryPoint","urlTemplate":"https:\/\/blog.zeit.de\/herdentrieb\/?s={search_term_string}"},"query-input":"required name=search_term_string"}],"inLanguage":"de"},{"@type":"Person","@id":"https:\/\/blog.zeit.de\/herdentrieb\/#\/schema\/person\/cded255e8a7893fa16565de10e59b891","name":"Dieter Wermuth","image":{"@type":"ImageObject","inLanguage":"de","@id":"https:\/\/blog.zeit.de\/herdentrieb\/#\/schema\/person\/image\/","url":"https:\/\/secure.gravatar.com\/avatar\/17b936dcdfff00d08ede21a6c8044f16e55bc8832ed4a15d30fdb3dcfd0adec3?s=96&d=mm&r=g","contentUrl":"https:\/\/secure.gravatar.com\/avatar\/17b936dcdfff00d08ede21a6c8044f16e55bc8832ed4a15d30fdb3dcfd0adec3?s=96&d=mm&r=g","caption":"Dieter Wermuth"},"url":"https:\/\/blog.zeit.de\/herdentrieb\/author\/dieter-wermuth"}]}},"jetpack_featured_media_url":"","jetpack_sharing_enabled":true,"_links":{"self":[{"href":"https:\/\/blog.zeit.de\/herdentrieb\/wp-json\/wp\/v2\/posts\/232","targetHints":{"allow":["GET"]}}],"collection":[{"href":"https:\/\/blog.zeit.de\/herdentrieb\/wp-json\/wp\/v2\/posts"}],"about":[{"href":"https:\/\/blog.zeit.de\/herdentrieb\/wp-json\/wp\/v2\/types\/post"}],"author":[{"embeddable":true,"href":"https:\/\/blog.zeit.de\/herdentrieb\/wp-json\/wp\/v2\/users\/61"}],"replies":[{"embeddable":true,"href":"https:\/\/blog.zeit.de\/herdentrieb\/wp-json\/wp\/v2\/comments?post=232"}],"version-history":[{"count":1,"href":"https:\/\/blog.zeit.de\/herdentrieb\/wp-json\/wp\/v2\/posts\/232\/revisions"}],"predecessor-version":[{"id":11512,"href":"https:\/\/blog.zeit.de\/herdentrieb\/wp-json\/wp\/v2\/posts\/232\/revisions\/11512"}],"wp:attachment":[{"href":"https:\/\/blog.zeit.de\/herdentrieb\/wp-json\/wp\/v2\/media?parent=232"}],"wp:term":[{"taxonomy":"category","embeddable":true,"href":"https:\/\/blog.zeit.de\/herdentrieb\/wp-json\/wp\/v2\/categories?post=232"},{"taxonomy":"post_tag","embeddable":true,"href":"https:\/\/blog.zeit.de\/herdentrieb\/wp-json\/wp\/v2\/tags?post=232"}],"curies":[{"name":"wp","href":"https:\/\/api.w.org\/{rel}","templated":true}]}}