{"id":2494,"date":"2010-11-10T16:04:49","date_gmt":"2010-11-10T15:04:49","guid":{"rendered":"http:\/\/blog.zeit.de\/herdentrieb\/?p=2494"},"modified":"2011-11-11T16:02:45","modified_gmt":"2011-11-11T15:02:45","slug":"sarah-palin-und-die-inflation","status":"publish","type":"post","link":"https:\/\/blog.zeit.de\/herdentrieb\/2010\/11\/10\/sarah-palin-und-die-inflation_2494","title":{"rendered":"Sarah Palin und die Inflation"},"content":{"rendered":"<p><a href=\"http:\/\/krugman.blogs.nytimes.com\/2010\/11\/10\/rte-gets-palinized\/\" target=\"_blank\">Paul Krugman<\/a> macht auf eine interessante Konversation zwischen Sarah Palin und Sudeep Reddy, Geldpolitikkorrespondent beim Wall Street Journal aufmerksam. Ausl\u00f6ser: Palins Vorhersage, die Inflation werde steigen, weil die Fed die M\u00e4rkte flutet.<\/p>\n<p style=\"padding-left: 30px;\"><em>Everyone who ever goes out shopping for groceries knows that prices have risen significantly over the past year or so. Pump priming would push them even higher.<\/em><\/p>\n<p>Zurecht weist Reddy darauf hin, dass die Preise kaum steigen, und bekanntlich eher deflation\u00e4re Tendenzen vorherrschen.<\/p>\n<p style=\"padding-left: 30px;\"><em>A broad measure of food prices from the Labor Department shows prices rose at an average annual rate of less than 0.6% in the first nine months of the year.<\/em><\/p>\n<p>Palins Reaktion  &#8211; und jetzt wird es interessant &#8211; ist die folgende:<\/p>\n<p style=\"padding-left: 30px;\"><em>Now I realize I\u2019m just a former governor and current housewife from Alaska, but even humble folks like me can read the newspaper.<\/em><\/p>\n<p>Die Ebene der Argumentation ist hier keine sachlich-inhaltliche mehr. Stattdessen findet eine Art Glorifizierung des <em>common sense<\/em> gegen\u00fcber dem Expertenwissen statt. Der Mann auf der Stra\u00dfe wei\u00df doch, was l\u00e4uft.  Wenn mehr Geld da ist, kommt die Inflation, ist doch sonnenklar. Dass gar nicht mehr Geld da ist, weil die Zentralbank zwar welches sch\u00f6pft, die Banken aber nicht mehr, spielt da keine Rolle.  Die Debatte ist nicht auf die USA beschr\u00e4nkt, wie die hysterische Diskussion \u00fcber die Politik der Fed &#8211; die man in der Tat kritisieren kann &#8211; zeigt.<\/p>\n<p>Willkommen in der Gegenaufkl\u00e4rung.<\/p>\n<p><em><br \/>\n<\/em><\/p>\n","protected":false},"excerpt":{"rendered":"<p>Paul Krugman macht auf eine interessante Konversation zwischen Sarah Palin und Sudeep Reddy, Geldpolitikkorrespondent beim Wall Street Journal aufmerksam. Ausl\u00f6ser: Palins Vorhersage, die Inflation werde steigen, weil die Fed die M\u00e4rkte flutet. Everyone who ever goes out shopping for groceries knows that prices have risen significantly over the past year or so. Pump priming would [&hellip;]<\/p>\n","protected":false},"author":215,"featured_media":0,"comment_status":"open","ping_status":"closed","sticky":false,"template":"","format":"standard","meta":{"_jetpack_memberships_contains_paid_content":false,"footnotes":""},"categories":[1259],"tags":[],"class_list":["post-2494","post","type-post","status-publish","format-standard","hentry","category-der-zeitungsleser"],"yoast_head":"<!-- This site is optimized with the Yoast SEO plugin v21.0 - https:\/\/yoast.com\/wordpress\/plugins\/seo\/ -->\n<title>Sarah Palin und die Inflation - Herdentrieb<\/title>\n<meta name=\"robots\" content=\"index, follow, max-snippet:-1, max-image-preview:large, max-video-preview:-1\" \/>\n<link rel=\"canonical\" href=\"https:\/\/blog.zeit.de\/herdentrieb\/2010\/11\/10\/sarah-palin-und-die-inflation_2494\" \/>\n<meta property=\"og:locale\" content=\"de_DE\" \/>\n<meta property=\"og:type\" content=\"article\" \/>\n<meta property=\"og:title\" content=\"Sarah Palin und die Inflation - Herdentrieb\" \/>\n<meta property=\"og:description\" content=\"Paul Krugman macht auf eine interessante Konversation zwischen Sarah Palin und Sudeep Reddy, Geldpolitikkorrespondent beim Wall Street Journal aufmerksam. Ausl\u00f6ser: Palins Vorhersage, die Inflation werde steigen, weil die Fed die M\u00e4rkte flutet. Everyone who ever goes out shopping for groceries knows that prices have risen significantly over the past year or so. Pump priming would [&hellip;]\" \/>\n<meta property=\"og:url\" content=\"https:\/\/blog.zeit.de\/herdentrieb\/2010\/11\/10\/sarah-palin-und-die-inflation_2494\" \/>\n<meta property=\"og:site_name\" content=\"Herdentrieb\" \/>\n<meta property=\"article:published_time\" content=\"2010-11-10T15:04:49+00:00\" \/>\n<meta property=\"article:modified_time\" content=\"2011-11-11T15:02:45+00:00\" \/>\n<meta name=\"author\" content=\"Mark Schieritz\" \/>\n<meta name=\"twitter:card\" content=\"summary_large_image\" \/>\n<meta name=\"twitter:creator\" content=\"@zeitonline\" \/>\n<meta name=\"twitter:site\" content=\"@zeitonline\" \/>\n<meta name=\"twitter:label1\" content=\"Geschrieben von\" \/>\n\t<meta name=\"twitter:data1\" content=\"Mark Schieritz\" \/>\n\t<meta name=\"twitter:label2\" content=\"Gesch\u00e4tzte Lesezeit\" \/>\n\t<meta name=\"twitter:data2\" content=\"1\u00a0Minute\" \/>\n<script type=\"application\/ld+json\" class=\"yoast-schema-graph\">{\"@context\":\"https:\/\/schema.org\",\"@graph\":[{\"@type\":\"WebPage\",\"@id\":\"https:\/\/blog.zeit.de\/herdentrieb\/2010\/11\/10\/sarah-palin-und-die-inflation_2494\",\"url\":\"https:\/\/blog.zeit.de\/herdentrieb\/2010\/11\/10\/sarah-palin-und-die-inflation_2494\",\"name\":\"Sarah Palin und die Inflation - Herdentrieb\",\"isPartOf\":{\"@id\":\"https:\/\/blog.zeit.de\/herdentrieb\/#website\"},\"datePublished\":\"2010-11-10T15:04:49+00:00\",\"dateModified\":\"2011-11-11T15:02:45+00:00\",\"author\":{\"@id\":\"https:\/\/blog.zeit.de\/herdentrieb\/#\/schema\/person\/a2dfa95bbd4de7e06edc88db4e3d3871\"},\"breadcrumb\":{\"@id\":\"https:\/\/blog.zeit.de\/herdentrieb\/2010\/11\/10\/sarah-palin-und-die-inflation_2494#breadcrumb\"},\"inLanguage\":\"de\",\"potentialAction\":[{\"@type\":\"ReadAction\",\"target\":[\"https:\/\/blog.zeit.de\/herdentrieb\/2010\/11\/10\/sarah-palin-und-die-inflation_2494\"]}]},{\"@type\":\"BreadcrumbList\",\"@id\":\"https:\/\/blog.zeit.de\/herdentrieb\/2010\/11\/10\/sarah-palin-und-die-inflation_2494#breadcrumb\",\"itemListElement\":[{\"@type\":\"ListItem\",\"position\":1,\"name\":\"Startseite\",\"item\":\"https:\/\/blog.zeit.de\/herdentrieb\"},{\"@type\":\"ListItem\",\"position\":2,\"name\":\"Sarah Palin und die Inflation\"}]},{\"@type\":\"WebSite\",\"@id\":\"https:\/\/blog.zeit.de\/herdentrieb\/#website\",\"url\":\"https:\/\/blog.zeit.de\/herdentrieb\/\",\"name\":\"Herdentrieb\",\"description\":\"So funktioniert Kapitalismus. Ein Blog\",\"potentialAction\":[{\"@type\":\"SearchAction\",\"target\":{\"@type\":\"EntryPoint\",\"urlTemplate\":\"https:\/\/blog.zeit.de\/herdentrieb\/?s={search_term_string}\"},\"query-input\":\"required name=search_term_string\"}],\"inLanguage\":\"de\"},{\"@type\":\"Person\",\"@id\":\"https:\/\/blog.zeit.de\/herdentrieb\/#\/schema\/person\/a2dfa95bbd4de7e06edc88db4e3d3871\",\"name\":\"Mark Schieritz\",\"image\":{\"@type\":\"ImageObject\",\"inLanguage\":\"de\",\"@id\":\"https:\/\/blog.zeit.de\/herdentrieb\/#\/schema\/person\/image\/\",\"url\":\"https:\/\/secure.gravatar.com\/avatar\/66e072b8ecaf6d851921c0577ca78c8c9a24223a3c3cb6df48c5d839d1b622e0?s=96&d=mm&r=g\",\"contentUrl\":\"https:\/\/secure.gravatar.com\/avatar\/66e072b8ecaf6d851921c0577ca78c8c9a24223a3c3cb6df48c5d839d1b622e0?s=96&d=mm&r=g\",\"caption\":\"Mark Schieritz\"},\"url\":\"https:\/\/blog.zeit.de\/herdentrieb\/author\/mark-schieritz\"}]}<\/script>\n<!-- \/ Yoast SEO plugin. -->","yoast_head_json":{"title":"Sarah Palin und die Inflation - Herdentrieb","robots":{"index":"index","follow":"follow","max-snippet":"max-snippet:-1","max-image-preview":"max-image-preview:large","max-video-preview":"max-video-preview:-1"},"canonical":"https:\/\/blog.zeit.de\/herdentrieb\/2010\/11\/10\/sarah-palin-und-die-inflation_2494","og_locale":"de_DE","og_type":"article","og_title":"Sarah Palin und die Inflation - Herdentrieb","og_description":"Paul Krugman macht auf eine interessante Konversation zwischen Sarah Palin und Sudeep Reddy, Geldpolitikkorrespondent beim Wall Street Journal aufmerksam. Ausl\u00f6ser: Palins Vorhersage, die Inflation werde steigen, weil die Fed die M\u00e4rkte flutet. Everyone who ever goes out shopping for groceries knows that prices have risen significantly over the past year or so. Pump priming would [&hellip;]","og_url":"https:\/\/blog.zeit.de\/herdentrieb\/2010\/11\/10\/sarah-palin-und-die-inflation_2494","og_site_name":"Herdentrieb","article_published_time":"2010-11-10T15:04:49+00:00","article_modified_time":"2011-11-11T15:02:45+00:00","author":"Mark Schieritz","twitter_card":"summary_large_image","twitter_creator":"@zeitonline","twitter_site":"@zeitonline","twitter_misc":{"Geschrieben von":"Mark Schieritz","Gesch\u00e4tzte Lesezeit":"1\u00a0Minute"},"schema":{"@context":"https:\/\/schema.org","@graph":[{"@type":"WebPage","@id":"https:\/\/blog.zeit.de\/herdentrieb\/2010\/11\/10\/sarah-palin-und-die-inflation_2494","url":"https:\/\/blog.zeit.de\/herdentrieb\/2010\/11\/10\/sarah-palin-und-die-inflation_2494","name":"Sarah Palin und die Inflation - Herdentrieb","isPartOf":{"@id":"https:\/\/blog.zeit.de\/herdentrieb\/#website"},"datePublished":"2010-11-10T15:04:49+00:00","dateModified":"2011-11-11T15:02:45+00:00","author":{"@id":"https:\/\/blog.zeit.de\/herdentrieb\/#\/schema\/person\/a2dfa95bbd4de7e06edc88db4e3d3871"},"breadcrumb":{"@id":"https:\/\/blog.zeit.de\/herdentrieb\/2010\/11\/10\/sarah-palin-und-die-inflation_2494#breadcrumb"},"inLanguage":"de","potentialAction":[{"@type":"ReadAction","target":["https:\/\/blog.zeit.de\/herdentrieb\/2010\/11\/10\/sarah-palin-und-die-inflation_2494"]}]},{"@type":"BreadcrumbList","@id":"https:\/\/blog.zeit.de\/herdentrieb\/2010\/11\/10\/sarah-palin-und-die-inflation_2494#breadcrumb","itemListElement":[{"@type":"ListItem","position":1,"name":"Startseite","item":"https:\/\/blog.zeit.de\/herdentrieb"},{"@type":"ListItem","position":2,"name":"Sarah Palin und die Inflation"}]},{"@type":"WebSite","@id":"https:\/\/blog.zeit.de\/herdentrieb\/#website","url":"https:\/\/blog.zeit.de\/herdentrieb\/","name":"Herdentrieb","description":"So funktioniert Kapitalismus. Ein Blog","potentialAction":[{"@type":"SearchAction","target":{"@type":"EntryPoint","urlTemplate":"https:\/\/blog.zeit.de\/herdentrieb\/?s={search_term_string}"},"query-input":"required name=search_term_string"}],"inLanguage":"de"},{"@type":"Person","@id":"https:\/\/blog.zeit.de\/herdentrieb\/#\/schema\/person\/a2dfa95bbd4de7e06edc88db4e3d3871","name":"Mark Schieritz","image":{"@type":"ImageObject","inLanguage":"de","@id":"https:\/\/blog.zeit.de\/herdentrieb\/#\/schema\/person\/image\/","url":"https:\/\/secure.gravatar.com\/avatar\/66e072b8ecaf6d851921c0577ca78c8c9a24223a3c3cb6df48c5d839d1b622e0?s=96&d=mm&r=g","contentUrl":"https:\/\/secure.gravatar.com\/avatar\/66e072b8ecaf6d851921c0577ca78c8c9a24223a3c3cb6df48c5d839d1b622e0?s=96&d=mm&r=g","caption":"Mark Schieritz"},"url":"https:\/\/blog.zeit.de\/herdentrieb\/author\/mark-schieritz"}]}},"jetpack_featured_media_url":"","jetpack_sharing_enabled":true,"_links":{"self":[{"href":"https:\/\/blog.zeit.de\/herdentrieb\/wp-json\/wp\/v2\/posts\/2494","targetHints":{"allow":["GET"]}}],"collection":[{"href":"https:\/\/blog.zeit.de\/herdentrieb\/wp-json\/wp\/v2\/posts"}],"about":[{"href":"https:\/\/blog.zeit.de\/herdentrieb\/wp-json\/wp\/v2\/types\/post"}],"author":[{"embeddable":true,"href":"https:\/\/blog.zeit.de\/herdentrieb\/wp-json\/wp\/v2\/users\/215"}],"replies":[{"embeddable":true,"href":"https:\/\/blog.zeit.de\/herdentrieb\/wp-json\/wp\/v2\/comments?post=2494"}],"version-history":[{"count":5,"href":"https:\/\/blog.zeit.de\/herdentrieb\/wp-json\/wp\/v2\/posts\/2494\/revisions"}],"predecessor-version":[{"id":3823,"href":"https:\/\/blog.zeit.de\/herdentrieb\/wp-json\/wp\/v2\/posts\/2494\/revisions\/3823"}],"wp:attachment":[{"href":"https:\/\/blog.zeit.de\/herdentrieb\/wp-json\/wp\/v2\/media?parent=2494"}],"wp:term":[{"taxonomy":"category","embeddable":true,"href":"https:\/\/blog.zeit.de\/herdentrieb\/wp-json\/wp\/v2\/categories?post=2494"},{"taxonomy":"post_tag","embeddable":true,"href":"https:\/\/blog.zeit.de\/herdentrieb\/wp-json\/wp\/v2\/tags?post=2494"}],"curies":[{"name":"wp","href":"https:\/\/api.w.org\/{rel}","templated":true}]}}