{"id":2529,"date":"2010-11-18T11:38:42","date_gmt":"2010-11-18T10:38:42","guid":{"rendered":"http:\/\/blog.zeit.de\/herdentrieb\/?p=2529"},"modified":"2010-11-18T17:34:00","modified_gmt":"2010-11-18T16:34:00","slug":"the-world-according-to-suddeutsche-zeitung","status":"publish","type":"post","link":"https:\/\/blog.zeit.de\/herdentrieb\/2010\/11\/18\/the-world-according-to-suddeutsche-zeitung_2529","title":{"rendered":"The world according to S\u00fcddeutsche Zeitung"},"content":{"rendered":"<p>Den Kollegen Christian Wernicke bei der <em>S\u00fcddeutschen<\/em> sch\u00e4tze ich eigentlich sehr. Aber diese Passage in seinem Leitartikel heute verdient eine kritische W\u00fcrdigung.<\/p>\n<p style=\"padding-left: 30px;\"><em>Auf dem H\u00f6hepunkt &#8211; dem G20-Gipfel in Seoul &#8211; blamierte sich Obama mit der Forderung, die in ihrem Export \u00fcberm\u00e4chtigen Chinesen und Deutschen sollten bittesch\u00f6n ihre Ausfuhren drosseln &#8211; und der US-Zentralbank brav erlauben, die Geldpresse anzuwerfen um 600 Milliarden Dollar zu drucken. Wer solch inflation\u00e4ren Schaden anrichtet, muss Spott ernten. <\/em><\/p>\n<p><!--more--><br \/>\nNiemand hat die Deutschen jemals dazu aufgefordert, ihre Ausfuhren zu drosseln. Es ging um die Export\u00fcbersch\u00fcsse, also Exporte minus Importe &#8211; und die Amerikaner legten uns nahe, die Binnennachfrage anzukurbeln, wogegen man schwer etwas haben kann.<\/p>\n<p>Was das mit der Fed zu tun haben soll, ist mir nicht klar. Eine Lockerung der Geldpolitik hat immer Auswirkungen auf den Wechselkurs. Aber in erster Linie geht es Ben Bernanke darum, die heimische Nachfrage anzukurbeln. Davon profitieren &#8230; ganz genau, BMW, Mercedes und all die Unternehmen, die die Produkte herstellen, die die Amerikaner so lieben.<\/p>\n<p>Damit will ich nicht die Politik der Fed loben. Die kann man kritisieren, aber weil sie neue Blasen riskiert, nicht weil sie den Dollar manipuliert.<\/p>\n<p>Ich h\u00e4tte es anders gemacht und fiskalpolitisch stimuliert, vor allem Infrastruktur, dazu den Dollar in einem internationalen Akkord kontrolliert abgewertet, denn die USA m\u00fcssen mehr exportieren. Aber das ist ein anderes Thema. Ich bin gespannt, wie die Reaktion  sein wird, wenn die Amerikaner ernst machen und real abwerten. Dann werden wir alle jubeln, dass jetzt endlich die L\u00f6hne sinken und das Land wieder wettbewerbsf\u00e4hig wird \u2013 und dann werden wir uns alle wundern, dass bei BMW und Mercedes die Exporte einbrechen und dann werden wir vielleicht kapieren, dass wir einmal \u00fcber unsere Art und Weise \u00d6konomie zu betreiben, nachdenken sollten.<\/p>\n","protected":false},"excerpt":{"rendered":"<p>Den Kollegen Christian Wernicke bei der S\u00fcddeutschen sch\u00e4tze ich eigentlich sehr. Aber diese Passage in seinem Leitartikel heute verdient eine kritische W\u00fcrdigung. Auf dem H\u00f6hepunkt &#8211; dem G20-Gipfel in Seoul &#8211; blamierte sich Obama mit der Forderung, die in ihrem Export \u00fcberm\u00e4chtigen Chinesen und Deutschen sollten bittesch\u00f6n ihre Ausfuhren drosseln &#8211; und der US-Zentralbank brav [&hellip;]<\/p>\n","protected":false},"author":215,"featured_media":0,"comment_status":"open","ping_status":"closed","sticky":false,"template":"","format":"standard","meta":{"_jetpack_memberships_contains_paid_content":false,"footnotes":""},"categories":[1259],"tags":[],"class_list":["post-2529","post","type-post","status-publish","format-standard","hentry","category-der-zeitungsleser"],"yoast_head":"<!-- This site is optimized with the Yoast SEO plugin v21.0 - https:\/\/yoast.com\/wordpress\/plugins\/seo\/ -->\n<title>The world according to S\u00fcddeutsche Zeitung - Herdentrieb<\/title>\n<meta name=\"robots\" content=\"index, follow, max-snippet:-1, max-image-preview:large, max-video-preview:-1\" \/>\n<link rel=\"canonical\" href=\"https:\/\/blog.zeit.de\/herdentrieb\/2010\/11\/18\/the-world-according-to-suddeutsche-zeitung_2529\" \/>\n<meta property=\"og:locale\" content=\"de_DE\" \/>\n<meta property=\"og:type\" content=\"article\" \/>\n<meta property=\"og:title\" content=\"The world according to S\u00fcddeutsche Zeitung - Herdentrieb\" \/>\n<meta property=\"og:description\" content=\"Den Kollegen Christian Wernicke bei der S\u00fcddeutschen sch\u00e4tze ich eigentlich sehr. Aber diese Passage in seinem Leitartikel heute verdient eine kritische W\u00fcrdigung. Auf dem H\u00f6hepunkt &#8211; dem G20-Gipfel in Seoul &#8211; blamierte sich Obama mit der Forderung, die in ihrem Export \u00fcberm\u00e4chtigen Chinesen und Deutschen sollten bittesch\u00f6n ihre Ausfuhren drosseln &#8211; und der US-Zentralbank brav [&hellip;]\" \/>\n<meta property=\"og:url\" content=\"https:\/\/blog.zeit.de\/herdentrieb\/2010\/11\/18\/the-world-according-to-suddeutsche-zeitung_2529\" \/>\n<meta property=\"og:site_name\" content=\"Herdentrieb\" \/>\n<meta property=\"article:published_time\" content=\"2010-11-18T10:38:42+00:00\" \/>\n<meta property=\"article:modified_time\" content=\"2010-11-18T16:34:00+00:00\" \/>\n<meta name=\"author\" content=\"Mark Schieritz\" \/>\n<meta name=\"twitter:card\" content=\"summary_large_image\" \/>\n<meta name=\"twitter:creator\" content=\"@zeitonline\" \/>\n<meta name=\"twitter:site\" content=\"@zeitonline\" \/>\n<meta name=\"twitter:label1\" content=\"Geschrieben von\" \/>\n\t<meta name=\"twitter:data1\" content=\"Mark Schieritz\" \/>\n\t<meta name=\"twitter:label2\" content=\"Gesch\u00e4tzte Lesezeit\" \/>\n\t<meta name=\"twitter:data2\" content=\"2\u00a0Minuten\" \/>\n<script type=\"application\/ld+json\" class=\"yoast-schema-graph\">{\"@context\":\"https:\/\/schema.org\",\"@graph\":[{\"@type\":\"WebPage\",\"@id\":\"https:\/\/blog.zeit.de\/herdentrieb\/2010\/11\/18\/the-world-according-to-suddeutsche-zeitung_2529\",\"url\":\"https:\/\/blog.zeit.de\/herdentrieb\/2010\/11\/18\/the-world-according-to-suddeutsche-zeitung_2529\",\"name\":\"The world according to S\u00fcddeutsche Zeitung - Herdentrieb\",\"isPartOf\":{\"@id\":\"https:\/\/blog.zeit.de\/herdentrieb\/#website\"},\"datePublished\":\"2010-11-18T10:38:42+00:00\",\"dateModified\":\"2010-11-18T16:34:00+00:00\",\"author\":{\"@id\":\"https:\/\/blog.zeit.de\/herdentrieb\/#\/schema\/person\/a2dfa95bbd4de7e06edc88db4e3d3871\"},\"breadcrumb\":{\"@id\":\"https:\/\/blog.zeit.de\/herdentrieb\/2010\/11\/18\/the-world-according-to-suddeutsche-zeitung_2529#breadcrumb\"},\"inLanguage\":\"de\",\"potentialAction\":[{\"@type\":\"ReadAction\",\"target\":[\"https:\/\/blog.zeit.de\/herdentrieb\/2010\/11\/18\/the-world-according-to-suddeutsche-zeitung_2529\"]}]},{\"@type\":\"BreadcrumbList\",\"@id\":\"https:\/\/blog.zeit.de\/herdentrieb\/2010\/11\/18\/the-world-according-to-suddeutsche-zeitung_2529#breadcrumb\",\"itemListElement\":[{\"@type\":\"ListItem\",\"position\":1,\"name\":\"Startseite\",\"item\":\"https:\/\/blog.zeit.de\/herdentrieb\"},{\"@type\":\"ListItem\",\"position\":2,\"name\":\"The world according to S\u00fcddeutsche Zeitung\"}]},{\"@type\":\"WebSite\",\"@id\":\"https:\/\/blog.zeit.de\/herdentrieb\/#website\",\"url\":\"https:\/\/blog.zeit.de\/herdentrieb\/\",\"name\":\"Herdentrieb\",\"description\":\"So funktioniert Kapitalismus. Ein Blog\",\"potentialAction\":[{\"@type\":\"SearchAction\",\"target\":{\"@type\":\"EntryPoint\",\"urlTemplate\":\"https:\/\/blog.zeit.de\/herdentrieb\/?s={search_term_string}\"},\"query-input\":\"required name=search_term_string\"}],\"inLanguage\":\"de\"},{\"@type\":\"Person\",\"@id\":\"https:\/\/blog.zeit.de\/herdentrieb\/#\/schema\/person\/a2dfa95bbd4de7e06edc88db4e3d3871\",\"name\":\"Mark Schieritz\",\"image\":{\"@type\":\"ImageObject\",\"inLanguage\":\"de\",\"@id\":\"https:\/\/blog.zeit.de\/herdentrieb\/#\/schema\/person\/image\/\",\"url\":\"https:\/\/secure.gravatar.com\/avatar\/66e072b8ecaf6d851921c0577ca78c8c9a24223a3c3cb6df48c5d839d1b622e0?s=96&d=mm&r=g\",\"contentUrl\":\"https:\/\/secure.gravatar.com\/avatar\/66e072b8ecaf6d851921c0577ca78c8c9a24223a3c3cb6df48c5d839d1b622e0?s=96&d=mm&r=g\",\"caption\":\"Mark Schieritz\"},\"url\":\"https:\/\/blog.zeit.de\/herdentrieb\/author\/mark-schieritz\"}]}<\/script>\n<!-- \/ Yoast SEO plugin. -->","yoast_head_json":{"title":"The world according to S\u00fcddeutsche Zeitung - Herdentrieb","robots":{"index":"index","follow":"follow","max-snippet":"max-snippet:-1","max-image-preview":"max-image-preview:large","max-video-preview":"max-video-preview:-1"},"canonical":"https:\/\/blog.zeit.de\/herdentrieb\/2010\/11\/18\/the-world-according-to-suddeutsche-zeitung_2529","og_locale":"de_DE","og_type":"article","og_title":"The world according to S\u00fcddeutsche Zeitung - Herdentrieb","og_description":"Den Kollegen Christian Wernicke bei der S\u00fcddeutschen sch\u00e4tze ich eigentlich sehr. Aber diese Passage in seinem Leitartikel heute verdient eine kritische W\u00fcrdigung. Auf dem H\u00f6hepunkt &#8211; dem G20-Gipfel in Seoul &#8211; blamierte sich Obama mit der Forderung, die in ihrem Export \u00fcberm\u00e4chtigen Chinesen und Deutschen sollten bittesch\u00f6n ihre Ausfuhren drosseln &#8211; und der US-Zentralbank brav [&hellip;]","og_url":"https:\/\/blog.zeit.de\/herdentrieb\/2010\/11\/18\/the-world-according-to-suddeutsche-zeitung_2529","og_site_name":"Herdentrieb","article_published_time":"2010-11-18T10:38:42+00:00","article_modified_time":"2010-11-18T16:34:00+00:00","author":"Mark Schieritz","twitter_card":"summary_large_image","twitter_creator":"@zeitonline","twitter_site":"@zeitonline","twitter_misc":{"Geschrieben von":"Mark Schieritz","Gesch\u00e4tzte Lesezeit":"2\u00a0Minuten"},"schema":{"@context":"https:\/\/schema.org","@graph":[{"@type":"WebPage","@id":"https:\/\/blog.zeit.de\/herdentrieb\/2010\/11\/18\/the-world-according-to-suddeutsche-zeitung_2529","url":"https:\/\/blog.zeit.de\/herdentrieb\/2010\/11\/18\/the-world-according-to-suddeutsche-zeitung_2529","name":"The world according to S\u00fcddeutsche Zeitung - Herdentrieb","isPartOf":{"@id":"https:\/\/blog.zeit.de\/herdentrieb\/#website"},"datePublished":"2010-11-18T10:38:42+00:00","dateModified":"2010-11-18T16:34:00+00:00","author":{"@id":"https:\/\/blog.zeit.de\/herdentrieb\/#\/schema\/person\/a2dfa95bbd4de7e06edc88db4e3d3871"},"breadcrumb":{"@id":"https:\/\/blog.zeit.de\/herdentrieb\/2010\/11\/18\/the-world-according-to-suddeutsche-zeitung_2529#breadcrumb"},"inLanguage":"de","potentialAction":[{"@type":"ReadAction","target":["https:\/\/blog.zeit.de\/herdentrieb\/2010\/11\/18\/the-world-according-to-suddeutsche-zeitung_2529"]}]},{"@type":"BreadcrumbList","@id":"https:\/\/blog.zeit.de\/herdentrieb\/2010\/11\/18\/the-world-according-to-suddeutsche-zeitung_2529#breadcrumb","itemListElement":[{"@type":"ListItem","position":1,"name":"Startseite","item":"https:\/\/blog.zeit.de\/herdentrieb"},{"@type":"ListItem","position":2,"name":"The world according to S\u00fcddeutsche Zeitung"}]},{"@type":"WebSite","@id":"https:\/\/blog.zeit.de\/herdentrieb\/#website","url":"https:\/\/blog.zeit.de\/herdentrieb\/","name":"Herdentrieb","description":"So funktioniert Kapitalismus. Ein Blog","potentialAction":[{"@type":"SearchAction","target":{"@type":"EntryPoint","urlTemplate":"https:\/\/blog.zeit.de\/herdentrieb\/?s={search_term_string}"},"query-input":"required name=search_term_string"}],"inLanguage":"de"},{"@type":"Person","@id":"https:\/\/blog.zeit.de\/herdentrieb\/#\/schema\/person\/a2dfa95bbd4de7e06edc88db4e3d3871","name":"Mark Schieritz","image":{"@type":"ImageObject","inLanguage":"de","@id":"https:\/\/blog.zeit.de\/herdentrieb\/#\/schema\/person\/image\/","url":"https:\/\/secure.gravatar.com\/avatar\/66e072b8ecaf6d851921c0577ca78c8c9a24223a3c3cb6df48c5d839d1b622e0?s=96&d=mm&r=g","contentUrl":"https:\/\/secure.gravatar.com\/avatar\/66e072b8ecaf6d851921c0577ca78c8c9a24223a3c3cb6df48c5d839d1b622e0?s=96&d=mm&r=g","caption":"Mark Schieritz"},"url":"https:\/\/blog.zeit.de\/herdentrieb\/author\/mark-schieritz"}]}},"jetpack_featured_media_url":"","jetpack_sharing_enabled":true,"_links":{"self":[{"href":"https:\/\/blog.zeit.de\/herdentrieb\/wp-json\/wp\/v2\/posts\/2529","targetHints":{"allow":["GET"]}}],"collection":[{"href":"https:\/\/blog.zeit.de\/herdentrieb\/wp-json\/wp\/v2\/posts"}],"about":[{"href":"https:\/\/blog.zeit.de\/herdentrieb\/wp-json\/wp\/v2\/types\/post"}],"author":[{"embeddable":true,"href":"https:\/\/blog.zeit.de\/herdentrieb\/wp-json\/wp\/v2\/users\/215"}],"replies":[{"embeddable":true,"href":"https:\/\/blog.zeit.de\/herdentrieb\/wp-json\/wp\/v2\/comments?post=2529"}],"version-history":[{"count":5,"href":"https:\/\/blog.zeit.de\/herdentrieb\/wp-json\/wp\/v2\/posts\/2529\/revisions"}],"predecessor-version":[{"id":2534,"href":"https:\/\/blog.zeit.de\/herdentrieb\/wp-json\/wp\/v2\/posts\/2529\/revisions\/2534"}],"wp:attachment":[{"href":"https:\/\/blog.zeit.de\/herdentrieb\/wp-json\/wp\/v2\/media?parent=2529"}],"wp:term":[{"taxonomy":"category","embeddable":true,"href":"https:\/\/blog.zeit.de\/herdentrieb\/wp-json\/wp\/v2\/categories?post=2529"},{"taxonomy":"post_tag","embeddable":true,"href":"https:\/\/blog.zeit.de\/herdentrieb\/wp-json\/wp\/v2\/tags?post=2529"}],"curies":[{"name":"wp","href":"https:\/\/api.w.org\/{rel}","templated":true}]}}