{"id":2776,"date":"2011-02-23T14:20:50","date_gmt":"2011-02-23T13:20:50","guid":{"rendered":"http:\/\/blog.zeit.de\/herdentrieb\/?p=2776"},"modified":"2011-02-23T14:20:50","modified_gmt":"2011-02-23T13:20:50","slug":"da-drin-schreibt-ein-kluger-kopf","status":"publish","type":"post","link":"https:\/\/blog.zeit.de\/herdentrieb\/2011\/02\/23\/da-drin-schreibt-ein-kluger-kopf_2776","title":{"rendered":"Da drin schreibt ein kluger Kopf"},"content":{"rendered":"<p>Selten stimme ich mit den Kollegen \u00fcberein, aber das bisher beste St\u00fcck zur Causa Guttenberg stammt von Berthold Kohler und steht heute in der <a href=\"http:\/\/www.faz.net\/s\/Rub7FC5BF30C45B402F96E964EF8CE790E1\/Doc~E27E30B5B3E2C4EE2B81C8AB1BAE3DDFF~ATpl~Ecommon~Sspezial.html\">FAZ<\/a>.<\/p>\n<p style=\"padding-left: 30px;\"><em>Er ist ein Profiteur der Politikverdrossenheit und des R\u00fcckzugs aus einer als unsicher und un\u00fcberschaubar empfundenen Welt ins Private, in der Werte wie Redlichkeit, Verl\u00e4sslichkeit und \u00fcberhaupt der \u201egesunde Menschenverstand\u201c eine zentrale Rolle spielen. Aber auch diese beschauliche Welt braucht einen, der sich um die kleinen Leute und die gro\u00dfen Fragen k\u00fcmmert und alles zum Guten richtet, bis nach Afghanistan. Das wird seit langem niemandem mehr so sehr zugetraut wie Guttenberg. Was spielen da schon ein paar vergessene G\u00e4nsef\u00fc\u00dfchen f\u00fcr eine Rolle? \u201eSchei\u00df auf den Doktor\u201c, empfahl (ihm) die \u201eBild\u201c-Zeitung. Wohl wahr: Ein Monarch braucht keinen Doktortitel. Auch den bunten Bl\u00e4ttern reicht das Adelspr\u00e4dikat.<\/em><\/p>\n<p style=\"padding-left: 30px;\"><em>Noch aber ist Deutschland eine Republik, und noch ist ein Plagiat Diebstahl geistigen Eigentums. Die Kanzlerin mag aus naheliegenden Gr\u00fcnden \u00fcber Letzteres hinweggehen, wenigstens nach au\u00dfen hin. Den Schaden im Kosmos der b\u00fcrgerlichen Werte, den die Operation zur Rettung des gestrauchelten Bannertr\u00e4gers nach sich zieht, kann aber auch Frau Merkel unm\u00f6glich \u00fcbersehen.<\/em><\/p>\n<p>In der Tat: Entweder kapitalistische Leistungsgesellschaft und b\u00fcrgerliche Ethik, dann muss Gutti weg \u2013 oder wir lassen es gleich bleiben und legen uns alle in die Sonne.<\/p>\n","protected":false},"excerpt":{"rendered":"<p>Selten stimme ich mit den Kollegen \u00fcberein, aber das bisher beste St\u00fcck zur Causa Guttenberg stammt von Berthold Kohler und steht heute in der FAZ. Er ist ein Profiteur der Politikverdrossenheit und des R\u00fcckzugs aus einer als unsicher und un\u00fcberschaubar empfundenen Welt ins Private, in der Werte wie Redlichkeit, Verl\u00e4sslichkeit und \u00fcberhaupt der \u201egesunde Menschenverstand\u201c [&hellip;]<\/p>\n","protected":false},"author":215,"featured_media":0,"comment_status":"open","ping_status":"closed","sticky":false,"template":"","format":"standard","meta":{"_jetpack_memberships_contains_paid_content":false,"footnotes":""},"categories":[1259],"tags":[],"class_list":["post-2776","post","type-post","status-publish","format-standard","hentry","category-der-zeitungsleser"],"yoast_head":"<!-- This site is optimized with the Yoast SEO plugin v21.0 - https:\/\/yoast.com\/wordpress\/plugins\/seo\/ -->\n<title>Da drin schreibt ein kluger Kopf - Herdentrieb<\/title>\n<meta name=\"robots\" content=\"index, follow, max-snippet:-1, max-image-preview:large, max-video-preview:-1\" \/>\n<link rel=\"canonical\" href=\"https:\/\/blog.zeit.de\/herdentrieb\/2011\/02\/23\/da-drin-schreibt-ein-kluger-kopf_2776\" \/>\n<meta property=\"og:locale\" content=\"de_DE\" \/>\n<meta property=\"og:type\" content=\"article\" \/>\n<meta property=\"og:title\" content=\"Da drin schreibt ein kluger Kopf - Herdentrieb\" \/>\n<meta property=\"og:description\" content=\"Selten stimme ich mit den Kollegen \u00fcberein, aber das bisher beste St\u00fcck zur Causa Guttenberg stammt von Berthold Kohler und steht heute in der FAZ. Er ist ein Profiteur der Politikverdrossenheit und des R\u00fcckzugs aus einer als unsicher und un\u00fcberschaubar empfundenen Welt ins Private, in der Werte wie Redlichkeit, Verl\u00e4sslichkeit und \u00fcberhaupt der \u201egesunde Menschenverstand\u201c [&hellip;]\" \/>\n<meta property=\"og:url\" content=\"https:\/\/blog.zeit.de\/herdentrieb\/2011\/02\/23\/da-drin-schreibt-ein-kluger-kopf_2776\" \/>\n<meta property=\"og:site_name\" content=\"Herdentrieb\" \/>\n<meta property=\"article:published_time\" content=\"2011-02-23T13:20:50+00:00\" \/>\n<meta name=\"author\" content=\"Mark Schieritz\" \/>\n<meta name=\"twitter:card\" content=\"summary_large_image\" \/>\n<meta name=\"twitter:creator\" content=\"@zeitonline\" \/>\n<meta name=\"twitter:site\" content=\"@zeitonline\" \/>\n<meta name=\"twitter:label1\" content=\"Geschrieben von\" \/>\n\t<meta name=\"twitter:data1\" content=\"Mark Schieritz\" \/>\n\t<meta name=\"twitter:label2\" content=\"Gesch\u00e4tzte Lesezeit\" \/>\n\t<meta name=\"twitter:data2\" content=\"1\u00a0Minute\" \/>\n<script type=\"application\/ld+json\" class=\"yoast-schema-graph\">{\"@context\":\"https:\/\/schema.org\",\"@graph\":[{\"@type\":\"WebPage\",\"@id\":\"https:\/\/blog.zeit.de\/herdentrieb\/2011\/02\/23\/da-drin-schreibt-ein-kluger-kopf_2776\",\"url\":\"https:\/\/blog.zeit.de\/herdentrieb\/2011\/02\/23\/da-drin-schreibt-ein-kluger-kopf_2776\",\"name\":\"Da drin schreibt ein kluger Kopf - Herdentrieb\",\"isPartOf\":{\"@id\":\"https:\/\/blog.zeit.de\/herdentrieb\/#website\"},\"datePublished\":\"2011-02-23T13:20:50+00:00\",\"dateModified\":\"2011-02-23T13:20:50+00:00\",\"author\":{\"@id\":\"https:\/\/blog.zeit.de\/herdentrieb\/#\/schema\/person\/a2dfa95bbd4de7e06edc88db4e3d3871\"},\"breadcrumb\":{\"@id\":\"https:\/\/blog.zeit.de\/herdentrieb\/2011\/02\/23\/da-drin-schreibt-ein-kluger-kopf_2776#breadcrumb\"},\"inLanguage\":\"de\",\"potentialAction\":[{\"@type\":\"ReadAction\",\"target\":[\"https:\/\/blog.zeit.de\/herdentrieb\/2011\/02\/23\/da-drin-schreibt-ein-kluger-kopf_2776\"]}]},{\"@type\":\"BreadcrumbList\",\"@id\":\"https:\/\/blog.zeit.de\/herdentrieb\/2011\/02\/23\/da-drin-schreibt-ein-kluger-kopf_2776#breadcrumb\",\"itemListElement\":[{\"@type\":\"ListItem\",\"position\":1,\"name\":\"Startseite\",\"item\":\"https:\/\/blog.zeit.de\/herdentrieb\"},{\"@type\":\"ListItem\",\"position\":2,\"name\":\"Da drin schreibt ein kluger Kopf\"}]},{\"@type\":\"WebSite\",\"@id\":\"https:\/\/blog.zeit.de\/herdentrieb\/#website\",\"url\":\"https:\/\/blog.zeit.de\/herdentrieb\/\",\"name\":\"Herdentrieb\",\"description\":\"So funktioniert Kapitalismus. Ein Blog\",\"potentialAction\":[{\"@type\":\"SearchAction\",\"target\":{\"@type\":\"EntryPoint\",\"urlTemplate\":\"https:\/\/blog.zeit.de\/herdentrieb\/?s={search_term_string}\"},\"query-input\":\"required name=search_term_string\"}],\"inLanguage\":\"de\"},{\"@type\":\"Person\",\"@id\":\"https:\/\/blog.zeit.de\/herdentrieb\/#\/schema\/person\/a2dfa95bbd4de7e06edc88db4e3d3871\",\"name\":\"Mark Schieritz\",\"image\":{\"@type\":\"ImageObject\",\"inLanguage\":\"de\",\"@id\":\"https:\/\/blog.zeit.de\/herdentrieb\/#\/schema\/person\/image\/\",\"url\":\"https:\/\/secure.gravatar.com\/avatar\/66e072b8ecaf6d851921c0577ca78c8c9a24223a3c3cb6df48c5d839d1b622e0?s=96&d=mm&r=g\",\"contentUrl\":\"https:\/\/secure.gravatar.com\/avatar\/66e072b8ecaf6d851921c0577ca78c8c9a24223a3c3cb6df48c5d839d1b622e0?s=96&d=mm&r=g\",\"caption\":\"Mark Schieritz\"},\"url\":\"https:\/\/blog.zeit.de\/herdentrieb\/author\/mark-schieritz\"}]}<\/script>\n<!-- \/ Yoast SEO plugin. -->","yoast_head_json":{"title":"Da drin schreibt ein kluger Kopf - Herdentrieb","robots":{"index":"index","follow":"follow","max-snippet":"max-snippet:-1","max-image-preview":"max-image-preview:large","max-video-preview":"max-video-preview:-1"},"canonical":"https:\/\/blog.zeit.de\/herdentrieb\/2011\/02\/23\/da-drin-schreibt-ein-kluger-kopf_2776","og_locale":"de_DE","og_type":"article","og_title":"Da drin schreibt ein kluger Kopf - Herdentrieb","og_description":"Selten stimme ich mit den Kollegen \u00fcberein, aber das bisher beste St\u00fcck zur Causa Guttenberg stammt von Berthold Kohler und steht heute in der FAZ. Er ist ein Profiteur der Politikverdrossenheit und des R\u00fcckzugs aus einer als unsicher und un\u00fcberschaubar empfundenen Welt ins Private, in der Werte wie Redlichkeit, Verl\u00e4sslichkeit und \u00fcberhaupt der \u201egesunde Menschenverstand\u201c [&hellip;]","og_url":"https:\/\/blog.zeit.de\/herdentrieb\/2011\/02\/23\/da-drin-schreibt-ein-kluger-kopf_2776","og_site_name":"Herdentrieb","article_published_time":"2011-02-23T13:20:50+00:00","author":"Mark Schieritz","twitter_card":"summary_large_image","twitter_creator":"@zeitonline","twitter_site":"@zeitonline","twitter_misc":{"Geschrieben von":"Mark Schieritz","Gesch\u00e4tzte Lesezeit":"1\u00a0Minute"},"schema":{"@context":"https:\/\/schema.org","@graph":[{"@type":"WebPage","@id":"https:\/\/blog.zeit.de\/herdentrieb\/2011\/02\/23\/da-drin-schreibt-ein-kluger-kopf_2776","url":"https:\/\/blog.zeit.de\/herdentrieb\/2011\/02\/23\/da-drin-schreibt-ein-kluger-kopf_2776","name":"Da drin schreibt ein kluger Kopf - Herdentrieb","isPartOf":{"@id":"https:\/\/blog.zeit.de\/herdentrieb\/#website"},"datePublished":"2011-02-23T13:20:50+00:00","dateModified":"2011-02-23T13:20:50+00:00","author":{"@id":"https:\/\/blog.zeit.de\/herdentrieb\/#\/schema\/person\/a2dfa95bbd4de7e06edc88db4e3d3871"},"breadcrumb":{"@id":"https:\/\/blog.zeit.de\/herdentrieb\/2011\/02\/23\/da-drin-schreibt-ein-kluger-kopf_2776#breadcrumb"},"inLanguage":"de","potentialAction":[{"@type":"ReadAction","target":["https:\/\/blog.zeit.de\/herdentrieb\/2011\/02\/23\/da-drin-schreibt-ein-kluger-kopf_2776"]}]},{"@type":"BreadcrumbList","@id":"https:\/\/blog.zeit.de\/herdentrieb\/2011\/02\/23\/da-drin-schreibt-ein-kluger-kopf_2776#breadcrumb","itemListElement":[{"@type":"ListItem","position":1,"name":"Startseite","item":"https:\/\/blog.zeit.de\/herdentrieb"},{"@type":"ListItem","position":2,"name":"Da drin schreibt ein kluger Kopf"}]},{"@type":"WebSite","@id":"https:\/\/blog.zeit.de\/herdentrieb\/#website","url":"https:\/\/blog.zeit.de\/herdentrieb\/","name":"Herdentrieb","description":"So funktioniert Kapitalismus. Ein Blog","potentialAction":[{"@type":"SearchAction","target":{"@type":"EntryPoint","urlTemplate":"https:\/\/blog.zeit.de\/herdentrieb\/?s={search_term_string}"},"query-input":"required name=search_term_string"}],"inLanguage":"de"},{"@type":"Person","@id":"https:\/\/blog.zeit.de\/herdentrieb\/#\/schema\/person\/a2dfa95bbd4de7e06edc88db4e3d3871","name":"Mark Schieritz","image":{"@type":"ImageObject","inLanguage":"de","@id":"https:\/\/blog.zeit.de\/herdentrieb\/#\/schema\/person\/image\/","url":"https:\/\/secure.gravatar.com\/avatar\/66e072b8ecaf6d851921c0577ca78c8c9a24223a3c3cb6df48c5d839d1b622e0?s=96&d=mm&r=g","contentUrl":"https:\/\/secure.gravatar.com\/avatar\/66e072b8ecaf6d851921c0577ca78c8c9a24223a3c3cb6df48c5d839d1b622e0?s=96&d=mm&r=g","caption":"Mark Schieritz"},"url":"https:\/\/blog.zeit.de\/herdentrieb\/author\/mark-schieritz"}]}},"jetpack_featured_media_url":"","jetpack_sharing_enabled":true,"_links":{"self":[{"href":"https:\/\/blog.zeit.de\/herdentrieb\/wp-json\/wp\/v2\/posts\/2776","targetHints":{"allow":["GET"]}}],"collection":[{"href":"https:\/\/blog.zeit.de\/herdentrieb\/wp-json\/wp\/v2\/posts"}],"about":[{"href":"https:\/\/blog.zeit.de\/herdentrieb\/wp-json\/wp\/v2\/types\/post"}],"author":[{"embeddable":true,"href":"https:\/\/blog.zeit.de\/herdentrieb\/wp-json\/wp\/v2\/users\/215"}],"replies":[{"embeddable":true,"href":"https:\/\/blog.zeit.de\/herdentrieb\/wp-json\/wp\/v2\/comments?post=2776"}],"version-history":[{"count":2,"href":"https:\/\/blog.zeit.de\/herdentrieb\/wp-json\/wp\/v2\/posts\/2776\/revisions"}],"predecessor-version":[{"id":2778,"href":"https:\/\/blog.zeit.de\/herdentrieb\/wp-json\/wp\/v2\/posts\/2776\/revisions\/2778"}],"wp:attachment":[{"href":"https:\/\/blog.zeit.de\/herdentrieb\/wp-json\/wp\/v2\/media?parent=2776"}],"wp:term":[{"taxonomy":"category","embeddable":true,"href":"https:\/\/blog.zeit.de\/herdentrieb\/wp-json\/wp\/v2\/categories?post=2776"},{"taxonomy":"post_tag","embeddable":true,"href":"https:\/\/blog.zeit.de\/herdentrieb\/wp-json\/wp\/v2\/tags?post=2776"}],"curies":[{"name":"wp","href":"https:\/\/api.w.org\/{rel}","templated":true}]}}