{"id":2860,"date":"2011-03-09T10:30:13","date_gmt":"2011-03-09T09:30:13","guid":{"rendered":"http:\/\/blog.zeit.de\/herdentrieb\/?p=2860"},"modified":"2011-03-11T16:37:04","modified_gmt":"2011-03-11T15:37:04","slug":"deutschlands-lobbyisten-%e2%80%93-ein-haufen-weicheier","status":"publish","type":"post","link":"https:\/\/blog.zeit.de\/herdentrieb\/2011\/03\/09\/deutschlands-lobbyisten-%e2%80%93-ein-haufen-weicheier_2860","title":{"rendered":"Deutschlands Lobbyisten \u2013 ein Haufen Weicheier?"},"content":{"rendered":"<p><span style=\"font-family: Arial;\">Wolfgang M\u00fcnchau <a href=\"http:\/\/www.ftd.de\/politik\/europa\/:kolumne-muenchau-aussitzen-der-euro-krise-ist-keine-option\/60022940.html?page=3\" target=\"_blank\">heute in der <em>FTD<\/em><\/a>:<\/span><\/p>\n<p style=\"padding-left: 30px;\"><span style=\"font-family: Arial;\"><em>Ich bin daher sehr \u00fcberrascht, dass der Bundesverband der Deutschen Industrie sich zu denen gesellt, die eine Erweiterung der EFSF so heftig ablehnen, zumal gerade seine Mitglieder von der Wechselkursstabilit\u00e4t im Euro-Raum so sehr profitieren. Auch diese hoch bezahlten Lobbyisten haben vers\u00e4umt, die Krise und ihre finanziellen Auswirkungen gr\u00fcndlich zu durchdenken. Auch sie haben nichts gelernt und nichts vergessen. <\/em><\/span><\/p>\n<p><span style=\"font-family: Arial;\">In der Tat: Deutschlands Lobbyisten geh\u00f6ren zu den schlechtesten auf der Welt. Die Aufgabe eines Interessenvertreters ist es, Interessen zu vertreten. Nicht die der Allgemeinheit, sondern die seiner Branche.<\/span><\/p>\n<p><span style=\"font-family: Arial;\">In Deutschland aber k\u00e4mpfen die Wirtschaftsverb\u00e4nde nicht f\u00fcr ihre Klienten, sondern f\u00fcr gut klingende (aber h\u00e4ufig fragw\u00fcrdige) ordnungspolitische Prinzipien. Der BDI beispielsweise ist traditionell gegen Konjunkturprogramme und gegen niedrige Zinsen \u2013 obwohl beides die Nachfrage nach den Produkten seiner Mitgliedsunternehmen steigern w\u00fcrde. In Japan und China k\u00e4mpft die Exportindustrie f\u00fcr g\u00fcnstige Wechselkurse, in Deutschland f\u00fcr die Unabh\u00e4ngigkeit der Zentralbank. Es soll sogar im Verband der Automobilwirtschaft kritische Stimmen gegeben haben, als die Regierung auf dem H\u00f6hepunkt der Krise die Abwrackpr\u00e4mie einf\u00fchrte. <\/span><\/p>\n<p><span style=\"font-family: Arial;\">Wie gesagt, man kann dar\u00fcber streiten, was volkswirtschaftlich gesehen sinnvoll ist. Mir w\u00e4re es lieber, man \u00fcberlie\u00dfe das Gemeinwohl der Politik. Denn die hat zu entscheiden, welche Partikularinteressen ber\u00fccksichtigt werden sollen und welche nicht. Das ist nicht Aufgabe der Lobbyisten. Sie m\u00fcssen daf\u00fcr sorgen, dass diese Interessen \u00fcberhaupt artikuliert werden. <\/span><\/p>\n","protected":false},"excerpt":{"rendered":"<p>Wolfgang M\u00fcnchau heute in der FTD: Ich bin daher sehr \u00fcberrascht, dass der Bundesverband der Deutschen Industrie sich zu denen gesellt, die eine Erweiterung der EFSF so heftig ablehnen, zumal gerade seine Mitglieder von der Wechselkursstabilit\u00e4t im Euro-Raum so sehr profitieren. Auch diese hoch bezahlten Lobbyisten haben vers\u00e4umt, die Krise und ihre finanziellen Auswirkungen gr\u00fcndlich [&hellip;]<\/p>\n","protected":false},"author":215,"featured_media":0,"comment_status":"open","ping_status":"closed","sticky":false,"template":"","format":"standard","meta":{"_jetpack_memberships_contains_paid_content":false,"footnotes":""},"categories":[1259],"tags":[],"class_list":["post-2860","post","type-post","status-publish","format-standard","hentry","category-der-zeitungsleser"],"yoast_head":"<!-- This site is optimized with the Yoast SEO plugin v21.0 - https:\/\/yoast.com\/wordpress\/plugins\/seo\/ -->\n<title>Deutschlands Lobbyisten \u2013 ein Haufen Weicheier? - Herdentrieb<\/title>\n<meta name=\"robots\" content=\"index, follow, max-snippet:-1, max-image-preview:large, max-video-preview:-1\" \/>\n<link rel=\"canonical\" href=\"https:\/\/blog.zeit.de\/herdentrieb\/2011\/03\/09\/deutschlands-lobbyisten-\u2013-ein-haufen-weicheier_2860\" \/>\n<meta property=\"og:locale\" content=\"de_DE\" \/>\n<meta property=\"og:type\" content=\"article\" \/>\n<meta property=\"og:title\" content=\"Deutschlands Lobbyisten \u2013 ein Haufen Weicheier? - Herdentrieb\" \/>\n<meta property=\"og:description\" content=\"Wolfgang M\u00fcnchau heute in der FTD: Ich bin daher sehr \u00fcberrascht, dass der Bundesverband der Deutschen Industrie sich zu denen gesellt, die eine Erweiterung der EFSF so heftig ablehnen, zumal gerade seine Mitglieder von der Wechselkursstabilit\u00e4t im Euro-Raum so sehr profitieren. Auch diese hoch bezahlten Lobbyisten haben vers\u00e4umt, die Krise und ihre finanziellen Auswirkungen gr\u00fcndlich [&hellip;]\" \/>\n<meta property=\"og:url\" content=\"https:\/\/blog.zeit.de\/herdentrieb\/2011\/03\/09\/deutschlands-lobbyisten-\u2013-ein-haufen-weicheier_2860\" \/>\n<meta property=\"og:site_name\" content=\"Herdentrieb\" \/>\n<meta property=\"article:published_time\" content=\"2011-03-09T09:30:13+00:00\" \/>\n<meta property=\"article:modified_time\" content=\"2011-03-11T15:37:04+00:00\" \/>\n<meta name=\"author\" content=\"Mark Schieritz\" \/>\n<meta name=\"twitter:card\" content=\"summary_large_image\" \/>\n<meta name=\"twitter:creator\" content=\"@zeitonline\" \/>\n<meta name=\"twitter:site\" content=\"@zeitonline\" \/>\n<meta name=\"twitter:label1\" content=\"Geschrieben von\" \/>\n\t<meta name=\"twitter:data1\" content=\"Mark Schieritz\" \/>\n\t<meta name=\"twitter:label2\" content=\"Gesch\u00e4tzte Lesezeit\" \/>\n\t<meta name=\"twitter:data2\" content=\"1\u00a0Minute\" \/>\n<script type=\"application\/ld+json\" class=\"yoast-schema-graph\">{\"@context\":\"https:\/\/schema.org\",\"@graph\":[{\"@type\":\"WebPage\",\"@id\":\"https:\/\/blog.zeit.de\/herdentrieb\/2011\/03\/09\/deutschlands-lobbyisten-%e2%80%93-ein-haufen-weicheier_2860\",\"url\":\"https:\/\/blog.zeit.de\/herdentrieb\/2011\/03\/09\/deutschlands-lobbyisten-%e2%80%93-ein-haufen-weicheier_2860\",\"name\":\"Deutschlands Lobbyisten \u2013 ein Haufen Weicheier? - Herdentrieb\",\"isPartOf\":{\"@id\":\"https:\/\/blog.zeit.de\/herdentrieb\/#website\"},\"datePublished\":\"2011-03-09T09:30:13+00:00\",\"dateModified\":\"2011-03-11T15:37:04+00:00\",\"author\":{\"@id\":\"https:\/\/blog.zeit.de\/herdentrieb\/#\/schema\/person\/a2dfa95bbd4de7e06edc88db4e3d3871\"},\"breadcrumb\":{\"@id\":\"https:\/\/blog.zeit.de\/herdentrieb\/2011\/03\/09\/deutschlands-lobbyisten-%e2%80%93-ein-haufen-weicheier_2860#breadcrumb\"},\"inLanguage\":\"de\",\"potentialAction\":[{\"@type\":\"ReadAction\",\"target\":[\"https:\/\/blog.zeit.de\/herdentrieb\/2011\/03\/09\/deutschlands-lobbyisten-%e2%80%93-ein-haufen-weicheier_2860\"]}]},{\"@type\":\"BreadcrumbList\",\"@id\":\"https:\/\/blog.zeit.de\/herdentrieb\/2011\/03\/09\/deutschlands-lobbyisten-%e2%80%93-ein-haufen-weicheier_2860#breadcrumb\",\"itemListElement\":[{\"@type\":\"ListItem\",\"position\":1,\"name\":\"Startseite\",\"item\":\"https:\/\/blog.zeit.de\/herdentrieb\"},{\"@type\":\"ListItem\",\"position\":2,\"name\":\"Deutschlands Lobbyisten \u2013 ein Haufen Weicheier?\"}]},{\"@type\":\"WebSite\",\"@id\":\"https:\/\/blog.zeit.de\/herdentrieb\/#website\",\"url\":\"https:\/\/blog.zeit.de\/herdentrieb\/\",\"name\":\"Herdentrieb\",\"description\":\"So funktioniert Kapitalismus. Ein Blog\",\"potentialAction\":[{\"@type\":\"SearchAction\",\"target\":{\"@type\":\"EntryPoint\",\"urlTemplate\":\"https:\/\/blog.zeit.de\/herdentrieb\/?s={search_term_string}\"},\"query-input\":\"required name=search_term_string\"}],\"inLanguage\":\"de\"},{\"@type\":\"Person\",\"@id\":\"https:\/\/blog.zeit.de\/herdentrieb\/#\/schema\/person\/a2dfa95bbd4de7e06edc88db4e3d3871\",\"name\":\"Mark Schieritz\",\"image\":{\"@type\":\"ImageObject\",\"inLanguage\":\"de\",\"@id\":\"https:\/\/blog.zeit.de\/herdentrieb\/#\/schema\/person\/image\/\",\"url\":\"https:\/\/secure.gravatar.com\/avatar\/66e072b8ecaf6d851921c0577ca78c8c9a24223a3c3cb6df48c5d839d1b622e0?s=96&d=mm&r=g\",\"contentUrl\":\"https:\/\/secure.gravatar.com\/avatar\/66e072b8ecaf6d851921c0577ca78c8c9a24223a3c3cb6df48c5d839d1b622e0?s=96&d=mm&r=g\",\"caption\":\"Mark Schieritz\"},\"url\":\"https:\/\/blog.zeit.de\/herdentrieb\/author\/mark-schieritz\"}]}<\/script>\n<!-- \/ Yoast SEO plugin. -->","yoast_head_json":{"title":"Deutschlands Lobbyisten \u2013 ein Haufen Weicheier? - Herdentrieb","robots":{"index":"index","follow":"follow","max-snippet":"max-snippet:-1","max-image-preview":"max-image-preview:large","max-video-preview":"max-video-preview:-1"},"canonical":"https:\/\/blog.zeit.de\/herdentrieb\/2011\/03\/09\/deutschlands-lobbyisten-\u2013-ein-haufen-weicheier_2860","og_locale":"de_DE","og_type":"article","og_title":"Deutschlands Lobbyisten \u2013 ein Haufen Weicheier? - Herdentrieb","og_description":"Wolfgang M\u00fcnchau heute in der FTD: Ich bin daher sehr \u00fcberrascht, dass der Bundesverband der Deutschen Industrie sich zu denen gesellt, die eine Erweiterung der EFSF so heftig ablehnen, zumal gerade seine Mitglieder von der Wechselkursstabilit\u00e4t im Euro-Raum so sehr profitieren. Auch diese hoch bezahlten Lobbyisten haben vers\u00e4umt, die Krise und ihre finanziellen Auswirkungen gr\u00fcndlich [&hellip;]","og_url":"https:\/\/blog.zeit.de\/herdentrieb\/2011\/03\/09\/deutschlands-lobbyisten-\u2013-ein-haufen-weicheier_2860","og_site_name":"Herdentrieb","article_published_time":"2011-03-09T09:30:13+00:00","article_modified_time":"2011-03-11T15:37:04+00:00","author":"Mark Schieritz","twitter_card":"summary_large_image","twitter_creator":"@zeitonline","twitter_site":"@zeitonline","twitter_misc":{"Geschrieben von":"Mark Schieritz","Gesch\u00e4tzte Lesezeit":"1\u00a0Minute"},"schema":{"@context":"https:\/\/schema.org","@graph":[{"@type":"WebPage","@id":"https:\/\/blog.zeit.de\/herdentrieb\/2011\/03\/09\/deutschlands-lobbyisten-%e2%80%93-ein-haufen-weicheier_2860","url":"https:\/\/blog.zeit.de\/herdentrieb\/2011\/03\/09\/deutschlands-lobbyisten-%e2%80%93-ein-haufen-weicheier_2860","name":"Deutschlands Lobbyisten \u2013 ein Haufen Weicheier? - Herdentrieb","isPartOf":{"@id":"https:\/\/blog.zeit.de\/herdentrieb\/#website"},"datePublished":"2011-03-09T09:30:13+00:00","dateModified":"2011-03-11T15:37:04+00:00","author":{"@id":"https:\/\/blog.zeit.de\/herdentrieb\/#\/schema\/person\/a2dfa95bbd4de7e06edc88db4e3d3871"},"breadcrumb":{"@id":"https:\/\/blog.zeit.de\/herdentrieb\/2011\/03\/09\/deutschlands-lobbyisten-%e2%80%93-ein-haufen-weicheier_2860#breadcrumb"},"inLanguage":"de","potentialAction":[{"@type":"ReadAction","target":["https:\/\/blog.zeit.de\/herdentrieb\/2011\/03\/09\/deutschlands-lobbyisten-%e2%80%93-ein-haufen-weicheier_2860"]}]},{"@type":"BreadcrumbList","@id":"https:\/\/blog.zeit.de\/herdentrieb\/2011\/03\/09\/deutschlands-lobbyisten-%e2%80%93-ein-haufen-weicheier_2860#breadcrumb","itemListElement":[{"@type":"ListItem","position":1,"name":"Startseite","item":"https:\/\/blog.zeit.de\/herdentrieb"},{"@type":"ListItem","position":2,"name":"Deutschlands Lobbyisten \u2013 ein Haufen Weicheier?"}]},{"@type":"WebSite","@id":"https:\/\/blog.zeit.de\/herdentrieb\/#website","url":"https:\/\/blog.zeit.de\/herdentrieb\/","name":"Herdentrieb","description":"So funktioniert Kapitalismus. Ein Blog","potentialAction":[{"@type":"SearchAction","target":{"@type":"EntryPoint","urlTemplate":"https:\/\/blog.zeit.de\/herdentrieb\/?s={search_term_string}"},"query-input":"required name=search_term_string"}],"inLanguage":"de"},{"@type":"Person","@id":"https:\/\/blog.zeit.de\/herdentrieb\/#\/schema\/person\/a2dfa95bbd4de7e06edc88db4e3d3871","name":"Mark Schieritz","image":{"@type":"ImageObject","inLanguage":"de","@id":"https:\/\/blog.zeit.de\/herdentrieb\/#\/schema\/person\/image\/","url":"https:\/\/secure.gravatar.com\/avatar\/66e072b8ecaf6d851921c0577ca78c8c9a24223a3c3cb6df48c5d839d1b622e0?s=96&d=mm&r=g","contentUrl":"https:\/\/secure.gravatar.com\/avatar\/66e072b8ecaf6d851921c0577ca78c8c9a24223a3c3cb6df48c5d839d1b622e0?s=96&d=mm&r=g","caption":"Mark Schieritz"},"url":"https:\/\/blog.zeit.de\/herdentrieb\/author\/mark-schieritz"}]}},"jetpack_featured_media_url":"","jetpack_sharing_enabled":true,"_links":{"self":[{"href":"https:\/\/blog.zeit.de\/herdentrieb\/wp-json\/wp\/v2\/posts\/2860","targetHints":{"allow":["GET"]}}],"collection":[{"href":"https:\/\/blog.zeit.de\/herdentrieb\/wp-json\/wp\/v2\/posts"}],"about":[{"href":"https:\/\/blog.zeit.de\/herdentrieb\/wp-json\/wp\/v2\/types\/post"}],"author":[{"embeddable":true,"href":"https:\/\/blog.zeit.de\/herdentrieb\/wp-json\/wp\/v2\/users\/215"}],"replies":[{"embeddable":true,"href":"https:\/\/blog.zeit.de\/herdentrieb\/wp-json\/wp\/v2\/comments?post=2860"}],"version-history":[{"count":6,"href":"https:\/\/blog.zeit.de\/herdentrieb\/wp-json\/wp\/v2\/posts\/2860\/revisions"}],"predecessor-version":[{"id":2873,"href":"https:\/\/blog.zeit.de\/herdentrieb\/wp-json\/wp\/v2\/posts\/2860\/revisions\/2873"}],"wp:attachment":[{"href":"https:\/\/blog.zeit.de\/herdentrieb\/wp-json\/wp\/v2\/media?parent=2860"}],"wp:term":[{"taxonomy":"category","embeddable":true,"href":"https:\/\/blog.zeit.de\/herdentrieb\/wp-json\/wp\/v2\/categories?post=2860"},{"taxonomy":"post_tag","embeddable":true,"href":"https:\/\/blog.zeit.de\/herdentrieb\/wp-json\/wp\/v2\/tags?post=2860"}],"curies":[{"name":"wp","href":"https:\/\/api.w.org\/{rel}","templated":true}]}}