{"id":2953,"date":"2011-04-13T23:39:34","date_gmt":"2011-04-13T21:39:34","guid":{"rendered":"http:\/\/blog.zeit.de\/herdentrieb\/?p=2953"},"modified":"2011-04-14T05:30:20","modified_gmt":"2011-04-14T03:30:20","slug":"was-will-uns-roland-vaubel-sagen","status":"publish","type":"post","link":"https:\/\/blog.zeit.de\/herdentrieb\/2011\/04\/13\/was-will-uns-roland-vaubel-sagen_2953","title":{"rendered":"Was will uns Roland Vaubel sagen?"},"content":{"rendered":"<p>Bis jetzt dachte ich, man k\u00f6nne Roland Vaubel, seines Zeichens Professor f\u00fcr politische \u00d6konomie in Mannheim, einfach ignorieren. Aber er wird richtig gef\u00e4hrlich (Quelle Handelsblatt).<\/p>\n<p style=\"padding-left: 30px;\"><em>Ein \u201eEuromantiker\u201c ist Bundesfinanzminister Wolfgang Sch\u00e4uble nach  Ansicht von Roland Vaubel, Professor f\u00fcr Politische \u00d6konomie an der Uni  Mannheim. \u00a0Vaubel begr\u00fcndet seine herbe Kritik  damit, dass der Minister sich nicht um die Ratschl\u00e4ge seines  Wissenschaftlichen Beirats schere, der ihn vor sch\u00e4dlichen Folgen von zu  gro\u00dfz\u00fcgigen Krediten an einzelne Euro-Staaten gewarnt habe.<\/em><\/p>\n<p style=\"padding-left: 30px;\"><em>\u201eDer  Fehlanreiz w\u00e4re geringer, wenn der Schuldnerstaat die verb\u00fcrgten  Hilfskredite, ob sie nun zur Finanzierung frischer Defizite oder zur  Abl\u00f6sung von Altschulden dienen, nur zu einem merklich h\u00f6heren Zinssatz  erhalten w\u00fcrde.\u201c <\/em><em>Griechenland zum Beispiel  k\u00f6nne\u00a0sich auch nach Verabschiedung der ihm auferlegten Reformen \u201enicht  am Markt zu so g\u00fcnstigen Bedingungen verschulden wie beim europ\u00e4ischen  Bail-out-Fonds.\u201c <\/em><\/p>\n<p>Das muss man sich auf der Zunge zergehen lassen: Sch\u00e4uble hat versagt, weil die Zinsen des Rettungsfonds niedriger sind als die Marktzinsen. Aber was w\u00e4re denn, wenn die Zinsen genau so hoch w\u00e4ren wie die Marktzinsen? Genau, dann br\u00e4uchte man auch keinen Rettungsfonds. Denn der existiert ja, weil die M\u00e4rkte zu hohe Zinsen verlangen (im Idealfall sind diese Zinsen zu hoch, weil die M\u00e4rkte \u00fcberschie\u00dfen, ein eigentlich solventes Land hat ein Liquidit\u00e4tsproblem, im nicht so idealen Fall ist das Land insolvent und erh\u00e4lt einen Transfer).<\/p>\n<p>Und wo bitte ist der Fehlanreiz? Ist irgendeines der L\u00e4nder gerne unter den Schirm geschl\u00fcpft? Nach dem Motto: Kommt und rettet uns, wir beugen uns gerne dem Diktat aus Br\u00fcssel? Ich erinnere mich, dass die EU an Portugal lange zerren musste. Man kann lange \u00fcber das F\u00fcr und Wider des Rettungsfonds diskutieren \u2013 aber so?<\/p>\n","protected":false},"excerpt":{"rendered":"<p>Bis jetzt dachte ich, man k\u00f6nne Roland Vaubel, seines Zeichens Professor f\u00fcr politische \u00d6konomie in Mannheim, einfach ignorieren. Aber er wird richtig gef\u00e4hrlich (Quelle Handelsblatt). Ein \u201eEuromantiker\u201c ist Bundesfinanzminister Wolfgang Sch\u00e4uble nach Ansicht von Roland Vaubel, Professor f\u00fcr Politische \u00d6konomie an der Uni Mannheim. \u00a0Vaubel begr\u00fcndet seine herbe Kritik damit, dass der Minister sich nicht [&hellip;]<\/p>\n","protected":false},"author":215,"featured_media":0,"comment_status":"open","ping_status":"closed","sticky":false,"template":"","format":"standard","meta":{"_jetpack_memberships_contains_paid_content":false,"footnotes":""},"categories":[1259],"tags":[],"class_list":["post-2953","post","type-post","status-publish","format-standard","hentry","category-der-zeitungsleser"],"yoast_head":"<!-- This site is optimized with the Yoast SEO plugin v21.0 - https:\/\/yoast.com\/wordpress\/plugins\/seo\/ -->\n<title>Was will uns Roland Vaubel sagen? - Herdentrieb<\/title>\n<meta name=\"robots\" content=\"index, follow, max-snippet:-1, max-image-preview:large, max-video-preview:-1\" \/>\n<link rel=\"canonical\" href=\"https:\/\/blog.zeit.de\/herdentrieb\/2011\/04\/13\/was-will-uns-roland-vaubel-sagen_2953\" \/>\n<meta property=\"og:locale\" content=\"de_DE\" \/>\n<meta property=\"og:type\" content=\"article\" \/>\n<meta property=\"og:title\" content=\"Was will uns Roland Vaubel sagen? - Herdentrieb\" \/>\n<meta property=\"og:description\" content=\"Bis jetzt dachte ich, man k\u00f6nne Roland Vaubel, seines Zeichens Professor f\u00fcr politische \u00d6konomie in Mannheim, einfach ignorieren. Aber er wird richtig gef\u00e4hrlich (Quelle Handelsblatt). Ein \u201eEuromantiker\u201c ist Bundesfinanzminister Wolfgang Sch\u00e4uble nach Ansicht von Roland Vaubel, Professor f\u00fcr Politische \u00d6konomie an der Uni Mannheim. \u00a0Vaubel begr\u00fcndet seine herbe Kritik damit, dass der Minister sich nicht [&hellip;]\" \/>\n<meta property=\"og:url\" content=\"https:\/\/blog.zeit.de\/herdentrieb\/2011\/04\/13\/was-will-uns-roland-vaubel-sagen_2953\" \/>\n<meta property=\"og:site_name\" content=\"Herdentrieb\" \/>\n<meta property=\"article:published_time\" content=\"2011-04-13T21:39:34+00:00\" \/>\n<meta property=\"article:modified_time\" content=\"2011-04-14T03:30:20+00:00\" \/>\n<meta name=\"author\" content=\"Mark Schieritz\" \/>\n<meta name=\"twitter:card\" content=\"summary_large_image\" \/>\n<meta name=\"twitter:creator\" content=\"@zeitonline\" \/>\n<meta name=\"twitter:site\" content=\"@zeitonline\" \/>\n<meta name=\"twitter:label1\" content=\"Geschrieben von\" \/>\n\t<meta name=\"twitter:data1\" content=\"Mark Schieritz\" \/>\n\t<meta name=\"twitter:label2\" content=\"Gesch\u00e4tzte Lesezeit\" \/>\n\t<meta name=\"twitter:data2\" content=\"2\u00a0Minuten\" \/>\n<script type=\"application\/ld+json\" class=\"yoast-schema-graph\">{\"@context\":\"https:\/\/schema.org\",\"@graph\":[{\"@type\":\"WebPage\",\"@id\":\"https:\/\/blog.zeit.de\/herdentrieb\/2011\/04\/13\/was-will-uns-roland-vaubel-sagen_2953\",\"url\":\"https:\/\/blog.zeit.de\/herdentrieb\/2011\/04\/13\/was-will-uns-roland-vaubel-sagen_2953\",\"name\":\"Was will uns Roland Vaubel sagen? - Herdentrieb\",\"isPartOf\":{\"@id\":\"https:\/\/blog.zeit.de\/herdentrieb\/#website\"},\"datePublished\":\"2011-04-13T21:39:34+00:00\",\"dateModified\":\"2011-04-14T03:30:20+00:00\",\"author\":{\"@id\":\"https:\/\/blog.zeit.de\/herdentrieb\/#\/schema\/person\/a2dfa95bbd4de7e06edc88db4e3d3871\"},\"breadcrumb\":{\"@id\":\"https:\/\/blog.zeit.de\/herdentrieb\/2011\/04\/13\/was-will-uns-roland-vaubel-sagen_2953#breadcrumb\"},\"inLanguage\":\"de\",\"potentialAction\":[{\"@type\":\"ReadAction\",\"target\":[\"https:\/\/blog.zeit.de\/herdentrieb\/2011\/04\/13\/was-will-uns-roland-vaubel-sagen_2953\"]}]},{\"@type\":\"BreadcrumbList\",\"@id\":\"https:\/\/blog.zeit.de\/herdentrieb\/2011\/04\/13\/was-will-uns-roland-vaubel-sagen_2953#breadcrumb\",\"itemListElement\":[{\"@type\":\"ListItem\",\"position\":1,\"name\":\"Startseite\",\"item\":\"https:\/\/blog.zeit.de\/herdentrieb\"},{\"@type\":\"ListItem\",\"position\":2,\"name\":\"Was will uns Roland Vaubel sagen?\"}]},{\"@type\":\"WebSite\",\"@id\":\"https:\/\/blog.zeit.de\/herdentrieb\/#website\",\"url\":\"https:\/\/blog.zeit.de\/herdentrieb\/\",\"name\":\"Herdentrieb\",\"description\":\"So funktioniert Kapitalismus. Ein Blog\",\"potentialAction\":[{\"@type\":\"SearchAction\",\"target\":{\"@type\":\"EntryPoint\",\"urlTemplate\":\"https:\/\/blog.zeit.de\/herdentrieb\/?s={search_term_string}\"},\"query-input\":\"required name=search_term_string\"}],\"inLanguage\":\"de\"},{\"@type\":\"Person\",\"@id\":\"https:\/\/blog.zeit.de\/herdentrieb\/#\/schema\/person\/a2dfa95bbd4de7e06edc88db4e3d3871\",\"name\":\"Mark Schieritz\",\"image\":{\"@type\":\"ImageObject\",\"inLanguage\":\"de\",\"@id\":\"https:\/\/blog.zeit.de\/herdentrieb\/#\/schema\/person\/image\/\",\"url\":\"https:\/\/secure.gravatar.com\/avatar\/66e072b8ecaf6d851921c0577ca78c8c9a24223a3c3cb6df48c5d839d1b622e0?s=96&d=mm&r=g\",\"contentUrl\":\"https:\/\/secure.gravatar.com\/avatar\/66e072b8ecaf6d851921c0577ca78c8c9a24223a3c3cb6df48c5d839d1b622e0?s=96&d=mm&r=g\",\"caption\":\"Mark Schieritz\"},\"url\":\"https:\/\/blog.zeit.de\/herdentrieb\/author\/mark-schieritz\"}]}<\/script>\n<!-- \/ Yoast SEO plugin. -->","yoast_head_json":{"title":"Was will uns Roland Vaubel sagen? - Herdentrieb","robots":{"index":"index","follow":"follow","max-snippet":"max-snippet:-1","max-image-preview":"max-image-preview:large","max-video-preview":"max-video-preview:-1"},"canonical":"https:\/\/blog.zeit.de\/herdentrieb\/2011\/04\/13\/was-will-uns-roland-vaubel-sagen_2953","og_locale":"de_DE","og_type":"article","og_title":"Was will uns Roland Vaubel sagen? - Herdentrieb","og_description":"Bis jetzt dachte ich, man k\u00f6nne Roland Vaubel, seines Zeichens Professor f\u00fcr politische \u00d6konomie in Mannheim, einfach ignorieren. Aber er wird richtig gef\u00e4hrlich (Quelle Handelsblatt). Ein \u201eEuromantiker\u201c ist Bundesfinanzminister Wolfgang Sch\u00e4uble nach Ansicht von Roland Vaubel, Professor f\u00fcr Politische \u00d6konomie an der Uni Mannheim. \u00a0Vaubel begr\u00fcndet seine herbe Kritik damit, dass der Minister sich nicht [&hellip;]","og_url":"https:\/\/blog.zeit.de\/herdentrieb\/2011\/04\/13\/was-will-uns-roland-vaubel-sagen_2953","og_site_name":"Herdentrieb","article_published_time":"2011-04-13T21:39:34+00:00","article_modified_time":"2011-04-14T03:30:20+00:00","author":"Mark Schieritz","twitter_card":"summary_large_image","twitter_creator":"@zeitonline","twitter_site":"@zeitonline","twitter_misc":{"Geschrieben von":"Mark Schieritz","Gesch\u00e4tzte Lesezeit":"2\u00a0Minuten"},"schema":{"@context":"https:\/\/schema.org","@graph":[{"@type":"WebPage","@id":"https:\/\/blog.zeit.de\/herdentrieb\/2011\/04\/13\/was-will-uns-roland-vaubel-sagen_2953","url":"https:\/\/blog.zeit.de\/herdentrieb\/2011\/04\/13\/was-will-uns-roland-vaubel-sagen_2953","name":"Was will uns Roland Vaubel sagen? - Herdentrieb","isPartOf":{"@id":"https:\/\/blog.zeit.de\/herdentrieb\/#website"},"datePublished":"2011-04-13T21:39:34+00:00","dateModified":"2011-04-14T03:30:20+00:00","author":{"@id":"https:\/\/blog.zeit.de\/herdentrieb\/#\/schema\/person\/a2dfa95bbd4de7e06edc88db4e3d3871"},"breadcrumb":{"@id":"https:\/\/blog.zeit.de\/herdentrieb\/2011\/04\/13\/was-will-uns-roland-vaubel-sagen_2953#breadcrumb"},"inLanguage":"de","potentialAction":[{"@type":"ReadAction","target":["https:\/\/blog.zeit.de\/herdentrieb\/2011\/04\/13\/was-will-uns-roland-vaubel-sagen_2953"]}]},{"@type":"BreadcrumbList","@id":"https:\/\/blog.zeit.de\/herdentrieb\/2011\/04\/13\/was-will-uns-roland-vaubel-sagen_2953#breadcrumb","itemListElement":[{"@type":"ListItem","position":1,"name":"Startseite","item":"https:\/\/blog.zeit.de\/herdentrieb"},{"@type":"ListItem","position":2,"name":"Was will uns Roland Vaubel sagen?"}]},{"@type":"WebSite","@id":"https:\/\/blog.zeit.de\/herdentrieb\/#website","url":"https:\/\/blog.zeit.de\/herdentrieb\/","name":"Herdentrieb","description":"So funktioniert Kapitalismus. Ein Blog","potentialAction":[{"@type":"SearchAction","target":{"@type":"EntryPoint","urlTemplate":"https:\/\/blog.zeit.de\/herdentrieb\/?s={search_term_string}"},"query-input":"required name=search_term_string"}],"inLanguage":"de"},{"@type":"Person","@id":"https:\/\/blog.zeit.de\/herdentrieb\/#\/schema\/person\/a2dfa95bbd4de7e06edc88db4e3d3871","name":"Mark Schieritz","image":{"@type":"ImageObject","inLanguage":"de","@id":"https:\/\/blog.zeit.de\/herdentrieb\/#\/schema\/person\/image\/","url":"https:\/\/secure.gravatar.com\/avatar\/66e072b8ecaf6d851921c0577ca78c8c9a24223a3c3cb6df48c5d839d1b622e0?s=96&d=mm&r=g","contentUrl":"https:\/\/secure.gravatar.com\/avatar\/66e072b8ecaf6d851921c0577ca78c8c9a24223a3c3cb6df48c5d839d1b622e0?s=96&d=mm&r=g","caption":"Mark Schieritz"},"url":"https:\/\/blog.zeit.de\/herdentrieb\/author\/mark-schieritz"}]}},"jetpack_featured_media_url":"","jetpack_sharing_enabled":true,"_links":{"self":[{"href":"https:\/\/blog.zeit.de\/herdentrieb\/wp-json\/wp\/v2\/posts\/2953","targetHints":{"allow":["GET"]}}],"collection":[{"href":"https:\/\/blog.zeit.de\/herdentrieb\/wp-json\/wp\/v2\/posts"}],"about":[{"href":"https:\/\/blog.zeit.de\/herdentrieb\/wp-json\/wp\/v2\/types\/post"}],"author":[{"embeddable":true,"href":"https:\/\/blog.zeit.de\/herdentrieb\/wp-json\/wp\/v2\/users\/215"}],"replies":[{"embeddable":true,"href":"https:\/\/blog.zeit.de\/herdentrieb\/wp-json\/wp\/v2\/comments?post=2953"}],"version-history":[{"count":5,"href":"https:\/\/blog.zeit.de\/herdentrieb\/wp-json\/wp\/v2\/posts\/2953\/revisions"}],"predecessor-version":[{"id":2958,"href":"https:\/\/blog.zeit.de\/herdentrieb\/wp-json\/wp\/v2\/posts\/2953\/revisions\/2958"}],"wp:attachment":[{"href":"https:\/\/blog.zeit.de\/herdentrieb\/wp-json\/wp\/v2\/media?parent=2953"}],"wp:term":[{"taxonomy":"category","embeddable":true,"href":"https:\/\/blog.zeit.de\/herdentrieb\/wp-json\/wp\/v2\/categories?post=2953"},{"taxonomy":"post_tag","embeddable":true,"href":"https:\/\/blog.zeit.de\/herdentrieb\/wp-json\/wp\/v2\/tags?post=2953"}],"curies":[{"name":"wp","href":"https:\/\/api.w.org\/{rel}","templated":true}]}}