{"id":296,"date":"2008-03-16T22:52:02","date_gmt":"2008-03-16T21:52:02","guid":{"rendered":"http:\/\/blog.zeit.de\/herdentrieb\/2008\/03\/16\/wo-bleibt-die-ezb_296"},"modified":"2008-03-16T22:52:02","modified_gmt":"2008-03-16T21:52:02","slug":"wo-bleibt-die-ezb","status":"publish","type":"post","link":"https:\/\/blog.zeit.de\/herdentrieb\/2008\/03\/16\/wo-bleibt-die-ezb_296","title":{"rendered":"Wo bleibt die EZB?"},"content":{"rendered":"<p>Ich habe noch nie einen solchen Stress im Finanzsystem erlebt. Es ist grauselig. Noch grauseliger ist nur die unverantwortliche Position der Europ\u00e4ischen Zentralbank. Sie tut gerade so, als ginge sie die Finanzkrise nichts an. War sie im August vergangenen Jahres auf der H\u00f6he der Zeit, vielleicht sogar ein bisschen ahead the curve, so ist sie inzwischen richtig fett behind the curve. Sie sorgt sich um Inflation, treibt die Zinssenkungserwartungen immer weiter ins Jahr hinein. Schlimmer geht\u2019s nimmer. Immerhin versucht sie seit vergangener Woche verbal gegen den horrend festen Euro zu intervenieren. Aber am Markt lachen sie sich kaputt. Die Wirkung der warnenden Worte von EZB-Pr\u00e4sident Jean-Claude Trichet sind gleich null.<br \/>\n<!--more--><br \/>\nSchon in der vergangenen Woche hatte ich das Gef\u00fchl, dass die EZB jetzt mit einem Coup die M\u00e4rkte \u00fcberrascht, gegen den Euro interveniert, sprich Euro verkauft, um einen weiteren Anstieg gegen\u00fcber dem Dollar zu verhindern, vielleicht sogar garniert mit einer Zinssenkung. Meine Woche endete am Donnerstag, danach war ich drei Tage in den Alpen. Das hei\u00dft, die Krise bei Bear Stearns kannte ich noch nicht.<\/p>\n<p>Doch jetzt muss ich mal wieder wetten: Bis zum Abend des 10. April, dem Tag an dem sich der ECB Rat zum n\u00e4chsten regul\u00e4ren Zinsentscheid trifft, werden wir eine Zinssenkung und\/oder Interventionen gegen den festen Euro erleben. Mein Gef\u00fchl sagt mir, das alles passiert in den n\u00e4chsten 20 Stunden. Aber die EZB ist beh\u00e4big.<\/p>\n<p>Doch die aktuelle Zuspitzung der Krise gibt der EZB die einmalige Chance halbwegs erhobenen Hauptes die brutale Kehrtwendung verk\u00fcnden zu k\u00f6nnen. Sie k\u00e4me eh und zwar rascher als es sich die Herren EZB-R\u00e4te heute noch vorstellen k\u00f6nnen.<\/p>\n<p>Wenn die Fed am Dienstag um 75 oder 100 Basispunkte den Leitzins auf dann 2,25 oder zwei Prozent senkt, ist der Euro nicht mehr zu halten. Au\u00dferdem brauchen auch europ\u00e4ische Banken eine steilere Zinsstrukturkurve, sprich niedrigere kurze Zinsen, damit sie wenigstens etwas Spanne zu den langen haben. Auch einige europ\u00e4ische Banken sollen in \u00e4hnlichen Schwierigkeiten wie Bear Stearns sein, hei\u00dft es in der Ger\u00fcchtek\u00fcche. Und dass die Kreditkrise nicht auf die Realwirtschaft \u00fcbergreift, ist Wunschdenken der EZB-Oberen. Sie schauen auf ihre Kreditdaten und w\u00e4hnen sich argumentativ in Sicherheit. Sie sollten mal lieber die Banken fragen. Allein am Donnerstag habe ich von Vertrauten in drei Banken ziemlich direkt erz\u00e4hlt bekommen, dass die Kreditvergabe so gut wie eingestellt ist!<\/p>\n<p>Es brennt lichterloh. Bear Stearns ist Prime Broker Nummer drei weltweit. Prime Broker sind die Banken, die die Hedgefonds versorgen, mit Kredit, Infos, Handel und Abwicklung. Hurra. Wenn Bear Stearns jetzt anfangen muss all die Linien h\u00f6her besichern zu lassen, wird\u2019s noch ungem\u00fctlicher. Geht\u2019s \u00fcberhaupt noch ungem\u00fctlicher?<\/p>\n<p>Sicher. Erinnern Sie sich an die Botschaft von Standard &#038; Poor\u2019s, der blaubl\u00fctigen Ratingagentur von Mittwoch? Das Schlimmste an Abschreibungen im Bankensektor sei jetzt vor\u00fcber. Pfeifen im Wald. Jetzt geht\u2019s erst richtig los. Nie wieder werden wir den Kapitalismus und seine Funktionsweise so wunderbar beobachten k\u00f6nnen \u2013 wie im Reagenzglas.<\/p>\n<p>Auf eine weitere aufregende Woche!<\/p>\n","protected":false},"excerpt":{"rendered":"<p>Ich habe noch nie einen solchen Stress im Finanzsystem erlebt. Es ist grauselig. Noch grauseliger ist nur die unverantwortliche Position der Europ\u00e4ischen Zentralbank. Sie tut gerade so, als ginge sie die Finanzkrise nichts an. War sie im August vergangenen Jahres auf der H\u00f6he der Zeit, vielleicht sogar ein bisschen ahead the curve, so ist sie [&hellip;]<\/p>\n","protected":false},"author":59,"featured_media":0,"comment_status":"open","ping_status":"closed","sticky":false,"template":"","format":"standard","meta":{"_jetpack_memberships_contains_paid_content":false,"footnotes":""},"categories":[5,15],"tags":[],"class_list":["post-296","post","type-post","status-publish","format-standard","hentry","category-die-heusinger-wetten","category-ja-wo-laufen-sie-denn-hin"],"yoast_head":"<!-- This site is optimized with the Yoast SEO plugin v21.0 - https:\/\/yoast.com\/wordpress\/plugins\/seo\/ -->\n<title>Wo bleibt die EZB? - Herdentrieb<\/title>\n<meta name=\"robots\" content=\"index, follow, max-snippet:-1, max-image-preview:large, max-video-preview:-1\" \/>\n<link rel=\"canonical\" href=\"https:\/\/blog.zeit.de\/herdentrieb\/2008\/03\/16\/wo-bleibt-die-ezb_296\" \/>\n<meta property=\"og:locale\" content=\"de_DE\" \/>\n<meta property=\"og:type\" content=\"article\" \/>\n<meta property=\"og:title\" content=\"Wo bleibt die EZB? - Herdentrieb\" \/>\n<meta property=\"og:description\" content=\"Ich habe noch nie einen solchen Stress im Finanzsystem erlebt. Es ist grauselig. Noch grauseliger ist nur die unverantwortliche Position der Europ\u00e4ischen Zentralbank. Sie tut gerade so, als ginge sie die Finanzkrise nichts an. War sie im August vergangenen Jahres auf der H\u00f6he der Zeit, vielleicht sogar ein bisschen ahead the curve, so ist sie [&hellip;]\" \/>\n<meta property=\"og:url\" content=\"https:\/\/blog.zeit.de\/herdentrieb\/2008\/03\/16\/wo-bleibt-die-ezb_296\" \/>\n<meta property=\"og:site_name\" content=\"Herdentrieb\" \/>\n<meta property=\"article:published_time\" content=\"2008-03-16T21:52:02+00:00\" \/>\n<meta name=\"author\" content=\"Robert von Heusinger\" \/>\n<meta name=\"twitter:card\" content=\"summary_large_image\" \/>\n<meta name=\"twitter:creator\" content=\"@zeitonline\" \/>\n<meta name=\"twitter:site\" content=\"@zeitonline\" \/>\n<meta name=\"twitter:label1\" content=\"Geschrieben von\" \/>\n\t<meta name=\"twitter:data1\" content=\"Robert von Heusinger\" \/>\n\t<meta name=\"twitter:label2\" content=\"Gesch\u00e4tzte Lesezeit\" \/>\n\t<meta name=\"twitter:data2\" content=\"3\u00a0Minuten\" \/>\n<script type=\"application\/ld+json\" class=\"yoast-schema-graph\">{\"@context\":\"https:\/\/schema.org\",\"@graph\":[{\"@type\":\"WebPage\",\"@id\":\"https:\/\/blog.zeit.de\/herdentrieb\/2008\/03\/16\/wo-bleibt-die-ezb_296\",\"url\":\"https:\/\/blog.zeit.de\/herdentrieb\/2008\/03\/16\/wo-bleibt-die-ezb_296\",\"name\":\"Wo bleibt die EZB? - Herdentrieb\",\"isPartOf\":{\"@id\":\"https:\/\/blog.zeit.de\/herdentrieb\/#website\"},\"datePublished\":\"2008-03-16T21:52:02+00:00\",\"dateModified\":\"2008-03-16T21:52:02+00:00\",\"author\":{\"@id\":\"https:\/\/blog.zeit.de\/herdentrieb\/#\/schema\/person\/359c269ac9be6a7a3529bff7b18ac5c4\"},\"breadcrumb\":{\"@id\":\"https:\/\/blog.zeit.de\/herdentrieb\/2008\/03\/16\/wo-bleibt-die-ezb_296#breadcrumb\"},\"inLanguage\":\"de\",\"potentialAction\":[{\"@type\":\"ReadAction\",\"target\":[\"https:\/\/blog.zeit.de\/herdentrieb\/2008\/03\/16\/wo-bleibt-die-ezb_296\"]}]},{\"@type\":\"BreadcrumbList\",\"@id\":\"https:\/\/blog.zeit.de\/herdentrieb\/2008\/03\/16\/wo-bleibt-die-ezb_296#breadcrumb\",\"itemListElement\":[{\"@type\":\"ListItem\",\"position\":1,\"name\":\"Startseite\",\"item\":\"https:\/\/blog.zeit.de\/herdentrieb\"},{\"@type\":\"ListItem\",\"position\":2,\"name\":\"Wo bleibt die EZB?\"}]},{\"@type\":\"WebSite\",\"@id\":\"https:\/\/blog.zeit.de\/herdentrieb\/#website\",\"url\":\"https:\/\/blog.zeit.de\/herdentrieb\/\",\"name\":\"Herdentrieb\",\"description\":\"So funktioniert Kapitalismus. Ein Blog\",\"potentialAction\":[{\"@type\":\"SearchAction\",\"target\":{\"@type\":\"EntryPoint\",\"urlTemplate\":\"https:\/\/blog.zeit.de\/herdentrieb\/?s={search_term_string}\"},\"query-input\":\"required name=search_term_string\"}],\"inLanguage\":\"de\"},{\"@type\":\"Person\",\"@id\":\"https:\/\/blog.zeit.de\/herdentrieb\/#\/schema\/person\/359c269ac9be6a7a3529bff7b18ac5c4\",\"name\":\"Robert von Heusinger\",\"image\":{\"@type\":\"ImageObject\",\"inLanguage\":\"de\",\"@id\":\"https:\/\/blog.zeit.de\/herdentrieb\/#\/schema\/person\/image\/\",\"url\":\"https:\/\/secure.gravatar.com\/avatar\/a0b228cfe6009cf76b01362b64d1658814709a4497c9cdc2617816fa18a05d2f?s=96&d=mm&r=g\",\"contentUrl\":\"https:\/\/secure.gravatar.com\/avatar\/a0b228cfe6009cf76b01362b64d1658814709a4497c9cdc2617816fa18a05d2f?s=96&d=mm&r=g\",\"caption\":\"Robert von Heusinger\"},\"url\":\"https:\/\/blog.zeit.de\/herdentrieb\/author\/robert-von-heusinger\"}]}<\/script>\n<!-- \/ Yoast SEO plugin. -->","yoast_head_json":{"title":"Wo bleibt die EZB? - Herdentrieb","robots":{"index":"index","follow":"follow","max-snippet":"max-snippet:-1","max-image-preview":"max-image-preview:large","max-video-preview":"max-video-preview:-1"},"canonical":"https:\/\/blog.zeit.de\/herdentrieb\/2008\/03\/16\/wo-bleibt-die-ezb_296","og_locale":"de_DE","og_type":"article","og_title":"Wo bleibt die EZB? - Herdentrieb","og_description":"Ich habe noch nie einen solchen Stress im Finanzsystem erlebt. Es ist grauselig. Noch grauseliger ist nur die unverantwortliche Position der Europ\u00e4ischen Zentralbank. Sie tut gerade so, als ginge sie die Finanzkrise nichts an. War sie im August vergangenen Jahres auf der H\u00f6he der Zeit, vielleicht sogar ein bisschen ahead the curve, so ist sie [&hellip;]","og_url":"https:\/\/blog.zeit.de\/herdentrieb\/2008\/03\/16\/wo-bleibt-die-ezb_296","og_site_name":"Herdentrieb","article_published_time":"2008-03-16T21:52:02+00:00","author":"Robert von Heusinger","twitter_card":"summary_large_image","twitter_creator":"@zeitonline","twitter_site":"@zeitonline","twitter_misc":{"Geschrieben von":"Robert von Heusinger","Gesch\u00e4tzte Lesezeit":"3\u00a0Minuten"},"schema":{"@context":"https:\/\/schema.org","@graph":[{"@type":"WebPage","@id":"https:\/\/blog.zeit.de\/herdentrieb\/2008\/03\/16\/wo-bleibt-die-ezb_296","url":"https:\/\/blog.zeit.de\/herdentrieb\/2008\/03\/16\/wo-bleibt-die-ezb_296","name":"Wo bleibt die EZB? - Herdentrieb","isPartOf":{"@id":"https:\/\/blog.zeit.de\/herdentrieb\/#website"},"datePublished":"2008-03-16T21:52:02+00:00","dateModified":"2008-03-16T21:52:02+00:00","author":{"@id":"https:\/\/blog.zeit.de\/herdentrieb\/#\/schema\/person\/359c269ac9be6a7a3529bff7b18ac5c4"},"breadcrumb":{"@id":"https:\/\/blog.zeit.de\/herdentrieb\/2008\/03\/16\/wo-bleibt-die-ezb_296#breadcrumb"},"inLanguage":"de","potentialAction":[{"@type":"ReadAction","target":["https:\/\/blog.zeit.de\/herdentrieb\/2008\/03\/16\/wo-bleibt-die-ezb_296"]}]},{"@type":"BreadcrumbList","@id":"https:\/\/blog.zeit.de\/herdentrieb\/2008\/03\/16\/wo-bleibt-die-ezb_296#breadcrumb","itemListElement":[{"@type":"ListItem","position":1,"name":"Startseite","item":"https:\/\/blog.zeit.de\/herdentrieb"},{"@type":"ListItem","position":2,"name":"Wo bleibt die EZB?"}]},{"@type":"WebSite","@id":"https:\/\/blog.zeit.de\/herdentrieb\/#website","url":"https:\/\/blog.zeit.de\/herdentrieb\/","name":"Herdentrieb","description":"So funktioniert Kapitalismus. Ein Blog","potentialAction":[{"@type":"SearchAction","target":{"@type":"EntryPoint","urlTemplate":"https:\/\/blog.zeit.de\/herdentrieb\/?s={search_term_string}"},"query-input":"required name=search_term_string"}],"inLanguage":"de"},{"@type":"Person","@id":"https:\/\/blog.zeit.de\/herdentrieb\/#\/schema\/person\/359c269ac9be6a7a3529bff7b18ac5c4","name":"Robert von Heusinger","image":{"@type":"ImageObject","inLanguage":"de","@id":"https:\/\/blog.zeit.de\/herdentrieb\/#\/schema\/person\/image\/","url":"https:\/\/secure.gravatar.com\/avatar\/a0b228cfe6009cf76b01362b64d1658814709a4497c9cdc2617816fa18a05d2f?s=96&d=mm&r=g","contentUrl":"https:\/\/secure.gravatar.com\/avatar\/a0b228cfe6009cf76b01362b64d1658814709a4497c9cdc2617816fa18a05d2f?s=96&d=mm&r=g","caption":"Robert von Heusinger"},"url":"https:\/\/blog.zeit.de\/herdentrieb\/author\/robert-von-heusinger"}]}},"jetpack_featured_media_url":"","jetpack_sharing_enabled":true,"_links":{"self":[{"href":"https:\/\/blog.zeit.de\/herdentrieb\/wp-json\/wp\/v2\/posts\/296","targetHints":{"allow":["GET"]}}],"collection":[{"href":"https:\/\/blog.zeit.de\/herdentrieb\/wp-json\/wp\/v2\/posts"}],"about":[{"href":"https:\/\/blog.zeit.de\/herdentrieb\/wp-json\/wp\/v2\/types\/post"}],"author":[{"embeddable":true,"href":"https:\/\/blog.zeit.de\/herdentrieb\/wp-json\/wp\/v2\/users\/59"}],"replies":[{"embeddable":true,"href":"https:\/\/blog.zeit.de\/herdentrieb\/wp-json\/wp\/v2\/comments?post=296"}],"version-history":[{"count":0,"href":"https:\/\/blog.zeit.de\/herdentrieb\/wp-json\/wp\/v2\/posts\/296\/revisions"}],"wp:attachment":[{"href":"https:\/\/blog.zeit.de\/herdentrieb\/wp-json\/wp\/v2\/media?parent=296"}],"wp:term":[{"taxonomy":"category","embeddable":true,"href":"https:\/\/blog.zeit.de\/herdentrieb\/wp-json\/wp\/v2\/categories?post=296"},{"taxonomy":"post_tag","embeddable":true,"href":"https:\/\/blog.zeit.de\/herdentrieb\/wp-json\/wp\/v2\/tags?post=296"}],"curies":[{"name":"wp","href":"https:\/\/api.w.org\/{rel}","templated":true}]}}