{"id":302,"date":"2008-04-01T18:27:01","date_gmt":"2008-04-01T16:27:01","guid":{"rendered":"http:\/\/blog.zeit.de\/herdentrieb\/2008\/04\/01\/deutsche-konjunktur-immer-noch-gut-dabei_302"},"modified":"2008-04-01T18:27:01","modified_gmt":"2008-04-01T16:27:01","slug":"deutsche-konjunktur-immer-noch-gut-dabei","status":"publish","type":"post","link":"https:\/\/blog.zeit.de\/herdentrieb\/2008\/04\/01\/deutsche-konjunktur-immer-noch-gut-dabei_302","title":{"rendered":"Deutsche Konjunktur immer noch gut dabei"},"content":{"rendered":"<p><img src='https:\/\/blog.zeit.de\/herdentrieb\/files\/2008\/04\/erwerbstaetige_und_arbeitslose_0803.gif' alt='Erwerbst\u00e4tge und Arbeitslose - M\u00e4rz 2008' \/><\/p>\n<p>Auch nach den neuesten Zahlen gibt es immer noch keine Indizien, dass die deutsche Konjunktur zu lahmen beginnt. <a href=\"http:\/\/www.zeit.de\/online\/2008\/14\/usa-rezession-iwf\">Gerade ist durchgesickert, dass der Internationale W\u00e4hrungsfonds, der Mitte des Monats seinen neuen World Economic Outlook ver\u00f6ffentlicht, die diesj\u00e4hrige Wachstumsrate f\u00fcr unser Land von bisher 1,5 Prozent auf 1,2 Prozent zur\u00fccknehmen wird.<\/a> Das passt weder zu den Auftragseing\u00e4ngen in der Industrie (real zuletzt 9,6 Prozent gg Vj) oder in der Bauwirtschaft (10,1 Prozent), noch zur Industrieproduktion (7,5 Prozent), vor allem aber nicht zu den <a href=\"http:\/\/www.arbeitsagentur.de\/nn_27030\/zentraler-Content\/Pressemeldungen\/2008\/Presse-08-012.html\" target=\"_blank\">Arbeitsmarktdaten vom Dienstag<\/a>.<br \/>\n<!--more--><br \/>\nIm M\u00e4rz ist die Arbeitslosigkeit noch einmal saisonbereinigt kr\u00e4ftig zur\u00fcckgegangen, auf 7,8 Prozent nach 8,0 Prozent im Februar, und nach rund 12 Prozent vor drei Jahren. Auch die Besch\u00e4ftigung boomt. Wenn Minister Glos recht hat, hat er recht: Wenn es so weitergeht, haben wir in K\u00fcrze Vollbesch\u00e4ftigung. Ich wei\u00df, extrapolieren ist das Gegenteil von denken, trotzdem kann ich es nicht lassen, es mal zu machen. Zur Zeit vermindert sich die Arbeitslosigkeit gegen\u00fcber dem Vorjahr um rund 600.000. Da wir gerade bei 3,285 Millionen angelangt sind, w\u00e4ren wir, wenn es so weiterginge, in drei Jahren bei 1,5 Millionen oder einer Quote von 3,3 Prozent. Na ja.<\/p>\n<p>Wir haben es mit einem Besch\u00e4ftigungswunder zu tun, nicht mehr und nicht weniger. Es ist schon fast ein bisschen unheimlich und passt nicht zu recht zu unserem Grundgef\u00fchl, dass niemand au\u00dfer ein paar Privilegierten Geld hat. Die Renten sollen im Sommer um sagenhafte 1,1 Prozent steigen, und wenn ich mir im <a href=\"http:\/\/www.bundesbank.de\/download\/statistik\/mbwerte\/ix8.pdf\" target=\"_blank\">Monatsbericht der Bundesbank die gesamtwirtschaftlichen Tarifl\u00f6hne ansehe (1,4 Prozent gg Vj im Januar, Seite 67*)<\/a>, kommen mir die Tr\u00e4nen. Kein Wunder, dass die <a href=\"http:\/\/www.destatis.de\/jetspeed\/portal\/cms\/Sites\/destatis\/Internet\/DE\/Presse\/pm\/2008\/04\/PD08__135__45241,templateId=renderPrint.psml\" target=\"_blank\">Einzelhandelsums\u00e4tze im Februar erneut eingebrochen sind<\/a> &#8211; real um 3,2 Prozent gegen\u00fcber dem Vorjahreswert und um 1,6 Prozent gegen\u00fcber Januar. Andreas Rees von UniCredit nennt das bereits eine Verbraucherrezession. Wir erleben seit einiger Zeit einen sogenannten Terms-of-Trade-Schock, also einen gewaltigen Verlust an Kaufkraft durch den steilen Anstieg der Einfuhrpreise bei moderater Zunahme der Exportpreise. So geht das in einer \u00d6lkrise. Sollten nicht die steigenden Ausgaben der Haushalte der Konjunkturmotor des Jahres sein?<\/p>\n<p>Vielleicht bessert sich die finanzielle Lage der Verbraucher durch die etwas h\u00f6heren neuen Lohnabschl\u00fcsse nun doch etwas. Im \u00f6ffentlichen Dienst komme ich nach meiner Rechnung auf einen Anstieg der Monatseinkommen per letzten Januar um etwa 5 Prozent. Das ist nach vielen Jahren fallender Realeinkommen endlich mal wieder etwas &#8222;to write home about&#8220;, wie die Engl\u00e4nder sagen. So furchtbar viel ist es aber auch nicht, wenn man bedenkt, dass die Inflation \u00fcber drei Prozentpunkte davon auffrisst.<\/p>\n<p>Wir haben es mit einem Besch\u00e4ftigungswunder zu tun, aber bisher noch nicht mit einem Einkommenswunder. Es f\u00e4llt immer leichter, einen Job zu finden, aber immer noch nicht leicht, dabei anst\u00e4ndiges Geld zu verdienen.<\/p>\n<p>Dabei wird es von Seiten der EZB bis auf Weiteres keine Sch\u00fctzenhilfe geben. Am Montag meldete Eurostat, dass die <a href=\"http:\/\/epp.eurostat.ec.europa.eu\/pls\/portal\/docs\/PAGE\/PGP_PRD_CAT_PREREL\/PGE_CAT_PREREL_YEAR_2008\/PGE_CAT_PREREL_YEAR_2008_MONTH_03\/2-31032008-EN-AP.PDF\" target=\"_blank\">Inflation im Euroraum im M\u00e4rz 3,5 Prozent (gg Vj) erreicht hat<\/a> &#8211; &#8222;knapp unter 2 Prozent&#8220; ist immer noch das Ziel. Hinzu kommen die immer noch ganz guten Nachrichten aus der Realwirtschaft. Die Zentralbank wird daher einen Teufel tun und die Zinsen senken, auch wenn die Marktteilnehmer ganz fest damit rechnen. Der starke Euro hat bisher kaum Bremsspuren hinterlassen. Das ist eigentlich ein weiteres Wunder. Soll der Euro noch auf zwei Dollar steigen? Immerhin w\u00fcrde das amerikanische Leistungsbilanzdefizit dadurch schneller verschwinden, als wir uns das heute vorstellen k\u00f6nnten. Der Preis w\u00e4re allerdings dann doch die Rezession, um die wir bisher herumzukommen scheinen.<\/p>\n<p>Eine letzte Anmerkung: <a href=\"http:\/\/www.diw-berlin.de\/deutsch\/produkte\/diw_konjunkturbarometer\/26883.html\" target=\"_blank\">Das DIW hat Mitte M\u00e4rz gesch\u00e4tzt, dass das reale BIP im ersten Quartal um 0,5 Prozent \u00fcber dem Wert des vierten liegen w\u00fcrde<\/a>. Nach den heutigen Arbeitsmarktzahlen wird bei der n\u00e4chsten Sch\u00e4tzung vermutlich 0,6 Prozent herauskommen. Unterstellt, es g\u00e4be in den folgenden drei Quartalen jeweils Zuwachsraten von 0,3 Prozent, erg\u00e4be sich f\u00fcr 2008 insgesamt eine Zuwachsrate von 1,6 Prozent &#8211; nicht 1,2 Prozent. <a href=\"https:\/\/blog.zeit.de\/herdentrieb\/2008\/03\/26\/ifo-noch-nicht-viel-zu-sehen-von-der-finanzkrise_298\">Wie ich letztes mal schon gefragt hatte &#8211; wo bleibt eigentlich die Finanzkrise?<\/a><\/p>\n","protected":false},"excerpt":{"rendered":"<p>Auch nach den neuesten Zahlen gibt es immer noch keine Indizien, dass die deutsche Konjunktur zu lahmen beginnt. Gerade ist durchgesickert, dass der Internationale W\u00e4hrungsfonds, der Mitte des Monats seinen neuen World Economic Outlook ver\u00f6ffentlicht, die diesj\u00e4hrige Wachstumsrate f\u00fcr unser Land von bisher 1,5 Prozent auf 1,2 Prozent zur\u00fccknehmen wird. Das passt weder zu den [&hellip;]<\/p>\n","protected":false},"author":61,"featured_media":0,"comment_status":"open","ping_status":"closed","sticky":false,"template":"","format":"standard","meta":{"_jetpack_memberships_contains_paid_content":false,"footnotes":""},"categories":[3,9],"tags":[],"class_list":["post-302","post","type-post","status-publish","format-standard","hentry","category-der-aktuelle-rand","category-konjunktur-und-wirtschaftspolitik"],"yoast_head":"<!-- This site is optimized with the Yoast SEO plugin v21.0 - https:\/\/yoast.com\/wordpress\/plugins\/seo\/ -->\n<title>Deutsche Konjunktur immer noch gut dabei - Herdentrieb<\/title>\n<meta name=\"robots\" content=\"index, follow, max-snippet:-1, max-image-preview:large, max-video-preview:-1\" \/>\n<link rel=\"canonical\" href=\"https:\/\/blog.zeit.de\/herdentrieb\/2008\/04\/01\/deutsche-konjunktur-immer-noch-gut-dabei_302\" \/>\n<meta property=\"og:locale\" content=\"de_DE\" \/>\n<meta property=\"og:type\" content=\"article\" \/>\n<meta property=\"og:title\" content=\"Deutsche Konjunktur immer noch gut dabei - Herdentrieb\" \/>\n<meta property=\"og:description\" content=\"Auch nach den neuesten Zahlen gibt es immer noch keine Indizien, dass die deutsche Konjunktur zu lahmen beginnt. Gerade ist durchgesickert, dass der Internationale W\u00e4hrungsfonds, der Mitte des Monats seinen neuen World Economic Outlook ver\u00f6ffentlicht, die diesj\u00e4hrige Wachstumsrate f\u00fcr unser Land von bisher 1,5 Prozent auf 1,2 Prozent zur\u00fccknehmen wird. Das passt weder zu den [&hellip;]\" \/>\n<meta property=\"og:url\" content=\"https:\/\/blog.zeit.de\/herdentrieb\/2008\/04\/01\/deutsche-konjunktur-immer-noch-gut-dabei_302\" \/>\n<meta property=\"og:site_name\" content=\"Herdentrieb\" \/>\n<meta property=\"article:published_time\" content=\"2008-04-01T16:27:01+00:00\" \/>\n<meta property=\"og:image\" content=\"https:\/\/blog.zeit.de\/herdentrieb\/files\/2008\/04\/erwerbstaetige_und_arbeitslose_0803.gif\" \/>\n<meta name=\"author\" content=\"Dieter Wermuth\" \/>\n<meta name=\"twitter:card\" content=\"summary_large_image\" \/>\n<meta name=\"twitter:creator\" content=\"@zeitonline\" \/>\n<meta name=\"twitter:site\" content=\"@zeitonline\" \/>\n<meta name=\"twitter:label1\" content=\"Geschrieben von\" \/>\n\t<meta name=\"twitter:data1\" content=\"Dieter Wermuth\" \/>\n\t<meta name=\"twitter:label2\" content=\"Gesch\u00e4tzte Lesezeit\" \/>\n\t<meta name=\"twitter:data2\" content=\"3\u00a0Minuten\" \/>\n<script type=\"application\/ld+json\" class=\"yoast-schema-graph\">{\"@context\":\"https:\/\/schema.org\",\"@graph\":[{\"@type\":\"WebPage\",\"@id\":\"https:\/\/blog.zeit.de\/herdentrieb\/2008\/04\/01\/deutsche-konjunktur-immer-noch-gut-dabei_302\",\"url\":\"https:\/\/blog.zeit.de\/herdentrieb\/2008\/04\/01\/deutsche-konjunktur-immer-noch-gut-dabei_302\",\"name\":\"Deutsche Konjunktur immer noch gut dabei - Herdentrieb\",\"isPartOf\":{\"@id\":\"https:\/\/blog.zeit.de\/herdentrieb\/#website\"},\"datePublished\":\"2008-04-01T16:27:01+00:00\",\"dateModified\":\"2008-04-01T16:27:01+00:00\",\"author\":{\"@id\":\"https:\/\/blog.zeit.de\/herdentrieb\/#\/schema\/person\/cded255e8a7893fa16565de10e59b891\"},\"breadcrumb\":{\"@id\":\"https:\/\/blog.zeit.de\/herdentrieb\/2008\/04\/01\/deutsche-konjunktur-immer-noch-gut-dabei_302#breadcrumb\"},\"inLanguage\":\"de\",\"potentialAction\":[{\"@type\":\"ReadAction\",\"target\":[\"https:\/\/blog.zeit.de\/herdentrieb\/2008\/04\/01\/deutsche-konjunktur-immer-noch-gut-dabei_302\"]}]},{\"@type\":\"BreadcrumbList\",\"@id\":\"https:\/\/blog.zeit.de\/herdentrieb\/2008\/04\/01\/deutsche-konjunktur-immer-noch-gut-dabei_302#breadcrumb\",\"itemListElement\":[{\"@type\":\"ListItem\",\"position\":1,\"name\":\"Startseite\",\"item\":\"https:\/\/blog.zeit.de\/herdentrieb\"},{\"@type\":\"ListItem\",\"position\":2,\"name\":\"Deutsche Konjunktur immer noch gut dabei\"}]},{\"@type\":\"WebSite\",\"@id\":\"https:\/\/blog.zeit.de\/herdentrieb\/#website\",\"url\":\"https:\/\/blog.zeit.de\/herdentrieb\/\",\"name\":\"Herdentrieb\",\"description\":\"So funktioniert Kapitalismus. Ein Blog\",\"potentialAction\":[{\"@type\":\"SearchAction\",\"target\":{\"@type\":\"EntryPoint\",\"urlTemplate\":\"https:\/\/blog.zeit.de\/herdentrieb\/?s={search_term_string}\"},\"query-input\":\"required name=search_term_string\"}],\"inLanguage\":\"de\"},{\"@type\":\"Person\",\"@id\":\"https:\/\/blog.zeit.de\/herdentrieb\/#\/schema\/person\/cded255e8a7893fa16565de10e59b891\",\"name\":\"Dieter Wermuth\",\"image\":{\"@type\":\"ImageObject\",\"inLanguage\":\"de\",\"@id\":\"https:\/\/blog.zeit.de\/herdentrieb\/#\/schema\/person\/image\/\",\"url\":\"https:\/\/secure.gravatar.com\/avatar\/17b936dcdfff00d08ede21a6c8044f16e55bc8832ed4a15d30fdb3dcfd0adec3?s=96&d=mm&r=g\",\"contentUrl\":\"https:\/\/secure.gravatar.com\/avatar\/17b936dcdfff00d08ede21a6c8044f16e55bc8832ed4a15d30fdb3dcfd0adec3?s=96&d=mm&r=g\",\"caption\":\"Dieter Wermuth\"},\"url\":\"https:\/\/blog.zeit.de\/herdentrieb\/author\/dieter-wermuth\"}]}<\/script>\n<!-- \/ Yoast SEO plugin. -->","yoast_head_json":{"title":"Deutsche Konjunktur immer noch gut dabei - Herdentrieb","robots":{"index":"index","follow":"follow","max-snippet":"max-snippet:-1","max-image-preview":"max-image-preview:large","max-video-preview":"max-video-preview:-1"},"canonical":"https:\/\/blog.zeit.de\/herdentrieb\/2008\/04\/01\/deutsche-konjunktur-immer-noch-gut-dabei_302","og_locale":"de_DE","og_type":"article","og_title":"Deutsche Konjunktur immer noch gut dabei - Herdentrieb","og_description":"Auch nach den neuesten Zahlen gibt es immer noch keine Indizien, dass die deutsche Konjunktur zu lahmen beginnt. Gerade ist durchgesickert, dass der Internationale W\u00e4hrungsfonds, der Mitte des Monats seinen neuen World Economic Outlook ver\u00f6ffentlicht, die diesj\u00e4hrige Wachstumsrate f\u00fcr unser Land von bisher 1,5 Prozent auf 1,2 Prozent zur\u00fccknehmen wird. Das passt weder zu den [&hellip;]","og_url":"https:\/\/blog.zeit.de\/herdentrieb\/2008\/04\/01\/deutsche-konjunktur-immer-noch-gut-dabei_302","og_site_name":"Herdentrieb","article_published_time":"2008-04-01T16:27:01+00:00","og_image":[{"url":"https:\/\/blog.zeit.de\/herdentrieb\/files\/2008\/04\/erwerbstaetige_und_arbeitslose_0803.gif"}],"author":"Dieter Wermuth","twitter_card":"summary_large_image","twitter_creator":"@zeitonline","twitter_site":"@zeitonline","twitter_misc":{"Geschrieben von":"Dieter Wermuth","Gesch\u00e4tzte Lesezeit":"3\u00a0Minuten"},"schema":{"@context":"https:\/\/schema.org","@graph":[{"@type":"WebPage","@id":"https:\/\/blog.zeit.de\/herdentrieb\/2008\/04\/01\/deutsche-konjunktur-immer-noch-gut-dabei_302","url":"https:\/\/blog.zeit.de\/herdentrieb\/2008\/04\/01\/deutsche-konjunktur-immer-noch-gut-dabei_302","name":"Deutsche Konjunktur immer noch gut dabei - Herdentrieb","isPartOf":{"@id":"https:\/\/blog.zeit.de\/herdentrieb\/#website"},"datePublished":"2008-04-01T16:27:01+00:00","dateModified":"2008-04-01T16:27:01+00:00","author":{"@id":"https:\/\/blog.zeit.de\/herdentrieb\/#\/schema\/person\/cded255e8a7893fa16565de10e59b891"},"breadcrumb":{"@id":"https:\/\/blog.zeit.de\/herdentrieb\/2008\/04\/01\/deutsche-konjunktur-immer-noch-gut-dabei_302#breadcrumb"},"inLanguage":"de","potentialAction":[{"@type":"ReadAction","target":["https:\/\/blog.zeit.de\/herdentrieb\/2008\/04\/01\/deutsche-konjunktur-immer-noch-gut-dabei_302"]}]},{"@type":"BreadcrumbList","@id":"https:\/\/blog.zeit.de\/herdentrieb\/2008\/04\/01\/deutsche-konjunktur-immer-noch-gut-dabei_302#breadcrumb","itemListElement":[{"@type":"ListItem","position":1,"name":"Startseite","item":"https:\/\/blog.zeit.de\/herdentrieb"},{"@type":"ListItem","position":2,"name":"Deutsche Konjunktur immer noch gut dabei"}]},{"@type":"WebSite","@id":"https:\/\/blog.zeit.de\/herdentrieb\/#website","url":"https:\/\/blog.zeit.de\/herdentrieb\/","name":"Herdentrieb","description":"So funktioniert Kapitalismus. Ein Blog","potentialAction":[{"@type":"SearchAction","target":{"@type":"EntryPoint","urlTemplate":"https:\/\/blog.zeit.de\/herdentrieb\/?s={search_term_string}"},"query-input":"required name=search_term_string"}],"inLanguage":"de"},{"@type":"Person","@id":"https:\/\/blog.zeit.de\/herdentrieb\/#\/schema\/person\/cded255e8a7893fa16565de10e59b891","name":"Dieter Wermuth","image":{"@type":"ImageObject","inLanguage":"de","@id":"https:\/\/blog.zeit.de\/herdentrieb\/#\/schema\/person\/image\/","url":"https:\/\/secure.gravatar.com\/avatar\/17b936dcdfff00d08ede21a6c8044f16e55bc8832ed4a15d30fdb3dcfd0adec3?s=96&d=mm&r=g","contentUrl":"https:\/\/secure.gravatar.com\/avatar\/17b936dcdfff00d08ede21a6c8044f16e55bc8832ed4a15d30fdb3dcfd0adec3?s=96&d=mm&r=g","caption":"Dieter Wermuth"},"url":"https:\/\/blog.zeit.de\/herdentrieb\/author\/dieter-wermuth"}]}},"jetpack_featured_media_url":"","jetpack_sharing_enabled":true,"_links":{"self":[{"href":"https:\/\/blog.zeit.de\/herdentrieb\/wp-json\/wp\/v2\/posts\/302","targetHints":{"allow":["GET"]}}],"collection":[{"href":"https:\/\/blog.zeit.de\/herdentrieb\/wp-json\/wp\/v2\/posts"}],"about":[{"href":"https:\/\/blog.zeit.de\/herdentrieb\/wp-json\/wp\/v2\/types\/post"}],"author":[{"embeddable":true,"href":"https:\/\/blog.zeit.de\/herdentrieb\/wp-json\/wp\/v2\/users\/61"}],"replies":[{"embeddable":true,"href":"https:\/\/blog.zeit.de\/herdentrieb\/wp-json\/wp\/v2\/comments?post=302"}],"version-history":[{"count":0,"href":"https:\/\/blog.zeit.de\/herdentrieb\/wp-json\/wp\/v2\/posts\/302\/revisions"}],"wp:attachment":[{"href":"https:\/\/blog.zeit.de\/herdentrieb\/wp-json\/wp\/v2\/media?parent=302"}],"wp:term":[{"taxonomy":"category","embeddable":true,"href":"https:\/\/blog.zeit.de\/herdentrieb\/wp-json\/wp\/v2\/categories?post=302"},{"taxonomy":"post_tag","embeddable":true,"href":"https:\/\/blog.zeit.de\/herdentrieb\/wp-json\/wp\/v2\/tags?post=302"}],"curies":[{"name":"wp","href":"https:\/\/api.w.org\/{rel}","templated":true}]}}