{"id":33,"date":"2005-12-20T18:39:25","date_gmt":"2005-12-20T17:39:25","guid":{"rendered":"http:\/\/blog.zeit.de\/herdentrieb\/?p=33"},"modified":"2005-12-20T18:39:25","modified_gmt":"2005-12-20T17:39:25","slug":"uberschatzte-strukturreformen-unterschatzter-bau","status":"publish","type":"post","link":"https:\/\/blog.zeit.de\/herdentrieb\/2005\/12\/20\/uberschatzte-strukturreformen-unterschatzter-bau_33","title":{"rendered":"\u00dcbersch\u00e4tzte Strukturreformen &#8211; untersch\u00e4tzter Bau!"},"content":{"rendered":"<p>Erinnern Sie sich noch an diese S\u00e4tze? <a href=\"http:\/\/www.bundespraesident.de\/-,2.625010\/Fernsehansprache-von-Bundespra.htm\">\u201eUnser Land steht vor gewaltigen Aufgaben. Unsere Zukunft und die unserer Kinder stehen auf dem Spiel. Millionen von Menschen sind arbeitslos, viele seit Jahren. Die Haushalte des Bundes und der L\u00e4nder sind in einer nie da gewesenen, kritischen Lage. Die bestehende f\u00f6derale Ordnung ist \u00fcberholt. Wir haben zu wenig Kinder, und wir werden immer \u00e4lter. Und wir m\u00fcssen uns im weltweiten, scharfen Wettbewerb behaupten. In dieser ernsten Situation braucht unser Land eine Regierung, die ihre Ziele mit Stetigkeit und mit Nachdruck verfolgen kann.\u201c <\/a>Mit diesen S\u00e4tzen rechtfertigte Bundespr\u00e4sident Horst K\u00f6hler die Aufl\u00f6sung des Bundestages. <strong>Das war am 21. Juli.<\/strong><\/p>\n<p>Die Eliten des Landes gierten nach h\u00e4rteren, sch\u00e4rferen Reformen des Sozialstaates und des Arbeitsmarktes. Und nat\u00fcrlich nach einer christlich-liberalen Koalition. Nur mit schwarz-gelben Reformen sei das Land zu retten, suggerierten Lobbyisten, Professoren und Kommentatoren. Nur so w\u00fcrde das <strong>Wachstumsschlusslicht Deutschland <\/strong>wieder Anschluss an die anderen Eurol\u00e4nder bekommen.<\/p>\n<p>Dann trat der \u201eworst-case\u201c ein: <!--more-->die gro\u00dfe Koalition. <strong>Das Ende aller Reformhoffnungen. <\/strong>Der Stillstand. Sachverst\u00e4ndigenrat und die Wirtschaftsforschungsinstitute malten in schwarzen Farben: 1 Prozent Wachstum f\u00fcr Deutschland 2006, oder doch 1,2 Prozent. Das war alles erst vor sechs Wochen.<\/p>\n<p>Und heute? Irgendwo Reformen in Sicht, so richtige Blut-Schwei\u00df-und-Tr\u00e4nen-Reformen, so G\u00fcrtelengerschnall-Reformen? Dennoch ist ein Wunder geschehen. <strong>Seit zwei Wochen \u00fcberbieten sich die Volkswirte mit ihren Konjunkturprognosen. <\/strong>Gestern das Ifo-Institut, das von 1,2 auf 1,7 Prozent Wachstum ging. Gestern auch Morgan Stanley, die amerikanische Investmentbank, die auf 1,8 Prozent oder bereinigt um Arbeitstage sogar zwei Prozent erh\u00f6hte. Und heute Morgen dann die Allianz mit einer glatten zwei. Damit hat nach der franz\u00f6sischen Ixis das erste deutsche Haus die magische zwei an die Wand geschrieben. Klar, jetzt wird gerne mit der drohenden Mehrwertsteuerreform argumentiert, die wundersam den Konsum n\u00e4chstes Jahr anschiebe.<\/p>\n<p>Doch das sind Ausreden daf\u00fcr, dass man vor sechs Wochen noch schwarz gesehen hat. Das sehen auch die Volkswirte der Dresdner Bank\/Allianz so. Sie veranschlagen den Mehrwersteuereffekt auf gerade mal 0,1 Prozentpunkt. Ich glaube Sylvain Broyer hat Recht. <a href=\"https:\/\/blog.zeit.de\/herdentrieb\/?p=31#comments\">Er hat in seinem Kommentar geschrieben, dass es verdammt schwer sei, den Wendepunkt der Konjunktur vorherzusagen. Irgendwann sei er da und dann w\u00fcrden die Prognosen wieder einfacher. <\/a><strong>Da auch die Analysten und Volkswirte nur Herdentiere sind, geht irgendwann der Run halt los<\/strong>, wenn sich der Wendepunkt nicht mehr leugnen l\u00e4sst. Das ist in diesem Blog ja ausf\u00fchrlich beschrieben worden (<a href=\"https:\/\/blog.zeit.de\/herdentrieb\/?p=28\">Norbert Walter f\u00fcr ein Jahr Optimist<\/a>; <a href=\"https:\/\/blog.zeit.de\/herdentrieb\/?p=31\">Les vrais optimistes<\/a>).<\/p>\n<p><strong>Die wahre \u00dcberraschung ist der Bau. <\/strong>Er kommt. Er scheint seine seit zehn Jahren andauernde Krise \u00fcberwunden zu haben. So argumentierte heute morgen der Chefvolkswirt der Allianz, Michael Heise, beim Pressebrunch, so auch gestern das Ifo. Ja, es ist der Bau, der Deutschland wieder zu Euroland aufschlie\u00dfen l\u00e4sst. Und damit sind wir ironischer Weise wieder <strong>bei Horst K\u00f6hler, einem der ma\u00dfgeblichen Architekten der Wiedervereinigung. Das ist 15 Jahre her. <\/strong>Aber unter seinen mitgetragenen, seinen vorbereiteten Entscheidungen hat Deutschland bis heute gelitten.<\/p>\n<p>Erst die W\u00e4hrungsunion mit dem v\u00f6llig <strong>falschen Wechselkurs<\/strong>, der den R\u00fccktritt des damaligen Bundesbankpr\u00e4sidenten Otto P\u00f6hl zur Folge hatte. Der \u00fcberh\u00f6hte Wechselkurs hat die Wettbewerbsf\u00e4higkeit der ostdeutschen Firmen gekillt, lange bevor die westdeutschen Arbeitgeber mit den westdeutschen Gewerkschaften die L\u00f6hne f\u00fcr die ostdeutschen Arbeitnehmer auf ein KO-Niveau gehievt haben. Dann folgten die <strong>enormen Abschreibem\u00f6glichkeiten f\u00fcr Ostimmobilien<\/strong>, die die steuerspargeilen Deutschen gro\u00dfz\u00fcgig genutzt haben. Das hat einen Bauboom ausgel\u00f6st, der bis 1995 die Ost-Arbeitslosigkeit kaschiert hat &#8211;  und dem damaligen Bundeskanzler Helmut Kohl noch eine Wiederwahl beschert hat. <strong>Von diesem Bauboom hat sich Deutschland lange nicht erholt. <\/strong>Er hatte erst die Baukrise, dann die Wachstumskrise, sp\u00e4ter die Immobilienkrise und als traurigen H\u00f6hepunkt die <strong>Bankenkrise 2002\/2003 <\/strong>zur Folge. F\u00fcr Wirtschaftshistoriker: Die Bonner Beamten K\u00f6hler und Co. zeichneten auch f\u00fcr die Finanzierung der Einheit verantwortlich. Anstatt sie \u00fcber Steuern zu finanzieren, setzten sie auf die Sozialabgaben und luden damit einen Gro\u00dfteil der Kosten den Arbeitnehmern auf. Diese Entscheidung ist f\u00fcr die seit fast zehn Jahren kaum steigenden verf\u00fcgbaren Einkommen mitverantwortlich, sprich f\u00fcr den schleppenden Konsum.<\/p>\n<p>Doch wer will das heute wissen? Viel bequemer ist es den \u201eausufernden Sozialstaat\u201c als Grund allen \u00dcbels hinzustellen, die Verkrustungen am Arbeitsmarkt, den hohen Staatsanteil oder die hohen Staatsschulden (die \u00fcbrigens auch eine Folge der Wiedervereinigung sind).<\/p>\n<p>Doch jetzt kommt der Bau wieder, vor allem der Tiefbau, der Gewerbebau und ganz sachte sogar der Wohnungsbau \u2013 und schon schlie\u00dft Deutschland beim Wachstum zu Euroland auf. Heise von der Allianz prognostiziert f\u00fcr Deutschland und Euroland zwei Prozent.<\/p>\n<p><a href=\"https:\/\/blog.zeit.de\/herdentrieb\/files\/old\/Bauindustrie.jpg\"><img src='https:\/\/blog.zeit.de\/herdentrieb\/files\/old\/Bauindustrie_small.jpg' alt='Deutsche Bauindustrie' \/><\/a><\/p>\n<p>Diese Grafik finde ich deshalb sehr interessant, weil sie <a href=\"https:\/\/blog.zeit.de\/herdentrieb\/?p=18\">meine These st\u00fctzt, dass es vor allem die Kreditklemme war, die Deutschland die letzten Jahre eingeschn\u00fcrt hat. <\/a>Die Kreditklemme als Konsequenz der Bankenkrise, die wiederum &#8230; siehe oben. Der Wendepunkt bei den Auftragseing\u00e4ngen liegt im zweiten Quartal diesen Jahres, also genau dort, wo die Bankenbefragung der Europ\u00e4ischen Zentralbank erstmals eine Lockerung der Kreditkonditionen in Deutschland festgestellt hat.<\/p>\n<p><a href=\"https:\/\/blog.zeit.de\/herdentrieb\/files\/old\/Wachstumsdifferenz.jpg\"><img src='https:\/\/blog.zeit.de\/herdentrieb\/files\/old\/Wachstumsdifferenz_small.jpg' alt='Wachstumsdifferenz' \/> <\/a><\/p>\n<p>Das ist eine meiner Lieblingsgrafiken. Ich habe sie in den vergangenen Jahren sehr oft bei Vortr\u00e4gen gezeigt und auch einmal in der ZEIT. Sie stammt von Klaus Borger, einem ruhigen und nachdenklichen Volkswirten der KfW. Die Grafik verdeutlicht, dass ein Gro\u00dfteil der Wachstumsschw\u00e4che Deutschlands vis \u00e0 vis Euroland tats\u00e4chlich auf den Bau zur\u00fcckgeht. Wurde das je gro\u00df diskutiert? Es war doch viel einfacher, das Schlusslicht Deutschland mit Strukturproblemen zu erkl\u00e4ren und Blut-Schwei\u00df-und-Tr\u00e4nen-Reformen zu fordern.<\/p>\n","protected":false},"excerpt":{"rendered":"<p>Erinnern Sie sich noch an diese S\u00e4tze? \u201eUnser Land steht vor gewaltigen Aufgaben. Unsere Zukunft und die unserer Kinder stehen auf dem Spiel. Millionen von Menschen sind arbeitslos, viele seit Jahren. Die Haushalte des Bundes und der L\u00e4nder sind in einer nie da gewesenen, kritischen Lage. Die bestehende f\u00f6derale Ordnung ist \u00fcberholt. Wir haben zu [&hellip;]<\/p>\n","protected":false},"author":59,"featured_media":0,"comment_status":"open","ping_status":"closed","sticky":false,"template":"","format":"standard","meta":{"_jetpack_memberships_contains_paid_content":false,"footnotes":""},"categories":[9],"tags":[],"class_list":["post-33","post","type-post","status-publish","format-standard","hentry","category-konjunktur-und-wirtschaftspolitik"],"yoast_head":"<!-- This site is optimized with the Yoast SEO plugin v21.0 - https:\/\/yoast.com\/wordpress\/plugins\/seo\/ -->\n<title>\u00dcbersch\u00e4tzte Strukturreformen - untersch\u00e4tzter Bau! - Herdentrieb<\/title>\n<meta name=\"robots\" content=\"index, follow, max-snippet:-1, max-image-preview:large, max-video-preview:-1\" \/>\n<link rel=\"canonical\" href=\"https:\/\/blog.zeit.de\/herdentrieb\/2005\/12\/20\/uberschatzte-strukturreformen-unterschatzter-bau_33\" \/>\n<meta property=\"og:locale\" content=\"de_DE\" \/>\n<meta property=\"og:type\" content=\"article\" \/>\n<meta property=\"og:title\" content=\"\u00dcbersch\u00e4tzte Strukturreformen - untersch\u00e4tzter Bau! - Herdentrieb\" \/>\n<meta property=\"og:description\" content=\"Erinnern Sie sich noch an diese S\u00e4tze? \u201eUnser Land steht vor gewaltigen Aufgaben. Unsere Zukunft und die unserer Kinder stehen auf dem Spiel. Millionen von Menschen sind arbeitslos, viele seit Jahren. Die Haushalte des Bundes und der L\u00e4nder sind in einer nie da gewesenen, kritischen Lage. Die bestehende f\u00f6derale Ordnung ist \u00fcberholt. Wir haben zu [&hellip;]\" \/>\n<meta property=\"og:url\" content=\"https:\/\/blog.zeit.de\/herdentrieb\/2005\/12\/20\/uberschatzte-strukturreformen-unterschatzter-bau_33\" \/>\n<meta property=\"og:site_name\" content=\"Herdentrieb\" \/>\n<meta property=\"article:published_time\" content=\"2005-12-20T17:39:25+00:00\" \/>\n<meta property=\"og:image\" content=\"https:\/\/blog.zeit.de\/herdentrieb\/files\/old\/Bauindustrie_small.jpg\" \/>\n<meta name=\"author\" content=\"Robert von Heusinger\" \/>\n<meta name=\"twitter:card\" content=\"summary_large_image\" \/>\n<meta name=\"twitter:creator\" content=\"@zeitonline\" \/>\n<meta name=\"twitter:site\" content=\"@zeitonline\" \/>\n<meta name=\"twitter:label1\" content=\"Geschrieben von\" \/>\n\t<meta name=\"twitter:data1\" content=\"Robert von Heusinger\" \/>\n\t<meta name=\"twitter:label2\" content=\"Gesch\u00e4tzte Lesezeit\" \/>\n\t<meta name=\"twitter:data2\" content=\"5\u00a0Minuten\" \/>\n<script type=\"application\/ld+json\" class=\"yoast-schema-graph\">{\"@context\":\"https:\/\/schema.org\",\"@graph\":[{\"@type\":\"WebPage\",\"@id\":\"https:\/\/blog.zeit.de\/herdentrieb\/2005\/12\/20\/uberschatzte-strukturreformen-unterschatzter-bau_33\",\"url\":\"https:\/\/blog.zeit.de\/herdentrieb\/2005\/12\/20\/uberschatzte-strukturreformen-unterschatzter-bau_33\",\"name\":\"\u00dcbersch\u00e4tzte Strukturreformen - untersch\u00e4tzter Bau! - Herdentrieb\",\"isPartOf\":{\"@id\":\"https:\/\/blog.zeit.de\/herdentrieb\/#website\"},\"datePublished\":\"2005-12-20T17:39:25+00:00\",\"dateModified\":\"2005-12-20T17:39:25+00:00\",\"author\":{\"@id\":\"https:\/\/blog.zeit.de\/herdentrieb\/#\/schema\/person\/359c269ac9be6a7a3529bff7b18ac5c4\"},\"breadcrumb\":{\"@id\":\"https:\/\/blog.zeit.de\/herdentrieb\/2005\/12\/20\/uberschatzte-strukturreformen-unterschatzter-bau_33#breadcrumb\"},\"inLanguage\":\"de\",\"potentialAction\":[{\"@type\":\"ReadAction\",\"target\":[\"https:\/\/blog.zeit.de\/herdentrieb\/2005\/12\/20\/uberschatzte-strukturreformen-unterschatzter-bau_33\"]}]},{\"@type\":\"BreadcrumbList\",\"@id\":\"https:\/\/blog.zeit.de\/herdentrieb\/2005\/12\/20\/uberschatzte-strukturreformen-unterschatzter-bau_33#breadcrumb\",\"itemListElement\":[{\"@type\":\"ListItem\",\"position\":1,\"name\":\"Startseite\",\"item\":\"https:\/\/blog.zeit.de\/herdentrieb\"},{\"@type\":\"ListItem\",\"position\":2,\"name\":\"\u00dcbersch\u00e4tzte Strukturreformen &#8211; untersch\u00e4tzter Bau!\"}]},{\"@type\":\"WebSite\",\"@id\":\"https:\/\/blog.zeit.de\/herdentrieb\/#website\",\"url\":\"https:\/\/blog.zeit.de\/herdentrieb\/\",\"name\":\"Herdentrieb\",\"description\":\"So funktioniert Kapitalismus. Ein Blog\",\"potentialAction\":[{\"@type\":\"SearchAction\",\"target\":{\"@type\":\"EntryPoint\",\"urlTemplate\":\"https:\/\/blog.zeit.de\/herdentrieb\/?s={search_term_string}\"},\"query-input\":\"required name=search_term_string\"}],\"inLanguage\":\"de\"},{\"@type\":\"Person\",\"@id\":\"https:\/\/blog.zeit.de\/herdentrieb\/#\/schema\/person\/359c269ac9be6a7a3529bff7b18ac5c4\",\"name\":\"Robert von Heusinger\",\"image\":{\"@type\":\"ImageObject\",\"inLanguage\":\"de\",\"@id\":\"https:\/\/blog.zeit.de\/herdentrieb\/#\/schema\/person\/image\/\",\"url\":\"https:\/\/secure.gravatar.com\/avatar\/a0b228cfe6009cf76b01362b64d1658814709a4497c9cdc2617816fa18a05d2f?s=96&d=mm&r=g\",\"contentUrl\":\"https:\/\/secure.gravatar.com\/avatar\/a0b228cfe6009cf76b01362b64d1658814709a4497c9cdc2617816fa18a05d2f?s=96&d=mm&r=g\",\"caption\":\"Robert von Heusinger\"},\"url\":\"https:\/\/blog.zeit.de\/herdentrieb\/author\/robert-von-heusinger\"}]}<\/script>\n<!-- \/ Yoast SEO plugin. -->","yoast_head_json":{"title":"\u00dcbersch\u00e4tzte Strukturreformen - untersch\u00e4tzter Bau! - Herdentrieb","robots":{"index":"index","follow":"follow","max-snippet":"max-snippet:-1","max-image-preview":"max-image-preview:large","max-video-preview":"max-video-preview:-1"},"canonical":"https:\/\/blog.zeit.de\/herdentrieb\/2005\/12\/20\/uberschatzte-strukturreformen-unterschatzter-bau_33","og_locale":"de_DE","og_type":"article","og_title":"\u00dcbersch\u00e4tzte Strukturreformen - untersch\u00e4tzter Bau! - Herdentrieb","og_description":"Erinnern Sie sich noch an diese S\u00e4tze? \u201eUnser Land steht vor gewaltigen Aufgaben. Unsere Zukunft und die unserer Kinder stehen auf dem Spiel. Millionen von Menschen sind arbeitslos, viele seit Jahren. Die Haushalte des Bundes und der L\u00e4nder sind in einer nie da gewesenen, kritischen Lage. Die bestehende f\u00f6derale Ordnung ist \u00fcberholt. Wir haben zu [&hellip;]","og_url":"https:\/\/blog.zeit.de\/herdentrieb\/2005\/12\/20\/uberschatzte-strukturreformen-unterschatzter-bau_33","og_site_name":"Herdentrieb","article_published_time":"2005-12-20T17:39:25+00:00","og_image":[{"url":"https:\/\/blog.zeit.de\/herdentrieb\/files\/old\/Bauindustrie_small.jpg"}],"author":"Robert von Heusinger","twitter_card":"summary_large_image","twitter_creator":"@zeitonline","twitter_site":"@zeitonline","twitter_misc":{"Geschrieben von":"Robert von Heusinger","Gesch\u00e4tzte Lesezeit":"5\u00a0Minuten"},"schema":{"@context":"https:\/\/schema.org","@graph":[{"@type":"WebPage","@id":"https:\/\/blog.zeit.de\/herdentrieb\/2005\/12\/20\/uberschatzte-strukturreformen-unterschatzter-bau_33","url":"https:\/\/blog.zeit.de\/herdentrieb\/2005\/12\/20\/uberschatzte-strukturreformen-unterschatzter-bau_33","name":"\u00dcbersch\u00e4tzte Strukturreformen - untersch\u00e4tzter Bau! - Herdentrieb","isPartOf":{"@id":"https:\/\/blog.zeit.de\/herdentrieb\/#website"},"datePublished":"2005-12-20T17:39:25+00:00","dateModified":"2005-12-20T17:39:25+00:00","author":{"@id":"https:\/\/blog.zeit.de\/herdentrieb\/#\/schema\/person\/359c269ac9be6a7a3529bff7b18ac5c4"},"breadcrumb":{"@id":"https:\/\/blog.zeit.de\/herdentrieb\/2005\/12\/20\/uberschatzte-strukturreformen-unterschatzter-bau_33#breadcrumb"},"inLanguage":"de","potentialAction":[{"@type":"ReadAction","target":["https:\/\/blog.zeit.de\/herdentrieb\/2005\/12\/20\/uberschatzte-strukturreformen-unterschatzter-bau_33"]}]},{"@type":"BreadcrumbList","@id":"https:\/\/blog.zeit.de\/herdentrieb\/2005\/12\/20\/uberschatzte-strukturreformen-unterschatzter-bau_33#breadcrumb","itemListElement":[{"@type":"ListItem","position":1,"name":"Startseite","item":"https:\/\/blog.zeit.de\/herdentrieb"},{"@type":"ListItem","position":2,"name":"\u00dcbersch\u00e4tzte Strukturreformen &#8211; untersch\u00e4tzter Bau!"}]},{"@type":"WebSite","@id":"https:\/\/blog.zeit.de\/herdentrieb\/#website","url":"https:\/\/blog.zeit.de\/herdentrieb\/","name":"Herdentrieb","description":"So funktioniert Kapitalismus. Ein Blog","potentialAction":[{"@type":"SearchAction","target":{"@type":"EntryPoint","urlTemplate":"https:\/\/blog.zeit.de\/herdentrieb\/?s={search_term_string}"},"query-input":"required name=search_term_string"}],"inLanguage":"de"},{"@type":"Person","@id":"https:\/\/blog.zeit.de\/herdentrieb\/#\/schema\/person\/359c269ac9be6a7a3529bff7b18ac5c4","name":"Robert von Heusinger","image":{"@type":"ImageObject","inLanguage":"de","@id":"https:\/\/blog.zeit.de\/herdentrieb\/#\/schema\/person\/image\/","url":"https:\/\/secure.gravatar.com\/avatar\/a0b228cfe6009cf76b01362b64d1658814709a4497c9cdc2617816fa18a05d2f?s=96&d=mm&r=g","contentUrl":"https:\/\/secure.gravatar.com\/avatar\/a0b228cfe6009cf76b01362b64d1658814709a4497c9cdc2617816fa18a05d2f?s=96&d=mm&r=g","caption":"Robert von Heusinger"},"url":"https:\/\/blog.zeit.de\/herdentrieb\/author\/robert-von-heusinger"}]}},"jetpack_featured_media_url":"","jetpack_sharing_enabled":true,"_links":{"self":[{"href":"https:\/\/blog.zeit.de\/herdentrieb\/wp-json\/wp\/v2\/posts\/33","targetHints":{"allow":["GET"]}}],"collection":[{"href":"https:\/\/blog.zeit.de\/herdentrieb\/wp-json\/wp\/v2\/posts"}],"about":[{"href":"https:\/\/blog.zeit.de\/herdentrieb\/wp-json\/wp\/v2\/types\/post"}],"author":[{"embeddable":true,"href":"https:\/\/blog.zeit.de\/herdentrieb\/wp-json\/wp\/v2\/users\/59"}],"replies":[{"embeddable":true,"href":"https:\/\/blog.zeit.de\/herdentrieb\/wp-json\/wp\/v2\/comments?post=33"}],"version-history":[{"count":0,"href":"https:\/\/blog.zeit.de\/herdentrieb\/wp-json\/wp\/v2\/posts\/33\/revisions"}],"wp:attachment":[{"href":"https:\/\/blog.zeit.de\/herdentrieb\/wp-json\/wp\/v2\/media?parent=33"}],"wp:term":[{"taxonomy":"category","embeddable":true,"href":"https:\/\/blog.zeit.de\/herdentrieb\/wp-json\/wp\/v2\/categories?post=33"},{"taxonomy":"post_tag","embeddable":true,"href":"https:\/\/blog.zeit.de\/herdentrieb\/wp-json\/wp\/v2\/tags?post=33"}],"curies":[{"name":"wp","href":"https:\/\/api.w.org\/{rel}","templated":true}]}}