{"id":3395,"date":"2011-08-10T16:06:41","date_gmt":"2011-08-10T14:06:41","guid":{"rendered":"http:\/\/blog.zeit.de\/herdentrieb\/?p=3395"},"modified":"2011-08-16T00:46:55","modified_gmt":"2011-08-15T22:46:55","slug":"was-trichet-hatte-sagen-sollen","status":"publish","type":"post","link":"https:\/\/blog.zeit.de\/herdentrieb\/2011\/08\/10\/was-trichet-hatte-sagen-sollen_3395","title":{"rendered":"Was Trichet h\u00e4tte sagen sollen"},"content":{"rendered":"<p>Seit Montagmorgen wird zur\u00fcckgeschossen. Die Europ\u00e4ische Zentralbank ist in Aktion getreten und interveniert am Markt f\u00fcr italienische und spanische Staatsanleihen. Die Ma\u00dfnahme hat Trichet in einer <a href=\"http:\/\/www.bundesbank.de\/download\/ezb\/pressenotizen\/2011\/20110807.erklaerung_praesident.pdf\" target=\"_blank\">Mitteilung am Sonntag<\/a> wie folgt begr\u00fcndet:<\/p>\n<p style=\"padding-left: 30px;\"><em>Auf der Grundlage der obigen Beurteilungen wird die EZB ihr Programm f\u00fcr die Wertpapierm\u00e4rkte\u00a0aktiv umsetzen. Dieses Programm soll vor dem Hintergrund der St\u00f6rungen in einigen Marktsegmenten\u00a0zur Wiederherstellung einer besseren Transmission ihrer geldpolitischen Beschl\u00fcsse und somit zur\u00a0Gew\u00e4hrleistung der Preisstabilit\u00e4t im Euro-W\u00e4hrungsgebiet beitragen.<\/em><\/p>\n<p><!--more--><br \/>\nEine &#8222;bessere Transmission&#8220; der geldpolitischen Beschl\u00fcsse dient also als Argument f\u00fcr den Eingriff. Wie sieht es aus mit der geldpolitischen Transmission: Die folgende Grafik zeigt den effektiven Zins auf Bankkredite an den Unternehmenssektor in Italien (f\u00fcr Kenner: MIR.M.IT.B.A2A.K.R.1.2240.EUR.N im Datenangebot der EZB).<\/p>\n<p><a href=\"https:\/\/blog.zeit.de\/herdentrieb\/files\/2011\/08\/italienzinsen.png\"><img loading=\"lazy\" decoding=\"async\" class=\"aligncenter size-full wp-image-3396\" title=\"italienzinsen\" src=\"https:\/\/blog.zeit.de\/herdentrieb\/files\/2011\/08\/italienzinsen.png\" alt=\"\" width=\"466\" height=\"307\" srcset=\"https:\/\/blog.zeit.de\/herdentrieb\/files\/2011\/08\/italienzinsen.png 466w, https:\/\/blog.zeit.de\/herdentrieb\/files\/2011\/08\/italienzinsen-300x197.png 300w\" sizes=\"auto, (max-width: 466px) 100vw, 466px\" \/><\/a><\/p>\n<p>Was sehen wir? Die Zinsen fallen mit den Leitzinssenkungen und sie stiegen wieder, seitdem die Notenbank die Geldpolitik strafft. Eine genaue Analyse kann ich hier nicht leisten, aber es sieht nicht so aus, als g\u00e4be es hier gr\u00f6\u00dfere Anormalit\u00e4ten. Der von der EZB gesetzte Leitzins scheint also ganz gut in die Wirtschaft \u00fcbertragen zu werden.\u00a0Wenn das so ist, dann ist Trichets Begr\u00fcndung zumindest fragw\u00fcrdig. Und ohnehin w\u00e4re die Frage, warum die EZB die Zust\u00e4ndigkeit f\u00fcr die Intervention an den EFSF \u00fcbertragen will \u2013 schlie\u00dflich sollte es doch die Aufgabe der Geldpolitik und nicht der Finanzpolitik sein, die Transmission ihrer Impulse zu gew\u00e4hrleisten.<\/p>\n<p>Da gibt es also einige lose Enden. Dabei ist die Sache doch klar. An den europ\u00e4ischen Anleihem\u00e4rkten drohte in den vergangenen Tagen eine sich selbst verst\u00e4rkende Abw\u00e4rtsspirale. Die EZB ist eingeschritten, um das zu verhindern und den privaten Investoren eine Br\u00fccke zur\u00fcck in den Markt zu bauen. Nun ist ein solcher Eingriff gerade der deutschen \u00d6ffentlichkeit schwer zu vermitteln, weil er nach monet\u00e4rer Staatsfinanzierung riecht (auch wenn es darum nicht geht).<\/p>\n<p>Kein Wunder also, dass die Notenbank nach einer Begr\u00fcndung sucht, die ordnungspolitisch korrekt klingt. Deshalb der argumentative Spagat. Ich frage mich, wieso sich die EZB nicht einfach der altbekannten G7-Rhethorik bedient: Exzessive und ungeordnete Kursbewegungen sind unerw\u00fcnscht und werden bek\u00e4mpft \u2013 ob am Devisenmarkt oder am Markt f\u00fcr Staatsanleihen.<\/p>\n<p>So wird ein Schuh draus und dann l\u00e4sst sich auch der Ruf nach dem EFSF begr\u00fcnden. Und nat\u00fcrlich muss sichergestellt werden, dass es tats\u00e4chlich nur um Marktpflege geht und nicht um Staatsfinanzierung oder darum, den Euro-L\u00e4ndern ein bestimmtes Zinsniveau zu garantieren. Durch Konditionalit\u00e4t oder wie auch immer.<\/p>\n<p><a href=\"http:\/\/www.ftd.de\/politik\/international\/:kolumne-wolfgang-muenchau-raus-aus-den-schulden-mit-eurobonds\/60089347.html\" target=\"_blank\">Wolfgang M\u00fcnchau<\/a> weist heute in der FTD darauf hin, dass Staatsanleihen von Mitgliedsl\u00e4ndern der Euro-Zone ein seltsames Biest sind. Sie sind nicht wirklich die Anleihen souver\u00e4ner Schuldner, weil den L\u00e4ndern die geldpolitische Souver\u00e4nit\u00e4t fehlt. Damit entsteht ein Liquidit\u00e4tsrisiko, dass in L\u00e4ndern mit einer eigenen Zentralbank nicht existiert.<\/p>\n<p>Anders gesagt: Das Risiko von Marktverwerfungen ist in einer W\u00e4hrungsunion besonders hoch, gerade oder obwohl das Wechselkursrisiko ausgeschaltet wurde. Um dagegen vorgehen zu k\u00f6nnen, braucht man geeignete Instrumente. Darum geht es, beziehungsweise sollte es gehen.<\/p>\n","protected":false},"excerpt":{"rendered":"<p>Seit Montagmorgen wird zur\u00fcckgeschossen. Die Europ\u00e4ische Zentralbank ist in Aktion getreten und interveniert am Markt f\u00fcr italienische und spanische Staatsanleihen. Die Ma\u00dfnahme hat Trichet in einer Mitteilung am Sonntag wie folgt begr\u00fcndet: Auf der Grundlage der obigen Beurteilungen wird die EZB ihr Programm f\u00fcr die Wertpapierm\u00e4rkte\u00a0aktiv umsetzen. Dieses Programm soll vor dem Hintergrund der St\u00f6rungen [&hellip;]<\/p>\n","protected":false},"author":215,"featured_media":0,"comment_status":"open","ping_status":"closed","sticky":false,"template":"","format":"standard","meta":{"_jetpack_memberships_contains_paid_content":false,"footnotes":""},"categories":[3,1259],"tags":[],"class_list":["post-3395","post","type-post","status-publish","format-standard","hentry","category-der-aktuelle-rand","category-der-zeitungsleser"],"yoast_head":"<!-- This site is optimized with the Yoast SEO plugin v21.0 - https:\/\/yoast.com\/wordpress\/plugins\/seo\/ -->\n<title>Was Trichet h\u00e4tte sagen sollen - Herdentrieb<\/title>\n<meta name=\"robots\" content=\"index, follow, max-snippet:-1, max-image-preview:large, max-video-preview:-1\" \/>\n<link rel=\"canonical\" href=\"https:\/\/blog.zeit.de\/herdentrieb\/2011\/08\/10\/was-trichet-hatte-sagen-sollen_3395\" \/>\n<meta property=\"og:locale\" content=\"de_DE\" \/>\n<meta property=\"og:type\" content=\"article\" \/>\n<meta property=\"og:title\" content=\"Was Trichet h\u00e4tte sagen sollen - Herdentrieb\" \/>\n<meta property=\"og:description\" content=\"Seit Montagmorgen wird zur\u00fcckgeschossen. Die Europ\u00e4ische Zentralbank ist in Aktion getreten und interveniert am Markt f\u00fcr italienische und spanische Staatsanleihen. Die Ma\u00dfnahme hat Trichet in einer Mitteilung am Sonntag wie folgt begr\u00fcndet: Auf der Grundlage der obigen Beurteilungen wird die EZB ihr Programm f\u00fcr die Wertpapierm\u00e4rkte\u00a0aktiv umsetzen. Dieses Programm soll vor dem Hintergrund der St\u00f6rungen [&hellip;]\" \/>\n<meta property=\"og:url\" content=\"https:\/\/blog.zeit.de\/herdentrieb\/2011\/08\/10\/was-trichet-hatte-sagen-sollen_3395\" \/>\n<meta property=\"og:site_name\" content=\"Herdentrieb\" \/>\n<meta property=\"article:published_time\" content=\"2011-08-10T14:06:41+00:00\" \/>\n<meta property=\"article:modified_time\" content=\"2011-08-15T22:46:55+00:00\" \/>\n<meta property=\"og:image\" content=\"https:\/\/blog.zeit.de\/herdentrieb\/files\/2011\/08\/italienzinsen.png\" \/>\n<meta name=\"author\" content=\"Mark Schieritz\" \/>\n<meta name=\"twitter:card\" content=\"summary_large_image\" \/>\n<meta name=\"twitter:creator\" content=\"@zeitonline\" \/>\n<meta name=\"twitter:site\" content=\"@zeitonline\" \/>\n<meta name=\"twitter:label1\" content=\"Geschrieben von\" \/>\n\t<meta name=\"twitter:data1\" content=\"Mark Schieritz\" \/>\n\t<meta name=\"twitter:label2\" content=\"Gesch\u00e4tzte Lesezeit\" \/>\n\t<meta name=\"twitter:data2\" content=\"3\u00a0Minuten\" \/>\n<script type=\"application\/ld+json\" class=\"yoast-schema-graph\">{\"@context\":\"https:\/\/schema.org\",\"@graph\":[{\"@type\":\"WebPage\",\"@id\":\"https:\/\/blog.zeit.de\/herdentrieb\/2011\/08\/10\/was-trichet-hatte-sagen-sollen_3395\",\"url\":\"https:\/\/blog.zeit.de\/herdentrieb\/2011\/08\/10\/was-trichet-hatte-sagen-sollen_3395\",\"name\":\"Was Trichet h\u00e4tte sagen sollen - Herdentrieb\",\"isPartOf\":{\"@id\":\"https:\/\/blog.zeit.de\/herdentrieb\/#website\"},\"datePublished\":\"2011-08-10T14:06:41+00:00\",\"dateModified\":\"2011-08-15T22:46:55+00:00\",\"author\":{\"@id\":\"https:\/\/blog.zeit.de\/herdentrieb\/#\/schema\/person\/a2dfa95bbd4de7e06edc88db4e3d3871\"},\"breadcrumb\":{\"@id\":\"https:\/\/blog.zeit.de\/herdentrieb\/2011\/08\/10\/was-trichet-hatte-sagen-sollen_3395#breadcrumb\"},\"inLanguage\":\"de\",\"potentialAction\":[{\"@type\":\"ReadAction\",\"target\":[\"https:\/\/blog.zeit.de\/herdentrieb\/2011\/08\/10\/was-trichet-hatte-sagen-sollen_3395\"]}]},{\"@type\":\"BreadcrumbList\",\"@id\":\"https:\/\/blog.zeit.de\/herdentrieb\/2011\/08\/10\/was-trichet-hatte-sagen-sollen_3395#breadcrumb\",\"itemListElement\":[{\"@type\":\"ListItem\",\"position\":1,\"name\":\"Startseite\",\"item\":\"https:\/\/blog.zeit.de\/herdentrieb\"},{\"@type\":\"ListItem\",\"position\":2,\"name\":\"Was Trichet h\u00e4tte sagen sollen\"}]},{\"@type\":\"WebSite\",\"@id\":\"https:\/\/blog.zeit.de\/herdentrieb\/#website\",\"url\":\"https:\/\/blog.zeit.de\/herdentrieb\/\",\"name\":\"Herdentrieb\",\"description\":\"So funktioniert Kapitalismus. Ein Blog\",\"potentialAction\":[{\"@type\":\"SearchAction\",\"target\":{\"@type\":\"EntryPoint\",\"urlTemplate\":\"https:\/\/blog.zeit.de\/herdentrieb\/?s={search_term_string}\"},\"query-input\":\"required name=search_term_string\"}],\"inLanguage\":\"de\"},{\"@type\":\"Person\",\"@id\":\"https:\/\/blog.zeit.de\/herdentrieb\/#\/schema\/person\/a2dfa95bbd4de7e06edc88db4e3d3871\",\"name\":\"Mark Schieritz\",\"image\":{\"@type\":\"ImageObject\",\"inLanguage\":\"de\",\"@id\":\"https:\/\/blog.zeit.de\/herdentrieb\/#\/schema\/person\/image\/\",\"url\":\"https:\/\/secure.gravatar.com\/avatar\/66e072b8ecaf6d851921c0577ca78c8c9a24223a3c3cb6df48c5d839d1b622e0?s=96&d=mm&r=g\",\"contentUrl\":\"https:\/\/secure.gravatar.com\/avatar\/66e072b8ecaf6d851921c0577ca78c8c9a24223a3c3cb6df48c5d839d1b622e0?s=96&d=mm&r=g\",\"caption\":\"Mark Schieritz\"},\"url\":\"https:\/\/blog.zeit.de\/herdentrieb\/author\/mark-schieritz\"}]}<\/script>\n<!-- \/ Yoast SEO plugin. -->","yoast_head_json":{"title":"Was Trichet h\u00e4tte sagen sollen - Herdentrieb","robots":{"index":"index","follow":"follow","max-snippet":"max-snippet:-1","max-image-preview":"max-image-preview:large","max-video-preview":"max-video-preview:-1"},"canonical":"https:\/\/blog.zeit.de\/herdentrieb\/2011\/08\/10\/was-trichet-hatte-sagen-sollen_3395","og_locale":"de_DE","og_type":"article","og_title":"Was Trichet h\u00e4tte sagen sollen - Herdentrieb","og_description":"Seit Montagmorgen wird zur\u00fcckgeschossen. Die Europ\u00e4ische Zentralbank ist in Aktion getreten und interveniert am Markt f\u00fcr italienische und spanische Staatsanleihen. Die Ma\u00dfnahme hat Trichet in einer Mitteilung am Sonntag wie folgt begr\u00fcndet: Auf der Grundlage der obigen Beurteilungen wird die EZB ihr Programm f\u00fcr die Wertpapierm\u00e4rkte\u00a0aktiv umsetzen. Dieses Programm soll vor dem Hintergrund der St\u00f6rungen [&hellip;]","og_url":"https:\/\/blog.zeit.de\/herdentrieb\/2011\/08\/10\/was-trichet-hatte-sagen-sollen_3395","og_site_name":"Herdentrieb","article_published_time":"2011-08-10T14:06:41+00:00","article_modified_time":"2011-08-15T22:46:55+00:00","og_image":[{"url":"https:\/\/blog.zeit.de\/herdentrieb\/files\/2011\/08\/italienzinsen.png"}],"author":"Mark Schieritz","twitter_card":"summary_large_image","twitter_creator":"@zeitonline","twitter_site":"@zeitonline","twitter_misc":{"Geschrieben von":"Mark Schieritz","Gesch\u00e4tzte Lesezeit":"3\u00a0Minuten"},"schema":{"@context":"https:\/\/schema.org","@graph":[{"@type":"WebPage","@id":"https:\/\/blog.zeit.de\/herdentrieb\/2011\/08\/10\/was-trichet-hatte-sagen-sollen_3395","url":"https:\/\/blog.zeit.de\/herdentrieb\/2011\/08\/10\/was-trichet-hatte-sagen-sollen_3395","name":"Was Trichet h\u00e4tte sagen sollen - Herdentrieb","isPartOf":{"@id":"https:\/\/blog.zeit.de\/herdentrieb\/#website"},"datePublished":"2011-08-10T14:06:41+00:00","dateModified":"2011-08-15T22:46:55+00:00","author":{"@id":"https:\/\/blog.zeit.de\/herdentrieb\/#\/schema\/person\/a2dfa95bbd4de7e06edc88db4e3d3871"},"breadcrumb":{"@id":"https:\/\/blog.zeit.de\/herdentrieb\/2011\/08\/10\/was-trichet-hatte-sagen-sollen_3395#breadcrumb"},"inLanguage":"de","potentialAction":[{"@type":"ReadAction","target":["https:\/\/blog.zeit.de\/herdentrieb\/2011\/08\/10\/was-trichet-hatte-sagen-sollen_3395"]}]},{"@type":"BreadcrumbList","@id":"https:\/\/blog.zeit.de\/herdentrieb\/2011\/08\/10\/was-trichet-hatte-sagen-sollen_3395#breadcrumb","itemListElement":[{"@type":"ListItem","position":1,"name":"Startseite","item":"https:\/\/blog.zeit.de\/herdentrieb"},{"@type":"ListItem","position":2,"name":"Was Trichet h\u00e4tte sagen sollen"}]},{"@type":"WebSite","@id":"https:\/\/blog.zeit.de\/herdentrieb\/#website","url":"https:\/\/blog.zeit.de\/herdentrieb\/","name":"Herdentrieb","description":"So funktioniert Kapitalismus. Ein Blog","potentialAction":[{"@type":"SearchAction","target":{"@type":"EntryPoint","urlTemplate":"https:\/\/blog.zeit.de\/herdentrieb\/?s={search_term_string}"},"query-input":"required name=search_term_string"}],"inLanguage":"de"},{"@type":"Person","@id":"https:\/\/blog.zeit.de\/herdentrieb\/#\/schema\/person\/a2dfa95bbd4de7e06edc88db4e3d3871","name":"Mark Schieritz","image":{"@type":"ImageObject","inLanguage":"de","@id":"https:\/\/blog.zeit.de\/herdentrieb\/#\/schema\/person\/image\/","url":"https:\/\/secure.gravatar.com\/avatar\/66e072b8ecaf6d851921c0577ca78c8c9a24223a3c3cb6df48c5d839d1b622e0?s=96&d=mm&r=g","contentUrl":"https:\/\/secure.gravatar.com\/avatar\/66e072b8ecaf6d851921c0577ca78c8c9a24223a3c3cb6df48c5d839d1b622e0?s=96&d=mm&r=g","caption":"Mark Schieritz"},"url":"https:\/\/blog.zeit.de\/herdentrieb\/author\/mark-schieritz"}]}},"jetpack_featured_media_url":"","jetpack_sharing_enabled":true,"_links":{"self":[{"href":"https:\/\/blog.zeit.de\/herdentrieb\/wp-json\/wp\/v2\/posts\/3395","targetHints":{"allow":["GET"]}}],"collection":[{"href":"https:\/\/blog.zeit.de\/herdentrieb\/wp-json\/wp\/v2\/posts"}],"about":[{"href":"https:\/\/blog.zeit.de\/herdentrieb\/wp-json\/wp\/v2\/types\/post"}],"author":[{"embeddable":true,"href":"https:\/\/blog.zeit.de\/herdentrieb\/wp-json\/wp\/v2\/users\/215"}],"replies":[{"embeddable":true,"href":"https:\/\/blog.zeit.de\/herdentrieb\/wp-json\/wp\/v2\/comments?post=3395"}],"version-history":[{"count":10,"href":"https:\/\/blog.zeit.de\/herdentrieb\/wp-json\/wp\/v2\/posts\/3395\/revisions"}],"predecessor-version":[{"id":3446,"href":"https:\/\/blog.zeit.de\/herdentrieb\/wp-json\/wp\/v2\/posts\/3395\/revisions\/3446"}],"wp:attachment":[{"href":"https:\/\/blog.zeit.de\/herdentrieb\/wp-json\/wp\/v2\/media?parent=3395"}],"wp:term":[{"taxonomy":"category","embeddable":true,"href":"https:\/\/blog.zeit.de\/herdentrieb\/wp-json\/wp\/v2\/categories?post=3395"},{"taxonomy":"post_tag","embeddable":true,"href":"https:\/\/blog.zeit.de\/herdentrieb\/wp-json\/wp\/v2\/tags?post=3395"}],"curies":[{"name":"wp","href":"https:\/\/api.w.org\/{rel}","templated":true}]}}