{"id":3742,"date":"2011-10-30T01:15:11","date_gmt":"2011-10-29T23:15:11","guid":{"rendered":"http:\/\/blog.zeit.de\/herdentrieb\/?p=3742"},"modified":"2011-10-31T09:58:27","modified_gmt":"2011-10-31T08:58:27","slug":"so-nicht-sigmar-gabriel","status":"publish","type":"post","link":"https:\/\/blog.zeit.de\/herdentrieb\/2011\/10\/30\/so-nicht-sigmar-gabriel_3742","title":{"rendered":"So nicht, Sigmar Gabriel!"},"content":{"rendered":"<p>Regelm\u00e4\u00dfige Leser dieses Blogs wissen, dass er sozialdemokratischen Idealen grunds\u00e4tzlich eher nahe steht. Mit umso gr\u00f6\u00dferem Bedauern lese ich, was Sigmar Gabriel jetzt zur Krisenpolitik der Bundesregierung zu <a href=\"http:\/\/www.n-tv.de\/politik\/Merkel-hat-Vertrauen-beschaedigt-article4644956.html\" target=\"_blank\">sagen hat<\/a>.<\/p>\n<p style=\"padding-left: 30px;\"><em>Die CDU-Politikerin habe alles, was jetzt in Br\u00fcssel beschlossen wurde, fr\u00fcher abgelehnt.\u00a0Insbesondere die lange Ablehnung einer Gl\u00e4ubigerbeteiligung durch die Kanzlerin und andere konservative Regierungen in Europa sei ein schwerer Fehler gewesen.<strong> Die SPD h\u00e4tte einen Schuldenschnitt hingegen schon vor eineinhalb Jahren gemacht.<\/strong> &#8222;Weil so lange gezaudert und gez\u00f6gert wurde, ist die Lage in Europa viel instabiler als vor einem Jahr. Vor allem ist alles viel teuerer geworden&#8220;. Den Preis f\u00fcr Merkels &#8222;Hinhaltetaktik&#8220; m\u00fcssten die deutschen Steuerzahler bezahlen.<\/em><\/p>\n<p><em><\/em>Das sagt der Vorsitzende jener Partei, die das Gerede des Wirtschaftsministers von einer geordneten Insolvenz Griechenland vor ein paar Wochen noch mit Fug und Recht heftig kritisiert hat. Ein Schuldenschnitt vor eineinhalb Jahren h\u00e4tte uns direkt in jene Abgrund bef\u00f6rdert, in den Peer Steinbr\u00fcck 2008 geschaut hat. Ich bin hier nicht neutral, weil ich einen Schuldenschnitt immer noch f\u00fcr falsch halte. Aber ihn ohne die n\u00f6tige Abschirmung der anderen Staaten \u2013 die es damals nicht gab \u2013 zu vollziehen, w\u00e4re Selbstmord gewesen.<\/p>\n<p>Gabriel wird mit seinen Aussagen beim W\u00e4hler bestimmt punkten. Ich aber erwarte von der Sozialdemokratie mehr als &#8222;Opposition kritisiert Regierung&#8220;. Das kann jeder.<\/p>\n","protected":false},"excerpt":{"rendered":"<p>Regelm\u00e4\u00dfige Leser dieses Blogs wissen, dass er sozialdemokratischen Idealen grunds\u00e4tzlich eher nahe steht. Mit umso gr\u00f6\u00dferem Bedauern lese ich, was Sigmar Gabriel jetzt zur Krisenpolitik der Bundesregierung zu sagen hat. Die CDU-Politikerin habe alles, was jetzt in Br\u00fcssel beschlossen wurde, fr\u00fcher abgelehnt.\u00a0Insbesondere die lange Ablehnung einer Gl\u00e4ubigerbeteiligung durch die Kanzlerin und andere konservative Regierungen in [&hellip;]<\/p>\n","protected":false},"author":215,"featured_media":0,"comment_status":"open","ping_status":"closed","sticky":false,"template":"","format":"standard","meta":{"_jetpack_memberships_contains_paid_content":false,"footnotes":""},"categories":[3],"tags":[],"class_list":["post-3742","post","type-post","status-publish","format-standard","hentry","category-der-aktuelle-rand"],"yoast_head":"<!-- This site is optimized with the Yoast SEO plugin v21.0 - https:\/\/yoast.com\/wordpress\/plugins\/seo\/ -->\n<title>So nicht, Sigmar Gabriel! - Herdentrieb<\/title>\n<meta name=\"robots\" content=\"index, follow, max-snippet:-1, max-image-preview:large, max-video-preview:-1\" \/>\n<link rel=\"canonical\" href=\"https:\/\/blog.zeit.de\/herdentrieb\/2011\/10\/30\/so-nicht-sigmar-gabriel_3742\" \/>\n<meta property=\"og:locale\" content=\"de_DE\" \/>\n<meta property=\"og:type\" content=\"article\" \/>\n<meta property=\"og:title\" content=\"So nicht, Sigmar Gabriel! - Herdentrieb\" \/>\n<meta property=\"og:description\" content=\"Regelm\u00e4\u00dfige Leser dieses Blogs wissen, dass er sozialdemokratischen Idealen grunds\u00e4tzlich eher nahe steht. Mit umso gr\u00f6\u00dferem Bedauern lese ich, was Sigmar Gabriel jetzt zur Krisenpolitik der Bundesregierung zu sagen hat. Die CDU-Politikerin habe alles, was jetzt in Br\u00fcssel beschlossen wurde, fr\u00fcher abgelehnt.\u00a0Insbesondere die lange Ablehnung einer Gl\u00e4ubigerbeteiligung durch die Kanzlerin und andere konservative Regierungen in [&hellip;]\" \/>\n<meta property=\"og:url\" content=\"https:\/\/blog.zeit.de\/herdentrieb\/2011\/10\/30\/so-nicht-sigmar-gabriel_3742\" \/>\n<meta property=\"og:site_name\" content=\"Herdentrieb\" \/>\n<meta property=\"article:published_time\" content=\"2011-10-29T23:15:11+00:00\" \/>\n<meta property=\"article:modified_time\" content=\"2011-10-31T08:58:27+00:00\" \/>\n<meta name=\"author\" content=\"Mark Schieritz\" \/>\n<meta name=\"twitter:card\" content=\"summary_large_image\" \/>\n<meta name=\"twitter:creator\" content=\"@zeitonline\" \/>\n<meta name=\"twitter:site\" content=\"@zeitonline\" \/>\n<meta name=\"twitter:label1\" content=\"Geschrieben von\" \/>\n\t<meta name=\"twitter:data1\" content=\"Mark Schieritz\" \/>\n\t<meta name=\"twitter:label2\" content=\"Gesch\u00e4tzte Lesezeit\" \/>\n\t<meta name=\"twitter:data2\" content=\"1\u00a0Minute\" \/>\n<script type=\"application\/ld+json\" class=\"yoast-schema-graph\">{\"@context\":\"https:\/\/schema.org\",\"@graph\":[{\"@type\":\"WebPage\",\"@id\":\"https:\/\/blog.zeit.de\/herdentrieb\/2011\/10\/30\/so-nicht-sigmar-gabriel_3742\",\"url\":\"https:\/\/blog.zeit.de\/herdentrieb\/2011\/10\/30\/so-nicht-sigmar-gabriel_3742\",\"name\":\"So nicht, Sigmar Gabriel! - Herdentrieb\",\"isPartOf\":{\"@id\":\"https:\/\/blog.zeit.de\/herdentrieb\/#website\"},\"datePublished\":\"2011-10-29T23:15:11+00:00\",\"dateModified\":\"2011-10-31T08:58:27+00:00\",\"author\":{\"@id\":\"https:\/\/blog.zeit.de\/herdentrieb\/#\/schema\/person\/a2dfa95bbd4de7e06edc88db4e3d3871\"},\"breadcrumb\":{\"@id\":\"https:\/\/blog.zeit.de\/herdentrieb\/2011\/10\/30\/so-nicht-sigmar-gabriel_3742#breadcrumb\"},\"inLanguage\":\"de\",\"potentialAction\":[{\"@type\":\"ReadAction\",\"target\":[\"https:\/\/blog.zeit.de\/herdentrieb\/2011\/10\/30\/so-nicht-sigmar-gabriel_3742\"]}]},{\"@type\":\"BreadcrumbList\",\"@id\":\"https:\/\/blog.zeit.de\/herdentrieb\/2011\/10\/30\/so-nicht-sigmar-gabriel_3742#breadcrumb\",\"itemListElement\":[{\"@type\":\"ListItem\",\"position\":1,\"name\":\"Startseite\",\"item\":\"https:\/\/blog.zeit.de\/herdentrieb\"},{\"@type\":\"ListItem\",\"position\":2,\"name\":\"So nicht, Sigmar Gabriel!\"}]},{\"@type\":\"WebSite\",\"@id\":\"https:\/\/blog.zeit.de\/herdentrieb\/#website\",\"url\":\"https:\/\/blog.zeit.de\/herdentrieb\/\",\"name\":\"Herdentrieb\",\"description\":\"So funktioniert Kapitalismus. Ein Blog\",\"potentialAction\":[{\"@type\":\"SearchAction\",\"target\":{\"@type\":\"EntryPoint\",\"urlTemplate\":\"https:\/\/blog.zeit.de\/herdentrieb\/?s={search_term_string}\"},\"query-input\":\"required name=search_term_string\"}],\"inLanguage\":\"de\"},{\"@type\":\"Person\",\"@id\":\"https:\/\/blog.zeit.de\/herdentrieb\/#\/schema\/person\/a2dfa95bbd4de7e06edc88db4e3d3871\",\"name\":\"Mark Schieritz\",\"image\":{\"@type\":\"ImageObject\",\"inLanguage\":\"de\",\"@id\":\"https:\/\/blog.zeit.de\/herdentrieb\/#\/schema\/person\/image\/\",\"url\":\"https:\/\/secure.gravatar.com\/avatar\/66e072b8ecaf6d851921c0577ca78c8c9a24223a3c3cb6df48c5d839d1b622e0?s=96&d=mm&r=g\",\"contentUrl\":\"https:\/\/secure.gravatar.com\/avatar\/66e072b8ecaf6d851921c0577ca78c8c9a24223a3c3cb6df48c5d839d1b622e0?s=96&d=mm&r=g\",\"caption\":\"Mark Schieritz\"},\"url\":\"https:\/\/blog.zeit.de\/herdentrieb\/author\/mark-schieritz\"}]}<\/script>\n<!-- \/ Yoast SEO plugin. -->","yoast_head_json":{"title":"So nicht, Sigmar Gabriel! - Herdentrieb","robots":{"index":"index","follow":"follow","max-snippet":"max-snippet:-1","max-image-preview":"max-image-preview:large","max-video-preview":"max-video-preview:-1"},"canonical":"https:\/\/blog.zeit.de\/herdentrieb\/2011\/10\/30\/so-nicht-sigmar-gabriel_3742","og_locale":"de_DE","og_type":"article","og_title":"So nicht, Sigmar Gabriel! - Herdentrieb","og_description":"Regelm\u00e4\u00dfige Leser dieses Blogs wissen, dass er sozialdemokratischen Idealen grunds\u00e4tzlich eher nahe steht. Mit umso gr\u00f6\u00dferem Bedauern lese ich, was Sigmar Gabriel jetzt zur Krisenpolitik der Bundesregierung zu sagen hat. Die CDU-Politikerin habe alles, was jetzt in Br\u00fcssel beschlossen wurde, fr\u00fcher abgelehnt.\u00a0Insbesondere die lange Ablehnung einer Gl\u00e4ubigerbeteiligung durch die Kanzlerin und andere konservative Regierungen in [&hellip;]","og_url":"https:\/\/blog.zeit.de\/herdentrieb\/2011\/10\/30\/so-nicht-sigmar-gabriel_3742","og_site_name":"Herdentrieb","article_published_time":"2011-10-29T23:15:11+00:00","article_modified_time":"2011-10-31T08:58:27+00:00","author":"Mark Schieritz","twitter_card":"summary_large_image","twitter_creator":"@zeitonline","twitter_site":"@zeitonline","twitter_misc":{"Geschrieben von":"Mark Schieritz","Gesch\u00e4tzte Lesezeit":"1\u00a0Minute"},"schema":{"@context":"https:\/\/schema.org","@graph":[{"@type":"WebPage","@id":"https:\/\/blog.zeit.de\/herdentrieb\/2011\/10\/30\/so-nicht-sigmar-gabriel_3742","url":"https:\/\/blog.zeit.de\/herdentrieb\/2011\/10\/30\/so-nicht-sigmar-gabriel_3742","name":"So nicht, Sigmar Gabriel! - Herdentrieb","isPartOf":{"@id":"https:\/\/blog.zeit.de\/herdentrieb\/#website"},"datePublished":"2011-10-29T23:15:11+00:00","dateModified":"2011-10-31T08:58:27+00:00","author":{"@id":"https:\/\/blog.zeit.de\/herdentrieb\/#\/schema\/person\/a2dfa95bbd4de7e06edc88db4e3d3871"},"breadcrumb":{"@id":"https:\/\/blog.zeit.de\/herdentrieb\/2011\/10\/30\/so-nicht-sigmar-gabriel_3742#breadcrumb"},"inLanguage":"de","potentialAction":[{"@type":"ReadAction","target":["https:\/\/blog.zeit.de\/herdentrieb\/2011\/10\/30\/so-nicht-sigmar-gabriel_3742"]}]},{"@type":"BreadcrumbList","@id":"https:\/\/blog.zeit.de\/herdentrieb\/2011\/10\/30\/so-nicht-sigmar-gabriel_3742#breadcrumb","itemListElement":[{"@type":"ListItem","position":1,"name":"Startseite","item":"https:\/\/blog.zeit.de\/herdentrieb"},{"@type":"ListItem","position":2,"name":"So nicht, Sigmar Gabriel!"}]},{"@type":"WebSite","@id":"https:\/\/blog.zeit.de\/herdentrieb\/#website","url":"https:\/\/blog.zeit.de\/herdentrieb\/","name":"Herdentrieb","description":"So funktioniert Kapitalismus. Ein Blog","potentialAction":[{"@type":"SearchAction","target":{"@type":"EntryPoint","urlTemplate":"https:\/\/blog.zeit.de\/herdentrieb\/?s={search_term_string}"},"query-input":"required name=search_term_string"}],"inLanguage":"de"},{"@type":"Person","@id":"https:\/\/blog.zeit.de\/herdentrieb\/#\/schema\/person\/a2dfa95bbd4de7e06edc88db4e3d3871","name":"Mark Schieritz","image":{"@type":"ImageObject","inLanguage":"de","@id":"https:\/\/blog.zeit.de\/herdentrieb\/#\/schema\/person\/image\/","url":"https:\/\/secure.gravatar.com\/avatar\/66e072b8ecaf6d851921c0577ca78c8c9a24223a3c3cb6df48c5d839d1b622e0?s=96&d=mm&r=g","contentUrl":"https:\/\/secure.gravatar.com\/avatar\/66e072b8ecaf6d851921c0577ca78c8c9a24223a3c3cb6df48c5d839d1b622e0?s=96&d=mm&r=g","caption":"Mark Schieritz"},"url":"https:\/\/blog.zeit.de\/herdentrieb\/author\/mark-schieritz"}]}},"jetpack_featured_media_url":"","jetpack_sharing_enabled":true,"_links":{"self":[{"href":"https:\/\/blog.zeit.de\/herdentrieb\/wp-json\/wp\/v2\/posts\/3742","targetHints":{"allow":["GET"]}}],"collection":[{"href":"https:\/\/blog.zeit.de\/herdentrieb\/wp-json\/wp\/v2\/posts"}],"about":[{"href":"https:\/\/blog.zeit.de\/herdentrieb\/wp-json\/wp\/v2\/types\/post"}],"author":[{"embeddable":true,"href":"https:\/\/blog.zeit.de\/herdentrieb\/wp-json\/wp\/v2\/users\/215"}],"replies":[{"embeddable":true,"href":"https:\/\/blog.zeit.de\/herdentrieb\/wp-json\/wp\/v2\/comments?post=3742"}],"version-history":[{"count":3,"href":"https:\/\/blog.zeit.de\/herdentrieb\/wp-json\/wp\/v2\/posts\/3742\/revisions"}],"predecessor-version":[{"id":3744,"href":"https:\/\/blog.zeit.de\/herdentrieb\/wp-json\/wp\/v2\/posts\/3742\/revisions\/3744"}],"wp:attachment":[{"href":"https:\/\/blog.zeit.de\/herdentrieb\/wp-json\/wp\/v2\/media?parent=3742"}],"wp:term":[{"taxonomy":"category","embeddable":true,"href":"https:\/\/blog.zeit.de\/herdentrieb\/wp-json\/wp\/v2\/categories?post=3742"},{"taxonomy":"post_tag","embeddable":true,"href":"https:\/\/blog.zeit.de\/herdentrieb\/wp-json\/wp\/v2\/tags?post=3742"}],"curies":[{"name":"wp","href":"https:\/\/api.w.org\/{rel}","templated":true}]}}