{"id":3782,"date":"2011-11-04T23:22:12","date_gmt":"2011-11-04T22:22:12","guid":{"rendered":"http:\/\/blog.zeit.de\/herdentrieb\/?p=3782"},"modified":"2011-11-05T10:48:12","modified_gmt":"2011-11-05T09:48:12","slug":"deleveraging-commerzbank-edition","status":"publish","type":"post","link":"https:\/\/blog.zeit.de\/herdentrieb\/2011\/11\/04\/deleveraging-commerzbank-edition_3782","title":{"rendered":"Deleveraging, Commerzbank-edition"},"content":{"rendered":"<p>Aus der heutigen Pressemitteilung der Commerzbank:<\/p>\n<p style=\"padding-left: 30px;\"><em>Der Vorstand der Bank hat vor diesem Hintergrund Sofortma\u00dfnahmen beschlossen, die den Abbau von Risikoaktiva beschleunigen. Dazu geh\u00f6ren unter anderem:<\/em><\/p>\n<p style=\"padding-left: 30px;\"><em> &#8211; die tempor\u00e4re Einstellung des Neugesch\u00e4ftes in der Eurohypo <\/em><\/p>\n<p style=\"padding-left: 30px;\"><em>&#8211; die tempor\u00e4re Einstellung des Kreditneugesch\u00e4ftes ohne Konnektivit\u00e4t zu Deutschland beziehungsweise Polen <\/em><\/p>\n<p style=\"padding-left: 30px;\"><em>&#8211; der beschleunigte Abbau beziehungsweise Verkauf nicht-strategischer Assets wie zum Beispiel Spezial- und Projektfinanzierungen sowie<\/em><\/p>\n<p style=\"padding-left: 30px;\"><em> &#8211; die \u00dcberpr\u00fcfung der Ver\u00e4u\u00dferungsm\u00f6glichkeiten von Finanzbeteiligungen; hierzu geh\u00f6ren nicht die comdirect und die BRE Bank, die Bestandteil des Kerngesch\u00e4fts sind.<\/em><\/p>\n<p>Klar, Deutschland soll ausgespart werden bei der Kreditvergabe. Aber selbst wenn man das genau kontrollieren k\u00f6nnte: Wenn in anderen L\u00e4ndern gek\u00fcrzt wird, dann trifft das die Deutschen \u00a0\u00fcber die Exporte nat\u00fcrlich. \u00a0Und andere Banken \u2013 ohne Staatsvertreter im Aufsichtsrat \u2013 werden es noch wilder treiben. Vielleicht h\u00e4tte man das bedenken sollen, als man mitten in der Krise munter die Eigenkapitalanforderungen hochjagte ohne die Bilanzsumme festzuschreiben oder gleich zu zwangskapitalisieren.<\/p>\n<p>Interessant in diesem Zusammenhang auch jener Chart (<a href=\"http:\/\/ftalphaville.ft.com\/blog\/tag\/bnp-paribas\/\" target=\"_blank\">via Alphaville<\/a>) aus dem Quartalsbericht von BNP Paribas:<\/p>\n<p><a href=\"https:\/\/blog.zeit.de\/herdentrieb\/files\/2011\/11\/BNPchart.png\"><img loading=\"lazy\" decoding=\"async\" class=\"size-medium wp-image-3783\" title=\"zum Vergr\u00f6\u00dfern klicken\" src=\"https:\/\/blog.zeit.de\/herdentrieb\/files\/2011\/11\/BNPchart-300x179.png\" alt=\"BNP chart\" width=\"300\" height=\"179\" srcset=\"https:\/\/blog.zeit.de\/herdentrieb\/files\/2011\/11\/BNPchart-300x179.png 300w, https:\/\/blog.zeit.de\/herdentrieb\/files\/2011\/11\/BNPchart.png 553w\" sizes=\"auto, (max-width: 300px) 100vw, 300px\" \/><\/a><\/p>\n<p>Rezession, wir kommen.<\/p>\n","protected":false},"excerpt":{"rendered":"<p>Aus der heutigen Pressemitteilung der Commerzbank: Der Vorstand der Bank hat vor diesem Hintergrund Sofortma\u00dfnahmen beschlossen, die den Abbau von Risikoaktiva beschleunigen. Dazu geh\u00f6ren unter anderem: &#8211; die tempor\u00e4re Einstellung des Neugesch\u00e4ftes in der Eurohypo &#8211; die tempor\u00e4re Einstellung des Kreditneugesch\u00e4ftes ohne Konnektivit\u00e4t zu Deutschland beziehungsweise Polen &#8211; der beschleunigte Abbau beziehungsweise Verkauf nicht-strategischer Assets [&hellip;]<\/p>\n","protected":false},"author":215,"featured_media":0,"comment_status":"open","ping_status":"closed","sticky":false,"template":"","format":"standard","meta":{"_jetpack_memberships_contains_paid_content":false,"footnotes":""},"categories":[3,1259],"tags":[],"class_list":["post-3782","post","type-post","status-publish","format-standard","hentry","category-der-aktuelle-rand","category-der-zeitungsleser"],"yoast_head":"<!-- This site is optimized with the Yoast SEO plugin v21.0 - https:\/\/yoast.com\/wordpress\/plugins\/seo\/ -->\n<title>Deleveraging, Commerzbank-edition - Herdentrieb<\/title>\n<meta name=\"robots\" content=\"index, follow, max-snippet:-1, max-image-preview:large, max-video-preview:-1\" \/>\n<link rel=\"canonical\" href=\"https:\/\/blog.zeit.de\/herdentrieb\/2011\/11\/04\/deleveraging-commerzbank-edition_3782\" \/>\n<meta property=\"og:locale\" content=\"de_DE\" \/>\n<meta property=\"og:type\" content=\"article\" \/>\n<meta property=\"og:title\" content=\"Deleveraging, Commerzbank-edition - Herdentrieb\" \/>\n<meta property=\"og:description\" content=\"Aus der heutigen Pressemitteilung der Commerzbank: Der Vorstand der Bank hat vor diesem Hintergrund Sofortma\u00dfnahmen beschlossen, die den Abbau von Risikoaktiva beschleunigen. Dazu geh\u00f6ren unter anderem: &#8211; die tempor\u00e4re Einstellung des Neugesch\u00e4ftes in der Eurohypo &#8211; die tempor\u00e4re Einstellung des Kreditneugesch\u00e4ftes ohne Konnektivit\u00e4t zu Deutschland beziehungsweise Polen &#8211; der beschleunigte Abbau beziehungsweise Verkauf nicht-strategischer Assets [&hellip;]\" \/>\n<meta property=\"og:url\" content=\"https:\/\/blog.zeit.de\/herdentrieb\/2011\/11\/04\/deleveraging-commerzbank-edition_3782\" \/>\n<meta property=\"og:site_name\" content=\"Herdentrieb\" \/>\n<meta property=\"article:published_time\" content=\"2011-11-04T22:22:12+00:00\" \/>\n<meta property=\"article:modified_time\" content=\"2011-11-05T09:48:12+00:00\" \/>\n<meta property=\"og:image\" content=\"https:\/\/blog.zeit.de\/herdentrieb\/files\/2011\/11\/BNPchart-300x179.png\" \/>\n<meta name=\"author\" content=\"Mark Schieritz\" \/>\n<meta name=\"twitter:card\" content=\"summary_large_image\" \/>\n<meta name=\"twitter:creator\" content=\"@zeitonline\" \/>\n<meta name=\"twitter:site\" content=\"@zeitonline\" \/>\n<meta name=\"twitter:label1\" content=\"Geschrieben von\" \/>\n\t<meta name=\"twitter:data1\" content=\"Mark Schieritz\" \/>\n\t<meta name=\"twitter:label2\" content=\"Gesch\u00e4tzte Lesezeit\" \/>\n\t<meta name=\"twitter:data2\" content=\"1\u00a0Minute\" \/>\n<script type=\"application\/ld+json\" class=\"yoast-schema-graph\">{\"@context\":\"https:\/\/schema.org\",\"@graph\":[{\"@type\":\"WebPage\",\"@id\":\"https:\/\/blog.zeit.de\/herdentrieb\/2011\/11\/04\/deleveraging-commerzbank-edition_3782\",\"url\":\"https:\/\/blog.zeit.de\/herdentrieb\/2011\/11\/04\/deleveraging-commerzbank-edition_3782\",\"name\":\"Deleveraging, Commerzbank-edition - Herdentrieb\",\"isPartOf\":{\"@id\":\"https:\/\/blog.zeit.de\/herdentrieb\/#website\"},\"datePublished\":\"2011-11-04T22:22:12+00:00\",\"dateModified\":\"2011-11-05T09:48:12+00:00\",\"author\":{\"@id\":\"https:\/\/blog.zeit.de\/herdentrieb\/#\/schema\/person\/a2dfa95bbd4de7e06edc88db4e3d3871\"},\"breadcrumb\":{\"@id\":\"https:\/\/blog.zeit.de\/herdentrieb\/2011\/11\/04\/deleveraging-commerzbank-edition_3782#breadcrumb\"},\"inLanguage\":\"de\",\"potentialAction\":[{\"@type\":\"ReadAction\",\"target\":[\"https:\/\/blog.zeit.de\/herdentrieb\/2011\/11\/04\/deleveraging-commerzbank-edition_3782\"]}]},{\"@type\":\"BreadcrumbList\",\"@id\":\"https:\/\/blog.zeit.de\/herdentrieb\/2011\/11\/04\/deleveraging-commerzbank-edition_3782#breadcrumb\",\"itemListElement\":[{\"@type\":\"ListItem\",\"position\":1,\"name\":\"Startseite\",\"item\":\"https:\/\/blog.zeit.de\/herdentrieb\"},{\"@type\":\"ListItem\",\"position\":2,\"name\":\"Deleveraging, Commerzbank-edition\"}]},{\"@type\":\"WebSite\",\"@id\":\"https:\/\/blog.zeit.de\/herdentrieb\/#website\",\"url\":\"https:\/\/blog.zeit.de\/herdentrieb\/\",\"name\":\"Herdentrieb\",\"description\":\"So funktioniert Kapitalismus. Ein Blog\",\"potentialAction\":[{\"@type\":\"SearchAction\",\"target\":{\"@type\":\"EntryPoint\",\"urlTemplate\":\"https:\/\/blog.zeit.de\/herdentrieb\/?s={search_term_string}\"},\"query-input\":\"required name=search_term_string\"}],\"inLanguage\":\"de\"},{\"@type\":\"Person\",\"@id\":\"https:\/\/blog.zeit.de\/herdentrieb\/#\/schema\/person\/a2dfa95bbd4de7e06edc88db4e3d3871\",\"name\":\"Mark Schieritz\",\"image\":{\"@type\":\"ImageObject\",\"inLanguage\":\"de\",\"@id\":\"https:\/\/blog.zeit.de\/herdentrieb\/#\/schema\/person\/image\/\",\"url\":\"https:\/\/secure.gravatar.com\/avatar\/66e072b8ecaf6d851921c0577ca78c8c9a24223a3c3cb6df48c5d839d1b622e0?s=96&d=mm&r=g\",\"contentUrl\":\"https:\/\/secure.gravatar.com\/avatar\/66e072b8ecaf6d851921c0577ca78c8c9a24223a3c3cb6df48c5d839d1b622e0?s=96&d=mm&r=g\",\"caption\":\"Mark Schieritz\"},\"url\":\"https:\/\/blog.zeit.de\/herdentrieb\/author\/mark-schieritz\"}]}<\/script>\n<!-- \/ Yoast SEO plugin. -->","yoast_head_json":{"title":"Deleveraging, Commerzbank-edition - Herdentrieb","robots":{"index":"index","follow":"follow","max-snippet":"max-snippet:-1","max-image-preview":"max-image-preview:large","max-video-preview":"max-video-preview:-1"},"canonical":"https:\/\/blog.zeit.de\/herdentrieb\/2011\/11\/04\/deleveraging-commerzbank-edition_3782","og_locale":"de_DE","og_type":"article","og_title":"Deleveraging, Commerzbank-edition - Herdentrieb","og_description":"Aus der heutigen Pressemitteilung der Commerzbank: Der Vorstand der Bank hat vor diesem Hintergrund Sofortma\u00dfnahmen beschlossen, die den Abbau von Risikoaktiva beschleunigen. Dazu geh\u00f6ren unter anderem: &#8211; die tempor\u00e4re Einstellung des Neugesch\u00e4ftes in der Eurohypo &#8211; die tempor\u00e4re Einstellung des Kreditneugesch\u00e4ftes ohne Konnektivit\u00e4t zu Deutschland beziehungsweise Polen &#8211; der beschleunigte Abbau beziehungsweise Verkauf nicht-strategischer Assets [&hellip;]","og_url":"https:\/\/blog.zeit.de\/herdentrieb\/2011\/11\/04\/deleveraging-commerzbank-edition_3782","og_site_name":"Herdentrieb","article_published_time":"2011-11-04T22:22:12+00:00","article_modified_time":"2011-11-05T09:48:12+00:00","og_image":[{"url":"https:\/\/blog.zeit.de\/herdentrieb\/files\/2011\/11\/BNPchart-300x179.png"}],"author":"Mark Schieritz","twitter_card":"summary_large_image","twitter_creator":"@zeitonline","twitter_site":"@zeitonline","twitter_misc":{"Geschrieben von":"Mark Schieritz","Gesch\u00e4tzte Lesezeit":"1\u00a0Minute"},"schema":{"@context":"https:\/\/schema.org","@graph":[{"@type":"WebPage","@id":"https:\/\/blog.zeit.de\/herdentrieb\/2011\/11\/04\/deleveraging-commerzbank-edition_3782","url":"https:\/\/blog.zeit.de\/herdentrieb\/2011\/11\/04\/deleveraging-commerzbank-edition_3782","name":"Deleveraging, Commerzbank-edition - Herdentrieb","isPartOf":{"@id":"https:\/\/blog.zeit.de\/herdentrieb\/#website"},"datePublished":"2011-11-04T22:22:12+00:00","dateModified":"2011-11-05T09:48:12+00:00","author":{"@id":"https:\/\/blog.zeit.de\/herdentrieb\/#\/schema\/person\/a2dfa95bbd4de7e06edc88db4e3d3871"},"breadcrumb":{"@id":"https:\/\/blog.zeit.de\/herdentrieb\/2011\/11\/04\/deleveraging-commerzbank-edition_3782#breadcrumb"},"inLanguage":"de","potentialAction":[{"@type":"ReadAction","target":["https:\/\/blog.zeit.de\/herdentrieb\/2011\/11\/04\/deleveraging-commerzbank-edition_3782"]}]},{"@type":"BreadcrumbList","@id":"https:\/\/blog.zeit.de\/herdentrieb\/2011\/11\/04\/deleveraging-commerzbank-edition_3782#breadcrumb","itemListElement":[{"@type":"ListItem","position":1,"name":"Startseite","item":"https:\/\/blog.zeit.de\/herdentrieb"},{"@type":"ListItem","position":2,"name":"Deleveraging, Commerzbank-edition"}]},{"@type":"WebSite","@id":"https:\/\/blog.zeit.de\/herdentrieb\/#website","url":"https:\/\/blog.zeit.de\/herdentrieb\/","name":"Herdentrieb","description":"So funktioniert Kapitalismus. Ein Blog","potentialAction":[{"@type":"SearchAction","target":{"@type":"EntryPoint","urlTemplate":"https:\/\/blog.zeit.de\/herdentrieb\/?s={search_term_string}"},"query-input":"required name=search_term_string"}],"inLanguage":"de"},{"@type":"Person","@id":"https:\/\/blog.zeit.de\/herdentrieb\/#\/schema\/person\/a2dfa95bbd4de7e06edc88db4e3d3871","name":"Mark Schieritz","image":{"@type":"ImageObject","inLanguage":"de","@id":"https:\/\/blog.zeit.de\/herdentrieb\/#\/schema\/person\/image\/","url":"https:\/\/secure.gravatar.com\/avatar\/66e072b8ecaf6d851921c0577ca78c8c9a24223a3c3cb6df48c5d839d1b622e0?s=96&d=mm&r=g","contentUrl":"https:\/\/secure.gravatar.com\/avatar\/66e072b8ecaf6d851921c0577ca78c8c9a24223a3c3cb6df48c5d839d1b622e0?s=96&d=mm&r=g","caption":"Mark Schieritz"},"url":"https:\/\/blog.zeit.de\/herdentrieb\/author\/mark-schieritz"}]}},"jetpack_featured_media_url":"","jetpack_sharing_enabled":true,"_links":{"self":[{"href":"https:\/\/blog.zeit.de\/herdentrieb\/wp-json\/wp\/v2\/posts\/3782","targetHints":{"allow":["GET"]}}],"collection":[{"href":"https:\/\/blog.zeit.de\/herdentrieb\/wp-json\/wp\/v2\/posts"}],"about":[{"href":"https:\/\/blog.zeit.de\/herdentrieb\/wp-json\/wp\/v2\/types\/post"}],"author":[{"embeddable":true,"href":"https:\/\/blog.zeit.de\/herdentrieb\/wp-json\/wp\/v2\/users\/215"}],"replies":[{"embeddable":true,"href":"https:\/\/blog.zeit.de\/herdentrieb\/wp-json\/wp\/v2\/comments?post=3782"}],"version-history":[{"count":8,"href":"https:\/\/blog.zeit.de\/herdentrieb\/wp-json\/wp\/v2\/posts\/3782\/revisions"}],"predecessor-version":[{"id":3791,"href":"https:\/\/blog.zeit.de\/herdentrieb\/wp-json\/wp\/v2\/posts\/3782\/revisions\/3791"}],"wp:attachment":[{"href":"https:\/\/blog.zeit.de\/herdentrieb\/wp-json\/wp\/v2\/media?parent=3782"}],"wp:term":[{"taxonomy":"category","embeddable":true,"href":"https:\/\/blog.zeit.de\/herdentrieb\/wp-json\/wp\/v2\/categories?post=3782"},{"taxonomy":"post_tag","embeddable":true,"href":"https:\/\/blog.zeit.de\/herdentrieb\/wp-json\/wp\/v2\/tags?post=3782"}],"curies":[{"name":"wp","href":"https:\/\/api.w.org\/{rel}","templated":true}]}}