{"id":3804,"date":"2011-11-10T12:09:55","date_gmt":"2011-11-10T11:09:55","guid":{"rendered":"http:\/\/blog.zeit.de\/herdentrieb\/?p=3804"},"modified":"2011-11-17T15:15:22","modified_gmt":"2011-11-17T14:15:22","slug":"die-cdu-zundelt","status":"publish","type":"post","link":"https:\/\/blog.zeit.de\/herdentrieb\/2011\/11\/10\/die-cdu-zundelt_3804","title":{"rendered":"Die CDU z\u00fcndelt"},"content":{"rendered":"<p>Wenn es noch eines Beweises bedurfte, dass die politische Klasse in Deutschland mit der Krise hoffnungslos \u00fcberfordert ist, dann hat ihn die CDU jetzt erbracht. Ein europapolitischer Leitantrag f\u00fcr den Bundesparteitag sieht vor, dass Mitgliedsstaaten der W\u00e4hrungsunion diese wieder verlassen k\u00f6nnen. Um es mit dem Europaparlamentarier Markus Pieper zu sagen: \u201eWenn Polen kommt, darf Griechenland gehen.\u201c<\/p>\n<p>Wenn das Regierungslinie wird, wird es ein Desaster geben. <!--more-->Die Ewigkeitsfiktion ist zwingender Bestandteil einer W\u00e4hrungsunion. Wenn L\u00e4nder nach Belieben kommen und gehen, dann ist die Euro-Zone keine W\u00e4hrungsunion mehr, sondern ein lockerer W\u00e4hrungsverbund. Das hat Konsequenzen: Das Wechselkursrisiko, das durch die gemeinsame W\u00e4hrung aus Europa verbannt werden sollte, kehrt zur\u00fcck.<\/p>\n<p>Offenbar denken Deutsche und Franzosen auch auf europ\u00e4ischer Ebene dar\u00fcber nach, <a href=\"http:\/\/www.reuters.com\/article\/2011\/11\/09\/us-eurozone-future-sarkozy-idUSTRE7A85VV20111109\" target=\"_blank\">schwache L\u00e4nder aus der Eurozone auszuschlie\u00dfen<\/a>. Man braucht nicht viel Fantasie, um zu begreifen, warum das in der jetzigen Lage das Ende des Euro bedeuten w\u00fcrde. Die Investoren m\u00fcssten pl\u00f6tzlich nicht nur eine Staatspleite, sondern auch eine W\u00e4hrungsreform f\u00fcrchten. Wer wird mitten in der schwersten Krise seit Kriegsende noch in Italien oder Spanien investieren, wenn er damit rechnen muss, sein Geld wenn \u00fcberhaupt dann in Lire oder Pesetas zur\u00fcckzubekommen, die mit hoher Wahrscheinlichkeit stark an Wert verlieren w\u00fcrden? Europa w\u00e4re innerhalb k\u00fcrzester Zeit vom globalen Kapitalmarkt abgeschnitten.<\/p>\n<p>Die M\u00e4rkte werden die Schuldenstaaten also nicht disziplinieren, wie es sich die Deutschen erhoffen, sie werden sie schlicht aushungern \u2013 und das ist ihnen nicht einmal vorzuwerfen. Wer das anders sieht, der frage sich, ob er seine Ersparnisse unter diesen Umst\u00e4nden in Italien anlegen w\u00fcrde. Die Drohung mit dem Ausschluss ist in der gegenw\u00e4rtigen Situation ein Brandbeschleuniger und kein Weg zu einem besseren Gleichgewicht. Die M\u00e4rkte denken die Konsequenzen einer Entscheidung zu Ende und reagieren darauf \u2013 und f\u00fchren damit eben diese Konsequenz herbei.\u00a0So funktionieren sie nun einmal. Und wer sie bezwingen will, der muss sie verstehen. Das gelingt aber offensichtlich kaum jemandem in Berlin.<\/p>\n<p>Nun leben wir in Demokratien. Und es steht den B\u00fcrgern Europas frei, zu den nationalen W\u00e4hrungen zur\u00fcckzukehren. Das wird im Chaos enden, aber wenn die Deutschen unbedingt darauf Wert legen, dann sei es eben so.<\/p>\n<p>Nur soll niemand sagen, er sei nicht gewarnt worden.<\/p>\n","protected":false},"excerpt":{"rendered":"<p>Wenn es noch eines Beweises bedurfte, dass die politische Klasse in Deutschland mit der Krise hoffnungslos \u00fcberfordert ist, dann hat ihn die CDU jetzt erbracht. Ein europapolitischer Leitantrag f\u00fcr den Bundesparteitag sieht vor, dass Mitgliedsstaaten der W\u00e4hrungsunion diese wieder verlassen k\u00f6nnen. Um es mit dem Europaparlamentarier Markus Pieper zu sagen: \u201eWenn Polen kommt, darf Griechenland [&hellip;]<\/p>\n","protected":false},"author":215,"featured_media":0,"comment_status":"open","ping_status":"closed","sticky":false,"template":"","format":"standard","meta":{"_jetpack_memberships_contains_paid_content":false,"footnotes":""},"categories":[3],"tags":[],"class_list":["post-3804","post","type-post","status-publish","format-standard","hentry","category-der-aktuelle-rand"],"yoast_head":"<!-- This site is optimized with the Yoast SEO plugin v21.0 - https:\/\/yoast.com\/wordpress\/plugins\/seo\/ -->\n<title>Die CDU z\u00fcndelt  - Herdentrieb<\/title>\n<meta name=\"robots\" content=\"index, follow, max-snippet:-1, max-image-preview:large, max-video-preview:-1\" \/>\n<link rel=\"canonical\" href=\"https:\/\/blog.zeit.de\/herdentrieb\/2011\/11\/10\/die-cdu-zundelt_3804\" \/>\n<meta property=\"og:locale\" content=\"de_DE\" \/>\n<meta property=\"og:type\" content=\"article\" \/>\n<meta property=\"og:title\" content=\"Die CDU z\u00fcndelt  - Herdentrieb\" \/>\n<meta property=\"og:description\" content=\"Wenn es noch eines Beweises bedurfte, dass die politische Klasse in Deutschland mit der Krise hoffnungslos \u00fcberfordert ist, dann hat ihn die CDU jetzt erbracht. Ein europapolitischer Leitantrag f\u00fcr den Bundesparteitag sieht vor, dass Mitgliedsstaaten der W\u00e4hrungsunion diese wieder verlassen k\u00f6nnen. Um es mit dem Europaparlamentarier Markus Pieper zu sagen: \u201eWenn Polen kommt, darf Griechenland [&hellip;]\" \/>\n<meta property=\"og:url\" content=\"https:\/\/blog.zeit.de\/herdentrieb\/2011\/11\/10\/die-cdu-zundelt_3804\" \/>\n<meta property=\"og:site_name\" content=\"Herdentrieb\" \/>\n<meta property=\"article:published_time\" content=\"2011-11-10T11:09:55+00:00\" \/>\n<meta property=\"article:modified_time\" content=\"2011-11-17T14:15:22+00:00\" \/>\n<meta name=\"author\" content=\"Mark Schieritz\" \/>\n<meta name=\"twitter:card\" content=\"summary_large_image\" \/>\n<meta name=\"twitter:creator\" content=\"@zeitonline\" \/>\n<meta name=\"twitter:site\" content=\"@zeitonline\" \/>\n<meta name=\"twitter:label1\" content=\"Geschrieben von\" \/>\n\t<meta name=\"twitter:data1\" content=\"Mark Schieritz\" \/>\n\t<meta name=\"twitter:label2\" content=\"Gesch\u00e4tzte Lesezeit\" \/>\n\t<meta name=\"twitter:data2\" content=\"2\u00a0Minuten\" \/>\n<script type=\"application\/ld+json\" class=\"yoast-schema-graph\">{\"@context\":\"https:\/\/schema.org\",\"@graph\":[{\"@type\":\"WebPage\",\"@id\":\"https:\/\/blog.zeit.de\/herdentrieb\/2011\/11\/10\/die-cdu-zundelt_3804\",\"url\":\"https:\/\/blog.zeit.de\/herdentrieb\/2011\/11\/10\/die-cdu-zundelt_3804\",\"name\":\"Die CDU z\u00fcndelt - Herdentrieb\",\"isPartOf\":{\"@id\":\"https:\/\/blog.zeit.de\/herdentrieb\/#website\"},\"datePublished\":\"2011-11-10T11:09:55+00:00\",\"dateModified\":\"2011-11-17T14:15:22+00:00\",\"author\":{\"@id\":\"https:\/\/blog.zeit.de\/herdentrieb\/#\/schema\/person\/a2dfa95bbd4de7e06edc88db4e3d3871\"},\"breadcrumb\":{\"@id\":\"https:\/\/blog.zeit.de\/herdentrieb\/2011\/11\/10\/die-cdu-zundelt_3804#breadcrumb\"},\"inLanguage\":\"de\",\"potentialAction\":[{\"@type\":\"ReadAction\",\"target\":[\"https:\/\/blog.zeit.de\/herdentrieb\/2011\/11\/10\/die-cdu-zundelt_3804\"]}]},{\"@type\":\"BreadcrumbList\",\"@id\":\"https:\/\/blog.zeit.de\/herdentrieb\/2011\/11\/10\/die-cdu-zundelt_3804#breadcrumb\",\"itemListElement\":[{\"@type\":\"ListItem\",\"position\":1,\"name\":\"Startseite\",\"item\":\"https:\/\/blog.zeit.de\/herdentrieb\"},{\"@type\":\"ListItem\",\"position\":2,\"name\":\"Die CDU z\u00fcndelt\"}]},{\"@type\":\"WebSite\",\"@id\":\"https:\/\/blog.zeit.de\/herdentrieb\/#website\",\"url\":\"https:\/\/blog.zeit.de\/herdentrieb\/\",\"name\":\"Herdentrieb\",\"description\":\"So funktioniert Kapitalismus. Ein Blog\",\"potentialAction\":[{\"@type\":\"SearchAction\",\"target\":{\"@type\":\"EntryPoint\",\"urlTemplate\":\"https:\/\/blog.zeit.de\/herdentrieb\/?s={search_term_string}\"},\"query-input\":\"required name=search_term_string\"}],\"inLanguage\":\"de\"},{\"@type\":\"Person\",\"@id\":\"https:\/\/blog.zeit.de\/herdentrieb\/#\/schema\/person\/a2dfa95bbd4de7e06edc88db4e3d3871\",\"name\":\"Mark Schieritz\",\"image\":{\"@type\":\"ImageObject\",\"inLanguage\":\"de\",\"@id\":\"https:\/\/blog.zeit.de\/herdentrieb\/#\/schema\/person\/image\/\",\"url\":\"https:\/\/secure.gravatar.com\/avatar\/66e072b8ecaf6d851921c0577ca78c8c9a24223a3c3cb6df48c5d839d1b622e0?s=96&d=mm&r=g\",\"contentUrl\":\"https:\/\/secure.gravatar.com\/avatar\/66e072b8ecaf6d851921c0577ca78c8c9a24223a3c3cb6df48c5d839d1b622e0?s=96&d=mm&r=g\",\"caption\":\"Mark Schieritz\"},\"url\":\"https:\/\/blog.zeit.de\/herdentrieb\/author\/mark-schieritz\"}]}<\/script>\n<!-- \/ Yoast SEO plugin. -->","yoast_head_json":{"title":"Die CDU z\u00fcndelt  - Herdentrieb","robots":{"index":"index","follow":"follow","max-snippet":"max-snippet:-1","max-image-preview":"max-image-preview:large","max-video-preview":"max-video-preview:-1"},"canonical":"https:\/\/blog.zeit.de\/herdentrieb\/2011\/11\/10\/die-cdu-zundelt_3804","og_locale":"de_DE","og_type":"article","og_title":"Die CDU z\u00fcndelt  - Herdentrieb","og_description":"Wenn es noch eines Beweises bedurfte, dass die politische Klasse in Deutschland mit der Krise hoffnungslos \u00fcberfordert ist, dann hat ihn die CDU jetzt erbracht. Ein europapolitischer Leitantrag f\u00fcr den Bundesparteitag sieht vor, dass Mitgliedsstaaten der W\u00e4hrungsunion diese wieder verlassen k\u00f6nnen. Um es mit dem Europaparlamentarier Markus Pieper zu sagen: \u201eWenn Polen kommt, darf Griechenland [&hellip;]","og_url":"https:\/\/blog.zeit.de\/herdentrieb\/2011\/11\/10\/die-cdu-zundelt_3804","og_site_name":"Herdentrieb","article_published_time":"2011-11-10T11:09:55+00:00","article_modified_time":"2011-11-17T14:15:22+00:00","author":"Mark Schieritz","twitter_card":"summary_large_image","twitter_creator":"@zeitonline","twitter_site":"@zeitonline","twitter_misc":{"Geschrieben von":"Mark Schieritz","Gesch\u00e4tzte Lesezeit":"2\u00a0Minuten"},"schema":{"@context":"https:\/\/schema.org","@graph":[{"@type":"WebPage","@id":"https:\/\/blog.zeit.de\/herdentrieb\/2011\/11\/10\/die-cdu-zundelt_3804","url":"https:\/\/blog.zeit.de\/herdentrieb\/2011\/11\/10\/die-cdu-zundelt_3804","name":"Die CDU z\u00fcndelt - Herdentrieb","isPartOf":{"@id":"https:\/\/blog.zeit.de\/herdentrieb\/#website"},"datePublished":"2011-11-10T11:09:55+00:00","dateModified":"2011-11-17T14:15:22+00:00","author":{"@id":"https:\/\/blog.zeit.de\/herdentrieb\/#\/schema\/person\/a2dfa95bbd4de7e06edc88db4e3d3871"},"breadcrumb":{"@id":"https:\/\/blog.zeit.de\/herdentrieb\/2011\/11\/10\/die-cdu-zundelt_3804#breadcrumb"},"inLanguage":"de","potentialAction":[{"@type":"ReadAction","target":["https:\/\/blog.zeit.de\/herdentrieb\/2011\/11\/10\/die-cdu-zundelt_3804"]}]},{"@type":"BreadcrumbList","@id":"https:\/\/blog.zeit.de\/herdentrieb\/2011\/11\/10\/die-cdu-zundelt_3804#breadcrumb","itemListElement":[{"@type":"ListItem","position":1,"name":"Startseite","item":"https:\/\/blog.zeit.de\/herdentrieb"},{"@type":"ListItem","position":2,"name":"Die CDU z\u00fcndelt"}]},{"@type":"WebSite","@id":"https:\/\/blog.zeit.de\/herdentrieb\/#website","url":"https:\/\/blog.zeit.de\/herdentrieb\/","name":"Herdentrieb","description":"So funktioniert Kapitalismus. Ein Blog","potentialAction":[{"@type":"SearchAction","target":{"@type":"EntryPoint","urlTemplate":"https:\/\/blog.zeit.de\/herdentrieb\/?s={search_term_string}"},"query-input":"required name=search_term_string"}],"inLanguage":"de"},{"@type":"Person","@id":"https:\/\/blog.zeit.de\/herdentrieb\/#\/schema\/person\/a2dfa95bbd4de7e06edc88db4e3d3871","name":"Mark Schieritz","image":{"@type":"ImageObject","inLanguage":"de","@id":"https:\/\/blog.zeit.de\/herdentrieb\/#\/schema\/person\/image\/","url":"https:\/\/secure.gravatar.com\/avatar\/66e072b8ecaf6d851921c0577ca78c8c9a24223a3c3cb6df48c5d839d1b622e0?s=96&d=mm&r=g","contentUrl":"https:\/\/secure.gravatar.com\/avatar\/66e072b8ecaf6d851921c0577ca78c8c9a24223a3c3cb6df48c5d839d1b622e0?s=96&d=mm&r=g","caption":"Mark Schieritz"},"url":"https:\/\/blog.zeit.de\/herdentrieb\/author\/mark-schieritz"}]}},"jetpack_featured_media_url":"","jetpack_sharing_enabled":true,"_links":{"self":[{"href":"https:\/\/blog.zeit.de\/herdentrieb\/wp-json\/wp\/v2\/posts\/3804","targetHints":{"allow":["GET"]}}],"collection":[{"href":"https:\/\/blog.zeit.de\/herdentrieb\/wp-json\/wp\/v2\/posts"}],"about":[{"href":"https:\/\/blog.zeit.de\/herdentrieb\/wp-json\/wp\/v2\/types\/post"}],"author":[{"embeddable":true,"href":"https:\/\/blog.zeit.de\/herdentrieb\/wp-json\/wp\/v2\/users\/215"}],"replies":[{"embeddable":true,"href":"https:\/\/blog.zeit.de\/herdentrieb\/wp-json\/wp\/v2\/comments?post=3804"}],"version-history":[{"count":7,"href":"https:\/\/blog.zeit.de\/herdentrieb\/wp-json\/wp\/v2\/posts\/3804\/revisions"}],"predecessor-version":[{"id":3837,"href":"https:\/\/blog.zeit.de\/herdentrieb\/wp-json\/wp\/v2\/posts\/3804\/revisions\/3837"}],"wp:attachment":[{"href":"https:\/\/blog.zeit.de\/herdentrieb\/wp-json\/wp\/v2\/media?parent=3804"}],"wp:term":[{"taxonomy":"category","embeddable":true,"href":"https:\/\/blog.zeit.de\/herdentrieb\/wp-json\/wp\/v2\/categories?post=3804"},{"taxonomy":"post_tag","embeddable":true,"href":"https:\/\/blog.zeit.de\/herdentrieb\/wp-json\/wp\/v2\/tags?post=3804"}],"curies":[{"name":"wp","href":"https:\/\/api.w.org\/{rel}","templated":true}]}}