{"id":3824,"date":"2011-11-15T15:32:11","date_gmt":"2011-11-15T14:32:11","guid":{"rendered":"http:\/\/blog.zeit.de\/herdentrieb\/?p=3824"},"modified":"2011-11-15T15:33:12","modified_gmt":"2011-11-15T14:33:12","slug":"wir-hunnen","status":"publish","type":"post","link":"https:\/\/blog.zeit.de\/herdentrieb\/2011\/11\/15\/wir-hunnen_3824","title":{"rendered":"Wir Hunnen"},"content":{"rendered":"<p>Volker Kauder, heute auf dem Parteitag der CDU:<\/p>\n<p style=\"padding-left: 30px;\"><em>&#8222;Jetzt auf einmal wird in Europa Deutsch gesprochen.&#8220;<\/em><\/p>\n<p>Er meint es sicher nicht so, aber doch sind es solche S\u00e4tze, die Unbehagen wecken. Ganz im Ernst: Warum dieses Auftrumpfen, sobald man sich im Recht und auf der \u00dcberholspur w\u00e4hnt? Dieses Rechthaberische? Warum nicht genie\u00dfen, werben, \u00fcberzeugen?<\/p>\n<p>Irgend etwas stimmt mit den Deutschen nicht.<\/p>\n","protected":false},"excerpt":{"rendered":"<p>Volker Kauder, heute auf dem Parteitag der CDU: &#8222;Jetzt auf einmal wird in Europa Deutsch gesprochen.&#8220; Er meint es sicher nicht so, aber doch sind es solche S\u00e4tze, die Unbehagen wecken. Ganz im Ernst: Warum dieses Auftrumpfen, sobald man sich im Recht und auf der \u00dcberholspur w\u00e4hnt? Dieses Rechthaberische? Warum nicht genie\u00dfen, werben, \u00fcberzeugen? Irgend [&hellip;]<\/p>\n","protected":false},"author":215,"featured_media":0,"comment_status":"open","ping_status":"closed","sticky":false,"template":"","format":"standard","meta":{"_jetpack_memberships_contains_paid_content":false,"footnotes":""},"categories":[3],"tags":[],"class_list":["post-3824","post","type-post","status-publish","format-standard","hentry","category-der-aktuelle-rand"],"yoast_head":"<!-- This site is optimized with the Yoast SEO plugin v21.0 - https:\/\/yoast.com\/wordpress\/plugins\/seo\/ -->\n<title>Wir Hunnen - Herdentrieb<\/title>\n<meta name=\"robots\" content=\"index, follow, max-snippet:-1, max-image-preview:large, max-video-preview:-1\" \/>\n<link rel=\"canonical\" href=\"https:\/\/blog.zeit.de\/herdentrieb\/2011\/11\/15\/wir-hunnen_3824\" \/>\n<meta property=\"og:locale\" content=\"de_DE\" \/>\n<meta property=\"og:type\" content=\"article\" \/>\n<meta property=\"og:title\" content=\"Wir Hunnen - Herdentrieb\" \/>\n<meta property=\"og:description\" content=\"Volker Kauder, heute auf dem Parteitag der CDU: &#8222;Jetzt auf einmal wird in Europa Deutsch gesprochen.&#8220; Er meint es sicher nicht so, aber doch sind es solche S\u00e4tze, die Unbehagen wecken. Ganz im Ernst: Warum dieses Auftrumpfen, sobald man sich im Recht und auf der \u00dcberholspur w\u00e4hnt? Dieses Rechthaberische? Warum nicht genie\u00dfen, werben, \u00fcberzeugen? Irgend [&hellip;]\" \/>\n<meta property=\"og:url\" content=\"https:\/\/blog.zeit.de\/herdentrieb\/2011\/11\/15\/wir-hunnen_3824\" \/>\n<meta property=\"og:site_name\" content=\"Herdentrieb\" \/>\n<meta property=\"article:published_time\" content=\"2011-11-15T14:32:11+00:00\" \/>\n<meta property=\"article:modified_time\" content=\"2011-11-15T14:33:12+00:00\" \/>\n<meta name=\"author\" content=\"Mark Schieritz\" \/>\n<meta name=\"twitter:card\" content=\"summary_large_image\" \/>\n<meta name=\"twitter:creator\" content=\"@zeitonline\" \/>\n<meta name=\"twitter:site\" content=\"@zeitonline\" \/>\n<meta name=\"twitter:label1\" content=\"Geschrieben von\" \/>\n\t<meta name=\"twitter:data1\" content=\"Mark Schieritz\" \/>\n<script type=\"application\/ld+json\" class=\"yoast-schema-graph\">{\"@context\":\"https:\/\/schema.org\",\"@graph\":[{\"@type\":\"WebPage\",\"@id\":\"https:\/\/blog.zeit.de\/herdentrieb\/2011\/11\/15\/wir-hunnen_3824\",\"url\":\"https:\/\/blog.zeit.de\/herdentrieb\/2011\/11\/15\/wir-hunnen_3824\",\"name\":\"Wir Hunnen - Herdentrieb\",\"isPartOf\":{\"@id\":\"https:\/\/blog.zeit.de\/herdentrieb\/#website\"},\"datePublished\":\"2011-11-15T14:32:11+00:00\",\"dateModified\":\"2011-11-15T14:33:12+00:00\",\"author\":{\"@id\":\"https:\/\/blog.zeit.de\/herdentrieb\/#\/schema\/person\/a2dfa95bbd4de7e06edc88db4e3d3871\"},\"breadcrumb\":{\"@id\":\"https:\/\/blog.zeit.de\/herdentrieb\/2011\/11\/15\/wir-hunnen_3824#breadcrumb\"},\"inLanguage\":\"de\",\"potentialAction\":[{\"@type\":\"ReadAction\",\"target\":[\"https:\/\/blog.zeit.de\/herdentrieb\/2011\/11\/15\/wir-hunnen_3824\"]}]},{\"@type\":\"BreadcrumbList\",\"@id\":\"https:\/\/blog.zeit.de\/herdentrieb\/2011\/11\/15\/wir-hunnen_3824#breadcrumb\",\"itemListElement\":[{\"@type\":\"ListItem\",\"position\":1,\"name\":\"Startseite\",\"item\":\"https:\/\/blog.zeit.de\/herdentrieb\"},{\"@type\":\"ListItem\",\"position\":2,\"name\":\"Wir Hunnen\"}]},{\"@type\":\"WebSite\",\"@id\":\"https:\/\/blog.zeit.de\/herdentrieb\/#website\",\"url\":\"https:\/\/blog.zeit.de\/herdentrieb\/\",\"name\":\"Herdentrieb\",\"description\":\"So funktioniert Kapitalismus. Ein Blog\",\"potentialAction\":[{\"@type\":\"SearchAction\",\"target\":{\"@type\":\"EntryPoint\",\"urlTemplate\":\"https:\/\/blog.zeit.de\/herdentrieb\/?s={search_term_string}\"},\"query-input\":\"required name=search_term_string\"}],\"inLanguage\":\"de\"},{\"@type\":\"Person\",\"@id\":\"https:\/\/blog.zeit.de\/herdentrieb\/#\/schema\/person\/a2dfa95bbd4de7e06edc88db4e3d3871\",\"name\":\"Mark Schieritz\",\"image\":{\"@type\":\"ImageObject\",\"inLanguage\":\"de\",\"@id\":\"https:\/\/blog.zeit.de\/herdentrieb\/#\/schema\/person\/image\/\",\"url\":\"https:\/\/secure.gravatar.com\/avatar\/66e072b8ecaf6d851921c0577ca78c8c9a24223a3c3cb6df48c5d839d1b622e0?s=96&d=mm&r=g\",\"contentUrl\":\"https:\/\/secure.gravatar.com\/avatar\/66e072b8ecaf6d851921c0577ca78c8c9a24223a3c3cb6df48c5d839d1b622e0?s=96&d=mm&r=g\",\"caption\":\"Mark Schieritz\"},\"url\":\"https:\/\/blog.zeit.de\/herdentrieb\/author\/mark-schieritz\"}]}<\/script>\n<!-- \/ Yoast SEO plugin. -->","yoast_head_json":{"title":"Wir Hunnen - Herdentrieb","robots":{"index":"index","follow":"follow","max-snippet":"max-snippet:-1","max-image-preview":"max-image-preview:large","max-video-preview":"max-video-preview:-1"},"canonical":"https:\/\/blog.zeit.de\/herdentrieb\/2011\/11\/15\/wir-hunnen_3824","og_locale":"de_DE","og_type":"article","og_title":"Wir Hunnen - Herdentrieb","og_description":"Volker Kauder, heute auf dem Parteitag der CDU: &#8222;Jetzt auf einmal wird in Europa Deutsch gesprochen.&#8220; Er meint es sicher nicht so, aber doch sind es solche S\u00e4tze, die Unbehagen wecken. Ganz im Ernst: Warum dieses Auftrumpfen, sobald man sich im Recht und auf der \u00dcberholspur w\u00e4hnt? Dieses Rechthaberische? Warum nicht genie\u00dfen, werben, \u00fcberzeugen? Irgend [&hellip;]","og_url":"https:\/\/blog.zeit.de\/herdentrieb\/2011\/11\/15\/wir-hunnen_3824","og_site_name":"Herdentrieb","article_published_time":"2011-11-15T14:32:11+00:00","article_modified_time":"2011-11-15T14:33:12+00:00","author":"Mark Schieritz","twitter_card":"summary_large_image","twitter_creator":"@zeitonline","twitter_site":"@zeitonline","twitter_misc":{"Geschrieben von":"Mark Schieritz"},"schema":{"@context":"https:\/\/schema.org","@graph":[{"@type":"WebPage","@id":"https:\/\/blog.zeit.de\/herdentrieb\/2011\/11\/15\/wir-hunnen_3824","url":"https:\/\/blog.zeit.de\/herdentrieb\/2011\/11\/15\/wir-hunnen_3824","name":"Wir Hunnen - Herdentrieb","isPartOf":{"@id":"https:\/\/blog.zeit.de\/herdentrieb\/#website"},"datePublished":"2011-11-15T14:32:11+00:00","dateModified":"2011-11-15T14:33:12+00:00","author":{"@id":"https:\/\/blog.zeit.de\/herdentrieb\/#\/schema\/person\/a2dfa95bbd4de7e06edc88db4e3d3871"},"breadcrumb":{"@id":"https:\/\/blog.zeit.de\/herdentrieb\/2011\/11\/15\/wir-hunnen_3824#breadcrumb"},"inLanguage":"de","potentialAction":[{"@type":"ReadAction","target":["https:\/\/blog.zeit.de\/herdentrieb\/2011\/11\/15\/wir-hunnen_3824"]}]},{"@type":"BreadcrumbList","@id":"https:\/\/blog.zeit.de\/herdentrieb\/2011\/11\/15\/wir-hunnen_3824#breadcrumb","itemListElement":[{"@type":"ListItem","position":1,"name":"Startseite","item":"https:\/\/blog.zeit.de\/herdentrieb"},{"@type":"ListItem","position":2,"name":"Wir Hunnen"}]},{"@type":"WebSite","@id":"https:\/\/blog.zeit.de\/herdentrieb\/#website","url":"https:\/\/blog.zeit.de\/herdentrieb\/","name":"Herdentrieb","description":"So funktioniert Kapitalismus. Ein Blog","potentialAction":[{"@type":"SearchAction","target":{"@type":"EntryPoint","urlTemplate":"https:\/\/blog.zeit.de\/herdentrieb\/?s={search_term_string}"},"query-input":"required name=search_term_string"}],"inLanguage":"de"},{"@type":"Person","@id":"https:\/\/blog.zeit.de\/herdentrieb\/#\/schema\/person\/a2dfa95bbd4de7e06edc88db4e3d3871","name":"Mark Schieritz","image":{"@type":"ImageObject","inLanguage":"de","@id":"https:\/\/blog.zeit.de\/herdentrieb\/#\/schema\/person\/image\/","url":"https:\/\/secure.gravatar.com\/avatar\/66e072b8ecaf6d851921c0577ca78c8c9a24223a3c3cb6df48c5d839d1b622e0?s=96&d=mm&r=g","contentUrl":"https:\/\/secure.gravatar.com\/avatar\/66e072b8ecaf6d851921c0577ca78c8c9a24223a3c3cb6df48c5d839d1b622e0?s=96&d=mm&r=g","caption":"Mark Schieritz"},"url":"https:\/\/blog.zeit.de\/herdentrieb\/author\/mark-schieritz"}]}},"jetpack_featured_media_url":"","jetpack_sharing_enabled":true,"_links":{"self":[{"href":"https:\/\/blog.zeit.de\/herdentrieb\/wp-json\/wp\/v2\/posts\/3824","targetHints":{"allow":["GET"]}}],"collection":[{"href":"https:\/\/blog.zeit.de\/herdentrieb\/wp-json\/wp\/v2\/posts"}],"about":[{"href":"https:\/\/blog.zeit.de\/herdentrieb\/wp-json\/wp\/v2\/types\/post"}],"author":[{"embeddable":true,"href":"https:\/\/blog.zeit.de\/herdentrieb\/wp-json\/wp\/v2\/users\/215"}],"replies":[{"embeddable":true,"href":"https:\/\/blog.zeit.de\/herdentrieb\/wp-json\/wp\/v2\/comments?post=3824"}],"version-history":[{"count":3,"href":"https:\/\/blog.zeit.de\/herdentrieb\/wp-json\/wp\/v2\/posts\/3824\/revisions"}],"predecessor-version":[{"id":3827,"href":"https:\/\/blog.zeit.de\/herdentrieb\/wp-json\/wp\/v2\/posts\/3824\/revisions\/3827"}],"wp:attachment":[{"href":"https:\/\/blog.zeit.de\/herdentrieb\/wp-json\/wp\/v2\/media?parent=3824"}],"wp:term":[{"taxonomy":"category","embeddable":true,"href":"https:\/\/blog.zeit.de\/herdentrieb\/wp-json\/wp\/v2\/categories?post=3824"},{"taxonomy":"post_tag","embeddable":true,"href":"https:\/\/blog.zeit.de\/herdentrieb\/wp-json\/wp\/v2\/tags?post=3824"}],"curies":[{"name":"wp","href":"https:\/\/api.w.org\/{rel}","templated":true}]}}