{"id":3922,"date":"2011-11-25T19:21:46","date_gmt":"2011-11-25T18:21:46","guid":{"rendered":"http:\/\/blog.zeit.de\/herdentrieb\/?p=3922"},"modified":"2011-11-26T17:44:52","modified_gmt":"2011-11-26T16:44:52","slug":"europa-spricht-deutsch-und-die-markte-flippen-aus","status":"publish","type":"post","link":"https:\/\/blog.zeit.de\/herdentrieb\/2011\/11\/25\/europa-spricht-deutsch-und-die-markte-flippen-aus_3922","title":{"rendered":"Europa spricht deutsch und die M\u00e4rkte flippen aus"},"content":{"rendered":"<p>Interessant die Rendite auf italienische Staatsanleihen gestern w\u00e4hrend der Pressekonferenz von Angela Merkel und Stra\u00dfburg, als die Vertragsreform verk\u00fcndet wurde und es sich damit abzeichnet, dass es k\u00fcnftig ein strenges Haushaltsregime geben wird in Europa.<\/p>\n<p><a href=\"https:\/\/blog.zeit.de\/herdentrieb\/files\/2011\/11\/reutersitaly.jpg\"><img loading=\"lazy\" decoding=\"async\" src=\"https:\/\/blog.zeit.de\/herdentrieb\/files\/2011\/11\/reutersitaly.jpg\" alt=\"Grafik: reutersitaly\" title=\"reutersitaly\" width=\"438\" height=\"399\" class=\"alignnone size-full wp-image-3923\" srcset=\"https:\/\/blog.zeit.de\/herdentrieb\/files\/2011\/11\/reutersitaly.jpg 438w, https:\/\/blog.zeit.de\/herdentrieb\/files\/2011\/11\/reutersitaly-300x273.jpg 300w\" sizes=\"auto, (max-width: 438px) 100vw, 438px\" \/><\/a><\/p>\n<p>Und die Auktion heute war alles andere als erfreulich \u2013 fast acht Prozent f\u00fcr zweij\u00e4hrige, das ist Irrsinn. Daraus folgt: Auch wenn wir Schuldens\u00fcnder k\u00fcnftig auf die Guillotine schicken: Das wird den Markt nicht beruhigen. Die H\u00e4rtung der Regeln ist eine notwendige, aber keine hinreichende Bedingung f\u00fcr die Stabilisierung der W\u00e4hrungsunion.<\/p>\n<p>Das ist keine Frage der Ideologie oder der \u00dcberzeugungen, sondern der Fakten. Mir w\u00e4re es auch lieber, wenn ein paar neue Regeln beruhigend wirkten, aber das ist nicht so.<\/p>\n<p>Es wird irgendeine Form der kurzfristig wirkenden St\u00fctzung geben m\u00fcssen \u2013 von wem auch immer und trotz aller Risiken. Oder es kommt das Armageddon.<\/p>\n<p>Anders gesagt: Entweder Zinssozialismus, oder wir k\u00f6nnen schon einmal die Kartoffeln einlagern und aufs Land ziehen.<\/p>\n","protected":false},"excerpt":{"rendered":"<p>Interessant die Rendite auf italienische Staatsanleihen gestern w\u00e4hrend der Pressekonferenz von Angela Merkel und Stra\u00dfburg, als die Vertragsreform verk\u00fcndet wurde und es sich damit abzeichnet, dass es k\u00fcnftig ein strenges Haushaltsregime geben wird in Europa. Und die Auktion heute war alles andere als erfreulich \u2013 fast acht Prozent f\u00fcr zweij\u00e4hrige, das ist Irrsinn. Daraus folgt: [&hellip;]<\/p>\n","protected":false},"author":215,"featured_media":0,"comment_status":"open","ping_status":"closed","sticky":false,"template":"","format":"standard","meta":{"_jetpack_memberships_contains_paid_content":false,"footnotes":""},"categories":[3,1259],"tags":[],"class_list":["post-3922","post","type-post","status-publish","format-standard","hentry","category-der-aktuelle-rand","category-der-zeitungsleser"],"yoast_head":"<!-- This site is optimized with the Yoast SEO plugin v21.0 - https:\/\/yoast.com\/wordpress\/plugins\/seo\/ -->\n<title>Europa spricht deutsch und die M\u00e4rkte flippen aus - Herdentrieb<\/title>\n<meta name=\"robots\" content=\"index, follow, max-snippet:-1, max-image-preview:large, max-video-preview:-1\" \/>\n<link rel=\"canonical\" href=\"https:\/\/blog.zeit.de\/herdentrieb\/2011\/11\/25\/europa-spricht-deutsch-und-die-markte-flippen-aus_3922\" \/>\n<meta property=\"og:locale\" content=\"de_DE\" \/>\n<meta property=\"og:type\" content=\"article\" \/>\n<meta property=\"og:title\" content=\"Europa spricht deutsch und die M\u00e4rkte flippen aus - Herdentrieb\" \/>\n<meta property=\"og:description\" content=\"Interessant die Rendite auf italienische Staatsanleihen gestern w\u00e4hrend der Pressekonferenz von Angela Merkel und Stra\u00dfburg, als die Vertragsreform verk\u00fcndet wurde und es sich damit abzeichnet, dass es k\u00fcnftig ein strenges Haushaltsregime geben wird in Europa. Und die Auktion heute war alles andere als erfreulich \u2013 fast acht Prozent f\u00fcr zweij\u00e4hrige, das ist Irrsinn. Daraus folgt: [&hellip;]\" \/>\n<meta property=\"og:url\" content=\"https:\/\/blog.zeit.de\/herdentrieb\/2011\/11\/25\/europa-spricht-deutsch-und-die-markte-flippen-aus_3922\" \/>\n<meta property=\"og:site_name\" content=\"Herdentrieb\" \/>\n<meta property=\"article:published_time\" content=\"2011-11-25T18:21:46+00:00\" \/>\n<meta property=\"article:modified_time\" content=\"2011-11-26T16:44:52+00:00\" \/>\n<meta property=\"og:image\" content=\"https:\/\/blog.zeit.de\/herdentrieb\/files\/2011\/11\/reutersitaly.jpg\" \/>\n<meta name=\"author\" content=\"Mark Schieritz\" \/>\n<meta name=\"twitter:card\" content=\"summary_large_image\" \/>\n<meta name=\"twitter:creator\" content=\"@zeitonline\" \/>\n<meta name=\"twitter:site\" content=\"@zeitonline\" \/>\n<meta name=\"twitter:label1\" content=\"Geschrieben von\" \/>\n\t<meta name=\"twitter:data1\" content=\"Mark Schieritz\" \/>\n\t<meta name=\"twitter:label2\" content=\"Gesch\u00e4tzte Lesezeit\" \/>\n\t<meta name=\"twitter:data2\" content=\"1\u00a0Minute\" \/>\n<script type=\"application\/ld+json\" class=\"yoast-schema-graph\">{\"@context\":\"https:\/\/schema.org\",\"@graph\":[{\"@type\":\"WebPage\",\"@id\":\"https:\/\/blog.zeit.de\/herdentrieb\/2011\/11\/25\/europa-spricht-deutsch-und-die-markte-flippen-aus_3922\",\"url\":\"https:\/\/blog.zeit.de\/herdentrieb\/2011\/11\/25\/europa-spricht-deutsch-und-die-markte-flippen-aus_3922\",\"name\":\"Europa spricht deutsch und die M\u00e4rkte flippen aus - Herdentrieb\",\"isPartOf\":{\"@id\":\"https:\/\/blog.zeit.de\/herdentrieb\/#website\"},\"datePublished\":\"2011-11-25T18:21:46+00:00\",\"dateModified\":\"2011-11-26T16:44:52+00:00\",\"author\":{\"@id\":\"https:\/\/blog.zeit.de\/herdentrieb\/#\/schema\/person\/a2dfa95bbd4de7e06edc88db4e3d3871\"},\"breadcrumb\":{\"@id\":\"https:\/\/blog.zeit.de\/herdentrieb\/2011\/11\/25\/europa-spricht-deutsch-und-die-markte-flippen-aus_3922#breadcrumb\"},\"inLanguage\":\"de\",\"potentialAction\":[{\"@type\":\"ReadAction\",\"target\":[\"https:\/\/blog.zeit.de\/herdentrieb\/2011\/11\/25\/europa-spricht-deutsch-und-die-markte-flippen-aus_3922\"]}]},{\"@type\":\"BreadcrumbList\",\"@id\":\"https:\/\/blog.zeit.de\/herdentrieb\/2011\/11\/25\/europa-spricht-deutsch-und-die-markte-flippen-aus_3922#breadcrumb\",\"itemListElement\":[{\"@type\":\"ListItem\",\"position\":1,\"name\":\"Startseite\",\"item\":\"https:\/\/blog.zeit.de\/herdentrieb\"},{\"@type\":\"ListItem\",\"position\":2,\"name\":\"Europa spricht deutsch und die M\u00e4rkte flippen aus\"}]},{\"@type\":\"WebSite\",\"@id\":\"https:\/\/blog.zeit.de\/herdentrieb\/#website\",\"url\":\"https:\/\/blog.zeit.de\/herdentrieb\/\",\"name\":\"Herdentrieb\",\"description\":\"So funktioniert Kapitalismus. Ein Blog\",\"potentialAction\":[{\"@type\":\"SearchAction\",\"target\":{\"@type\":\"EntryPoint\",\"urlTemplate\":\"https:\/\/blog.zeit.de\/herdentrieb\/?s={search_term_string}\"},\"query-input\":\"required name=search_term_string\"}],\"inLanguage\":\"de\"},{\"@type\":\"Person\",\"@id\":\"https:\/\/blog.zeit.de\/herdentrieb\/#\/schema\/person\/a2dfa95bbd4de7e06edc88db4e3d3871\",\"name\":\"Mark Schieritz\",\"image\":{\"@type\":\"ImageObject\",\"inLanguage\":\"de\",\"@id\":\"https:\/\/blog.zeit.de\/herdentrieb\/#\/schema\/person\/image\/\",\"url\":\"https:\/\/secure.gravatar.com\/avatar\/66e072b8ecaf6d851921c0577ca78c8c9a24223a3c3cb6df48c5d839d1b622e0?s=96&d=mm&r=g\",\"contentUrl\":\"https:\/\/secure.gravatar.com\/avatar\/66e072b8ecaf6d851921c0577ca78c8c9a24223a3c3cb6df48c5d839d1b622e0?s=96&d=mm&r=g\",\"caption\":\"Mark Schieritz\"},\"url\":\"https:\/\/blog.zeit.de\/herdentrieb\/author\/mark-schieritz\"}]}<\/script>\n<!-- \/ Yoast SEO plugin. -->","yoast_head_json":{"title":"Europa spricht deutsch und die M\u00e4rkte flippen aus - Herdentrieb","robots":{"index":"index","follow":"follow","max-snippet":"max-snippet:-1","max-image-preview":"max-image-preview:large","max-video-preview":"max-video-preview:-1"},"canonical":"https:\/\/blog.zeit.de\/herdentrieb\/2011\/11\/25\/europa-spricht-deutsch-und-die-markte-flippen-aus_3922","og_locale":"de_DE","og_type":"article","og_title":"Europa spricht deutsch und die M\u00e4rkte flippen aus - Herdentrieb","og_description":"Interessant die Rendite auf italienische Staatsanleihen gestern w\u00e4hrend der Pressekonferenz von Angela Merkel und Stra\u00dfburg, als die Vertragsreform verk\u00fcndet wurde und es sich damit abzeichnet, dass es k\u00fcnftig ein strenges Haushaltsregime geben wird in Europa. Und die Auktion heute war alles andere als erfreulich \u2013 fast acht Prozent f\u00fcr zweij\u00e4hrige, das ist Irrsinn. Daraus folgt: [&hellip;]","og_url":"https:\/\/blog.zeit.de\/herdentrieb\/2011\/11\/25\/europa-spricht-deutsch-und-die-markte-flippen-aus_3922","og_site_name":"Herdentrieb","article_published_time":"2011-11-25T18:21:46+00:00","article_modified_time":"2011-11-26T16:44:52+00:00","og_image":[{"url":"https:\/\/blog.zeit.de\/herdentrieb\/files\/2011\/11\/reutersitaly.jpg"}],"author":"Mark Schieritz","twitter_card":"summary_large_image","twitter_creator":"@zeitonline","twitter_site":"@zeitonline","twitter_misc":{"Geschrieben von":"Mark Schieritz","Gesch\u00e4tzte Lesezeit":"1\u00a0Minute"},"schema":{"@context":"https:\/\/schema.org","@graph":[{"@type":"WebPage","@id":"https:\/\/blog.zeit.de\/herdentrieb\/2011\/11\/25\/europa-spricht-deutsch-und-die-markte-flippen-aus_3922","url":"https:\/\/blog.zeit.de\/herdentrieb\/2011\/11\/25\/europa-spricht-deutsch-und-die-markte-flippen-aus_3922","name":"Europa spricht deutsch und die M\u00e4rkte flippen aus - Herdentrieb","isPartOf":{"@id":"https:\/\/blog.zeit.de\/herdentrieb\/#website"},"datePublished":"2011-11-25T18:21:46+00:00","dateModified":"2011-11-26T16:44:52+00:00","author":{"@id":"https:\/\/blog.zeit.de\/herdentrieb\/#\/schema\/person\/a2dfa95bbd4de7e06edc88db4e3d3871"},"breadcrumb":{"@id":"https:\/\/blog.zeit.de\/herdentrieb\/2011\/11\/25\/europa-spricht-deutsch-und-die-markte-flippen-aus_3922#breadcrumb"},"inLanguage":"de","potentialAction":[{"@type":"ReadAction","target":["https:\/\/blog.zeit.de\/herdentrieb\/2011\/11\/25\/europa-spricht-deutsch-und-die-markte-flippen-aus_3922"]}]},{"@type":"BreadcrumbList","@id":"https:\/\/blog.zeit.de\/herdentrieb\/2011\/11\/25\/europa-spricht-deutsch-und-die-markte-flippen-aus_3922#breadcrumb","itemListElement":[{"@type":"ListItem","position":1,"name":"Startseite","item":"https:\/\/blog.zeit.de\/herdentrieb"},{"@type":"ListItem","position":2,"name":"Europa spricht deutsch und die M\u00e4rkte flippen aus"}]},{"@type":"WebSite","@id":"https:\/\/blog.zeit.de\/herdentrieb\/#website","url":"https:\/\/blog.zeit.de\/herdentrieb\/","name":"Herdentrieb","description":"So funktioniert Kapitalismus. Ein Blog","potentialAction":[{"@type":"SearchAction","target":{"@type":"EntryPoint","urlTemplate":"https:\/\/blog.zeit.de\/herdentrieb\/?s={search_term_string}"},"query-input":"required name=search_term_string"}],"inLanguage":"de"},{"@type":"Person","@id":"https:\/\/blog.zeit.de\/herdentrieb\/#\/schema\/person\/a2dfa95bbd4de7e06edc88db4e3d3871","name":"Mark Schieritz","image":{"@type":"ImageObject","inLanguage":"de","@id":"https:\/\/blog.zeit.de\/herdentrieb\/#\/schema\/person\/image\/","url":"https:\/\/secure.gravatar.com\/avatar\/66e072b8ecaf6d851921c0577ca78c8c9a24223a3c3cb6df48c5d839d1b622e0?s=96&d=mm&r=g","contentUrl":"https:\/\/secure.gravatar.com\/avatar\/66e072b8ecaf6d851921c0577ca78c8c9a24223a3c3cb6df48c5d839d1b622e0?s=96&d=mm&r=g","caption":"Mark Schieritz"},"url":"https:\/\/blog.zeit.de\/herdentrieb\/author\/mark-schieritz"}]}},"jetpack_featured_media_url":"","jetpack_sharing_enabled":true,"_links":{"self":[{"href":"https:\/\/blog.zeit.de\/herdentrieb\/wp-json\/wp\/v2\/posts\/3922","targetHints":{"allow":["GET"]}}],"collection":[{"href":"https:\/\/blog.zeit.de\/herdentrieb\/wp-json\/wp\/v2\/posts"}],"about":[{"href":"https:\/\/blog.zeit.de\/herdentrieb\/wp-json\/wp\/v2\/types\/post"}],"author":[{"embeddable":true,"href":"https:\/\/blog.zeit.de\/herdentrieb\/wp-json\/wp\/v2\/users\/215"}],"replies":[{"embeddable":true,"href":"https:\/\/blog.zeit.de\/herdentrieb\/wp-json\/wp\/v2\/comments?post=3922"}],"version-history":[{"count":3,"href":"https:\/\/blog.zeit.de\/herdentrieb\/wp-json\/wp\/v2\/posts\/3922\/revisions"}],"predecessor-version":[{"id":3925,"href":"https:\/\/blog.zeit.de\/herdentrieb\/wp-json\/wp\/v2\/posts\/3922\/revisions\/3925"}],"wp:attachment":[{"href":"https:\/\/blog.zeit.de\/herdentrieb\/wp-json\/wp\/v2\/media?parent=3922"}],"wp:term":[{"taxonomy":"category","embeddable":true,"href":"https:\/\/blog.zeit.de\/herdentrieb\/wp-json\/wp\/v2\/categories?post=3922"},{"taxonomy":"post_tag","embeddable":true,"href":"https:\/\/blog.zeit.de\/herdentrieb\/wp-json\/wp\/v2\/tags?post=3922"}],"curies":[{"name":"wp","href":"https:\/\/api.w.org\/{rel}","templated":true}]}}