{"id":3929,"date":"2011-11-27T22:37:56","date_gmt":"2011-11-27T21:37:56","guid":{"rendered":"http:\/\/blog.zeit.de\/herdentrieb\/?p=3929"},"modified":"2011-11-27T22:37:56","modified_gmt":"2011-11-27T21:37:56","slug":"lehrstunde-mit-zu-guttenberg","status":"publish","type":"post","link":"https:\/\/blog.zeit.de\/herdentrieb\/2011\/11\/27\/lehrstunde-mit-zu-guttenberg_3929","title":{"rendered":"Lehrstunde mit zu Guttenberg"},"content":{"rendered":"<p>Aus dem Spiegel:<\/p>\n<p style=\"padding-left: 30px;\">Zudem beklagt sich der ehemalige Verteidigungsminister \u00fcber die politische Ahnungslosigkeit anderer Politiker. Er sei fasziniert von der &#8222;ersch\u00fctternden Unkenntnis bis in die politischen Spitzen hinein, was Mechanismen, Regeln und Abl\u00e4ufe internationaler Kapitalstr\u00f6me anbelangt&#8220;, so Guttenberg.<\/p>\n<p>Ok, ich geh\u00f6re nun wirklich nicht zu seinen Freunden und habe keine Ahnung, ob er es besser gemacht h\u00e4tte bzw. wo er etwas \u00fcber die M\u00e4rkte gelernt haben will (hat er statt in Jura zu promovieren heimlich VWL geb\u00fcffelt?): Aber wo er recht hat, hat er recht.<\/p>\n<p style=\"padding-left: 30px;\">\n","protected":false},"excerpt":{"rendered":"<p>Aus dem Spiegel: Zudem beklagt sich der ehemalige Verteidigungsminister \u00fcber die politische Ahnungslosigkeit anderer Politiker. Er sei fasziniert von der &#8222;ersch\u00fctternden Unkenntnis bis in die politischen Spitzen hinein, was Mechanismen, Regeln und Abl\u00e4ufe internationaler Kapitalstr\u00f6me anbelangt&#8220;, so Guttenberg. Ok, ich geh\u00f6re nun wirklich nicht zu seinen Freunden und habe keine Ahnung, ob er es besser [&hellip;]<\/p>\n","protected":false},"author":215,"featured_media":0,"comment_status":"open","ping_status":"closed","sticky":false,"template":"","format":"standard","meta":{"_jetpack_memberships_contains_paid_content":false,"footnotes":""},"categories":[3,1259],"tags":[],"class_list":["post-3929","post","type-post","status-publish","format-standard","hentry","category-der-aktuelle-rand","category-der-zeitungsleser"],"yoast_head":"<!-- This site is optimized with the Yoast SEO plugin v21.0 - https:\/\/yoast.com\/wordpress\/plugins\/seo\/ -->\n<title>Lehrstunde mit zu Guttenberg - Herdentrieb<\/title>\n<meta name=\"robots\" content=\"index, follow, max-snippet:-1, max-image-preview:large, max-video-preview:-1\" \/>\n<link rel=\"canonical\" href=\"https:\/\/blog.zeit.de\/herdentrieb\/2011\/11\/27\/lehrstunde-mit-zu-guttenberg_3929\" \/>\n<meta property=\"og:locale\" content=\"de_DE\" \/>\n<meta property=\"og:type\" content=\"article\" \/>\n<meta property=\"og:title\" content=\"Lehrstunde mit zu Guttenberg - Herdentrieb\" \/>\n<meta property=\"og:description\" content=\"Aus dem Spiegel: Zudem beklagt sich der ehemalige Verteidigungsminister \u00fcber die politische Ahnungslosigkeit anderer Politiker. Er sei fasziniert von der &#8222;ersch\u00fctternden Unkenntnis bis in die politischen Spitzen hinein, was Mechanismen, Regeln und Abl\u00e4ufe internationaler Kapitalstr\u00f6me anbelangt&#8220;, so Guttenberg. Ok, ich geh\u00f6re nun wirklich nicht zu seinen Freunden und habe keine Ahnung, ob er es besser [&hellip;]\" \/>\n<meta property=\"og:url\" content=\"https:\/\/blog.zeit.de\/herdentrieb\/2011\/11\/27\/lehrstunde-mit-zu-guttenberg_3929\" \/>\n<meta property=\"og:site_name\" content=\"Herdentrieb\" \/>\n<meta property=\"article:published_time\" content=\"2011-11-27T21:37:56+00:00\" \/>\n<meta name=\"author\" content=\"Mark Schieritz\" \/>\n<meta name=\"twitter:card\" content=\"summary_large_image\" \/>\n<meta name=\"twitter:creator\" content=\"@zeitonline\" \/>\n<meta name=\"twitter:site\" content=\"@zeitonline\" \/>\n<meta name=\"twitter:label1\" content=\"Geschrieben von\" \/>\n\t<meta name=\"twitter:data1\" content=\"Mark Schieritz\" \/>\n<script type=\"application\/ld+json\" class=\"yoast-schema-graph\">{\"@context\":\"https:\/\/schema.org\",\"@graph\":[{\"@type\":\"WebPage\",\"@id\":\"https:\/\/blog.zeit.de\/herdentrieb\/2011\/11\/27\/lehrstunde-mit-zu-guttenberg_3929\",\"url\":\"https:\/\/blog.zeit.de\/herdentrieb\/2011\/11\/27\/lehrstunde-mit-zu-guttenberg_3929\",\"name\":\"Lehrstunde mit zu Guttenberg - Herdentrieb\",\"isPartOf\":{\"@id\":\"https:\/\/blog.zeit.de\/herdentrieb\/#website\"},\"datePublished\":\"2011-11-27T21:37:56+00:00\",\"dateModified\":\"2011-11-27T21:37:56+00:00\",\"author\":{\"@id\":\"https:\/\/blog.zeit.de\/herdentrieb\/#\/schema\/person\/a2dfa95bbd4de7e06edc88db4e3d3871\"},\"breadcrumb\":{\"@id\":\"https:\/\/blog.zeit.de\/herdentrieb\/2011\/11\/27\/lehrstunde-mit-zu-guttenberg_3929#breadcrumb\"},\"inLanguage\":\"de\",\"potentialAction\":[{\"@type\":\"ReadAction\",\"target\":[\"https:\/\/blog.zeit.de\/herdentrieb\/2011\/11\/27\/lehrstunde-mit-zu-guttenberg_3929\"]}]},{\"@type\":\"BreadcrumbList\",\"@id\":\"https:\/\/blog.zeit.de\/herdentrieb\/2011\/11\/27\/lehrstunde-mit-zu-guttenberg_3929#breadcrumb\",\"itemListElement\":[{\"@type\":\"ListItem\",\"position\":1,\"name\":\"Startseite\",\"item\":\"https:\/\/blog.zeit.de\/herdentrieb\"},{\"@type\":\"ListItem\",\"position\":2,\"name\":\"Lehrstunde mit zu Guttenberg\"}]},{\"@type\":\"WebSite\",\"@id\":\"https:\/\/blog.zeit.de\/herdentrieb\/#website\",\"url\":\"https:\/\/blog.zeit.de\/herdentrieb\/\",\"name\":\"Herdentrieb\",\"description\":\"So funktioniert Kapitalismus. Ein Blog\",\"potentialAction\":[{\"@type\":\"SearchAction\",\"target\":{\"@type\":\"EntryPoint\",\"urlTemplate\":\"https:\/\/blog.zeit.de\/herdentrieb\/?s={search_term_string}\"},\"query-input\":\"required name=search_term_string\"}],\"inLanguage\":\"de\"},{\"@type\":\"Person\",\"@id\":\"https:\/\/blog.zeit.de\/herdentrieb\/#\/schema\/person\/a2dfa95bbd4de7e06edc88db4e3d3871\",\"name\":\"Mark Schieritz\",\"image\":{\"@type\":\"ImageObject\",\"inLanguage\":\"de\",\"@id\":\"https:\/\/blog.zeit.de\/herdentrieb\/#\/schema\/person\/image\/\",\"url\":\"https:\/\/secure.gravatar.com\/avatar\/66e072b8ecaf6d851921c0577ca78c8c9a24223a3c3cb6df48c5d839d1b622e0?s=96&d=mm&r=g\",\"contentUrl\":\"https:\/\/secure.gravatar.com\/avatar\/66e072b8ecaf6d851921c0577ca78c8c9a24223a3c3cb6df48c5d839d1b622e0?s=96&d=mm&r=g\",\"caption\":\"Mark Schieritz\"},\"url\":\"https:\/\/blog.zeit.de\/herdentrieb\/author\/mark-schieritz\"}]}<\/script>\n<!-- \/ Yoast SEO plugin. -->","yoast_head_json":{"title":"Lehrstunde mit zu Guttenberg - Herdentrieb","robots":{"index":"index","follow":"follow","max-snippet":"max-snippet:-1","max-image-preview":"max-image-preview:large","max-video-preview":"max-video-preview:-1"},"canonical":"https:\/\/blog.zeit.de\/herdentrieb\/2011\/11\/27\/lehrstunde-mit-zu-guttenberg_3929","og_locale":"de_DE","og_type":"article","og_title":"Lehrstunde mit zu Guttenberg - Herdentrieb","og_description":"Aus dem Spiegel: Zudem beklagt sich der ehemalige Verteidigungsminister \u00fcber die politische Ahnungslosigkeit anderer Politiker. Er sei fasziniert von der &#8222;ersch\u00fctternden Unkenntnis bis in die politischen Spitzen hinein, was Mechanismen, Regeln und Abl\u00e4ufe internationaler Kapitalstr\u00f6me anbelangt&#8220;, so Guttenberg. Ok, ich geh\u00f6re nun wirklich nicht zu seinen Freunden und habe keine Ahnung, ob er es besser [&hellip;]","og_url":"https:\/\/blog.zeit.de\/herdentrieb\/2011\/11\/27\/lehrstunde-mit-zu-guttenberg_3929","og_site_name":"Herdentrieb","article_published_time":"2011-11-27T21:37:56+00:00","author":"Mark Schieritz","twitter_card":"summary_large_image","twitter_creator":"@zeitonline","twitter_site":"@zeitonline","twitter_misc":{"Geschrieben von":"Mark Schieritz"},"schema":{"@context":"https:\/\/schema.org","@graph":[{"@type":"WebPage","@id":"https:\/\/blog.zeit.de\/herdentrieb\/2011\/11\/27\/lehrstunde-mit-zu-guttenberg_3929","url":"https:\/\/blog.zeit.de\/herdentrieb\/2011\/11\/27\/lehrstunde-mit-zu-guttenberg_3929","name":"Lehrstunde mit zu Guttenberg - Herdentrieb","isPartOf":{"@id":"https:\/\/blog.zeit.de\/herdentrieb\/#website"},"datePublished":"2011-11-27T21:37:56+00:00","dateModified":"2011-11-27T21:37:56+00:00","author":{"@id":"https:\/\/blog.zeit.de\/herdentrieb\/#\/schema\/person\/a2dfa95bbd4de7e06edc88db4e3d3871"},"breadcrumb":{"@id":"https:\/\/blog.zeit.de\/herdentrieb\/2011\/11\/27\/lehrstunde-mit-zu-guttenberg_3929#breadcrumb"},"inLanguage":"de","potentialAction":[{"@type":"ReadAction","target":["https:\/\/blog.zeit.de\/herdentrieb\/2011\/11\/27\/lehrstunde-mit-zu-guttenberg_3929"]}]},{"@type":"BreadcrumbList","@id":"https:\/\/blog.zeit.de\/herdentrieb\/2011\/11\/27\/lehrstunde-mit-zu-guttenberg_3929#breadcrumb","itemListElement":[{"@type":"ListItem","position":1,"name":"Startseite","item":"https:\/\/blog.zeit.de\/herdentrieb"},{"@type":"ListItem","position":2,"name":"Lehrstunde mit zu Guttenberg"}]},{"@type":"WebSite","@id":"https:\/\/blog.zeit.de\/herdentrieb\/#website","url":"https:\/\/blog.zeit.de\/herdentrieb\/","name":"Herdentrieb","description":"So funktioniert Kapitalismus. Ein Blog","potentialAction":[{"@type":"SearchAction","target":{"@type":"EntryPoint","urlTemplate":"https:\/\/blog.zeit.de\/herdentrieb\/?s={search_term_string}"},"query-input":"required name=search_term_string"}],"inLanguage":"de"},{"@type":"Person","@id":"https:\/\/blog.zeit.de\/herdentrieb\/#\/schema\/person\/a2dfa95bbd4de7e06edc88db4e3d3871","name":"Mark Schieritz","image":{"@type":"ImageObject","inLanguage":"de","@id":"https:\/\/blog.zeit.de\/herdentrieb\/#\/schema\/person\/image\/","url":"https:\/\/secure.gravatar.com\/avatar\/66e072b8ecaf6d851921c0577ca78c8c9a24223a3c3cb6df48c5d839d1b622e0?s=96&d=mm&r=g","contentUrl":"https:\/\/secure.gravatar.com\/avatar\/66e072b8ecaf6d851921c0577ca78c8c9a24223a3c3cb6df48c5d839d1b622e0?s=96&d=mm&r=g","caption":"Mark Schieritz"},"url":"https:\/\/blog.zeit.de\/herdentrieb\/author\/mark-schieritz"}]}},"jetpack_featured_media_url":"","jetpack_sharing_enabled":true,"_links":{"self":[{"href":"https:\/\/blog.zeit.de\/herdentrieb\/wp-json\/wp\/v2\/posts\/3929","targetHints":{"allow":["GET"]}}],"collection":[{"href":"https:\/\/blog.zeit.de\/herdentrieb\/wp-json\/wp\/v2\/posts"}],"about":[{"href":"https:\/\/blog.zeit.de\/herdentrieb\/wp-json\/wp\/v2\/types\/post"}],"author":[{"embeddable":true,"href":"https:\/\/blog.zeit.de\/herdentrieb\/wp-json\/wp\/v2\/users\/215"}],"replies":[{"embeddable":true,"href":"https:\/\/blog.zeit.de\/herdentrieb\/wp-json\/wp\/v2\/comments?post=3929"}],"version-history":[{"count":2,"href":"https:\/\/blog.zeit.de\/herdentrieb\/wp-json\/wp\/v2\/posts\/3929\/revisions"}],"predecessor-version":[{"id":3931,"href":"https:\/\/blog.zeit.de\/herdentrieb\/wp-json\/wp\/v2\/posts\/3929\/revisions\/3931"}],"wp:attachment":[{"href":"https:\/\/blog.zeit.de\/herdentrieb\/wp-json\/wp\/v2\/media?parent=3929"}],"wp:term":[{"taxonomy":"category","embeddable":true,"href":"https:\/\/blog.zeit.de\/herdentrieb\/wp-json\/wp\/v2\/categories?post=3929"},{"taxonomy":"post_tag","embeddable":true,"href":"https:\/\/blog.zeit.de\/herdentrieb\/wp-json\/wp\/v2\/tags?post=3929"}],"curies":[{"name":"wp","href":"https:\/\/api.w.org\/{rel}","templated":true}]}}