{"id":3949,"date":"2011-11-30T11:43:49","date_gmt":"2011-11-30T10:43:49","guid":{"rendered":"http:\/\/blog.zeit.de\/herdentrieb\/?p=3949"},"modified":"2011-11-30T12:40:01","modified_gmt":"2011-11-30T11:40:01","slug":"prognostiker-des-jahres-luder-gerken","status":"publish","type":"post","link":"https:\/\/blog.zeit.de\/herdentrieb\/2011\/11\/30\/prognostiker-des-jahres-luder-gerken_3949","title":{"rendered":"Prognostiker des Jahres: L\u00fcder Gerken?"},"content":{"rendered":"<p>Aus der <a href=\"http:\/\/www.welt.de\/wirtschaft\/article13740742\/Oekonom-warnt-vor-Mega-Inflation-in-der-Euro-Zone.html\" target=\"_blank\"><em>Welt<\/em><\/a>:<\/p>\n<p style=\"padding-left: 30px;\"><em>Angesichts der europ\u00e4ischen Schuldenkrise hat der \u00d6konom L\u00fcder Gerken vor einer Inflationsr<strong>ate von knapp unter zehn Prozent in der Euro-Zone gewarn<\/strong>t.\u00a0Er rechne damit, dass die meisten Regierungen in der Euro-Zone und die Europ\u00e4ische Zentralbank (EZB) politisch eine Inflationsrate von knapp unter zehn Prozent in Kauf n\u00e4hmen, &#8222;in der Hoffnung, dass die Deutschen dabei nicht allzu sehr aufmucken&#8220;, sagte der Vorsitzende des Freiburger Centrums f\u00fcr Europ\u00e4ische Politik der &#8222;Neuen Osnarbr\u00fccker Zeitung&#8220;. Inflationsgefahr drohe insbesondere, wenn die EZB den bereits begonnenen Aufkauf von Staatsanleihen hilfsbed\u00fcrftiger Euro-L\u00e4nder stark ausweite.<\/em><\/p>\n<p>L\u00fcder Gerken ist Ordnungs\u00f6konom. Das ist eine interessante und durchaus wichtige Disziplin, deren Aussagen sich aber in der Regel zumindest in der kurzen Frist nicht empirisch \u00fcberpr\u00fcfen lassen. Deshalb kann man von grunds\u00e4tzlichen Erw\u00e4gungen einmal abgesehen auch nicht viel dazu sagen. In der Makro\u00f6konomie ist das anders. Ihre Aussagen sind falsifizierbar.<\/p>\n<p>Aus Freiburg kommt also nun wenn ich die Welt richtig verstehe die Prognose einer Inflationsrate von zehn Prozent.\u00a0Ich halte dagegen \u2013 mit folgenden Argument: Die EZB wird ihr Inflationsziel nicht dramatisch anheben und realwirtschaftlich ist f\u00fcr die kommenden Jahre eher Deflation angelegt. Denn auch die Staatsanleihek\u00e4ufe treiben die Teuerung nur, wenn die Banken das zus\u00e4tzliche Geld im System weiter verleihen. Danach sieht es derzeit nicht aus. Das Wachstum der breiten Geldmengenaggregate \u00a0geht sogar zur\u00fcck. Und wenn es wieder anziehen sollte, ist es technisch kein Problem, das Geld wieder einzusammeln.<\/p>\n<p>Wir werden sehen. Ich erinnere aber daran, dass bislang alle, die im Zuge der gro\u00dfen Krise die gro\u00dfe Inflation ausriefen schwer daneben lagen. <a href=\"http:\/\/www.spiegel.de\/wirtschaft\/0,1518,609233,00.html\" target=\"_blank\">Thomas Straubhaar<\/a> etwa, der sich 2009 mit der Aussage zitieren lie\u00df, \u00a0die Inflation werde im kommenden Jahr &#8222;rasch in den Bereich zwischen f\u00fcnf und zehn Prozent steigen&#8220;. Vor Inflation ist schnell gewarnt, das hei\u00dft aber noch lange nicht, dass sie auch kommt.<\/p>\n<p>Die Wette gilt.<\/p>\n","protected":false},"excerpt":{"rendered":"<p>Aus der Welt: Angesichts der europ\u00e4ischen Schuldenkrise hat der \u00d6konom L\u00fcder Gerken vor einer Inflationsrate von knapp unter zehn Prozent in der Euro-Zone gewarnt.\u00a0Er rechne damit, dass die meisten Regierungen in der Euro-Zone und die Europ\u00e4ische Zentralbank (EZB) politisch eine Inflationsrate von knapp unter zehn Prozent in Kauf n\u00e4hmen, &#8222;in der Hoffnung, dass die Deutschen [&hellip;]<\/p>\n","protected":false},"author":215,"featured_media":0,"comment_status":"open","ping_status":"closed","sticky":false,"template":"","format":"standard","meta":{"_jetpack_memberships_contains_paid_content":false,"footnotes":""},"categories":[3,1259],"tags":[],"class_list":["post-3949","post","type-post","status-publish","format-standard","hentry","category-der-aktuelle-rand","category-der-zeitungsleser"],"yoast_head":"<!-- This site is optimized with the Yoast SEO plugin v21.0 - https:\/\/yoast.com\/wordpress\/plugins\/seo\/ -->\n<title>Prognostiker des Jahres: L\u00fcder Gerken? - Herdentrieb<\/title>\n<meta name=\"robots\" content=\"index, follow, max-snippet:-1, max-image-preview:large, max-video-preview:-1\" \/>\n<link rel=\"canonical\" href=\"https:\/\/blog.zeit.de\/herdentrieb\/2011\/11\/30\/prognostiker-des-jahres-luder-gerken_3949\" \/>\n<meta property=\"og:locale\" content=\"de_DE\" \/>\n<meta property=\"og:type\" content=\"article\" \/>\n<meta property=\"og:title\" content=\"Prognostiker des Jahres: L\u00fcder Gerken? - Herdentrieb\" \/>\n<meta property=\"og:description\" content=\"Aus der Welt: Angesichts der europ\u00e4ischen Schuldenkrise hat der \u00d6konom L\u00fcder Gerken vor einer Inflationsrate von knapp unter zehn Prozent in der Euro-Zone gewarnt.\u00a0Er rechne damit, dass die meisten Regierungen in der Euro-Zone und die Europ\u00e4ische Zentralbank (EZB) politisch eine Inflationsrate von knapp unter zehn Prozent in Kauf n\u00e4hmen, &#8222;in der Hoffnung, dass die Deutschen [&hellip;]\" \/>\n<meta property=\"og:url\" content=\"https:\/\/blog.zeit.de\/herdentrieb\/2011\/11\/30\/prognostiker-des-jahres-luder-gerken_3949\" \/>\n<meta property=\"og:site_name\" content=\"Herdentrieb\" \/>\n<meta property=\"article:published_time\" content=\"2011-11-30T10:43:49+00:00\" \/>\n<meta property=\"article:modified_time\" content=\"2011-11-30T11:40:01+00:00\" \/>\n<meta name=\"author\" content=\"Mark Schieritz\" \/>\n<meta name=\"twitter:card\" content=\"summary_large_image\" \/>\n<meta name=\"twitter:creator\" content=\"@zeitonline\" \/>\n<meta name=\"twitter:site\" content=\"@zeitonline\" \/>\n<meta name=\"twitter:label1\" content=\"Geschrieben von\" \/>\n\t<meta name=\"twitter:data1\" content=\"Mark Schieritz\" \/>\n\t<meta name=\"twitter:label2\" content=\"Gesch\u00e4tzte Lesezeit\" \/>\n\t<meta name=\"twitter:data2\" content=\"2\u00a0Minuten\" \/>\n<script type=\"application\/ld+json\" class=\"yoast-schema-graph\">{\"@context\":\"https:\/\/schema.org\",\"@graph\":[{\"@type\":\"WebPage\",\"@id\":\"https:\/\/blog.zeit.de\/herdentrieb\/2011\/11\/30\/prognostiker-des-jahres-luder-gerken_3949\",\"url\":\"https:\/\/blog.zeit.de\/herdentrieb\/2011\/11\/30\/prognostiker-des-jahres-luder-gerken_3949\",\"name\":\"Prognostiker des Jahres: L\u00fcder Gerken? - Herdentrieb\",\"isPartOf\":{\"@id\":\"https:\/\/blog.zeit.de\/herdentrieb\/#website\"},\"datePublished\":\"2011-11-30T10:43:49+00:00\",\"dateModified\":\"2011-11-30T11:40:01+00:00\",\"author\":{\"@id\":\"https:\/\/blog.zeit.de\/herdentrieb\/#\/schema\/person\/a2dfa95bbd4de7e06edc88db4e3d3871\"},\"breadcrumb\":{\"@id\":\"https:\/\/blog.zeit.de\/herdentrieb\/2011\/11\/30\/prognostiker-des-jahres-luder-gerken_3949#breadcrumb\"},\"inLanguage\":\"de\",\"potentialAction\":[{\"@type\":\"ReadAction\",\"target\":[\"https:\/\/blog.zeit.de\/herdentrieb\/2011\/11\/30\/prognostiker-des-jahres-luder-gerken_3949\"]}]},{\"@type\":\"BreadcrumbList\",\"@id\":\"https:\/\/blog.zeit.de\/herdentrieb\/2011\/11\/30\/prognostiker-des-jahres-luder-gerken_3949#breadcrumb\",\"itemListElement\":[{\"@type\":\"ListItem\",\"position\":1,\"name\":\"Startseite\",\"item\":\"https:\/\/blog.zeit.de\/herdentrieb\"},{\"@type\":\"ListItem\",\"position\":2,\"name\":\"Prognostiker des Jahres: L\u00fcder Gerken?\"}]},{\"@type\":\"WebSite\",\"@id\":\"https:\/\/blog.zeit.de\/herdentrieb\/#website\",\"url\":\"https:\/\/blog.zeit.de\/herdentrieb\/\",\"name\":\"Herdentrieb\",\"description\":\"So funktioniert Kapitalismus. Ein Blog\",\"potentialAction\":[{\"@type\":\"SearchAction\",\"target\":{\"@type\":\"EntryPoint\",\"urlTemplate\":\"https:\/\/blog.zeit.de\/herdentrieb\/?s={search_term_string}\"},\"query-input\":\"required name=search_term_string\"}],\"inLanguage\":\"de\"},{\"@type\":\"Person\",\"@id\":\"https:\/\/blog.zeit.de\/herdentrieb\/#\/schema\/person\/a2dfa95bbd4de7e06edc88db4e3d3871\",\"name\":\"Mark Schieritz\",\"image\":{\"@type\":\"ImageObject\",\"inLanguage\":\"de\",\"@id\":\"https:\/\/blog.zeit.de\/herdentrieb\/#\/schema\/person\/image\/\",\"url\":\"https:\/\/secure.gravatar.com\/avatar\/66e072b8ecaf6d851921c0577ca78c8c9a24223a3c3cb6df48c5d839d1b622e0?s=96&d=mm&r=g\",\"contentUrl\":\"https:\/\/secure.gravatar.com\/avatar\/66e072b8ecaf6d851921c0577ca78c8c9a24223a3c3cb6df48c5d839d1b622e0?s=96&d=mm&r=g\",\"caption\":\"Mark Schieritz\"},\"url\":\"https:\/\/blog.zeit.de\/herdentrieb\/author\/mark-schieritz\"}]}<\/script>\n<!-- \/ Yoast SEO plugin. -->","yoast_head_json":{"title":"Prognostiker des Jahres: L\u00fcder Gerken? - Herdentrieb","robots":{"index":"index","follow":"follow","max-snippet":"max-snippet:-1","max-image-preview":"max-image-preview:large","max-video-preview":"max-video-preview:-1"},"canonical":"https:\/\/blog.zeit.de\/herdentrieb\/2011\/11\/30\/prognostiker-des-jahres-luder-gerken_3949","og_locale":"de_DE","og_type":"article","og_title":"Prognostiker des Jahres: L\u00fcder Gerken? - Herdentrieb","og_description":"Aus der Welt: Angesichts der europ\u00e4ischen Schuldenkrise hat der \u00d6konom L\u00fcder Gerken vor einer Inflationsrate von knapp unter zehn Prozent in der Euro-Zone gewarnt.\u00a0Er rechne damit, dass die meisten Regierungen in der Euro-Zone und die Europ\u00e4ische Zentralbank (EZB) politisch eine Inflationsrate von knapp unter zehn Prozent in Kauf n\u00e4hmen, &#8222;in der Hoffnung, dass die Deutschen [&hellip;]","og_url":"https:\/\/blog.zeit.de\/herdentrieb\/2011\/11\/30\/prognostiker-des-jahres-luder-gerken_3949","og_site_name":"Herdentrieb","article_published_time":"2011-11-30T10:43:49+00:00","article_modified_time":"2011-11-30T11:40:01+00:00","author":"Mark Schieritz","twitter_card":"summary_large_image","twitter_creator":"@zeitonline","twitter_site":"@zeitonline","twitter_misc":{"Geschrieben von":"Mark Schieritz","Gesch\u00e4tzte Lesezeit":"2\u00a0Minuten"},"schema":{"@context":"https:\/\/schema.org","@graph":[{"@type":"WebPage","@id":"https:\/\/blog.zeit.de\/herdentrieb\/2011\/11\/30\/prognostiker-des-jahres-luder-gerken_3949","url":"https:\/\/blog.zeit.de\/herdentrieb\/2011\/11\/30\/prognostiker-des-jahres-luder-gerken_3949","name":"Prognostiker des Jahres: L\u00fcder Gerken? - Herdentrieb","isPartOf":{"@id":"https:\/\/blog.zeit.de\/herdentrieb\/#website"},"datePublished":"2011-11-30T10:43:49+00:00","dateModified":"2011-11-30T11:40:01+00:00","author":{"@id":"https:\/\/blog.zeit.de\/herdentrieb\/#\/schema\/person\/a2dfa95bbd4de7e06edc88db4e3d3871"},"breadcrumb":{"@id":"https:\/\/blog.zeit.de\/herdentrieb\/2011\/11\/30\/prognostiker-des-jahres-luder-gerken_3949#breadcrumb"},"inLanguage":"de","potentialAction":[{"@type":"ReadAction","target":["https:\/\/blog.zeit.de\/herdentrieb\/2011\/11\/30\/prognostiker-des-jahres-luder-gerken_3949"]}]},{"@type":"BreadcrumbList","@id":"https:\/\/blog.zeit.de\/herdentrieb\/2011\/11\/30\/prognostiker-des-jahres-luder-gerken_3949#breadcrumb","itemListElement":[{"@type":"ListItem","position":1,"name":"Startseite","item":"https:\/\/blog.zeit.de\/herdentrieb"},{"@type":"ListItem","position":2,"name":"Prognostiker des Jahres: L\u00fcder Gerken?"}]},{"@type":"WebSite","@id":"https:\/\/blog.zeit.de\/herdentrieb\/#website","url":"https:\/\/blog.zeit.de\/herdentrieb\/","name":"Herdentrieb","description":"So funktioniert Kapitalismus. Ein Blog","potentialAction":[{"@type":"SearchAction","target":{"@type":"EntryPoint","urlTemplate":"https:\/\/blog.zeit.de\/herdentrieb\/?s={search_term_string}"},"query-input":"required name=search_term_string"}],"inLanguage":"de"},{"@type":"Person","@id":"https:\/\/blog.zeit.de\/herdentrieb\/#\/schema\/person\/a2dfa95bbd4de7e06edc88db4e3d3871","name":"Mark Schieritz","image":{"@type":"ImageObject","inLanguage":"de","@id":"https:\/\/blog.zeit.de\/herdentrieb\/#\/schema\/person\/image\/","url":"https:\/\/secure.gravatar.com\/avatar\/66e072b8ecaf6d851921c0577ca78c8c9a24223a3c3cb6df48c5d839d1b622e0?s=96&d=mm&r=g","contentUrl":"https:\/\/secure.gravatar.com\/avatar\/66e072b8ecaf6d851921c0577ca78c8c9a24223a3c3cb6df48c5d839d1b622e0?s=96&d=mm&r=g","caption":"Mark Schieritz"},"url":"https:\/\/blog.zeit.de\/herdentrieb\/author\/mark-schieritz"}]}},"jetpack_featured_media_url":"","jetpack_sharing_enabled":true,"_links":{"self":[{"href":"https:\/\/blog.zeit.de\/herdentrieb\/wp-json\/wp\/v2\/posts\/3949","targetHints":{"allow":["GET"]}}],"collection":[{"href":"https:\/\/blog.zeit.de\/herdentrieb\/wp-json\/wp\/v2\/posts"}],"about":[{"href":"https:\/\/blog.zeit.de\/herdentrieb\/wp-json\/wp\/v2\/types\/post"}],"author":[{"embeddable":true,"href":"https:\/\/blog.zeit.de\/herdentrieb\/wp-json\/wp\/v2\/users\/215"}],"replies":[{"embeddable":true,"href":"https:\/\/blog.zeit.de\/herdentrieb\/wp-json\/wp\/v2\/comments?post=3949"}],"version-history":[{"count":3,"href":"https:\/\/blog.zeit.de\/herdentrieb\/wp-json\/wp\/v2\/posts\/3949\/revisions"}],"predecessor-version":[{"id":3951,"href":"https:\/\/blog.zeit.de\/herdentrieb\/wp-json\/wp\/v2\/posts\/3949\/revisions\/3951"}],"wp:attachment":[{"href":"https:\/\/blog.zeit.de\/herdentrieb\/wp-json\/wp\/v2\/media?parent=3949"}],"wp:term":[{"taxonomy":"category","embeddable":true,"href":"https:\/\/blog.zeit.de\/herdentrieb\/wp-json\/wp\/v2\/categories?post=3949"},{"taxonomy":"post_tag","embeddable":true,"href":"https:\/\/blog.zeit.de\/herdentrieb\/wp-json\/wp\/v2\/tags?post=3949"}],"curies":[{"name":"wp","href":"https:\/\/api.w.org\/{rel}","templated":true}]}}