{"id":4026,"date":"2011-12-29T14:43:33","date_gmt":"2011-12-29T13:43:33","guid":{"rendered":"http:\/\/blog.zeit.de\/herdentrieb\/?p=4026"},"modified":"2011-12-29T15:54:24","modified_gmt":"2011-12-29T14:54:24","slug":"ich-bin-ausnahmsweise-ganz-bei-weidmann-2","status":"publish","type":"post","link":"https:\/\/blog.zeit.de\/herdentrieb\/2011\/12\/29\/ich-bin-ausnahmsweise-ganz-bei-weidmann-2_4026","title":{"rendered":"Ich bin ausnahmsweise ganz bei Weidmann"},"content":{"rendered":"<p>So sehr mich der Kurs von Bundesbank und Bundesregierung in der Euro-Krise auch aufregen, <a href=\"http:\/\/www.stern.de\/wirtschaft\/news\/bundesbankpraesident-im-stern-interview-weidmann-prognostiziert-lohnsprung-2012-1767252.html\" target=\"_blank\">den j\u00fcngsten \u00c4u\u00dferungen Jens Weidmanns zur deutschen Konjunktur stimme ich zu.<\/a> Der Bundesbankpr\u00e4sident warnt vor zu viel Schwarzmalerei. Ich habe lange gebraucht, mich zu entscheiden, ob ich f\u00fcr 2012 den Optimisten oder Pessimisten geben soll. Das Hadern ist der eine Grund, warum die j\u00e4hrliche Wachstumswette, <a href=\"https:\/\/blog.zeit.de\/herdentrieb\/2005\/11\/16\/its-the-credit-stupid-2_18\">mit der der HERDENTRIEB im November 2005 startete<\/a>, sechs Wochen l\u00e4nger als \u00fcblich auf sich warten lie\u00df. Der andere: Die vergangenen f\u00fcnf Monate waren anstrengend, <a href=\"https:\/\/blog.zeit.de\/herdentrieb\/die-autoren\">der neue Job<\/a> und das Pendlerleben zwischen Frankfurt und Berlin mit allerlei organisatorischen Herausforderungen.<br \/>\nAnyway. Hier kommt meine siebte Wachstumswette.<a href=\"https:\/\/blog.zeit.de\/herdentrieb\/2010\/11\/25\/ein-hoch-auf-diese-regierung_2557\"> Und nachdem die des vergangenen Jahres mal wieder ganz hervorragend war<\/a>, gehe ich voller <em>overconfidence<\/em> gegen den Mainstream. <!--more--><\/p>\n<p>Nein, keine Rezession, kein Nullwachstum, kein Nullkommawachstum, sondern ein Prozent plus! Klar dazu muss eine ganze Reihe von Annahmen eintreffen. Doch fragen Sie die seri\u00f6sesten Konjunkturexperten und Sie werden \u00fcberall h\u00f6ren, wie schwierig es dieses Jahr ist, weil der politische Fortgang der Eurokrise kaum abzusch\u00e4tzen ist.<\/p>\n<p>Was mich letztendlich zum Optimisten hat werden lassen? Ein langes Gespr\u00e4ch mit einem Notenbank-Insider, das mir zwei Erkenntnisse beschert hat: Weidmanns Position, sich gegen jegliche Anleihek\u00e4ufe zu stemmen, ist billig. Er befriedigt damit die konservativen Bundesbankkreise inklusive der zur Kampagnen-Zeitung mutierten <em>FAZ<\/em>, er macht sich in Deutschland unangreifbar und muss dennoch keine Verantwortung f\u00fcr seine Position tragen. Denn er wei\u00df, dass er im EZB-Rat \u00fcberstimmt wird und wurde. Und die Bereitschaft, Italien an die Wand fahren zu lassen aufgrund irgendwelcher ordnungspolitischer Bedenken, ist im Rat der EZB gleich null. Schon das Absenken der Mindestreserve und der gro\u00dfe Drei-Jahres-Tender waren geschickte Schachz\u00fcge von Super-Mario Draghi!<\/p>\n<p>Also unter der Bedingung, dass der Euro auch Ende n\u00e4chsten Jahres noch existiert (mit oder ohne Griechenland spielt kaum mehr eine Rolle) sowie unter der Annahme, dass die EZB jedes Auflodern der Krise im Februar\/M\u00e4rz mit massiven Anleihek\u00e4ufen erfolgreich bek\u00e4mpfen wird und somit Italien und Co. fl\u00fcssig bleiben, steht die optimistische Wette.<\/p>\n<p>Damit bleibt uns zwar die von den Deutschen \u2013 mit ihren Forderungen nach engeren G\u00fcrteln \u2013 provozierte Rezession in Euro-Land (ex Germany) erhalten und trifft die deutschen Exporte. Aber Lehman II passiert nicht. Und darauf kommt es an! Es wird kein weltweites Einfrieren der Geldm\u00e4rkte geben, keine Schockstarre im Welthandel wie Ende 2008\/Anfang 2009. Und deshalb wird auch die deutsche Wirtschaft nicht abschmieren. Deutschland wird mehr in den Rest der Welt exportieren, auch dank des durch die Krise schwachen Euro. Die preisliche Wettbewerbsf\u00e4higkeit der deutschen Volkswirtschaft ist hervorragend!<\/p>\n<p>Die USA machen mal wieder die konjunkturelle Drecksarbeit und Deutschland profitiert davon, dass nicht alle L\u00e4nder glauben, man k\u00f6nne durch gleichzeitiges Sparen Haushalte konsolidieren. Unterst\u00fctzung kommt f\u00fcr die deutsche Konjunktur auch und besonders von der Binnennachfrage.<\/p>\n<p>Denn die Finanzierungsbedingungen sind hierzulande exzellent. Die Realzinsen sind negativ, die EZB wird die Zinsen noch weiter senken. F\u00fcr Hypothekenzinsen von rund drei Prozent auf zehn Jahre muss man nicht einmal Bundespr\u00e4sident sein. Das bei Mietrenditen von vier bis sechs Prozent, wenn das mal kein Traum ist! Die Relation Hauspreise zu Haushaltseinkommen soll nach Sch\u00e4tzungen der franz\u00f6sischen Bank Natixis so niedrig sein, wie seit Anfang der 70er Jahre nicht mehr! Und Deutschland wird als Zuwanderungsland notgedrungen wiederentdeckt. Also der Bau wird 2012 sicher zum Wachstum beitragen. Genauso wie der private Konsum. Denn die Arbeitslosigkeit d\u00fcrfte weiter r\u00fcckl\u00e4ufig sein, die L\u00f6hne weiter real steigen.<\/p>\n<p>Und beim traditionellen Blick auf die Kreditkonditionen schaut es doch f\u00fcr Deutschland ganz manierlich aus.<\/p>\n<p><img loading=\"lazy\" decoding=\"async\" class=\"alignnone size-full wp-image-4035\" title=\"Kreditstandards_deutsche Banken_11Q3\" src=\"https:\/\/blog.zeit.de\/herdentrieb\/files\/2011\/12\/Kreditstandards_deutsche-Banken_11Q3.gif\" alt=\"Grafik: Kreditrichtlinien bei deutschen Banken\" width=\"484\" height=\"339\" srcset=\"https:\/\/blog.zeit.de\/herdentrieb\/files\/2011\/12\/Kreditstandards_deutsche-Banken_11Q3.gif 484w, https:\/\/blog.zeit.de\/herdentrieb\/files\/2011\/12\/Kreditstandards_deutsche-Banken_11Q3-300x210.gif 300w\" sizes=\"auto, (max-width: 484px) 100vw, 484px\" \/><\/p>\n<p>Eine Kreditklemme l\u00e4sst sich beim besten Willen noch nicht ablesen. Und das trotz der Verspannungen am Geldmarkt. Aber diese Verspannungen gelten kaum f\u00fcr deutsche Banken, die vom Fluchtkapital aus S\u00fcdeuropa fast ertr\u00e4nkt werden.<\/p>\n<p><img loading=\"lazy\" decoding=\"async\" class=\"alignnone size-full wp-image-4036\" title=\"Kreditnachfrage_U_bei_deutschen_Banken_11Q3\" src=\"https:\/\/blog.zeit.de\/herdentrieb\/files\/2011\/12\/Kreditnachfrage_U_bei_deutschen_Banken_11Q3.gif\" alt=\"Grafik: Kreditnachfrage der Unternehmen bei deutschen Banken\" width=\"483\" height=\"388\" srcset=\"https:\/\/blog.zeit.de\/herdentrieb\/files\/2011\/12\/Kreditnachfrage_U_bei_deutschen_Banken_11Q3.gif 483w, https:\/\/blog.zeit.de\/herdentrieb\/files\/2011\/12\/Kreditnachfrage_U_bei_deutschen_Banken_11Q3-300x240.gif 300w\" sizes=\"auto, (max-width: 483px) 100vw, 483px\" \/><\/p>\n<p>Selbst die Kreditnachfrage der Unternehmen war zuletzt noch ganz ordentlich, bedenkt man, dass das Gros Eurolands bereits in der Rezession stecken d\u00fcrfte.<\/p>\n<p>Also, lassen wir die EZB Anleihen im gro\u00dfen Stil kaufen und uns an einem bescheidenen Wachstum f\u00fcr Deutschland freuen! Top die Wette gilt!<\/p>\n<p>In diesem Sinne ein gl\u00fcckliches 2012!<\/p>\n<p>PS: F\u00fcr alle langj\u00e4hrigen Freunde des Herdentrieb die Info, dass unsere Gemeinschaftswetten (Wermuth, Zeise, Heusinger) dieses Jahr erst Mitte Januar auf den Draht gehen, weil wir vorher alle irgendwo, nur nicht in Frankfurt sind.<\/p>\n","protected":false},"excerpt":{"rendered":"<p>So sehr mich der Kurs von Bundesbank und Bundesregierung in der Euro-Krise auch aufregen, den j\u00fcngsten \u00c4u\u00dferungen Jens Weidmanns zur deutschen Konjunktur stimme ich zu. Der Bundesbankpr\u00e4sident warnt vor zu viel Schwarzmalerei. Ich habe lange gebraucht, mich zu entscheiden, ob ich f\u00fcr 2012 den Optimisten oder Pessimisten geben soll. Das Hadern ist der eine Grund, [&hellip;]<\/p>\n","protected":false},"author":59,"featured_media":0,"comment_status":"open","ping_status":"closed","sticky":false,"template":"","format":"standard","meta":{"_jetpack_memberships_contains_paid_content":false,"footnotes":""},"categories":[5],"tags":[],"class_list":["post-4026","post","type-post","status-publish","format-standard","hentry","category-die-heusinger-wetten"],"yoast_head":"<!-- This site is optimized with the Yoast SEO plugin v21.0 - https:\/\/yoast.com\/wordpress\/plugins\/seo\/ -->\n<title>Ich bin ausnahmsweise ganz bei Weidmann - Herdentrieb<\/title>\n<meta name=\"robots\" content=\"index, follow, max-snippet:-1, max-image-preview:large, max-video-preview:-1\" \/>\n<link rel=\"canonical\" href=\"https:\/\/blog.zeit.de\/herdentrieb\/2011\/12\/29\/ich-bin-ausnahmsweise-ganz-bei-weidmann-2_4026\" \/>\n<meta property=\"og:locale\" content=\"de_DE\" \/>\n<meta property=\"og:type\" content=\"article\" \/>\n<meta property=\"og:title\" content=\"Ich bin ausnahmsweise ganz bei Weidmann - Herdentrieb\" \/>\n<meta property=\"og:description\" content=\"So sehr mich der Kurs von Bundesbank und Bundesregierung in der Euro-Krise auch aufregen, den j\u00fcngsten \u00c4u\u00dferungen Jens Weidmanns zur deutschen Konjunktur stimme ich zu. Der Bundesbankpr\u00e4sident warnt vor zu viel Schwarzmalerei. Ich habe lange gebraucht, mich zu entscheiden, ob ich f\u00fcr 2012 den Optimisten oder Pessimisten geben soll. Das Hadern ist der eine Grund, [&hellip;]\" \/>\n<meta property=\"og:url\" content=\"https:\/\/blog.zeit.de\/herdentrieb\/2011\/12\/29\/ich-bin-ausnahmsweise-ganz-bei-weidmann-2_4026\" \/>\n<meta property=\"og:site_name\" content=\"Herdentrieb\" \/>\n<meta property=\"article:published_time\" content=\"2011-12-29T13:43:33+00:00\" \/>\n<meta property=\"article:modified_time\" content=\"2011-12-29T14:54:24+00:00\" \/>\n<meta property=\"og:image\" content=\"https:\/\/blog.zeit.de\/herdentrieb\/files\/2011\/12\/Kreditstandards_deutsche-Banken_11Q3.gif\" \/>\n<meta name=\"author\" content=\"Robert von Heusinger\" \/>\n<meta name=\"twitter:card\" content=\"summary_large_image\" \/>\n<meta name=\"twitter:creator\" content=\"@zeitonline\" \/>\n<meta name=\"twitter:site\" content=\"@zeitonline\" \/>\n<meta name=\"twitter:label1\" content=\"Geschrieben von\" \/>\n\t<meta name=\"twitter:data1\" content=\"Robert von Heusinger\" \/>\n\t<meta name=\"twitter:label2\" content=\"Gesch\u00e4tzte Lesezeit\" \/>\n\t<meta name=\"twitter:data2\" content=\"4\u00a0Minuten\" \/>\n<script type=\"application\/ld+json\" class=\"yoast-schema-graph\">{\"@context\":\"https:\/\/schema.org\",\"@graph\":[{\"@type\":\"WebPage\",\"@id\":\"https:\/\/blog.zeit.de\/herdentrieb\/2011\/12\/29\/ich-bin-ausnahmsweise-ganz-bei-weidmann-2_4026\",\"url\":\"https:\/\/blog.zeit.de\/herdentrieb\/2011\/12\/29\/ich-bin-ausnahmsweise-ganz-bei-weidmann-2_4026\",\"name\":\"Ich bin ausnahmsweise ganz bei Weidmann - Herdentrieb\",\"isPartOf\":{\"@id\":\"https:\/\/blog.zeit.de\/herdentrieb\/#website\"},\"datePublished\":\"2011-12-29T13:43:33+00:00\",\"dateModified\":\"2011-12-29T14:54:24+00:00\",\"author\":{\"@id\":\"https:\/\/blog.zeit.de\/herdentrieb\/#\/schema\/person\/359c269ac9be6a7a3529bff7b18ac5c4\"},\"breadcrumb\":{\"@id\":\"https:\/\/blog.zeit.de\/herdentrieb\/2011\/12\/29\/ich-bin-ausnahmsweise-ganz-bei-weidmann-2_4026#breadcrumb\"},\"inLanguage\":\"de\",\"potentialAction\":[{\"@type\":\"ReadAction\",\"target\":[\"https:\/\/blog.zeit.de\/herdentrieb\/2011\/12\/29\/ich-bin-ausnahmsweise-ganz-bei-weidmann-2_4026\"]}]},{\"@type\":\"BreadcrumbList\",\"@id\":\"https:\/\/blog.zeit.de\/herdentrieb\/2011\/12\/29\/ich-bin-ausnahmsweise-ganz-bei-weidmann-2_4026#breadcrumb\",\"itemListElement\":[{\"@type\":\"ListItem\",\"position\":1,\"name\":\"Startseite\",\"item\":\"https:\/\/blog.zeit.de\/herdentrieb\"},{\"@type\":\"ListItem\",\"position\":2,\"name\":\"Ich bin ausnahmsweise ganz bei Weidmann\"}]},{\"@type\":\"WebSite\",\"@id\":\"https:\/\/blog.zeit.de\/herdentrieb\/#website\",\"url\":\"https:\/\/blog.zeit.de\/herdentrieb\/\",\"name\":\"Herdentrieb\",\"description\":\"So funktioniert Kapitalismus. Ein Blog\",\"potentialAction\":[{\"@type\":\"SearchAction\",\"target\":{\"@type\":\"EntryPoint\",\"urlTemplate\":\"https:\/\/blog.zeit.de\/herdentrieb\/?s={search_term_string}\"},\"query-input\":\"required name=search_term_string\"}],\"inLanguage\":\"de\"},{\"@type\":\"Person\",\"@id\":\"https:\/\/blog.zeit.de\/herdentrieb\/#\/schema\/person\/359c269ac9be6a7a3529bff7b18ac5c4\",\"name\":\"Robert von Heusinger\",\"image\":{\"@type\":\"ImageObject\",\"inLanguage\":\"de\",\"@id\":\"https:\/\/blog.zeit.de\/herdentrieb\/#\/schema\/person\/image\/\",\"url\":\"https:\/\/secure.gravatar.com\/avatar\/a0b228cfe6009cf76b01362b64d1658814709a4497c9cdc2617816fa18a05d2f?s=96&d=mm&r=g\",\"contentUrl\":\"https:\/\/secure.gravatar.com\/avatar\/a0b228cfe6009cf76b01362b64d1658814709a4497c9cdc2617816fa18a05d2f?s=96&d=mm&r=g\",\"caption\":\"Robert von Heusinger\"},\"url\":\"https:\/\/blog.zeit.de\/herdentrieb\/author\/robert-von-heusinger\"}]}<\/script>\n<!-- \/ Yoast SEO plugin. -->","yoast_head_json":{"title":"Ich bin ausnahmsweise ganz bei Weidmann - Herdentrieb","robots":{"index":"index","follow":"follow","max-snippet":"max-snippet:-1","max-image-preview":"max-image-preview:large","max-video-preview":"max-video-preview:-1"},"canonical":"https:\/\/blog.zeit.de\/herdentrieb\/2011\/12\/29\/ich-bin-ausnahmsweise-ganz-bei-weidmann-2_4026","og_locale":"de_DE","og_type":"article","og_title":"Ich bin ausnahmsweise ganz bei Weidmann - Herdentrieb","og_description":"So sehr mich der Kurs von Bundesbank und Bundesregierung in der Euro-Krise auch aufregen, den j\u00fcngsten \u00c4u\u00dferungen Jens Weidmanns zur deutschen Konjunktur stimme ich zu. Der Bundesbankpr\u00e4sident warnt vor zu viel Schwarzmalerei. Ich habe lange gebraucht, mich zu entscheiden, ob ich f\u00fcr 2012 den Optimisten oder Pessimisten geben soll. Das Hadern ist der eine Grund, [&hellip;]","og_url":"https:\/\/blog.zeit.de\/herdentrieb\/2011\/12\/29\/ich-bin-ausnahmsweise-ganz-bei-weidmann-2_4026","og_site_name":"Herdentrieb","article_published_time":"2011-12-29T13:43:33+00:00","article_modified_time":"2011-12-29T14:54:24+00:00","og_image":[{"url":"https:\/\/blog.zeit.de\/herdentrieb\/files\/2011\/12\/Kreditstandards_deutsche-Banken_11Q3.gif"}],"author":"Robert von Heusinger","twitter_card":"summary_large_image","twitter_creator":"@zeitonline","twitter_site":"@zeitonline","twitter_misc":{"Geschrieben von":"Robert von Heusinger","Gesch\u00e4tzte Lesezeit":"4\u00a0Minuten"},"schema":{"@context":"https:\/\/schema.org","@graph":[{"@type":"WebPage","@id":"https:\/\/blog.zeit.de\/herdentrieb\/2011\/12\/29\/ich-bin-ausnahmsweise-ganz-bei-weidmann-2_4026","url":"https:\/\/blog.zeit.de\/herdentrieb\/2011\/12\/29\/ich-bin-ausnahmsweise-ganz-bei-weidmann-2_4026","name":"Ich bin ausnahmsweise ganz bei Weidmann - Herdentrieb","isPartOf":{"@id":"https:\/\/blog.zeit.de\/herdentrieb\/#website"},"datePublished":"2011-12-29T13:43:33+00:00","dateModified":"2011-12-29T14:54:24+00:00","author":{"@id":"https:\/\/blog.zeit.de\/herdentrieb\/#\/schema\/person\/359c269ac9be6a7a3529bff7b18ac5c4"},"breadcrumb":{"@id":"https:\/\/blog.zeit.de\/herdentrieb\/2011\/12\/29\/ich-bin-ausnahmsweise-ganz-bei-weidmann-2_4026#breadcrumb"},"inLanguage":"de","potentialAction":[{"@type":"ReadAction","target":["https:\/\/blog.zeit.de\/herdentrieb\/2011\/12\/29\/ich-bin-ausnahmsweise-ganz-bei-weidmann-2_4026"]}]},{"@type":"BreadcrumbList","@id":"https:\/\/blog.zeit.de\/herdentrieb\/2011\/12\/29\/ich-bin-ausnahmsweise-ganz-bei-weidmann-2_4026#breadcrumb","itemListElement":[{"@type":"ListItem","position":1,"name":"Startseite","item":"https:\/\/blog.zeit.de\/herdentrieb"},{"@type":"ListItem","position":2,"name":"Ich bin ausnahmsweise ganz bei Weidmann"}]},{"@type":"WebSite","@id":"https:\/\/blog.zeit.de\/herdentrieb\/#website","url":"https:\/\/blog.zeit.de\/herdentrieb\/","name":"Herdentrieb","description":"So funktioniert Kapitalismus. Ein Blog","potentialAction":[{"@type":"SearchAction","target":{"@type":"EntryPoint","urlTemplate":"https:\/\/blog.zeit.de\/herdentrieb\/?s={search_term_string}"},"query-input":"required name=search_term_string"}],"inLanguage":"de"},{"@type":"Person","@id":"https:\/\/blog.zeit.de\/herdentrieb\/#\/schema\/person\/359c269ac9be6a7a3529bff7b18ac5c4","name":"Robert von Heusinger","image":{"@type":"ImageObject","inLanguage":"de","@id":"https:\/\/blog.zeit.de\/herdentrieb\/#\/schema\/person\/image\/","url":"https:\/\/secure.gravatar.com\/avatar\/a0b228cfe6009cf76b01362b64d1658814709a4497c9cdc2617816fa18a05d2f?s=96&d=mm&r=g","contentUrl":"https:\/\/secure.gravatar.com\/avatar\/a0b228cfe6009cf76b01362b64d1658814709a4497c9cdc2617816fa18a05d2f?s=96&d=mm&r=g","caption":"Robert von Heusinger"},"url":"https:\/\/blog.zeit.de\/herdentrieb\/author\/robert-von-heusinger"}]}},"jetpack_featured_media_url":"","jetpack_sharing_enabled":true,"_links":{"self":[{"href":"https:\/\/blog.zeit.de\/herdentrieb\/wp-json\/wp\/v2\/posts\/4026","targetHints":{"allow":["GET"]}}],"collection":[{"href":"https:\/\/blog.zeit.de\/herdentrieb\/wp-json\/wp\/v2\/posts"}],"about":[{"href":"https:\/\/blog.zeit.de\/herdentrieb\/wp-json\/wp\/v2\/types\/post"}],"author":[{"embeddable":true,"href":"https:\/\/blog.zeit.de\/herdentrieb\/wp-json\/wp\/v2\/users\/59"}],"replies":[{"embeddable":true,"href":"https:\/\/blog.zeit.de\/herdentrieb\/wp-json\/wp\/v2\/comments?post=4026"}],"version-history":[{"count":13,"href":"https:\/\/blog.zeit.de\/herdentrieb\/wp-json\/wp\/v2\/posts\/4026\/revisions"}],"predecessor-version":[{"id":4042,"href":"https:\/\/blog.zeit.de\/herdentrieb\/wp-json\/wp\/v2\/posts\/4026\/revisions\/4042"}],"wp:attachment":[{"href":"https:\/\/blog.zeit.de\/herdentrieb\/wp-json\/wp\/v2\/media?parent=4026"}],"wp:term":[{"taxonomy":"category","embeddable":true,"href":"https:\/\/blog.zeit.de\/herdentrieb\/wp-json\/wp\/v2\/categories?post=4026"},{"taxonomy":"post_tag","embeddable":true,"href":"https:\/\/blog.zeit.de\/herdentrieb\/wp-json\/wp\/v2\/tags?post=4026"}],"curies":[{"name":"wp","href":"https:\/\/api.w.org\/{rel}","templated":true}]}}