{"id":4179,"date":"2012-01-27T13:24:14","date_gmt":"2012-01-27T12:24:14","guid":{"rendered":"http:\/\/blog.zeit.de\/herdentrieb\/?p=4179"},"modified":"2012-01-27T14:05:17","modified_gmt":"2012-01-27T13:05:17","slug":"die-faz-und-die-geldpolitik","status":"publish","type":"post","link":"https:\/\/blog.zeit.de\/herdentrieb\/2012\/01\/27\/die-faz-und-die-geldpolitik_4179","title":{"rendered":"Die FAZ und die Geldpolitik"},"content":{"rendered":"<p>Ich sch\u00e4tze den Kollegen Patrick Welter sehr, auch wenn wir selten einer Meinung sind. Seinen <a href=\"http:\/\/www.faz.net\/aktuell\/wirtschaft\/amerikas-geldpolitik-das-entwertete-inflationsziel-11625832.html\" target=\"_blank\">Leitartikel heute<\/a> aber kann ich nicht unkommentiert lassen, weil er ein Musterbeispiel f\u00fcr selektive Berichterstattung ist, wie sie mir in den Kommentarspalten der <em>FAZ<\/em> h\u00e4ufig auff\u00e4llt.<\/p>\n<p>Beispiel:<\/p>\n<p style=\"padding-left: 30px;\"><em>Dabei wei\u00df auch die Fed, dass sie die Besch\u00e4ftigung allenfalls kurzfristig befeuern kann, langfristig aber in dieser Hinsicht machtlos ist.<\/em><\/p>\n<p>Nun ja, wenn eine entschlossene Reaktion der Geldpolitik verhindert, dass durch eine Dauerkrise am Arbeitsmarkt Qualifikationen obsolet werden (Hysterese) eben schon. Fazit: Zumindest umstritten.<\/p>\n<p style=\"padding-left: 30px;\"><em>&#8230; die Wirtschaft aus der stockenden Malaise zu befreien. Dazu bedarf es schon eines entschiedenen Defizitabbaus und niedrigerer Steuers\u00e4tze vor allem auf Unternehmen.<\/em><\/p>\n<p><em><\/em>Weniger Schulden und niedrigere Steuern zur Ankurbelung der Konjunktur. Vorsichtig formuliert: Umstritten.<\/p>\n<p style=\"padding-left: 30px;\"><em>Der geldpolitische Spielraum der EZB ist enger als derjenige der Fed. Dem Wunsch der B\u00fcrger nach Preisniveaustabilit\u00e4t ist damit besser gedient.<\/em><\/p>\n<p><em><\/em>Die B\u00fcrger wollen stabile Preise. Aber sie wollen auch eine niedrige Arbeitslosigkeit. Was davon sie mehr wollen ist zumindest \u2013 umstritten.<\/p>\n<p>Es ist die Aufgabe eines Kommentars, Stellung zu beziehen. Problematisch an dieser Art der Argumentation aber ist, dass Positionen nicht als zu belegende Meinung des Autors dargestellt werden, sondern als \u00fcberzeitliche Wahrheit daherkommen. Die gibt es nicht und schon gar nicht in der \u00d6konomie. Alles andere ist, um es einmal mit Hayek zu sagen, Anma\u00dfung von Wissen.<\/p>\n","protected":false},"excerpt":{"rendered":"<p>Ich sch\u00e4tze den Kollegen Patrick Welter sehr, auch wenn wir selten einer Meinung sind. Seinen Leitartikel heute aber kann ich nicht unkommentiert lassen, weil er ein Musterbeispiel f\u00fcr selektive Berichterstattung ist, wie sie mir in den Kommentarspalten der FAZ h\u00e4ufig auff\u00e4llt. Beispiel: Dabei wei\u00df auch die Fed, dass sie die Besch\u00e4ftigung allenfalls kurzfristig befeuern kann, [&hellip;]<\/p>\n","protected":false},"author":215,"featured_media":0,"comment_status":"open","ping_status":"closed","sticky":false,"template":"","format":"standard","meta":{"_jetpack_memberships_contains_paid_content":false,"footnotes":""},"categories":[1259],"tags":[],"class_list":["post-4179","post","type-post","status-publish","format-standard","hentry","category-der-zeitungsleser"],"yoast_head":"<!-- This site is optimized with the Yoast SEO plugin v21.0 - https:\/\/yoast.com\/wordpress\/plugins\/seo\/ -->\n<title>Die FAZ und die Geldpolitik - Herdentrieb<\/title>\n<meta name=\"robots\" content=\"index, follow, max-snippet:-1, max-image-preview:large, max-video-preview:-1\" \/>\n<link rel=\"canonical\" href=\"https:\/\/blog.zeit.de\/herdentrieb\/2012\/01\/27\/die-faz-und-die-geldpolitik_4179\" \/>\n<meta property=\"og:locale\" content=\"de_DE\" \/>\n<meta property=\"og:type\" content=\"article\" \/>\n<meta property=\"og:title\" content=\"Die FAZ und die Geldpolitik - Herdentrieb\" \/>\n<meta property=\"og:description\" content=\"Ich sch\u00e4tze den Kollegen Patrick Welter sehr, auch wenn wir selten einer Meinung sind. Seinen Leitartikel heute aber kann ich nicht unkommentiert lassen, weil er ein Musterbeispiel f\u00fcr selektive Berichterstattung ist, wie sie mir in den Kommentarspalten der FAZ h\u00e4ufig auff\u00e4llt. Beispiel: Dabei wei\u00df auch die Fed, dass sie die Besch\u00e4ftigung allenfalls kurzfristig befeuern kann, [&hellip;]\" \/>\n<meta property=\"og:url\" content=\"https:\/\/blog.zeit.de\/herdentrieb\/2012\/01\/27\/die-faz-und-die-geldpolitik_4179\" \/>\n<meta property=\"og:site_name\" content=\"Herdentrieb\" \/>\n<meta property=\"article:published_time\" content=\"2012-01-27T12:24:14+00:00\" \/>\n<meta property=\"article:modified_time\" content=\"2012-01-27T13:05:17+00:00\" \/>\n<meta name=\"author\" content=\"Mark Schieritz\" \/>\n<meta name=\"twitter:card\" content=\"summary_large_image\" \/>\n<meta name=\"twitter:creator\" content=\"@zeitonline\" \/>\n<meta name=\"twitter:site\" content=\"@zeitonline\" \/>\n<meta name=\"twitter:label1\" content=\"Geschrieben von\" \/>\n\t<meta name=\"twitter:data1\" content=\"Mark Schieritz\" \/>\n\t<meta name=\"twitter:label2\" content=\"Gesch\u00e4tzte Lesezeit\" \/>\n\t<meta name=\"twitter:data2\" content=\"1\u00a0Minute\" \/>\n<script type=\"application\/ld+json\" class=\"yoast-schema-graph\">{\"@context\":\"https:\/\/schema.org\",\"@graph\":[{\"@type\":\"WebPage\",\"@id\":\"https:\/\/blog.zeit.de\/herdentrieb\/2012\/01\/27\/die-faz-und-die-geldpolitik_4179\",\"url\":\"https:\/\/blog.zeit.de\/herdentrieb\/2012\/01\/27\/die-faz-und-die-geldpolitik_4179\",\"name\":\"Die FAZ und die Geldpolitik - Herdentrieb\",\"isPartOf\":{\"@id\":\"https:\/\/blog.zeit.de\/herdentrieb\/#website\"},\"datePublished\":\"2012-01-27T12:24:14+00:00\",\"dateModified\":\"2012-01-27T13:05:17+00:00\",\"author\":{\"@id\":\"https:\/\/blog.zeit.de\/herdentrieb\/#\/schema\/person\/a2dfa95bbd4de7e06edc88db4e3d3871\"},\"breadcrumb\":{\"@id\":\"https:\/\/blog.zeit.de\/herdentrieb\/2012\/01\/27\/die-faz-und-die-geldpolitik_4179#breadcrumb\"},\"inLanguage\":\"de\",\"potentialAction\":[{\"@type\":\"ReadAction\",\"target\":[\"https:\/\/blog.zeit.de\/herdentrieb\/2012\/01\/27\/die-faz-und-die-geldpolitik_4179\"]}]},{\"@type\":\"BreadcrumbList\",\"@id\":\"https:\/\/blog.zeit.de\/herdentrieb\/2012\/01\/27\/die-faz-und-die-geldpolitik_4179#breadcrumb\",\"itemListElement\":[{\"@type\":\"ListItem\",\"position\":1,\"name\":\"Startseite\",\"item\":\"https:\/\/blog.zeit.de\/herdentrieb\"},{\"@type\":\"ListItem\",\"position\":2,\"name\":\"Die FAZ und die Geldpolitik\"}]},{\"@type\":\"WebSite\",\"@id\":\"https:\/\/blog.zeit.de\/herdentrieb\/#website\",\"url\":\"https:\/\/blog.zeit.de\/herdentrieb\/\",\"name\":\"Herdentrieb\",\"description\":\"So funktioniert Kapitalismus. Ein Blog\",\"potentialAction\":[{\"@type\":\"SearchAction\",\"target\":{\"@type\":\"EntryPoint\",\"urlTemplate\":\"https:\/\/blog.zeit.de\/herdentrieb\/?s={search_term_string}\"},\"query-input\":\"required name=search_term_string\"}],\"inLanguage\":\"de\"},{\"@type\":\"Person\",\"@id\":\"https:\/\/blog.zeit.de\/herdentrieb\/#\/schema\/person\/a2dfa95bbd4de7e06edc88db4e3d3871\",\"name\":\"Mark Schieritz\",\"image\":{\"@type\":\"ImageObject\",\"inLanguage\":\"de\",\"@id\":\"https:\/\/blog.zeit.de\/herdentrieb\/#\/schema\/person\/image\/\",\"url\":\"https:\/\/secure.gravatar.com\/avatar\/66e072b8ecaf6d851921c0577ca78c8c9a24223a3c3cb6df48c5d839d1b622e0?s=96&d=mm&r=g\",\"contentUrl\":\"https:\/\/secure.gravatar.com\/avatar\/66e072b8ecaf6d851921c0577ca78c8c9a24223a3c3cb6df48c5d839d1b622e0?s=96&d=mm&r=g\",\"caption\":\"Mark Schieritz\"},\"url\":\"https:\/\/blog.zeit.de\/herdentrieb\/author\/mark-schieritz\"}]}<\/script>\n<!-- \/ Yoast SEO plugin. -->","yoast_head_json":{"title":"Die FAZ und die Geldpolitik - Herdentrieb","robots":{"index":"index","follow":"follow","max-snippet":"max-snippet:-1","max-image-preview":"max-image-preview:large","max-video-preview":"max-video-preview:-1"},"canonical":"https:\/\/blog.zeit.de\/herdentrieb\/2012\/01\/27\/die-faz-und-die-geldpolitik_4179","og_locale":"de_DE","og_type":"article","og_title":"Die FAZ und die Geldpolitik - Herdentrieb","og_description":"Ich sch\u00e4tze den Kollegen Patrick Welter sehr, auch wenn wir selten einer Meinung sind. Seinen Leitartikel heute aber kann ich nicht unkommentiert lassen, weil er ein Musterbeispiel f\u00fcr selektive Berichterstattung ist, wie sie mir in den Kommentarspalten der FAZ h\u00e4ufig auff\u00e4llt. Beispiel: Dabei wei\u00df auch die Fed, dass sie die Besch\u00e4ftigung allenfalls kurzfristig befeuern kann, [&hellip;]","og_url":"https:\/\/blog.zeit.de\/herdentrieb\/2012\/01\/27\/die-faz-und-die-geldpolitik_4179","og_site_name":"Herdentrieb","article_published_time":"2012-01-27T12:24:14+00:00","article_modified_time":"2012-01-27T13:05:17+00:00","author":"Mark Schieritz","twitter_card":"summary_large_image","twitter_creator":"@zeitonline","twitter_site":"@zeitonline","twitter_misc":{"Geschrieben von":"Mark Schieritz","Gesch\u00e4tzte Lesezeit":"1\u00a0Minute"},"schema":{"@context":"https:\/\/schema.org","@graph":[{"@type":"WebPage","@id":"https:\/\/blog.zeit.de\/herdentrieb\/2012\/01\/27\/die-faz-und-die-geldpolitik_4179","url":"https:\/\/blog.zeit.de\/herdentrieb\/2012\/01\/27\/die-faz-und-die-geldpolitik_4179","name":"Die FAZ und die Geldpolitik - Herdentrieb","isPartOf":{"@id":"https:\/\/blog.zeit.de\/herdentrieb\/#website"},"datePublished":"2012-01-27T12:24:14+00:00","dateModified":"2012-01-27T13:05:17+00:00","author":{"@id":"https:\/\/blog.zeit.de\/herdentrieb\/#\/schema\/person\/a2dfa95bbd4de7e06edc88db4e3d3871"},"breadcrumb":{"@id":"https:\/\/blog.zeit.de\/herdentrieb\/2012\/01\/27\/die-faz-und-die-geldpolitik_4179#breadcrumb"},"inLanguage":"de","potentialAction":[{"@type":"ReadAction","target":["https:\/\/blog.zeit.de\/herdentrieb\/2012\/01\/27\/die-faz-und-die-geldpolitik_4179"]}]},{"@type":"BreadcrumbList","@id":"https:\/\/blog.zeit.de\/herdentrieb\/2012\/01\/27\/die-faz-und-die-geldpolitik_4179#breadcrumb","itemListElement":[{"@type":"ListItem","position":1,"name":"Startseite","item":"https:\/\/blog.zeit.de\/herdentrieb"},{"@type":"ListItem","position":2,"name":"Die FAZ und die Geldpolitik"}]},{"@type":"WebSite","@id":"https:\/\/blog.zeit.de\/herdentrieb\/#website","url":"https:\/\/blog.zeit.de\/herdentrieb\/","name":"Herdentrieb","description":"So funktioniert Kapitalismus. Ein Blog","potentialAction":[{"@type":"SearchAction","target":{"@type":"EntryPoint","urlTemplate":"https:\/\/blog.zeit.de\/herdentrieb\/?s={search_term_string}"},"query-input":"required name=search_term_string"}],"inLanguage":"de"},{"@type":"Person","@id":"https:\/\/blog.zeit.de\/herdentrieb\/#\/schema\/person\/a2dfa95bbd4de7e06edc88db4e3d3871","name":"Mark Schieritz","image":{"@type":"ImageObject","inLanguage":"de","@id":"https:\/\/blog.zeit.de\/herdentrieb\/#\/schema\/person\/image\/","url":"https:\/\/secure.gravatar.com\/avatar\/66e072b8ecaf6d851921c0577ca78c8c9a24223a3c3cb6df48c5d839d1b622e0?s=96&d=mm&r=g","contentUrl":"https:\/\/secure.gravatar.com\/avatar\/66e072b8ecaf6d851921c0577ca78c8c9a24223a3c3cb6df48c5d839d1b622e0?s=96&d=mm&r=g","caption":"Mark Schieritz"},"url":"https:\/\/blog.zeit.de\/herdentrieb\/author\/mark-schieritz"}]}},"jetpack_featured_media_url":"","jetpack_sharing_enabled":true,"_links":{"self":[{"href":"https:\/\/blog.zeit.de\/herdentrieb\/wp-json\/wp\/v2\/posts\/4179","targetHints":{"allow":["GET"]}}],"collection":[{"href":"https:\/\/blog.zeit.de\/herdentrieb\/wp-json\/wp\/v2\/posts"}],"about":[{"href":"https:\/\/blog.zeit.de\/herdentrieb\/wp-json\/wp\/v2\/types\/post"}],"author":[{"embeddable":true,"href":"https:\/\/blog.zeit.de\/herdentrieb\/wp-json\/wp\/v2\/users\/215"}],"replies":[{"embeddable":true,"href":"https:\/\/blog.zeit.de\/herdentrieb\/wp-json\/wp\/v2\/comments?post=4179"}],"version-history":[{"count":4,"href":"https:\/\/blog.zeit.de\/herdentrieb\/wp-json\/wp\/v2\/posts\/4179\/revisions"}],"predecessor-version":[{"id":4185,"href":"https:\/\/blog.zeit.de\/herdentrieb\/wp-json\/wp\/v2\/posts\/4179\/revisions\/4185"}],"wp:attachment":[{"href":"https:\/\/blog.zeit.de\/herdentrieb\/wp-json\/wp\/v2\/media?parent=4179"}],"wp:term":[{"taxonomy":"category","embeddable":true,"href":"https:\/\/blog.zeit.de\/herdentrieb\/wp-json\/wp\/v2\/categories?post=4179"},{"taxonomy":"post_tag","embeddable":true,"href":"https:\/\/blog.zeit.de\/herdentrieb\/wp-json\/wp\/v2\/tags?post=4179"}],"curies":[{"name":"wp","href":"https:\/\/api.w.org\/{rel}","templated":true}]}}