{"id":4207,"date":"2012-01-31T13:55:22","date_gmt":"2012-01-31T12:55:22","guid":{"rendered":"http:\/\/blog.zeit.de\/herdentrieb\/?p=4207"},"modified":"2012-01-31T18:03:30","modified_gmt":"2012-01-31T17:03:30","slug":"sind-wir-zu-blod-zum-retten","status":"publish","type":"post","link":"https:\/\/blog.zeit.de\/herdentrieb\/2012\/01\/31\/sind-wir-zu-blod-zum-retten_4207","title":{"rendered":"Sind wir zu bl\u00f6d zum Retten?"},"content":{"rendered":"<p>Richard Koo vom Nomura Research Institute in Tokyo ist f\u00fcr mich einer der kl\u00fcgsten \u00d6konomen weltweit. In einem neuen <a href=\"http:\/\/www.paecon.net\/PAEReview\/issue58\/Koo58.pdf\" target=\"_blank\">Papier<\/a>\u00a0hat er das Dilemma der Politik in der Krise ziemlich gut auf den Punkt gebracht. Seine Ausgangsfrage: Sind Demokratien zu einer wirkungsvollen Krisenpolitik strukturell nicht in der Lage. Hier die Antwort, sie passt gut zur gestrigen Preisverleihung (danke f\u00fcr die Gl\u00fcckw\u00fcnsche).<\/p>\n<p style=\"padding-left: 30px;\"><em>Even those who manage to prevent an economic meltdown by implementing necessary fiscal stimulus before the crisis are likely to be bashed instead of praised by the public. This is because the general public typically cannot envision what might have happened in the absence of fiscal stimulus. Seeing only a large deficit and no crisis, they assume the money must have been wasted on useless projects.<\/em><\/p>\n<p style=\"padding-left: 30px;\"><em>That is exactly what happened to Liberal Democratic politicians in Japan, President Barack Obama in the U.S. And former Prime Minister Gordon Brown in the U.K. Although their actions saved their economies from devastating deflationary spirals, they were bashed because the public is unable to contemplate the counterfactual scenario. The man or woman who prevents a crisis never becomes a hero. For a hero to emerge we must first have a crisis, as Hollywood movies will attest.<\/em><\/p>\n<p>Man m\u00fcsste sich jetzt nat\u00fcrlich noch anschauen, warum die Bev\u00f6lkerung so reagiert wie sie reagiert und was das mit den Machtverh\u00e4ltnisse in der \u00d6ffentlichkeit zu tun hat. Aber dazu vielleicht ein andermal mehr.<\/p>\n","protected":false},"excerpt":{"rendered":"<p>Richard Koo vom Nomura Research Institute in Tokyo ist f\u00fcr mich einer der kl\u00fcgsten \u00d6konomen weltweit. In einem neuen Papier\u00a0hat er das Dilemma der Politik in der Krise ziemlich gut auf den Punkt gebracht. Seine Ausgangsfrage: Sind Demokratien zu einer wirkungsvollen Krisenpolitik strukturell nicht in der Lage. Hier die Antwort, sie passt gut zur gestrigen [&hellip;]<\/p>\n","protected":false},"author":215,"featured_media":0,"comment_status":"open","ping_status":"closed","sticky":false,"template":"","format":"standard","meta":{"_jetpack_memberships_contains_paid_content":false,"footnotes":""},"categories":[3],"tags":[],"class_list":["post-4207","post","type-post","status-publish","format-standard","hentry","category-der-aktuelle-rand"],"yoast_head":"<!-- This site is optimized with the Yoast SEO plugin v21.0 - https:\/\/yoast.com\/wordpress\/plugins\/seo\/ -->\n<title>Sind wir zu bl\u00f6d zum Retten? - Herdentrieb<\/title>\n<meta name=\"robots\" content=\"index, follow, max-snippet:-1, max-image-preview:large, max-video-preview:-1\" \/>\n<link rel=\"canonical\" href=\"https:\/\/blog.zeit.de\/herdentrieb\/2012\/01\/31\/sind-wir-zu-blod-zum-retten_4207\" \/>\n<meta property=\"og:locale\" content=\"de_DE\" \/>\n<meta property=\"og:type\" content=\"article\" \/>\n<meta property=\"og:title\" content=\"Sind wir zu bl\u00f6d zum Retten? - Herdentrieb\" \/>\n<meta property=\"og:description\" content=\"Richard Koo vom Nomura Research Institute in Tokyo ist f\u00fcr mich einer der kl\u00fcgsten \u00d6konomen weltweit. In einem neuen Papier\u00a0hat er das Dilemma der Politik in der Krise ziemlich gut auf den Punkt gebracht. Seine Ausgangsfrage: Sind Demokratien zu einer wirkungsvollen Krisenpolitik strukturell nicht in der Lage. Hier die Antwort, sie passt gut zur gestrigen [&hellip;]\" \/>\n<meta property=\"og:url\" content=\"https:\/\/blog.zeit.de\/herdentrieb\/2012\/01\/31\/sind-wir-zu-blod-zum-retten_4207\" \/>\n<meta property=\"og:site_name\" content=\"Herdentrieb\" \/>\n<meta property=\"article:published_time\" content=\"2012-01-31T12:55:22+00:00\" \/>\n<meta property=\"article:modified_time\" content=\"2012-01-31T17:03:30+00:00\" \/>\n<meta name=\"author\" content=\"Mark Schieritz\" \/>\n<meta name=\"twitter:card\" content=\"summary_large_image\" \/>\n<meta name=\"twitter:creator\" content=\"@zeitonline\" \/>\n<meta name=\"twitter:site\" content=\"@zeitonline\" \/>\n<meta name=\"twitter:label1\" content=\"Geschrieben von\" \/>\n\t<meta name=\"twitter:data1\" content=\"Mark Schieritz\" \/>\n\t<meta name=\"twitter:label2\" content=\"Gesch\u00e4tzte Lesezeit\" \/>\n\t<meta name=\"twitter:data2\" content=\"1\u00a0Minute\" \/>\n<script type=\"application\/ld+json\" class=\"yoast-schema-graph\">{\"@context\":\"https:\/\/schema.org\",\"@graph\":[{\"@type\":\"WebPage\",\"@id\":\"https:\/\/blog.zeit.de\/herdentrieb\/2012\/01\/31\/sind-wir-zu-blod-zum-retten_4207\",\"url\":\"https:\/\/blog.zeit.de\/herdentrieb\/2012\/01\/31\/sind-wir-zu-blod-zum-retten_4207\",\"name\":\"Sind wir zu bl\u00f6d zum Retten? - Herdentrieb\",\"isPartOf\":{\"@id\":\"https:\/\/blog.zeit.de\/herdentrieb\/#website\"},\"datePublished\":\"2012-01-31T12:55:22+00:00\",\"dateModified\":\"2012-01-31T17:03:30+00:00\",\"author\":{\"@id\":\"https:\/\/blog.zeit.de\/herdentrieb\/#\/schema\/person\/a2dfa95bbd4de7e06edc88db4e3d3871\"},\"breadcrumb\":{\"@id\":\"https:\/\/blog.zeit.de\/herdentrieb\/2012\/01\/31\/sind-wir-zu-blod-zum-retten_4207#breadcrumb\"},\"inLanguage\":\"de\",\"potentialAction\":[{\"@type\":\"ReadAction\",\"target\":[\"https:\/\/blog.zeit.de\/herdentrieb\/2012\/01\/31\/sind-wir-zu-blod-zum-retten_4207\"]}]},{\"@type\":\"BreadcrumbList\",\"@id\":\"https:\/\/blog.zeit.de\/herdentrieb\/2012\/01\/31\/sind-wir-zu-blod-zum-retten_4207#breadcrumb\",\"itemListElement\":[{\"@type\":\"ListItem\",\"position\":1,\"name\":\"Startseite\",\"item\":\"https:\/\/blog.zeit.de\/herdentrieb\"},{\"@type\":\"ListItem\",\"position\":2,\"name\":\"Sind wir zu bl\u00f6d zum Retten?\"}]},{\"@type\":\"WebSite\",\"@id\":\"https:\/\/blog.zeit.de\/herdentrieb\/#website\",\"url\":\"https:\/\/blog.zeit.de\/herdentrieb\/\",\"name\":\"Herdentrieb\",\"description\":\"So funktioniert Kapitalismus. Ein Blog\",\"potentialAction\":[{\"@type\":\"SearchAction\",\"target\":{\"@type\":\"EntryPoint\",\"urlTemplate\":\"https:\/\/blog.zeit.de\/herdentrieb\/?s={search_term_string}\"},\"query-input\":\"required name=search_term_string\"}],\"inLanguage\":\"de\"},{\"@type\":\"Person\",\"@id\":\"https:\/\/blog.zeit.de\/herdentrieb\/#\/schema\/person\/a2dfa95bbd4de7e06edc88db4e3d3871\",\"name\":\"Mark Schieritz\",\"image\":{\"@type\":\"ImageObject\",\"inLanguage\":\"de\",\"@id\":\"https:\/\/blog.zeit.de\/herdentrieb\/#\/schema\/person\/image\/\",\"url\":\"https:\/\/secure.gravatar.com\/avatar\/66e072b8ecaf6d851921c0577ca78c8c9a24223a3c3cb6df48c5d839d1b622e0?s=96&d=mm&r=g\",\"contentUrl\":\"https:\/\/secure.gravatar.com\/avatar\/66e072b8ecaf6d851921c0577ca78c8c9a24223a3c3cb6df48c5d839d1b622e0?s=96&d=mm&r=g\",\"caption\":\"Mark Schieritz\"},\"url\":\"https:\/\/blog.zeit.de\/herdentrieb\/author\/mark-schieritz\"}]}<\/script>\n<!-- \/ Yoast SEO plugin. -->","yoast_head_json":{"title":"Sind wir zu bl\u00f6d zum Retten? - Herdentrieb","robots":{"index":"index","follow":"follow","max-snippet":"max-snippet:-1","max-image-preview":"max-image-preview:large","max-video-preview":"max-video-preview:-1"},"canonical":"https:\/\/blog.zeit.de\/herdentrieb\/2012\/01\/31\/sind-wir-zu-blod-zum-retten_4207","og_locale":"de_DE","og_type":"article","og_title":"Sind wir zu bl\u00f6d zum Retten? - Herdentrieb","og_description":"Richard Koo vom Nomura Research Institute in Tokyo ist f\u00fcr mich einer der kl\u00fcgsten \u00d6konomen weltweit. In einem neuen Papier\u00a0hat er das Dilemma der Politik in der Krise ziemlich gut auf den Punkt gebracht. Seine Ausgangsfrage: Sind Demokratien zu einer wirkungsvollen Krisenpolitik strukturell nicht in der Lage. Hier die Antwort, sie passt gut zur gestrigen [&hellip;]","og_url":"https:\/\/blog.zeit.de\/herdentrieb\/2012\/01\/31\/sind-wir-zu-blod-zum-retten_4207","og_site_name":"Herdentrieb","article_published_time":"2012-01-31T12:55:22+00:00","article_modified_time":"2012-01-31T17:03:30+00:00","author":"Mark Schieritz","twitter_card":"summary_large_image","twitter_creator":"@zeitonline","twitter_site":"@zeitonline","twitter_misc":{"Geschrieben von":"Mark Schieritz","Gesch\u00e4tzte Lesezeit":"1\u00a0Minute"},"schema":{"@context":"https:\/\/schema.org","@graph":[{"@type":"WebPage","@id":"https:\/\/blog.zeit.de\/herdentrieb\/2012\/01\/31\/sind-wir-zu-blod-zum-retten_4207","url":"https:\/\/blog.zeit.de\/herdentrieb\/2012\/01\/31\/sind-wir-zu-blod-zum-retten_4207","name":"Sind wir zu bl\u00f6d zum Retten? - Herdentrieb","isPartOf":{"@id":"https:\/\/blog.zeit.de\/herdentrieb\/#website"},"datePublished":"2012-01-31T12:55:22+00:00","dateModified":"2012-01-31T17:03:30+00:00","author":{"@id":"https:\/\/blog.zeit.de\/herdentrieb\/#\/schema\/person\/a2dfa95bbd4de7e06edc88db4e3d3871"},"breadcrumb":{"@id":"https:\/\/blog.zeit.de\/herdentrieb\/2012\/01\/31\/sind-wir-zu-blod-zum-retten_4207#breadcrumb"},"inLanguage":"de","potentialAction":[{"@type":"ReadAction","target":["https:\/\/blog.zeit.de\/herdentrieb\/2012\/01\/31\/sind-wir-zu-blod-zum-retten_4207"]}]},{"@type":"BreadcrumbList","@id":"https:\/\/blog.zeit.de\/herdentrieb\/2012\/01\/31\/sind-wir-zu-blod-zum-retten_4207#breadcrumb","itemListElement":[{"@type":"ListItem","position":1,"name":"Startseite","item":"https:\/\/blog.zeit.de\/herdentrieb"},{"@type":"ListItem","position":2,"name":"Sind wir zu bl\u00f6d zum Retten?"}]},{"@type":"WebSite","@id":"https:\/\/blog.zeit.de\/herdentrieb\/#website","url":"https:\/\/blog.zeit.de\/herdentrieb\/","name":"Herdentrieb","description":"So funktioniert Kapitalismus. Ein Blog","potentialAction":[{"@type":"SearchAction","target":{"@type":"EntryPoint","urlTemplate":"https:\/\/blog.zeit.de\/herdentrieb\/?s={search_term_string}"},"query-input":"required name=search_term_string"}],"inLanguage":"de"},{"@type":"Person","@id":"https:\/\/blog.zeit.de\/herdentrieb\/#\/schema\/person\/a2dfa95bbd4de7e06edc88db4e3d3871","name":"Mark Schieritz","image":{"@type":"ImageObject","inLanguage":"de","@id":"https:\/\/blog.zeit.de\/herdentrieb\/#\/schema\/person\/image\/","url":"https:\/\/secure.gravatar.com\/avatar\/66e072b8ecaf6d851921c0577ca78c8c9a24223a3c3cb6df48c5d839d1b622e0?s=96&d=mm&r=g","contentUrl":"https:\/\/secure.gravatar.com\/avatar\/66e072b8ecaf6d851921c0577ca78c8c9a24223a3c3cb6df48c5d839d1b622e0?s=96&d=mm&r=g","caption":"Mark Schieritz"},"url":"https:\/\/blog.zeit.de\/herdentrieb\/author\/mark-schieritz"}]}},"jetpack_featured_media_url":"","jetpack_sharing_enabled":true,"_links":{"self":[{"href":"https:\/\/blog.zeit.de\/herdentrieb\/wp-json\/wp\/v2\/posts\/4207","targetHints":{"allow":["GET"]}}],"collection":[{"href":"https:\/\/blog.zeit.de\/herdentrieb\/wp-json\/wp\/v2\/posts"}],"about":[{"href":"https:\/\/blog.zeit.de\/herdentrieb\/wp-json\/wp\/v2\/types\/post"}],"author":[{"embeddable":true,"href":"https:\/\/blog.zeit.de\/herdentrieb\/wp-json\/wp\/v2\/users\/215"}],"replies":[{"embeddable":true,"href":"https:\/\/blog.zeit.de\/herdentrieb\/wp-json\/wp\/v2\/comments?post=4207"}],"version-history":[{"count":4,"href":"https:\/\/blog.zeit.de\/herdentrieb\/wp-json\/wp\/v2\/posts\/4207\/revisions"}],"predecessor-version":[{"id":4214,"href":"https:\/\/blog.zeit.de\/herdentrieb\/wp-json\/wp\/v2\/posts\/4207\/revisions\/4214"}],"wp:attachment":[{"href":"https:\/\/blog.zeit.de\/herdentrieb\/wp-json\/wp\/v2\/media?parent=4207"}],"wp:term":[{"taxonomy":"category","embeddable":true,"href":"https:\/\/blog.zeit.de\/herdentrieb\/wp-json\/wp\/v2\/categories?post=4207"},{"taxonomy":"post_tag","embeddable":true,"href":"https:\/\/blog.zeit.de\/herdentrieb\/wp-json\/wp\/v2\/tags?post=4207"}],"curies":[{"name":"wp","href":"https:\/\/api.w.org\/{rel}","templated":true}]}}