{"id":4245,"date":"2012-02-08T19:34:55","date_gmt":"2012-02-08T18:34:55","guid":{"rendered":"http:\/\/blog.zeit.de\/herdentrieb\/?p=4245"},"modified":"2012-02-08T21:58:41","modified_gmt":"2012-02-08T20:58:41","slug":"wie-berechtigt-ist-die-kritik-am-sachverstandigenrat","status":"publish","type":"post","link":"https:\/\/blog.zeit.de\/herdentrieb\/2012\/02\/08\/wie-berechtigt-ist-die-kritik-am-sachverstandigenrat_4245","title":{"rendered":"Wie berechtigt ist die Kritik am Sachverst\u00e4ndigenrat?"},"content":{"rendered":"<p>Heike G\u00f6bel kritisiert bei <a href=\"http:\/\/faz-community.faz.net\/blogs\/fazit\/archive\/2012\/02\/08\/rettet-den-sachverstaendigenrat.aspx\" target=\"_blank\">Fazit<\/a> den Zustand des Sachverst\u00e4ndigenrat:<\/p>\n<p style=\"padding-left: 30px;\"><em>In seinem derzeitigen kraftlosen, unentschlossenen Zustand und mit seinen sprunghaften Empfehlungen ist der Sachverst\u00e4ndigenrat nicht hilfreich.<\/em><\/p>\n<p>Nun kann man sich tats\u00e4chlich fragen, wie sinnvoll ein solches Beratungsgremium grunds\u00e4tzlich ist <!--more-->und wie eindeutig seine Botschaften angesichts einer gespaltenen Wissenschaft sein m\u00fcssen. Und mit dem Vorschlag eines Schuldentilgungspakts im letzten Gutachten hat der Rat ein enormes nationales und internationales Echo hervorgerufen \u2013 so kraftlos scheint er also nicht zu sein.\u00a0Was mich zu der Vermutung veranlasst, dass es in G\u00f6bels Kritik gar nicht darum geht, wie relevant der Rat ist, sondern um seine inhaltliche Ausrichtung. So schreibt sie:<\/p>\n<p style=\"padding-left: 30px;\"><em>\u00a0Auch in der Euro-Debatte bietet der Rat keine Orientierung: Der im Elfenbeinturm fein ausgekl\u00fcgelte Schuldentilgungspakt, den er im j\u00fcngsten Gutachten pr\u00e4sentiert hat, um f\u00fcr Fiskaldisziplin im Euroraum zu sorgen, ist eine Einladung an die Politik, die Schulden im Euroraum zu vergemeinschaften.<\/em><\/p>\n<p>Das ist eine Kritik an der Substanz der Empfehlung, nicht an ihrer Wirkungsmacht. Oder hier:<\/p>\n<p style=\"padding-left: 30px;\"><em>Peter Bofinger ist in seiner Rolle als ewiger Keynesianer erstarrt. Vielleicht\u00a0 sollten beide jetzt mit Frau Weder die Mauro ausscheiden. Damit w\u00e4re der Weg frei f\u00fcr eine durchgreifende Erneuerung, an f\u00e4higen K\u00f6pfen mangelt es nicht<\/em><\/p>\n<p>Heike G\u00f6bel hat also offensichtlich vor allem ein Problem damit, dass im Rat ein Keynesianer sitzt und dass die Professoren eine \u2013 begrenzte \u2013 Vergemeinschaftung der Schulden im Euro-Raum vorschlagen. Mit anderen Worten: Ihr passt die Richtung nicht, die der Rat eingeschlagen hat. Das ist nat\u00fcrlich eine legitime Sichtweise, die aber \u00a0letztlich in einer weltanschaulichen Position gr\u00fcndet und damit keine Objektivit\u00e4t beanspruchen kann. Genauso gut k\u00f6nnte man sagen, Lars Feld sei als ewiger Ordnungspolitiker erstarrt und sollte ausscheiden.<\/p>\n<p>Weil sie eine kluge Journalistin ist, wei\u00df sie das auch und verkauft ihre Kritik am Inhalt deshalb als in objektiven Tatsachen gr\u00fcndenden Zweifel an der Relevanz des Gremiums (was eine bekannte Argumentationsfigur in der politischen Auseinandersetzung ist. Deshalb sagen so viele Politiker auch nicht &#8222;ich will&#8220;, sondern &#8222;die Menschen wollen&#8220;).\u00a0Am Ende schreibt sie:<\/p>\n<p style=\"padding-left: 30px;\"><em>\u00a0Man w\u00fcnscht sich eine engagierte \u00d6konomentruppe, an deren Rat Politik, Wissenschaft und \u00d6ffentlichkeit nicht l\u00e4nger einfach vorbeikommen.<\/em><\/p>\n<p>Mein Vorschlag: Paul Krugman, Brad de Long, Ken Rogoff, Adam Posen, Jean Pisani-Ferry. Alles h\u00f6chst renommierte und engagierte \u00d6konomen mit Praxiserfahrung. Wenn es ihr wirklich nur um das Ansehen ginge, m\u00fcsste Heike G\u00f6bel damit einverstanden sein.<\/p>\n","protected":false},"excerpt":{"rendered":"<p>Heike G\u00f6bel kritisiert bei Fazit den Zustand des Sachverst\u00e4ndigenrat: In seinem derzeitigen kraftlosen, unentschlossenen Zustand und mit seinen sprunghaften Empfehlungen ist der Sachverst\u00e4ndigenrat nicht hilfreich. Nun kann man sich tats\u00e4chlich fragen, wie sinnvoll ein solches Beratungsgremium grunds\u00e4tzlich ist<\/p>\n","protected":false},"author":215,"featured_media":0,"comment_status":"open","ping_status":"closed","sticky":false,"template":"","format":"standard","meta":{"_jetpack_memberships_contains_paid_content":false,"footnotes":""},"categories":[3,1259],"tags":[],"class_list":["post-4245","post","type-post","status-publish","format-standard","hentry","category-der-aktuelle-rand","category-der-zeitungsleser"],"yoast_head":"<!-- This site is optimized with the Yoast SEO plugin v21.0 - https:\/\/yoast.com\/wordpress\/plugins\/seo\/ -->\n<title>Wie berechtigt ist die Kritik am Sachverst\u00e4ndigenrat? - Herdentrieb<\/title>\n<meta name=\"robots\" content=\"index, follow, max-snippet:-1, max-image-preview:large, max-video-preview:-1\" \/>\n<link rel=\"canonical\" href=\"https:\/\/blog.zeit.de\/herdentrieb\/2012\/02\/08\/wie-berechtigt-ist-die-kritik-am-sachverstandigenrat_4245\" \/>\n<meta property=\"og:locale\" content=\"de_DE\" \/>\n<meta property=\"og:type\" content=\"article\" \/>\n<meta property=\"og:title\" content=\"Wie berechtigt ist die Kritik am Sachverst\u00e4ndigenrat? - Herdentrieb\" \/>\n<meta property=\"og:description\" content=\"Heike G\u00f6bel kritisiert bei Fazit den Zustand des Sachverst\u00e4ndigenrat: In seinem derzeitigen kraftlosen, unentschlossenen Zustand und mit seinen sprunghaften Empfehlungen ist der Sachverst\u00e4ndigenrat nicht hilfreich. Nun kann man sich tats\u00e4chlich fragen, wie sinnvoll ein solches Beratungsgremium grunds\u00e4tzlich ist\" \/>\n<meta property=\"og:url\" content=\"https:\/\/blog.zeit.de\/herdentrieb\/2012\/02\/08\/wie-berechtigt-ist-die-kritik-am-sachverstandigenrat_4245\" \/>\n<meta property=\"og:site_name\" content=\"Herdentrieb\" \/>\n<meta property=\"article:published_time\" content=\"2012-02-08T18:34:55+00:00\" \/>\n<meta property=\"article:modified_time\" content=\"2012-02-08T20:58:41+00:00\" \/>\n<meta name=\"author\" content=\"Mark Schieritz\" \/>\n<meta name=\"twitter:card\" content=\"summary_large_image\" \/>\n<meta name=\"twitter:creator\" content=\"@zeitonline\" \/>\n<meta name=\"twitter:site\" content=\"@zeitonline\" \/>\n<meta name=\"twitter:label1\" content=\"Geschrieben von\" \/>\n\t<meta name=\"twitter:data1\" content=\"Mark Schieritz\" \/>\n\t<meta name=\"twitter:label2\" content=\"Gesch\u00e4tzte Lesezeit\" \/>\n\t<meta name=\"twitter:data2\" content=\"2\u00a0Minuten\" \/>\n<script type=\"application\/ld+json\" class=\"yoast-schema-graph\">{\"@context\":\"https:\/\/schema.org\",\"@graph\":[{\"@type\":\"WebPage\",\"@id\":\"https:\/\/blog.zeit.de\/herdentrieb\/2012\/02\/08\/wie-berechtigt-ist-die-kritik-am-sachverstandigenrat_4245\",\"url\":\"https:\/\/blog.zeit.de\/herdentrieb\/2012\/02\/08\/wie-berechtigt-ist-die-kritik-am-sachverstandigenrat_4245\",\"name\":\"Wie berechtigt ist die Kritik am Sachverst\u00e4ndigenrat? - Herdentrieb\",\"isPartOf\":{\"@id\":\"https:\/\/blog.zeit.de\/herdentrieb\/#website\"},\"datePublished\":\"2012-02-08T18:34:55+00:00\",\"dateModified\":\"2012-02-08T20:58:41+00:00\",\"author\":{\"@id\":\"https:\/\/blog.zeit.de\/herdentrieb\/#\/schema\/person\/a2dfa95bbd4de7e06edc88db4e3d3871\"},\"breadcrumb\":{\"@id\":\"https:\/\/blog.zeit.de\/herdentrieb\/2012\/02\/08\/wie-berechtigt-ist-die-kritik-am-sachverstandigenrat_4245#breadcrumb\"},\"inLanguage\":\"de\",\"potentialAction\":[{\"@type\":\"ReadAction\",\"target\":[\"https:\/\/blog.zeit.de\/herdentrieb\/2012\/02\/08\/wie-berechtigt-ist-die-kritik-am-sachverstandigenrat_4245\"]}]},{\"@type\":\"BreadcrumbList\",\"@id\":\"https:\/\/blog.zeit.de\/herdentrieb\/2012\/02\/08\/wie-berechtigt-ist-die-kritik-am-sachverstandigenrat_4245#breadcrumb\",\"itemListElement\":[{\"@type\":\"ListItem\",\"position\":1,\"name\":\"Startseite\",\"item\":\"https:\/\/blog.zeit.de\/herdentrieb\"},{\"@type\":\"ListItem\",\"position\":2,\"name\":\"Wie berechtigt ist die Kritik am Sachverst\u00e4ndigenrat?\"}]},{\"@type\":\"WebSite\",\"@id\":\"https:\/\/blog.zeit.de\/herdentrieb\/#website\",\"url\":\"https:\/\/blog.zeit.de\/herdentrieb\/\",\"name\":\"Herdentrieb\",\"description\":\"So funktioniert Kapitalismus. Ein Blog\",\"potentialAction\":[{\"@type\":\"SearchAction\",\"target\":{\"@type\":\"EntryPoint\",\"urlTemplate\":\"https:\/\/blog.zeit.de\/herdentrieb\/?s={search_term_string}\"},\"query-input\":\"required name=search_term_string\"}],\"inLanguage\":\"de\"},{\"@type\":\"Person\",\"@id\":\"https:\/\/blog.zeit.de\/herdentrieb\/#\/schema\/person\/a2dfa95bbd4de7e06edc88db4e3d3871\",\"name\":\"Mark Schieritz\",\"image\":{\"@type\":\"ImageObject\",\"inLanguage\":\"de\",\"@id\":\"https:\/\/blog.zeit.de\/herdentrieb\/#\/schema\/person\/image\/\",\"url\":\"https:\/\/secure.gravatar.com\/avatar\/66e072b8ecaf6d851921c0577ca78c8c9a24223a3c3cb6df48c5d839d1b622e0?s=96&d=mm&r=g\",\"contentUrl\":\"https:\/\/secure.gravatar.com\/avatar\/66e072b8ecaf6d851921c0577ca78c8c9a24223a3c3cb6df48c5d839d1b622e0?s=96&d=mm&r=g\",\"caption\":\"Mark Schieritz\"},\"url\":\"https:\/\/blog.zeit.de\/herdentrieb\/author\/mark-schieritz\"}]}<\/script>\n<!-- \/ Yoast SEO plugin. -->","yoast_head_json":{"title":"Wie berechtigt ist die Kritik am Sachverst\u00e4ndigenrat? - Herdentrieb","robots":{"index":"index","follow":"follow","max-snippet":"max-snippet:-1","max-image-preview":"max-image-preview:large","max-video-preview":"max-video-preview:-1"},"canonical":"https:\/\/blog.zeit.de\/herdentrieb\/2012\/02\/08\/wie-berechtigt-ist-die-kritik-am-sachverstandigenrat_4245","og_locale":"de_DE","og_type":"article","og_title":"Wie berechtigt ist die Kritik am Sachverst\u00e4ndigenrat? - Herdentrieb","og_description":"Heike G\u00f6bel kritisiert bei Fazit den Zustand des Sachverst\u00e4ndigenrat: In seinem derzeitigen kraftlosen, unentschlossenen Zustand und mit seinen sprunghaften Empfehlungen ist der Sachverst\u00e4ndigenrat nicht hilfreich. Nun kann man sich tats\u00e4chlich fragen, wie sinnvoll ein solches Beratungsgremium grunds\u00e4tzlich ist","og_url":"https:\/\/blog.zeit.de\/herdentrieb\/2012\/02\/08\/wie-berechtigt-ist-die-kritik-am-sachverstandigenrat_4245","og_site_name":"Herdentrieb","article_published_time":"2012-02-08T18:34:55+00:00","article_modified_time":"2012-02-08T20:58:41+00:00","author":"Mark Schieritz","twitter_card":"summary_large_image","twitter_creator":"@zeitonline","twitter_site":"@zeitonline","twitter_misc":{"Geschrieben von":"Mark Schieritz","Gesch\u00e4tzte Lesezeit":"2\u00a0Minuten"},"schema":{"@context":"https:\/\/schema.org","@graph":[{"@type":"WebPage","@id":"https:\/\/blog.zeit.de\/herdentrieb\/2012\/02\/08\/wie-berechtigt-ist-die-kritik-am-sachverstandigenrat_4245","url":"https:\/\/blog.zeit.de\/herdentrieb\/2012\/02\/08\/wie-berechtigt-ist-die-kritik-am-sachverstandigenrat_4245","name":"Wie berechtigt ist die Kritik am Sachverst\u00e4ndigenrat? - Herdentrieb","isPartOf":{"@id":"https:\/\/blog.zeit.de\/herdentrieb\/#website"},"datePublished":"2012-02-08T18:34:55+00:00","dateModified":"2012-02-08T20:58:41+00:00","author":{"@id":"https:\/\/blog.zeit.de\/herdentrieb\/#\/schema\/person\/a2dfa95bbd4de7e06edc88db4e3d3871"},"breadcrumb":{"@id":"https:\/\/blog.zeit.de\/herdentrieb\/2012\/02\/08\/wie-berechtigt-ist-die-kritik-am-sachverstandigenrat_4245#breadcrumb"},"inLanguage":"de","potentialAction":[{"@type":"ReadAction","target":["https:\/\/blog.zeit.de\/herdentrieb\/2012\/02\/08\/wie-berechtigt-ist-die-kritik-am-sachverstandigenrat_4245"]}]},{"@type":"BreadcrumbList","@id":"https:\/\/blog.zeit.de\/herdentrieb\/2012\/02\/08\/wie-berechtigt-ist-die-kritik-am-sachverstandigenrat_4245#breadcrumb","itemListElement":[{"@type":"ListItem","position":1,"name":"Startseite","item":"https:\/\/blog.zeit.de\/herdentrieb"},{"@type":"ListItem","position":2,"name":"Wie berechtigt ist die Kritik am Sachverst\u00e4ndigenrat?"}]},{"@type":"WebSite","@id":"https:\/\/blog.zeit.de\/herdentrieb\/#website","url":"https:\/\/blog.zeit.de\/herdentrieb\/","name":"Herdentrieb","description":"So funktioniert Kapitalismus. Ein Blog","potentialAction":[{"@type":"SearchAction","target":{"@type":"EntryPoint","urlTemplate":"https:\/\/blog.zeit.de\/herdentrieb\/?s={search_term_string}"},"query-input":"required name=search_term_string"}],"inLanguage":"de"},{"@type":"Person","@id":"https:\/\/blog.zeit.de\/herdentrieb\/#\/schema\/person\/a2dfa95bbd4de7e06edc88db4e3d3871","name":"Mark Schieritz","image":{"@type":"ImageObject","inLanguage":"de","@id":"https:\/\/blog.zeit.de\/herdentrieb\/#\/schema\/person\/image\/","url":"https:\/\/secure.gravatar.com\/avatar\/66e072b8ecaf6d851921c0577ca78c8c9a24223a3c3cb6df48c5d839d1b622e0?s=96&d=mm&r=g","contentUrl":"https:\/\/secure.gravatar.com\/avatar\/66e072b8ecaf6d851921c0577ca78c8c9a24223a3c3cb6df48c5d839d1b622e0?s=96&d=mm&r=g","caption":"Mark Schieritz"},"url":"https:\/\/blog.zeit.de\/herdentrieb\/author\/mark-schieritz"}]}},"jetpack_featured_media_url":"","jetpack_sharing_enabled":true,"_links":{"self":[{"href":"https:\/\/blog.zeit.de\/herdentrieb\/wp-json\/wp\/v2\/posts\/4245","targetHints":{"allow":["GET"]}}],"collection":[{"href":"https:\/\/blog.zeit.de\/herdentrieb\/wp-json\/wp\/v2\/posts"}],"about":[{"href":"https:\/\/blog.zeit.de\/herdentrieb\/wp-json\/wp\/v2\/types\/post"}],"author":[{"embeddable":true,"href":"https:\/\/blog.zeit.de\/herdentrieb\/wp-json\/wp\/v2\/users\/215"}],"replies":[{"embeddable":true,"href":"https:\/\/blog.zeit.de\/herdentrieb\/wp-json\/wp\/v2\/comments?post=4245"}],"version-history":[{"count":5,"href":"https:\/\/blog.zeit.de\/herdentrieb\/wp-json\/wp\/v2\/posts\/4245\/revisions"}],"predecessor-version":[{"id":4248,"href":"https:\/\/blog.zeit.de\/herdentrieb\/wp-json\/wp\/v2\/posts\/4245\/revisions\/4248"}],"wp:attachment":[{"href":"https:\/\/blog.zeit.de\/herdentrieb\/wp-json\/wp\/v2\/media?parent=4245"}],"wp:term":[{"taxonomy":"category","embeddable":true,"href":"https:\/\/blog.zeit.de\/herdentrieb\/wp-json\/wp\/v2\/categories?post=4245"},{"taxonomy":"post_tag","embeddable":true,"href":"https:\/\/blog.zeit.de\/herdentrieb\/wp-json\/wp\/v2\/tags?post=4245"}],"curies":[{"name":"wp","href":"https:\/\/api.w.org\/{rel}","templated":true}]}}