{"id":4469,"date":"2012-03-04T23:48:40","date_gmt":"2012-03-04T22:48:40","guid":{"rendered":"http:\/\/blog.zeit.de\/herdentrieb\/?p=4469"},"modified":"2012-03-05T17:32:03","modified_gmt":"2012-03-05T16:32:03","slug":"wolfgang-munchau-sagt-es-richtig","status":"publish","type":"post","link":"https:\/\/blog.zeit.de\/herdentrieb\/2012\/03\/04\/wolfgang-munchau-sagt-es-richtig_4469","title":{"rendered":"Wolfgang M\u00fcnchau sagt es richtig"},"content":{"rendered":"<p>In dem Film Casablanca gibt es eine ber\u00fchmte <a href=\"http:\/\/www.youtube.com\/watch?v=SjbPi00k_ME\">Szene<\/a>, in der Captain Renault vorgibt &#8222;schockiert, schockiert&#8220; dar\u00fcber zu sein, dass in Rick&#8217;s Caf\u00e9 gespielt wird \u2013 um kurz darauf seine Gewinne ausgeh\u00e4ndigt zu bekommen. Genau so verh\u00e4lt es sich mit der Target-2-Debatte, wie <a href=\"http:\/\/www.ft.com\/intl\/cms\/s\/0\/6d05188a-639f-11e1-b85b-00144feabdc0.html#axzz1oBuTz1M9\">Wolfgang M\u00fcnchau<\/a> in seiner <em>FT<\/em> Kolumne richtig feststellt.<!--more--><\/p>\n<p style=\"padding-left: 30px;\"><em>One of the more intriguing recent developments of the eurozone crisis is the shock expressed by Germany\u2019s economic establishment that the eurozone is, in fact, a monetary union. No one had apparently told them.<\/em><\/p>\n<p>Nat\u00fcrlich werden in einer W\u00e4hrungsunion Leistungsbilanzen finanziert, nat\u00fcrlich ist die EZB die Zentralbank jedes Mitgliedsstaates und nicht nur der Deutschen, nat\u00fcrlich verschieben sich dadurch die Risiken \u2013 und nat\u00fcrlich braucht es zwei um Tango zu tanzen.<\/p>\n<p style=\"padding-left: 30px;\"><em>One of the deep causes behind this problem is, of course, Germany\u2019s persistent current account surplus.<\/em><\/p>\n<p>Man muss sich nur einmal \u00fcberlegen, was mit den Target-Salden passiert w\u00e4re, wenn man \u2013 was ja durchaus Sinn gemacht h\u00e4tte\u2013 die nationalen Zentralbanken abgeschafft h\u00e4tte und alle Str\u00f6me \u00fcber die EZB laufen w\u00fcrden. Genau: Es w\u00fcrde sie schlicht nicht geben, obwohl sich an den \u00f6konomischen Verh\u00e4ltnissen durch den Wechsel der Organisationsform nat\u00fcrlich nichts \u00e4ndern w\u00fcrde. Soviel zu ihrer Relevanz.<\/p>\n<p>Wolfgangs Schlussfolgerung:<\/p>\n<p style=\"padding-left: 30px;\"><em>What people are really saying is that they no longer want a monetary union. They want a looser single currency regime.<\/em><\/p>\n<p>So schaut&#8217;s aus.<\/p>\n","protected":false},"excerpt":{"rendered":"<p>In dem Film Casablanca gibt es eine ber\u00fchmte Szene, in der Captain Renault vorgibt &#8222;schockiert, schockiert&#8220; dar\u00fcber zu sein, dass in Rick&#8217;s Caf\u00e9 gespielt wird \u2013 um kurz darauf seine Gewinne ausgeh\u00e4ndigt zu bekommen. Genau so verh\u00e4lt es sich mit der Target-2-Debatte, wie Wolfgang M\u00fcnchau in seiner FT Kolumne richtig feststellt.<\/p>\n","protected":false},"author":215,"featured_media":0,"comment_status":"open","ping_status":"closed","sticky":false,"template":"","format":"standard","meta":{"_jetpack_memberships_contains_paid_content":false,"footnotes":""},"categories":[3,1259],"tags":[],"class_list":["post-4469","post","type-post","status-publish","format-standard","hentry","category-der-aktuelle-rand","category-der-zeitungsleser"],"yoast_head":"<!-- This site is optimized with the Yoast SEO plugin v21.0 - https:\/\/yoast.com\/wordpress\/plugins\/seo\/ -->\n<title>Wolfgang M\u00fcnchau sagt es richtig - Herdentrieb<\/title>\n<meta name=\"robots\" content=\"index, follow, max-snippet:-1, max-image-preview:large, max-video-preview:-1\" \/>\n<link rel=\"canonical\" href=\"https:\/\/blog.zeit.de\/herdentrieb\/2012\/03\/04\/wolfgang-munchau-sagt-es-richtig_4469\" \/>\n<meta property=\"og:locale\" content=\"de_DE\" \/>\n<meta property=\"og:type\" content=\"article\" \/>\n<meta property=\"og:title\" content=\"Wolfgang M\u00fcnchau sagt es richtig - Herdentrieb\" \/>\n<meta property=\"og:description\" content=\"In dem Film Casablanca gibt es eine ber\u00fchmte Szene, in der Captain Renault vorgibt &#8222;schockiert, schockiert&#8220; dar\u00fcber zu sein, dass in Rick&#8217;s Caf\u00e9 gespielt wird \u2013 um kurz darauf seine Gewinne ausgeh\u00e4ndigt zu bekommen. Genau so verh\u00e4lt es sich mit der Target-2-Debatte, wie Wolfgang M\u00fcnchau in seiner FT Kolumne richtig feststellt.\" \/>\n<meta property=\"og:url\" content=\"https:\/\/blog.zeit.de\/herdentrieb\/2012\/03\/04\/wolfgang-munchau-sagt-es-richtig_4469\" \/>\n<meta property=\"og:site_name\" content=\"Herdentrieb\" \/>\n<meta property=\"article:published_time\" content=\"2012-03-04T22:48:40+00:00\" \/>\n<meta property=\"article:modified_time\" content=\"2012-03-05T16:32:03+00:00\" \/>\n<meta name=\"author\" content=\"Mark Schieritz\" \/>\n<meta name=\"twitter:card\" content=\"summary_large_image\" \/>\n<meta name=\"twitter:creator\" content=\"@zeitonline\" \/>\n<meta name=\"twitter:site\" content=\"@zeitonline\" \/>\n<meta name=\"twitter:label1\" content=\"Geschrieben von\" \/>\n\t<meta name=\"twitter:data1\" content=\"Mark Schieritz\" \/>\n\t<meta name=\"twitter:label2\" content=\"Gesch\u00e4tzte Lesezeit\" \/>\n\t<meta name=\"twitter:data2\" content=\"1\u00a0Minute\" \/>\n<script type=\"application\/ld+json\" class=\"yoast-schema-graph\">{\"@context\":\"https:\/\/schema.org\",\"@graph\":[{\"@type\":\"WebPage\",\"@id\":\"https:\/\/blog.zeit.de\/herdentrieb\/2012\/03\/04\/wolfgang-munchau-sagt-es-richtig_4469\",\"url\":\"https:\/\/blog.zeit.de\/herdentrieb\/2012\/03\/04\/wolfgang-munchau-sagt-es-richtig_4469\",\"name\":\"Wolfgang M\u00fcnchau sagt es richtig - Herdentrieb\",\"isPartOf\":{\"@id\":\"https:\/\/blog.zeit.de\/herdentrieb\/#website\"},\"datePublished\":\"2012-03-04T22:48:40+00:00\",\"dateModified\":\"2012-03-05T16:32:03+00:00\",\"author\":{\"@id\":\"https:\/\/blog.zeit.de\/herdentrieb\/#\/schema\/person\/a2dfa95bbd4de7e06edc88db4e3d3871\"},\"breadcrumb\":{\"@id\":\"https:\/\/blog.zeit.de\/herdentrieb\/2012\/03\/04\/wolfgang-munchau-sagt-es-richtig_4469#breadcrumb\"},\"inLanguage\":\"de\",\"potentialAction\":[{\"@type\":\"ReadAction\",\"target\":[\"https:\/\/blog.zeit.de\/herdentrieb\/2012\/03\/04\/wolfgang-munchau-sagt-es-richtig_4469\"]}]},{\"@type\":\"BreadcrumbList\",\"@id\":\"https:\/\/blog.zeit.de\/herdentrieb\/2012\/03\/04\/wolfgang-munchau-sagt-es-richtig_4469#breadcrumb\",\"itemListElement\":[{\"@type\":\"ListItem\",\"position\":1,\"name\":\"Startseite\",\"item\":\"https:\/\/blog.zeit.de\/herdentrieb\"},{\"@type\":\"ListItem\",\"position\":2,\"name\":\"Wolfgang M\u00fcnchau sagt es richtig\"}]},{\"@type\":\"WebSite\",\"@id\":\"https:\/\/blog.zeit.de\/herdentrieb\/#website\",\"url\":\"https:\/\/blog.zeit.de\/herdentrieb\/\",\"name\":\"Herdentrieb\",\"description\":\"So funktioniert Kapitalismus. Ein Blog\",\"potentialAction\":[{\"@type\":\"SearchAction\",\"target\":{\"@type\":\"EntryPoint\",\"urlTemplate\":\"https:\/\/blog.zeit.de\/herdentrieb\/?s={search_term_string}\"},\"query-input\":\"required name=search_term_string\"}],\"inLanguage\":\"de\"},{\"@type\":\"Person\",\"@id\":\"https:\/\/blog.zeit.de\/herdentrieb\/#\/schema\/person\/a2dfa95bbd4de7e06edc88db4e3d3871\",\"name\":\"Mark Schieritz\",\"image\":{\"@type\":\"ImageObject\",\"inLanguage\":\"de\",\"@id\":\"https:\/\/blog.zeit.de\/herdentrieb\/#\/schema\/person\/image\/\",\"url\":\"https:\/\/secure.gravatar.com\/avatar\/66e072b8ecaf6d851921c0577ca78c8c9a24223a3c3cb6df48c5d839d1b622e0?s=96&d=mm&r=g\",\"contentUrl\":\"https:\/\/secure.gravatar.com\/avatar\/66e072b8ecaf6d851921c0577ca78c8c9a24223a3c3cb6df48c5d839d1b622e0?s=96&d=mm&r=g\",\"caption\":\"Mark Schieritz\"},\"url\":\"https:\/\/blog.zeit.de\/herdentrieb\/author\/mark-schieritz\"}]}<\/script>\n<!-- \/ Yoast SEO plugin. -->","yoast_head_json":{"title":"Wolfgang M\u00fcnchau sagt es richtig - Herdentrieb","robots":{"index":"index","follow":"follow","max-snippet":"max-snippet:-1","max-image-preview":"max-image-preview:large","max-video-preview":"max-video-preview:-1"},"canonical":"https:\/\/blog.zeit.de\/herdentrieb\/2012\/03\/04\/wolfgang-munchau-sagt-es-richtig_4469","og_locale":"de_DE","og_type":"article","og_title":"Wolfgang M\u00fcnchau sagt es richtig - Herdentrieb","og_description":"In dem Film Casablanca gibt es eine ber\u00fchmte Szene, in der Captain Renault vorgibt &#8222;schockiert, schockiert&#8220; dar\u00fcber zu sein, dass in Rick&#8217;s Caf\u00e9 gespielt wird \u2013 um kurz darauf seine Gewinne ausgeh\u00e4ndigt zu bekommen. Genau so verh\u00e4lt es sich mit der Target-2-Debatte, wie Wolfgang M\u00fcnchau in seiner FT Kolumne richtig feststellt.","og_url":"https:\/\/blog.zeit.de\/herdentrieb\/2012\/03\/04\/wolfgang-munchau-sagt-es-richtig_4469","og_site_name":"Herdentrieb","article_published_time":"2012-03-04T22:48:40+00:00","article_modified_time":"2012-03-05T16:32:03+00:00","author":"Mark Schieritz","twitter_card":"summary_large_image","twitter_creator":"@zeitonline","twitter_site":"@zeitonline","twitter_misc":{"Geschrieben von":"Mark Schieritz","Gesch\u00e4tzte Lesezeit":"1\u00a0Minute"},"schema":{"@context":"https:\/\/schema.org","@graph":[{"@type":"WebPage","@id":"https:\/\/blog.zeit.de\/herdentrieb\/2012\/03\/04\/wolfgang-munchau-sagt-es-richtig_4469","url":"https:\/\/blog.zeit.de\/herdentrieb\/2012\/03\/04\/wolfgang-munchau-sagt-es-richtig_4469","name":"Wolfgang M\u00fcnchau sagt es richtig - Herdentrieb","isPartOf":{"@id":"https:\/\/blog.zeit.de\/herdentrieb\/#website"},"datePublished":"2012-03-04T22:48:40+00:00","dateModified":"2012-03-05T16:32:03+00:00","author":{"@id":"https:\/\/blog.zeit.de\/herdentrieb\/#\/schema\/person\/a2dfa95bbd4de7e06edc88db4e3d3871"},"breadcrumb":{"@id":"https:\/\/blog.zeit.de\/herdentrieb\/2012\/03\/04\/wolfgang-munchau-sagt-es-richtig_4469#breadcrumb"},"inLanguage":"de","potentialAction":[{"@type":"ReadAction","target":["https:\/\/blog.zeit.de\/herdentrieb\/2012\/03\/04\/wolfgang-munchau-sagt-es-richtig_4469"]}]},{"@type":"BreadcrumbList","@id":"https:\/\/blog.zeit.de\/herdentrieb\/2012\/03\/04\/wolfgang-munchau-sagt-es-richtig_4469#breadcrumb","itemListElement":[{"@type":"ListItem","position":1,"name":"Startseite","item":"https:\/\/blog.zeit.de\/herdentrieb"},{"@type":"ListItem","position":2,"name":"Wolfgang M\u00fcnchau sagt es richtig"}]},{"@type":"WebSite","@id":"https:\/\/blog.zeit.de\/herdentrieb\/#website","url":"https:\/\/blog.zeit.de\/herdentrieb\/","name":"Herdentrieb","description":"So funktioniert Kapitalismus. Ein Blog","potentialAction":[{"@type":"SearchAction","target":{"@type":"EntryPoint","urlTemplate":"https:\/\/blog.zeit.de\/herdentrieb\/?s={search_term_string}"},"query-input":"required name=search_term_string"}],"inLanguage":"de"},{"@type":"Person","@id":"https:\/\/blog.zeit.de\/herdentrieb\/#\/schema\/person\/a2dfa95bbd4de7e06edc88db4e3d3871","name":"Mark Schieritz","image":{"@type":"ImageObject","inLanguage":"de","@id":"https:\/\/blog.zeit.de\/herdentrieb\/#\/schema\/person\/image\/","url":"https:\/\/secure.gravatar.com\/avatar\/66e072b8ecaf6d851921c0577ca78c8c9a24223a3c3cb6df48c5d839d1b622e0?s=96&d=mm&r=g","contentUrl":"https:\/\/secure.gravatar.com\/avatar\/66e072b8ecaf6d851921c0577ca78c8c9a24223a3c3cb6df48c5d839d1b622e0?s=96&d=mm&r=g","caption":"Mark Schieritz"},"url":"https:\/\/blog.zeit.de\/herdentrieb\/author\/mark-schieritz"}]}},"jetpack_featured_media_url":"","jetpack_sharing_enabled":true,"_links":{"self":[{"href":"https:\/\/blog.zeit.de\/herdentrieb\/wp-json\/wp\/v2\/posts\/4469","targetHints":{"allow":["GET"]}}],"collection":[{"href":"https:\/\/blog.zeit.de\/herdentrieb\/wp-json\/wp\/v2\/posts"}],"about":[{"href":"https:\/\/blog.zeit.de\/herdentrieb\/wp-json\/wp\/v2\/types\/post"}],"author":[{"embeddable":true,"href":"https:\/\/blog.zeit.de\/herdentrieb\/wp-json\/wp\/v2\/users\/215"}],"replies":[{"embeddable":true,"href":"https:\/\/blog.zeit.de\/herdentrieb\/wp-json\/wp\/v2\/comments?post=4469"}],"version-history":[{"count":3,"href":"https:\/\/blog.zeit.de\/herdentrieb\/wp-json\/wp\/v2\/posts\/4469\/revisions"}],"predecessor-version":[{"id":4472,"href":"https:\/\/blog.zeit.de\/herdentrieb\/wp-json\/wp\/v2\/posts\/4469\/revisions\/4472"}],"wp:attachment":[{"href":"https:\/\/blog.zeit.de\/herdentrieb\/wp-json\/wp\/v2\/media?parent=4469"}],"wp:term":[{"taxonomy":"category","embeddable":true,"href":"https:\/\/blog.zeit.de\/herdentrieb\/wp-json\/wp\/v2\/categories?post=4469"},{"taxonomy":"post_tag","embeddable":true,"href":"https:\/\/blog.zeit.de\/herdentrieb\/wp-json\/wp\/v2\/tags?post=4469"}],"curies":[{"name":"wp","href":"https:\/\/api.w.org\/{rel}","templated":true}]}}