{"id":4554,"date":"2012-03-21T23:01:31","date_gmt":"2012-03-21T22:01:31","guid":{"rendered":"http:\/\/blog.zeit.de\/herdentrieb\/?p=4554"},"modified":"2012-03-21T23:01:31","modified_gmt":"2012-03-21T22:01:31","slug":"hatte-keynes-doch-nicht-recht","status":"publish","type":"post","link":"https:\/\/blog.zeit.de\/herdentrieb\/2012\/03\/21\/hatte-keynes-doch-nicht-recht_4554","title":{"rendered":"Hatte Keynes doch nicht recht?"},"content":{"rendered":"<p>Olaf Storbeck berichtet \u00fcber eine interessante <a href=\"http:\/\/www.zeit.de\/wirtschaft\/2012-03\/keynes-oekonomie-theorie\">Studie<\/a>\u00a0zur Auswirkung h\u00f6here Staatsausgaben auf das Wachstum.<\/p>\n<p style=\"padding-left: 30px;\"><em>\u00d6konomen der Harvard-Universit\u00e4t warnen\u00a0aber vor zu viel Euphorie. In wirtschaftlich normalen Zeiten seien die M\u00f6glichkeiten des Staats, die private Wirtschaft mit Ausgabenprogrammen zu stimulieren, ziemlich begrenzt. Gebe der Staat mehr Geld aus, verdr\u00e4nge das zum Teil Aktivit\u00e4ten der Privatwirtschaft<\/em><\/p>\n<p>Um das zu belegen, analysieren die \u00d6konomen, wie die Vorsitzenden wichtiger Aussch\u00fcsse im Kongress Mittel aus Washington in ihre Heimatstaaten umleiten. Damit nimmt die Zahl der Staatsauftr\u00e4ge zu \u2013 zugleich jedoch fahren private Unternehmen ihre Auftr\u00e4ge zur\u00fcck. Steigende Zinsen k\u00f6nne f\u00fcr dieses<em> Crowding Out<\/em> nicht verantwortlich sein, weil ja die Staatsausgaben insgesamt nicht steigen, sondern regional umverteilt werden und sich die Politik der Federal Reserve nat\u00fcrlich nicht \u00e4ndert.<\/p>\n<p>Dazu nur eine kurze Anmerkung: Bei Vollauslastung der Kapazit\u00e4ten sollte das auch nicht weiter verwundern. Wenn alle einen Job haben, bringt es nichts, die Nachfrage mit zus\u00e4tzlichen Staatsausgaben anzukurbeln. Die Idee der keynesianischen Politik ist es ja gerade, brach liegende Ressourcen zu mobilisieren. Das scheinen die Autoren auch festzustellen, denn sie schreiben<\/p>\n<p style=\"padding-left: 30px;\"><em>Public spending appears to increase demand for state-specific factors of\u00a0production and thereby compel firms to downsize and invest elsewhere. In particular, our\u00a0capex results are stronger for firms with high capacity utilization, and our employment\u00a0results are stronger when employment rates are at or above their long-term state-specific\u00a0averages. Further, both our capex and employment results are stronger when state- and\u00a0national-level real GDP growth rates are high. <strong>Thus, when slack exists in factories or the\u00a0labor market, federal dollars do not appear to be as large of a deterrent to corporations in\u00a0terms of investing or hiring.<\/strong> In unreported results, we also find evidence that the effects\u00a0are most pronounced in sectors that are the target of earmark spending.<\/em><\/p>\n<p>Ergebnis: Je h\u00f6her die Auslastung der Kapazit\u00e4ten, desto geringer die Wirkung von Konjunkturprogrammen.<\/p>\n<p>Was f\u00fcr eine Erkenntnis.<\/p>\n","protected":false},"excerpt":{"rendered":"<p>Olaf Storbeck berichtet \u00fcber eine interessante Studie\u00a0zur Auswirkung h\u00f6here Staatsausgaben auf das Wachstum. \u00d6konomen der Harvard-Universit\u00e4t warnen\u00a0aber vor zu viel Euphorie. In wirtschaftlich normalen Zeiten seien die M\u00f6glichkeiten des Staats, die private Wirtschaft mit Ausgabenprogrammen zu stimulieren, ziemlich begrenzt. Gebe der Staat mehr Geld aus, verdr\u00e4nge das zum Teil Aktivit\u00e4ten der Privatwirtschaft Um das zu [&hellip;]<\/p>\n","protected":false},"author":215,"featured_media":0,"comment_status":"open","ping_status":"closed","sticky":false,"template":"","format":"standard","meta":{"_jetpack_memberships_contains_paid_content":false,"footnotes":""},"categories":[3,1259],"tags":[],"class_list":["post-4554","post","type-post","status-publish","format-standard","hentry","category-der-aktuelle-rand","category-der-zeitungsleser"],"yoast_head":"<!-- This site is optimized with the Yoast SEO plugin v21.0 - https:\/\/yoast.com\/wordpress\/plugins\/seo\/ -->\n<title>Hatte Keynes doch nicht recht?  - Herdentrieb<\/title>\n<meta name=\"robots\" content=\"index, follow, max-snippet:-1, max-image-preview:large, max-video-preview:-1\" \/>\n<link rel=\"canonical\" href=\"https:\/\/blog.zeit.de\/herdentrieb\/2012\/03\/21\/hatte-keynes-doch-nicht-recht_4554\" \/>\n<meta property=\"og:locale\" content=\"de_DE\" \/>\n<meta property=\"og:type\" content=\"article\" \/>\n<meta property=\"og:title\" content=\"Hatte Keynes doch nicht recht?  - Herdentrieb\" \/>\n<meta property=\"og:description\" content=\"Olaf Storbeck berichtet \u00fcber eine interessante Studie\u00a0zur Auswirkung h\u00f6here Staatsausgaben auf das Wachstum. \u00d6konomen der Harvard-Universit\u00e4t warnen\u00a0aber vor zu viel Euphorie. In wirtschaftlich normalen Zeiten seien die M\u00f6glichkeiten des Staats, die private Wirtschaft mit Ausgabenprogrammen zu stimulieren, ziemlich begrenzt. Gebe der Staat mehr Geld aus, verdr\u00e4nge das zum Teil Aktivit\u00e4ten der Privatwirtschaft Um das zu [&hellip;]\" \/>\n<meta property=\"og:url\" content=\"https:\/\/blog.zeit.de\/herdentrieb\/2012\/03\/21\/hatte-keynes-doch-nicht-recht_4554\" \/>\n<meta property=\"og:site_name\" content=\"Herdentrieb\" \/>\n<meta property=\"article:published_time\" content=\"2012-03-21T22:01:31+00:00\" \/>\n<meta name=\"author\" content=\"Mark Schieritz\" \/>\n<meta name=\"twitter:card\" content=\"summary_large_image\" \/>\n<meta name=\"twitter:creator\" content=\"@zeitonline\" \/>\n<meta name=\"twitter:site\" content=\"@zeitonline\" \/>\n<meta name=\"twitter:label1\" content=\"Geschrieben von\" \/>\n\t<meta name=\"twitter:data1\" content=\"Mark Schieritz\" \/>\n\t<meta name=\"twitter:label2\" content=\"Gesch\u00e4tzte Lesezeit\" \/>\n\t<meta name=\"twitter:data2\" content=\"2\u00a0Minuten\" \/>\n<script type=\"application\/ld+json\" class=\"yoast-schema-graph\">{\"@context\":\"https:\/\/schema.org\",\"@graph\":[{\"@type\":\"WebPage\",\"@id\":\"https:\/\/blog.zeit.de\/herdentrieb\/2012\/03\/21\/hatte-keynes-doch-nicht-recht_4554\",\"url\":\"https:\/\/blog.zeit.de\/herdentrieb\/2012\/03\/21\/hatte-keynes-doch-nicht-recht_4554\",\"name\":\"Hatte Keynes doch nicht recht? - Herdentrieb\",\"isPartOf\":{\"@id\":\"https:\/\/blog.zeit.de\/herdentrieb\/#website\"},\"datePublished\":\"2012-03-21T22:01:31+00:00\",\"dateModified\":\"2012-03-21T22:01:31+00:00\",\"author\":{\"@id\":\"https:\/\/blog.zeit.de\/herdentrieb\/#\/schema\/person\/a2dfa95bbd4de7e06edc88db4e3d3871\"},\"breadcrumb\":{\"@id\":\"https:\/\/blog.zeit.de\/herdentrieb\/2012\/03\/21\/hatte-keynes-doch-nicht-recht_4554#breadcrumb\"},\"inLanguage\":\"de\",\"potentialAction\":[{\"@type\":\"ReadAction\",\"target\":[\"https:\/\/blog.zeit.de\/herdentrieb\/2012\/03\/21\/hatte-keynes-doch-nicht-recht_4554\"]}]},{\"@type\":\"BreadcrumbList\",\"@id\":\"https:\/\/blog.zeit.de\/herdentrieb\/2012\/03\/21\/hatte-keynes-doch-nicht-recht_4554#breadcrumb\",\"itemListElement\":[{\"@type\":\"ListItem\",\"position\":1,\"name\":\"Startseite\",\"item\":\"https:\/\/blog.zeit.de\/herdentrieb\"},{\"@type\":\"ListItem\",\"position\":2,\"name\":\"Hatte Keynes doch nicht recht?\"}]},{\"@type\":\"WebSite\",\"@id\":\"https:\/\/blog.zeit.de\/herdentrieb\/#website\",\"url\":\"https:\/\/blog.zeit.de\/herdentrieb\/\",\"name\":\"Herdentrieb\",\"description\":\"So funktioniert Kapitalismus. Ein Blog\",\"potentialAction\":[{\"@type\":\"SearchAction\",\"target\":{\"@type\":\"EntryPoint\",\"urlTemplate\":\"https:\/\/blog.zeit.de\/herdentrieb\/?s={search_term_string}\"},\"query-input\":\"required name=search_term_string\"}],\"inLanguage\":\"de\"},{\"@type\":\"Person\",\"@id\":\"https:\/\/blog.zeit.de\/herdentrieb\/#\/schema\/person\/a2dfa95bbd4de7e06edc88db4e3d3871\",\"name\":\"Mark Schieritz\",\"image\":{\"@type\":\"ImageObject\",\"inLanguage\":\"de\",\"@id\":\"https:\/\/blog.zeit.de\/herdentrieb\/#\/schema\/person\/image\/\",\"url\":\"https:\/\/secure.gravatar.com\/avatar\/66e072b8ecaf6d851921c0577ca78c8c9a24223a3c3cb6df48c5d839d1b622e0?s=96&d=mm&r=g\",\"contentUrl\":\"https:\/\/secure.gravatar.com\/avatar\/66e072b8ecaf6d851921c0577ca78c8c9a24223a3c3cb6df48c5d839d1b622e0?s=96&d=mm&r=g\",\"caption\":\"Mark Schieritz\"},\"url\":\"https:\/\/blog.zeit.de\/herdentrieb\/author\/mark-schieritz\"}]}<\/script>\n<!-- \/ Yoast SEO plugin. -->","yoast_head_json":{"title":"Hatte Keynes doch nicht recht?  - Herdentrieb","robots":{"index":"index","follow":"follow","max-snippet":"max-snippet:-1","max-image-preview":"max-image-preview:large","max-video-preview":"max-video-preview:-1"},"canonical":"https:\/\/blog.zeit.de\/herdentrieb\/2012\/03\/21\/hatte-keynes-doch-nicht-recht_4554","og_locale":"de_DE","og_type":"article","og_title":"Hatte Keynes doch nicht recht?  - Herdentrieb","og_description":"Olaf Storbeck berichtet \u00fcber eine interessante Studie\u00a0zur Auswirkung h\u00f6here Staatsausgaben auf das Wachstum. \u00d6konomen der Harvard-Universit\u00e4t warnen\u00a0aber vor zu viel Euphorie. In wirtschaftlich normalen Zeiten seien die M\u00f6glichkeiten des Staats, die private Wirtschaft mit Ausgabenprogrammen zu stimulieren, ziemlich begrenzt. Gebe der Staat mehr Geld aus, verdr\u00e4nge das zum Teil Aktivit\u00e4ten der Privatwirtschaft Um das zu [&hellip;]","og_url":"https:\/\/blog.zeit.de\/herdentrieb\/2012\/03\/21\/hatte-keynes-doch-nicht-recht_4554","og_site_name":"Herdentrieb","article_published_time":"2012-03-21T22:01:31+00:00","author":"Mark Schieritz","twitter_card":"summary_large_image","twitter_creator":"@zeitonline","twitter_site":"@zeitonline","twitter_misc":{"Geschrieben von":"Mark Schieritz","Gesch\u00e4tzte Lesezeit":"2\u00a0Minuten"},"schema":{"@context":"https:\/\/schema.org","@graph":[{"@type":"WebPage","@id":"https:\/\/blog.zeit.de\/herdentrieb\/2012\/03\/21\/hatte-keynes-doch-nicht-recht_4554","url":"https:\/\/blog.zeit.de\/herdentrieb\/2012\/03\/21\/hatte-keynes-doch-nicht-recht_4554","name":"Hatte Keynes doch nicht recht? - Herdentrieb","isPartOf":{"@id":"https:\/\/blog.zeit.de\/herdentrieb\/#website"},"datePublished":"2012-03-21T22:01:31+00:00","dateModified":"2012-03-21T22:01:31+00:00","author":{"@id":"https:\/\/blog.zeit.de\/herdentrieb\/#\/schema\/person\/a2dfa95bbd4de7e06edc88db4e3d3871"},"breadcrumb":{"@id":"https:\/\/blog.zeit.de\/herdentrieb\/2012\/03\/21\/hatte-keynes-doch-nicht-recht_4554#breadcrumb"},"inLanguage":"de","potentialAction":[{"@type":"ReadAction","target":["https:\/\/blog.zeit.de\/herdentrieb\/2012\/03\/21\/hatte-keynes-doch-nicht-recht_4554"]}]},{"@type":"BreadcrumbList","@id":"https:\/\/blog.zeit.de\/herdentrieb\/2012\/03\/21\/hatte-keynes-doch-nicht-recht_4554#breadcrumb","itemListElement":[{"@type":"ListItem","position":1,"name":"Startseite","item":"https:\/\/blog.zeit.de\/herdentrieb"},{"@type":"ListItem","position":2,"name":"Hatte Keynes doch nicht recht?"}]},{"@type":"WebSite","@id":"https:\/\/blog.zeit.de\/herdentrieb\/#website","url":"https:\/\/blog.zeit.de\/herdentrieb\/","name":"Herdentrieb","description":"So funktioniert Kapitalismus. Ein Blog","potentialAction":[{"@type":"SearchAction","target":{"@type":"EntryPoint","urlTemplate":"https:\/\/blog.zeit.de\/herdentrieb\/?s={search_term_string}"},"query-input":"required name=search_term_string"}],"inLanguage":"de"},{"@type":"Person","@id":"https:\/\/blog.zeit.de\/herdentrieb\/#\/schema\/person\/a2dfa95bbd4de7e06edc88db4e3d3871","name":"Mark Schieritz","image":{"@type":"ImageObject","inLanguage":"de","@id":"https:\/\/blog.zeit.de\/herdentrieb\/#\/schema\/person\/image\/","url":"https:\/\/secure.gravatar.com\/avatar\/66e072b8ecaf6d851921c0577ca78c8c9a24223a3c3cb6df48c5d839d1b622e0?s=96&d=mm&r=g","contentUrl":"https:\/\/secure.gravatar.com\/avatar\/66e072b8ecaf6d851921c0577ca78c8c9a24223a3c3cb6df48c5d839d1b622e0?s=96&d=mm&r=g","caption":"Mark Schieritz"},"url":"https:\/\/blog.zeit.de\/herdentrieb\/author\/mark-schieritz"}]}},"jetpack_featured_media_url":"","jetpack_sharing_enabled":true,"_links":{"self":[{"href":"https:\/\/blog.zeit.de\/herdentrieb\/wp-json\/wp\/v2\/posts\/4554","targetHints":{"allow":["GET"]}}],"collection":[{"href":"https:\/\/blog.zeit.de\/herdentrieb\/wp-json\/wp\/v2\/posts"}],"about":[{"href":"https:\/\/blog.zeit.de\/herdentrieb\/wp-json\/wp\/v2\/types\/post"}],"author":[{"embeddable":true,"href":"https:\/\/blog.zeit.de\/herdentrieb\/wp-json\/wp\/v2\/users\/215"}],"replies":[{"embeddable":true,"href":"https:\/\/blog.zeit.de\/herdentrieb\/wp-json\/wp\/v2\/comments?post=4554"}],"version-history":[{"count":2,"href":"https:\/\/blog.zeit.de\/herdentrieb\/wp-json\/wp\/v2\/posts\/4554\/revisions"}],"predecessor-version":[{"id":4556,"href":"https:\/\/blog.zeit.de\/herdentrieb\/wp-json\/wp\/v2\/posts\/4554\/revisions\/4556"}],"wp:attachment":[{"href":"https:\/\/blog.zeit.de\/herdentrieb\/wp-json\/wp\/v2\/media?parent=4554"}],"wp:term":[{"taxonomy":"category","embeddable":true,"href":"https:\/\/blog.zeit.de\/herdentrieb\/wp-json\/wp\/v2\/categories?post=4554"},{"taxonomy":"post_tag","embeddable":true,"href":"https:\/\/blog.zeit.de\/herdentrieb\/wp-json\/wp\/v2\/tags?post=4554"}],"curies":[{"name":"wp","href":"https:\/\/api.w.org\/{rel}","templated":true}]}}