{"id":4557,"date":"2012-03-22T10:47:33","date_gmt":"2012-03-22T09:47:33","guid":{"rendered":"http:\/\/blog.zeit.de\/herdentrieb\/?p=4557"},"modified":"2012-03-22T12:11:43","modified_gmt":"2012-03-22T11:11:43","slug":"warum-tut-sich-draghi-das-blos-an","status":"publish","type":"post","link":"https:\/\/blog.zeit.de\/herdentrieb\/2012\/03\/22\/warum-tut-sich-draghi-das-blos-an_4557","title":{"rendered":"Warum tut sich Draghi das blo\u00df an?"},"content":{"rendered":"<p><em><a href=\"http:\/\/www.bild.de\/politik\/ausland\/mario-draghi\/deutschland-ist-ein-vorbild-23270668.bild.html\" target=\"_blank\">Bild<\/a><\/em> hat heute ein gro\u00dfes Interview mit Mario Draghi. Es ist illustriert mit einem Foto, das zwei lachende Springer-Redakteure zeigt, die dem ebenfalls lachenden Draghi eine &#8222;originalpreu\u00dfische Pickelhaube aus dem Jahr 1871&#8220; \u00fcberreichen. Draghi sagt dazu, &#8222;das Preu\u00dfische&#8220; sei ein gutes Symbol f\u00fcr den wichtigsten Auftrag der EZB, n\u00e4mlich die Preise stabil zu halten.<!--more--><\/p>\n<p>Einmal abgesehen davon, dass &#8222;das Preu\u00dfische&#8220; in Europa auch noch als Symbol f\u00fcr ganz andere Dinge gelten d\u00fcrfte: Warum macht er das? K\u00f6nnte man sich vorstellen, dass sich J\u00fcrgen Stark mit einem Teller Spaghetti in der Hand auf einer Gondel ablichten lassen w\u00fcrde, eine italienische Oper schmetternd? Es h\u00e4tte etwas Erniedrigendes \u2013 und genau so wirkt das Foto in der <em>Bild<\/em>.<\/p>\n<p>Vielleicht ist Draghi nur besonders schlau. Er bedient den deutschen Stammtisch, weil er wei\u00df, dass er so in Ruhe gelassen wird und die Politik machen kann, die gesamteurop\u00e4isch angemessen ist, wie es ja auch sein Auftrag ist. Es schmerzt trotzdem, den Pr\u00e4sidenten einer unabh\u00e4ngigen Notenbank in einer solchen Pose zu sehen.\u00a0Man w\u00fcrde sich w\u00fcnschen, er h\u00e4tte den Deutschen einmal gerade heraus gesagt, dass ihre Inflationsangst obsessive Z\u00fcge hat und dass ihre Kritik an der EZB zu 95 Prozent von bemerkenswerter Ahnungslosigkeit hinsichtlich der grundlegenden geldtheoretischen Zusammenh\u00e4nge gepr\u00e4gt ist.<\/p>\n<p>Es ist eines der Merkmale dieser Krise, dass zwar auf der faktischen Ebene wirtschaftspolitische Ma\u00dfnahmen ergriffen werden, die dem Vorkrisenideal perfekt funktionierender M\u00e4rkte widersprechen \u2013 auf der Diskursebene aber die alten Prinzipien hochgehalten werden. Das mag einige Zeit gut gehen, irgendwann aber werden die Menschen wissen wollen, was eigentlich nun ist.<\/p>\n","protected":false},"excerpt":{"rendered":"<p>Bild hat heute ein gro\u00dfes Interview mit Mario Draghi. Es ist illustriert mit einem Foto, das zwei lachende Springer-Redakteure zeigt, die dem ebenfalls lachenden Draghi eine &#8222;originalpreu\u00dfische Pickelhaube aus dem Jahr 1871&#8220; \u00fcberreichen. Draghi sagt dazu, &#8222;das Preu\u00dfische&#8220; sei ein gutes Symbol f\u00fcr den wichtigsten Auftrag der EZB, n\u00e4mlich die Preise stabil zu halten.<\/p>\n","protected":false},"author":215,"featured_media":0,"comment_status":"open","ping_status":"closed","sticky":false,"template":"","format":"standard","meta":{"_jetpack_memberships_contains_paid_content":false,"footnotes":""},"categories":[3,1259],"tags":[],"class_list":["post-4557","post","type-post","status-publish","format-standard","hentry","category-der-aktuelle-rand","category-der-zeitungsleser"],"yoast_head":"<!-- This site is optimized with the Yoast SEO plugin v21.0 - https:\/\/yoast.com\/wordpress\/plugins\/seo\/ -->\n<title>Warum tut sich Draghi das blo\u00df an? - Herdentrieb<\/title>\n<meta name=\"robots\" content=\"index, follow, max-snippet:-1, max-image-preview:large, max-video-preview:-1\" \/>\n<link rel=\"canonical\" href=\"https:\/\/blog.zeit.de\/herdentrieb\/2012\/03\/22\/warum-tut-sich-draghi-das-blos-an_4557\" \/>\n<meta property=\"og:locale\" content=\"de_DE\" \/>\n<meta property=\"og:type\" content=\"article\" \/>\n<meta property=\"og:title\" content=\"Warum tut sich Draghi das blo\u00df an? - Herdentrieb\" \/>\n<meta property=\"og:description\" content=\"Bild hat heute ein gro\u00dfes Interview mit Mario Draghi. Es ist illustriert mit einem Foto, das zwei lachende Springer-Redakteure zeigt, die dem ebenfalls lachenden Draghi eine &#8222;originalpreu\u00dfische Pickelhaube aus dem Jahr 1871&#8220; \u00fcberreichen. Draghi sagt dazu, &#8222;das Preu\u00dfische&#8220; sei ein gutes Symbol f\u00fcr den wichtigsten Auftrag der EZB, n\u00e4mlich die Preise stabil zu halten.\" \/>\n<meta property=\"og:url\" content=\"https:\/\/blog.zeit.de\/herdentrieb\/2012\/03\/22\/warum-tut-sich-draghi-das-blos-an_4557\" \/>\n<meta property=\"og:site_name\" content=\"Herdentrieb\" \/>\n<meta property=\"article:published_time\" content=\"2012-03-22T09:47:33+00:00\" \/>\n<meta property=\"article:modified_time\" content=\"2012-03-22T11:11:43+00:00\" \/>\n<meta name=\"author\" content=\"Mark Schieritz\" \/>\n<meta name=\"twitter:card\" content=\"summary_large_image\" \/>\n<meta name=\"twitter:creator\" content=\"@zeitonline\" \/>\n<meta name=\"twitter:site\" content=\"@zeitonline\" \/>\n<meta name=\"twitter:label1\" content=\"Geschrieben von\" \/>\n\t<meta name=\"twitter:data1\" content=\"Mark Schieritz\" \/>\n\t<meta name=\"twitter:label2\" content=\"Gesch\u00e4tzte Lesezeit\" \/>\n\t<meta name=\"twitter:data2\" content=\"1\u00a0Minute\" \/>\n<script type=\"application\/ld+json\" class=\"yoast-schema-graph\">{\"@context\":\"https:\/\/schema.org\",\"@graph\":[{\"@type\":\"WebPage\",\"@id\":\"https:\/\/blog.zeit.de\/herdentrieb\/2012\/03\/22\/warum-tut-sich-draghi-das-blos-an_4557\",\"url\":\"https:\/\/blog.zeit.de\/herdentrieb\/2012\/03\/22\/warum-tut-sich-draghi-das-blos-an_4557\",\"name\":\"Warum tut sich Draghi das blo\u00df an? - Herdentrieb\",\"isPartOf\":{\"@id\":\"https:\/\/blog.zeit.de\/herdentrieb\/#website\"},\"datePublished\":\"2012-03-22T09:47:33+00:00\",\"dateModified\":\"2012-03-22T11:11:43+00:00\",\"author\":{\"@id\":\"https:\/\/blog.zeit.de\/herdentrieb\/#\/schema\/person\/a2dfa95bbd4de7e06edc88db4e3d3871\"},\"breadcrumb\":{\"@id\":\"https:\/\/blog.zeit.de\/herdentrieb\/2012\/03\/22\/warum-tut-sich-draghi-das-blos-an_4557#breadcrumb\"},\"inLanguage\":\"de\",\"potentialAction\":[{\"@type\":\"ReadAction\",\"target\":[\"https:\/\/blog.zeit.de\/herdentrieb\/2012\/03\/22\/warum-tut-sich-draghi-das-blos-an_4557\"]}]},{\"@type\":\"BreadcrumbList\",\"@id\":\"https:\/\/blog.zeit.de\/herdentrieb\/2012\/03\/22\/warum-tut-sich-draghi-das-blos-an_4557#breadcrumb\",\"itemListElement\":[{\"@type\":\"ListItem\",\"position\":1,\"name\":\"Startseite\",\"item\":\"https:\/\/blog.zeit.de\/herdentrieb\"},{\"@type\":\"ListItem\",\"position\":2,\"name\":\"Warum tut sich Draghi das blo\u00df an?\"}]},{\"@type\":\"WebSite\",\"@id\":\"https:\/\/blog.zeit.de\/herdentrieb\/#website\",\"url\":\"https:\/\/blog.zeit.de\/herdentrieb\/\",\"name\":\"Herdentrieb\",\"description\":\"So funktioniert Kapitalismus. Ein Blog\",\"potentialAction\":[{\"@type\":\"SearchAction\",\"target\":{\"@type\":\"EntryPoint\",\"urlTemplate\":\"https:\/\/blog.zeit.de\/herdentrieb\/?s={search_term_string}\"},\"query-input\":\"required name=search_term_string\"}],\"inLanguage\":\"de\"},{\"@type\":\"Person\",\"@id\":\"https:\/\/blog.zeit.de\/herdentrieb\/#\/schema\/person\/a2dfa95bbd4de7e06edc88db4e3d3871\",\"name\":\"Mark Schieritz\",\"image\":{\"@type\":\"ImageObject\",\"inLanguage\":\"de\",\"@id\":\"https:\/\/blog.zeit.de\/herdentrieb\/#\/schema\/person\/image\/\",\"url\":\"https:\/\/secure.gravatar.com\/avatar\/66e072b8ecaf6d851921c0577ca78c8c9a24223a3c3cb6df48c5d839d1b622e0?s=96&d=mm&r=g\",\"contentUrl\":\"https:\/\/secure.gravatar.com\/avatar\/66e072b8ecaf6d851921c0577ca78c8c9a24223a3c3cb6df48c5d839d1b622e0?s=96&d=mm&r=g\",\"caption\":\"Mark Schieritz\"},\"url\":\"https:\/\/blog.zeit.de\/herdentrieb\/author\/mark-schieritz\"}]}<\/script>\n<!-- \/ Yoast SEO plugin. -->","yoast_head_json":{"title":"Warum tut sich Draghi das blo\u00df an? - Herdentrieb","robots":{"index":"index","follow":"follow","max-snippet":"max-snippet:-1","max-image-preview":"max-image-preview:large","max-video-preview":"max-video-preview:-1"},"canonical":"https:\/\/blog.zeit.de\/herdentrieb\/2012\/03\/22\/warum-tut-sich-draghi-das-blos-an_4557","og_locale":"de_DE","og_type":"article","og_title":"Warum tut sich Draghi das blo\u00df an? - Herdentrieb","og_description":"Bild hat heute ein gro\u00dfes Interview mit Mario Draghi. Es ist illustriert mit einem Foto, das zwei lachende Springer-Redakteure zeigt, die dem ebenfalls lachenden Draghi eine &#8222;originalpreu\u00dfische Pickelhaube aus dem Jahr 1871&#8220; \u00fcberreichen. Draghi sagt dazu, &#8222;das Preu\u00dfische&#8220; sei ein gutes Symbol f\u00fcr den wichtigsten Auftrag der EZB, n\u00e4mlich die Preise stabil zu halten.","og_url":"https:\/\/blog.zeit.de\/herdentrieb\/2012\/03\/22\/warum-tut-sich-draghi-das-blos-an_4557","og_site_name":"Herdentrieb","article_published_time":"2012-03-22T09:47:33+00:00","article_modified_time":"2012-03-22T11:11:43+00:00","author":"Mark Schieritz","twitter_card":"summary_large_image","twitter_creator":"@zeitonline","twitter_site":"@zeitonline","twitter_misc":{"Geschrieben von":"Mark Schieritz","Gesch\u00e4tzte Lesezeit":"1\u00a0Minute"},"schema":{"@context":"https:\/\/schema.org","@graph":[{"@type":"WebPage","@id":"https:\/\/blog.zeit.de\/herdentrieb\/2012\/03\/22\/warum-tut-sich-draghi-das-blos-an_4557","url":"https:\/\/blog.zeit.de\/herdentrieb\/2012\/03\/22\/warum-tut-sich-draghi-das-blos-an_4557","name":"Warum tut sich Draghi das blo\u00df an? - Herdentrieb","isPartOf":{"@id":"https:\/\/blog.zeit.de\/herdentrieb\/#website"},"datePublished":"2012-03-22T09:47:33+00:00","dateModified":"2012-03-22T11:11:43+00:00","author":{"@id":"https:\/\/blog.zeit.de\/herdentrieb\/#\/schema\/person\/a2dfa95bbd4de7e06edc88db4e3d3871"},"breadcrumb":{"@id":"https:\/\/blog.zeit.de\/herdentrieb\/2012\/03\/22\/warum-tut-sich-draghi-das-blos-an_4557#breadcrumb"},"inLanguage":"de","potentialAction":[{"@type":"ReadAction","target":["https:\/\/blog.zeit.de\/herdentrieb\/2012\/03\/22\/warum-tut-sich-draghi-das-blos-an_4557"]}]},{"@type":"BreadcrumbList","@id":"https:\/\/blog.zeit.de\/herdentrieb\/2012\/03\/22\/warum-tut-sich-draghi-das-blos-an_4557#breadcrumb","itemListElement":[{"@type":"ListItem","position":1,"name":"Startseite","item":"https:\/\/blog.zeit.de\/herdentrieb"},{"@type":"ListItem","position":2,"name":"Warum tut sich Draghi das blo\u00df an?"}]},{"@type":"WebSite","@id":"https:\/\/blog.zeit.de\/herdentrieb\/#website","url":"https:\/\/blog.zeit.de\/herdentrieb\/","name":"Herdentrieb","description":"So funktioniert Kapitalismus. Ein Blog","potentialAction":[{"@type":"SearchAction","target":{"@type":"EntryPoint","urlTemplate":"https:\/\/blog.zeit.de\/herdentrieb\/?s={search_term_string}"},"query-input":"required name=search_term_string"}],"inLanguage":"de"},{"@type":"Person","@id":"https:\/\/blog.zeit.de\/herdentrieb\/#\/schema\/person\/a2dfa95bbd4de7e06edc88db4e3d3871","name":"Mark Schieritz","image":{"@type":"ImageObject","inLanguage":"de","@id":"https:\/\/blog.zeit.de\/herdentrieb\/#\/schema\/person\/image\/","url":"https:\/\/secure.gravatar.com\/avatar\/66e072b8ecaf6d851921c0577ca78c8c9a24223a3c3cb6df48c5d839d1b622e0?s=96&d=mm&r=g","contentUrl":"https:\/\/secure.gravatar.com\/avatar\/66e072b8ecaf6d851921c0577ca78c8c9a24223a3c3cb6df48c5d839d1b622e0?s=96&d=mm&r=g","caption":"Mark Schieritz"},"url":"https:\/\/blog.zeit.de\/herdentrieb\/author\/mark-schieritz"}]}},"jetpack_featured_media_url":"","jetpack_sharing_enabled":true,"_links":{"self":[{"href":"https:\/\/blog.zeit.de\/herdentrieb\/wp-json\/wp\/v2\/posts\/4557","targetHints":{"allow":["GET"]}}],"collection":[{"href":"https:\/\/blog.zeit.de\/herdentrieb\/wp-json\/wp\/v2\/posts"}],"about":[{"href":"https:\/\/blog.zeit.de\/herdentrieb\/wp-json\/wp\/v2\/types\/post"}],"author":[{"embeddable":true,"href":"https:\/\/blog.zeit.de\/herdentrieb\/wp-json\/wp\/v2\/users\/215"}],"replies":[{"embeddable":true,"href":"https:\/\/blog.zeit.de\/herdentrieb\/wp-json\/wp\/v2\/comments?post=4557"}],"version-history":[{"count":3,"href":"https:\/\/blog.zeit.de\/herdentrieb\/wp-json\/wp\/v2\/posts\/4557\/revisions"}],"predecessor-version":[{"id":4560,"href":"https:\/\/blog.zeit.de\/herdentrieb\/wp-json\/wp\/v2\/posts\/4557\/revisions\/4560"}],"wp:attachment":[{"href":"https:\/\/blog.zeit.de\/herdentrieb\/wp-json\/wp\/v2\/media?parent=4557"}],"wp:term":[{"taxonomy":"category","embeddable":true,"href":"https:\/\/blog.zeit.de\/herdentrieb\/wp-json\/wp\/v2\/categories?post=4557"},{"taxonomy":"post_tag","embeddable":true,"href":"https:\/\/blog.zeit.de\/herdentrieb\/wp-json\/wp\/v2\/tags?post=4557"}],"curies":[{"name":"wp","href":"https:\/\/api.w.org\/{rel}","templated":true}]}}