{"id":4621,"date":"2012-04-12T22:35:35","date_gmt":"2012-04-12T20:35:35","guid":{"rendered":"http:\/\/blog.zeit.de\/herdentrieb\/?p=4621"},"modified":"2012-04-25T15:54:06","modified_gmt":"2012-04-25T13:54:06","slug":"re-balancing-the-way-out","status":"publish","type":"post","link":"https:\/\/blog.zeit.de\/herdentrieb\/2012\/04\/12\/re-balancing-the-way-out_4621","title":{"rendered":"Re-balancing: The way out?"},"content":{"rendered":"<p>In meinem letzten <a href=\"https:\/\/blog.zeit.de\/herdentrieb\/2012\/04\/11\/wollt-ihr-die-totale-blase_4615\">Eintrag<\/a> habe einen Zielkonflikt in der europ\u00e4ischen Stabilisierungspolitik formuliert. \u00a0Um die Ungleichgewichte im W\u00e4hrungsraum zu beseitigen, ist eine Preisanpassung nach unten im S\u00fcden und nach oben im Norden n\u00f6tig. Der Konflikt: Je mehr die gesamtwirtschaftliche Nachfrage im S\u00fcden gest\u00fctzt wird, desto geringer die Anpassung von L\u00f6hnen und Preisen, je mehr auf St\u00fctzung verzichtet wird, desto h\u00f6her die sozialen und \u2013 \u00fcber <a href=\"http:\/\/de.wikipedia.org\/wiki\/Hysterese#Wirtschaftswissenschaften\" target=\"_blank\">Hysterese<\/a> \u2013 \u00f6konomischen Kosten.<!--more--><\/p>\n<p>Das Postulat eines Zielkonflikt basiert auf der plausiblen Annahme, dass die Nachfrage f\u00fcr Preis- und Lohnentwicklung entscheidend ist, weil die L\u00f6hne steigen, wenn die Kapazit\u00e4tsauslastung zunimmt \u2013 und fallen, wenn sie abnimmt. Mit anderen Worten: Wir brauchen den Boom im Norden genau so wie die Rezession im S\u00fcden, um die Ungleichgewichte abzubauen.<\/p>\n<p>Auf der INET-Konferenz in Berlin habe ich heute mit Sebastian Dullien \u00fcber dieses Thema gesprochen \u2013 und er hat einen ziemlich klugen Einfall: Statt die L\u00f6hne \u00fcber die Nachfrage zu steuern und damit enorme Kollateralsch\u00e4den in Kauf zu nehmen, sollten wir sie lieber direkt steuern. Also: Konzertierte Aktionen, runde Tische, B\u00fcndnisse f\u00fcr Arbeit und \u00e4hnliches \u2013 die Tarifparteien zusammenbringen \u2013  und eine Lohnpolitik vereinbaren, die einen Abbau der Ungleichgewichte erlaubt.<\/p>\n<p>Die Sozialpartner w\u00e4ren gewisserma\u00dfen f\u00fcr die Preissetzung zust\u00e4ndig \u2013 und dadurch w\u00fcrde sich Spielraum f\u00fcr die Geldpolitik oder die Finanzpolitik ergeben, die Nachfrage zu st\u00fctzen, um so die Kosten der Anpassung zu senken.<\/p>\n<p>Bedenkenswert!<\/p>\n","protected":false},"excerpt":{"rendered":"<p>In meinem letzten Eintrag habe einen Zielkonflikt in der europ\u00e4ischen Stabilisierungspolitik formuliert. \u00a0Um die Ungleichgewichte im W\u00e4hrungsraum zu beseitigen, ist eine Preisanpassung nach unten im S\u00fcden und nach oben im Norden n\u00f6tig. Der Konflikt: Je mehr die gesamtwirtschaftliche Nachfrage im S\u00fcden gest\u00fctzt wird, desto geringer die Anpassung von L\u00f6hnen und Preisen, je mehr auf St\u00fctzung [&hellip;]<\/p>\n","protected":false},"author":215,"featured_media":0,"comment_status":"open","ping_status":"closed","sticky":false,"template":"","format":"standard","meta":{"_jetpack_memberships_contains_paid_content":false,"footnotes":""},"categories":[3,1259],"tags":[],"class_list":["post-4621","post","type-post","status-publish","format-standard","hentry","category-der-aktuelle-rand","category-der-zeitungsleser"],"yoast_head":"<!-- This site is optimized with the Yoast SEO plugin v21.0 - https:\/\/yoast.com\/wordpress\/plugins\/seo\/ -->\n<title>Re-balancing: The way out?  - Herdentrieb<\/title>\n<meta name=\"robots\" content=\"index, follow, max-snippet:-1, max-image-preview:large, max-video-preview:-1\" \/>\n<link rel=\"canonical\" href=\"https:\/\/blog.zeit.de\/herdentrieb\/2012\/04\/12\/re-balancing-the-way-out_4621\" \/>\n<meta property=\"og:locale\" content=\"de_DE\" \/>\n<meta property=\"og:type\" content=\"article\" \/>\n<meta property=\"og:title\" content=\"Re-balancing: The way out?  - Herdentrieb\" \/>\n<meta property=\"og:description\" content=\"In meinem letzten Eintrag habe einen Zielkonflikt in der europ\u00e4ischen Stabilisierungspolitik formuliert. \u00a0Um die Ungleichgewichte im W\u00e4hrungsraum zu beseitigen, ist eine Preisanpassung nach unten im S\u00fcden und nach oben im Norden n\u00f6tig. Der Konflikt: Je mehr die gesamtwirtschaftliche Nachfrage im S\u00fcden gest\u00fctzt wird, desto geringer die Anpassung von L\u00f6hnen und Preisen, je mehr auf St\u00fctzung [&hellip;]\" \/>\n<meta property=\"og:url\" content=\"https:\/\/blog.zeit.de\/herdentrieb\/2012\/04\/12\/re-balancing-the-way-out_4621\" \/>\n<meta property=\"og:site_name\" content=\"Herdentrieb\" \/>\n<meta property=\"article:published_time\" content=\"2012-04-12T20:35:35+00:00\" \/>\n<meta property=\"article:modified_time\" content=\"2012-04-25T13:54:06+00:00\" \/>\n<meta name=\"author\" content=\"Mark Schieritz\" \/>\n<meta name=\"twitter:card\" content=\"summary_large_image\" \/>\n<meta name=\"twitter:creator\" content=\"@zeitonline\" \/>\n<meta name=\"twitter:site\" content=\"@zeitonline\" \/>\n<meta name=\"twitter:label1\" content=\"Geschrieben von\" \/>\n\t<meta name=\"twitter:data1\" content=\"Mark Schieritz\" \/>\n\t<meta name=\"twitter:label2\" content=\"Gesch\u00e4tzte Lesezeit\" \/>\n\t<meta name=\"twitter:data2\" content=\"1\u00a0Minute\" \/>\n<script type=\"application\/ld+json\" class=\"yoast-schema-graph\">{\"@context\":\"https:\/\/schema.org\",\"@graph\":[{\"@type\":\"WebPage\",\"@id\":\"https:\/\/blog.zeit.de\/herdentrieb\/2012\/04\/12\/re-balancing-the-way-out_4621\",\"url\":\"https:\/\/blog.zeit.de\/herdentrieb\/2012\/04\/12\/re-balancing-the-way-out_4621\",\"name\":\"Re-balancing: The way out? - Herdentrieb\",\"isPartOf\":{\"@id\":\"https:\/\/blog.zeit.de\/herdentrieb\/#website\"},\"datePublished\":\"2012-04-12T20:35:35+00:00\",\"dateModified\":\"2012-04-25T13:54:06+00:00\",\"author\":{\"@id\":\"https:\/\/blog.zeit.de\/herdentrieb\/#\/schema\/person\/a2dfa95bbd4de7e06edc88db4e3d3871\"},\"breadcrumb\":{\"@id\":\"https:\/\/blog.zeit.de\/herdentrieb\/2012\/04\/12\/re-balancing-the-way-out_4621#breadcrumb\"},\"inLanguage\":\"de\",\"potentialAction\":[{\"@type\":\"ReadAction\",\"target\":[\"https:\/\/blog.zeit.de\/herdentrieb\/2012\/04\/12\/re-balancing-the-way-out_4621\"]}]},{\"@type\":\"BreadcrumbList\",\"@id\":\"https:\/\/blog.zeit.de\/herdentrieb\/2012\/04\/12\/re-balancing-the-way-out_4621#breadcrumb\",\"itemListElement\":[{\"@type\":\"ListItem\",\"position\":1,\"name\":\"Startseite\",\"item\":\"https:\/\/blog.zeit.de\/herdentrieb\"},{\"@type\":\"ListItem\",\"position\":2,\"name\":\"Re-balancing: The way out?\"}]},{\"@type\":\"WebSite\",\"@id\":\"https:\/\/blog.zeit.de\/herdentrieb\/#website\",\"url\":\"https:\/\/blog.zeit.de\/herdentrieb\/\",\"name\":\"Herdentrieb\",\"description\":\"So funktioniert Kapitalismus. Ein Blog\",\"potentialAction\":[{\"@type\":\"SearchAction\",\"target\":{\"@type\":\"EntryPoint\",\"urlTemplate\":\"https:\/\/blog.zeit.de\/herdentrieb\/?s={search_term_string}\"},\"query-input\":\"required name=search_term_string\"}],\"inLanguage\":\"de\"},{\"@type\":\"Person\",\"@id\":\"https:\/\/blog.zeit.de\/herdentrieb\/#\/schema\/person\/a2dfa95bbd4de7e06edc88db4e3d3871\",\"name\":\"Mark Schieritz\",\"image\":{\"@type\":\"ImageObject\",\"inLanguage\":\"de\",\"@id\":\"https:\/\/blog.zeit.de\/herdentrieb\/#\/schema\/person\/image\/\",\"url\":\"https:\/\/secure.gravatar.com\/avatar\/66e072b8ecaf6d851921c0577ca78c8c9a24223a3c3cb6df48c5d839d1b622e0?s=96&d=mm&r=g\",\"contentUrl\":\"https:\/\/secure.gravatar.com\/avatar\/66e072b8ecaf6d851921c0577ca78c8c9a24223a3c3cb6df48c5d839d1b622e0?s=96&d=mm&r=g\",\"caption\":\"Mark Schieritz\"},\"url\":\"https:\/\/blog.zeit.de\/herdentrieb\/author\/mark-schieritz\"}]}<\/script>\n<!-- \/ Yoast SEO plugin. -->","yoast_head_json":{"title":"Re-balancing: The way out?  - Herdentrieb","robots":{"index":"index","follow":"follow","max-snippet":"max-snippet:-1","max-image-preview":"max-image-preview:large","max-video-preview":"max-video-preview:-1"},"canonical":"https:\/\/blog.zeit.de\/herdentrieb\/2012\/04\/12\/re-balancing-the-way-out_4621","og_locale":"de_DE","og_type":"article","og_title":"Re-balancing: The way out?  - Herdentrieb","og_description":"In meinem letzten Eintrag habe einen Zielkonflikt in der europ\u00e4ischen Stabilisierungspolitik formuliert. \u00a0Um die Ungleichgewichte im W\u00e4hrungsraum zu beseitigen, ist eine Preisanpassung nach unten im S\u00fcden und nach oben im Norden n\u00f6tig. Der Konflikt: Je mehr die gesamtwirtschaftliche Nachfrage im S\u00fcden gest\u00fctzt wird, desto geringer die Anpassung von L\u00f6hnen und Preisen, je mehr auf St\u00fctzung [&hellip;]","og_url":"https:\/\/blog.zeit.de\/herdentrieb\/2012\/04\/12\/re-balancing-the-way-out_4621","og_site_name":"Herdentrieb","article_published_time":"2012-04-12T20:35:35+00:00","article_modified_time":"2012-04-25T13:54:06+00:00","author":"Mark Schieritz","twitter_card":"summary_large_image","twitter_creator":"@zeitonline","twitter_site":"@zeitonline","twitter_misc":{"Geschrieben von":"Mark Schieritz","Gesch\u00e4tzte Lesezeit":"1\u00a0Minute"},"schema":{"@context":"https:\/\/schema.org","@graph":[{"@type":"WebPage","@id":"https:\/\/blog.zeit.de\/herdentrieb\/2012\/04\/12\/re-balancing-the-way-out_4621","url":"https:\/\/blog.zeit.de\/herdentrieb\/2012\/04\/12\/re-balancing-the-way-out_4621","name":"Re-balancing: The way out? - Herdentrieb","isPartOf":{"@id":"https:\/\/blog.zeit.de\/herdentrieb\/#website"},"datePublished":"2012-04-12T20:35:35+00:00","dateModified":"2012-04-25T13:54:06+00:00","author":{"@id":"https:\/\/blog.zeit.de\/herdentrieb\/#\/schema\/person\/a2dfa95bbd4de7e06edc88db4e3d3871"},"breadcrumb":{"@id":"https:\/\/blog.zeit.de\/herdentrieb\/2012\/04\/12\/re-balancing-the-way-out_4621#breadcrumb"},"inLanguage":"de","potentialAction":[{"@type":"ReadAction","target":["https:\/\/blog.zeit.de\/herdentrieb\/2012\/04\/12\/re-balancing-the-way-out_4621"]}]},{"@type":"BreadcrumbList","@id":"https:\/\/blog.zeit.de\/herdentrieb\/2012\/04\/12\/re-balancing-the-way-out_4621#breadcrumb","itemListElement":[{"@type":"ListItem","position":1,"name":"Startseite","item":"https:\/\/blog.zeit.de\/herdentrieb"},{"@type":"ListItem","position":2,"name":"Re-balancing: The way out?"}]},{"@type":"WebSite","@id":"https:\/\/blog.zeit.de\/herdentrieb\/#website","url":"https:\/\/blog.zeit.de\/herdentrieb\/","name":"Herdentrieb","description":"So funktioniert Kapitalismus. Ein Blog","potentialAction":[{"@type":"SearchAction","target":{"@type":"EntryPoint","urlTemplate":"https:\/\/blog.zeit.de\/herdentrieb\/?s={search_term_string}"},"query-input":"required name=search_term_string"}],"inLanguage":"de"},{"@type":"Person","@id":"https:\/\/blog.zeit.de\/herdentrieb\/#\/schema\/person\/a2dfa95bbd4de7e06edc88db4e3d3871","name":"Mark Schieritz","image":{"@type":"ImageObject","inLanguage":"de","@id":"https:\/\/blog.zeit.de\/herdentrieb\/#\/schema\/person\/image\/","url":"https:\/\/secure.gravatar.com\/avatar\/66e072b8ecaf6d851921c0577ca78c8c9a24223a3c3cb6df48c5d839d1b622e0?s=96&d=mm&r=g","contentUrl":"https:\/\/secure.gravatar.com\/avatar\/66e072b8ecaf6d851921c0577ca78c8c9a24223a3c3cb6df48c5d839d1b622e0?s=96&d=mm&r=g","caption":"Mark Schieritz"},"url":"https:\/\/blog.zeit.de\/herdentrieb\/author\/mark-schieritz"}]}},"jetpack_featured_media_url":"","jetpack_sharing_enabled":true,"_links":{"self":[{"href":"https:\/\/blog.zeit.de\/herdentrieb\/wp-json\/wp\/v2\/posts\/4621","targetHints":{"allow":["GET"]}}],"collection":[{"href":"https:\/\/blog.zeit.de\/herdentrieb\/wp-json\/wp\/v2\/posts"}],"about":[{"href":"https:\/\/blog.zeit.de\/herdentrieb\/wp-json\/wp\/v2\/types\/post"}],"author":[{"embeddable":true,"href":"https:\/\/blog.zeit.de\/herdentrieb\/wp-json\/wp\/v2\/users\/215"}],"replies":[{"embeddable":true,"href":"https:\/\/blog.zeit.de\/herdentrieb\/wp-json\/wp\/v2\/comments?post=4621"}],"version-history":[{"count":4,"href":"https:\/\/blog.zeit.de\/herdentrieb\/wp-json\/wp\/v2\/posts\/4621\/revisions"}],"predecessor-version":[{"id":4678,"href":"https:\/\/blog.zeit.de\/herdentrieb\/wp-json\/wp\/v2\/posts\/4621\/revisions\/4678"}],"wp:attachment":[{"href":"https:\/\/blog.zeit.de\/herdentrieb\/wp-json\/wp\/v2\/media?parent=4621"}],"wp:term":[{"taxonomy":"category","embeddable":true,"href":"https:\/\/blog.zeit.de\/herdentrieb\/wp-json\/wp\/v2\/categories?post=4621"},{"taxonomy":"post_tag","embeddable":true,"href":"https:\/\/blog.zeit.de\/herdentrieb\/wp-json\/wp\/v2\/tags?post=4621"}],"curies":[{"name":"wp","href":"https:\/\/api.w.org\/{rel}","templated":true}]}}