{"id":4645,"date":"2012-04-19T14:03:43","date_gmt":"2012-04-19T12:03:43","guid":{"rendered":"http:\/\/blog.zeit.de\/herdentrieb\/?p=4645"},"modified":"2012-04-19T15:36:23","modified_gmt":"2012-04-19T13:36:23","slug":"der-deutsche-sonderweg-in-der-okonomie","status":"publish","type":"post","link":"https:\/\/blog.zeit.de\/herdentrieb\/2012\/04\/19\/der-deutsche-sonderweg-in-der-okonomie_4645","title":{"rendered":"Der deutsche Sonderweg in der \u00d6konomie"},"content":{"rendered":"<p>Manchmal tut einem der Weltgeist einen Gefallen und der zeitliche Ablauf der Ereignisse l\u00e4sst die Widerspr\u00fcche so richtig sch\u00f6n durchscheinen.<\/p>\n<p>Aus dem Fr\u00fchjahrsgutachten der <a href=\"http:\/\/www.cesifo-group.de\/portal\/page\/portal\/ifoContent\/N\/data\/forecasts\/forecasts_container\/GD19042012\/GD-20120419-lang.pdf\" target=\"_blank\">Institute<\/a>:<\/p>\n<p style=\"padding-left: 30px;\"><em>Die verbesserte Finanzlage des Staates sollte somit <strong>nicht zum Anlass genommen werden, in den Konsolidierungsbem\u00fchungen nachzulassen<\/strong>. Dies scheint gegenw\u00e4rtig aber der Fall zu sein.<\/em><\/p>\n<p>Aus dem Weltwirtschaftsausblick des <a href=\"http:\/\/www.imf.org\/external\/pubs\/ft\/weo\/2012\/01\/pdf\/text.pdf\" target=\"_blank\">IWF<\/a>:<\/p>\n<p style=\"padding-left: 30px;\"><em>In \u00a0the short term, this will require more efforts to \u00a0address the euro area crisis, <strong>a temperate approach to \u00a0fiscal restraint<\/strong> in response to weaker activity, a continuation of very accommodative monetary policies, \u00a0and ample liquidity to the financial sector.<\/em><\/p>\n<p>Zugespitzt formuliert: Der IWF sagt, Deutschland soll weniger sparen, die Institute sagen, Deutschland soll mehr sparen. Selten wird so offensichtlich, wie isoliert Deutschlands \u00d6konomen sind.<\/p>\n<p>Wer aber ist nun im Recht, das deutsche Establishment oder das Weltestablishment? Dar\u00fcber kann man lange diskutieren \u2013 oder man h\u00e4lt sich an ein Sprichwort aus meiner bayerischen Heimat: \u00a0<a href=\"http:\/\/www.schafkopfschule.de\/html\/_reiner__schafkopf.html\" target=\"_blank\">Ober sticht Unter<\/a>.<\/p>\n","protected":false},"excerpt":{"rendered":"<p>Manchmal tut einem der Weltgeist einen Gefallen und der zeitliche Ablauf der Ereignisse l\u00e4sst die Widerspr\u00fcche so richtig sch\u00f6n durchscheinen. Aus dem Fr\u00fchjahrsgutachten der Institute: Die verbesserte Finanzlage des Staates sollte somit nicht zum Anlass genommen werden, in den Konsolidierungsbem\u00fchungen nachzulassen. Dies scheint gegenw\u00e4rtig aber der Fall zu sein. Aus dem Weltwirtschaftsausblick des IWF: In [&hellip;]<\/p>\n","protected":false},"author":215,"featured_media":0,"comment_status":"open","ping_status":"closed","sticky":false,"template":"","format":"standard","meta":{"_jetpack_memberships_contains_paid_content":false,"footnotes":""},"categories":[3],"tags":[],"class_list":["post-4645","post","type-post","status-publish","format-standard","hentry","category-der-aktuelle-rand"],"yoast_head":"<!-- This site is optimized with the Yoast SEO plugin v21.0 - https:\/\/yoast.com\/wordpress\/plugins\/seo\/ -->\n<title>Der deutsche Sonderweg in der \u00d6konomie - Herdentrieb<\/title>\n<meta name=\"robots\" content=\"index, follow, max-snippet:-1, max-image-preview:large, max-video-preview:-1\" \/>\n<link rel=\"canonical\" href=\"https:\/\/blog.zeit.de\/herdentrieb\/2012\/04\/19\/der-deutsche-sonderweg-in-der-okonomie_4645\" \/>\n<meta property=\"og:locale\" content=\"de_DE\" \/>\n<meta property=\"og:type\" content=\"article\" \/>\n<meta property=\"og:title\" content=\"Der deutsche Sonderweg in der \u00d6konomie - Herdentrieb\" \/>\n<meta property=\"og:description\" content=\"Manchmal tut einem der Weltgeist einen Gefallen und der zeitliche Ablauf der Ereignisse l\u00e4sst die Widerspr\u00fcche so richtig sch\u00f6n durchscheinen. Aus dem Fr\u00fchjahrsgutachten der Institute: Die verbesserte Finanzlage des Staates sollte somit nicht zum Anlass genommen werden, in den Konsolidierungsbem\u00fchungen nachzulassen. Dies scheint gegenw\u00e4rtig aber der Fall zu sein. Aus dem Weltwirtschaftsausblick des IWF: In [&hellip;]\" \/>\n<meta property=\"og:url\" content=\"https:\/\/blog.zeit.de\/herdentrieb\/2012\/04\/19\/der-deutsche-sonderweg-in-der-okonomie_4645\" \/>\n<meta property=\"og:site_name\" content=\"Herdentrieb\" \/>\n<meta property=\"article:published_time\" content=\"2012-04-19T12:03:43+00:00\" \/>\n<meta property=\"article:modified_time\" content=\"2012-04-19T13:36:23+00:00\" \/>\n<meta name=\"author\" content=\"Mark Schieritz\" \/>\n<meta name=\"twitter:card\" content=\"summary_large_image\" \/>\n<meta name=\"twitter:creator\" content=\"@zeitonline\" \/>\n<meta name=\"twitter:site\" content=\"@zeitonline\" \/>\n<meta name=\"twitter:label1\" content=\"Geschrieben von\" \/>\n\t<meta name=\"twitter:data1\" content=\"Mark Schieritz\" \/>\n\t<meta name=\"twitter:label2\" content=\"Gesch\u00e4tzte Lesezeit\" \/>\n\t<meta name=\"twitter:data2\" content=\"1\u00a0Minute\" \/>\n<script type=\"application\/ld+json\" class=\"yoast-schema-graph\">{\"@context\":\"https:\/\/schema.org\",\"@graph\":[{\"@type\":\"WebPage\",\"@id\":\"https:\/\/blog.zeit.de\/herdentrieb\/2012\/04\/19\/der-deutsche-sonderweg-in-der-okonomie_4645\",\"url\":\"https:\/\/blog.zeit.de\/herdentrieb\/2012\/04\/19\/der-deutsche-sonderweg-in-der-okonomie_4645\",\"name\":\"Der deutsche Sonderweg in der \u00d6konomie - Herdentrieb\",\"isPartOf\":{\"@id\":\"https:\/\/blog.zeit.de\/herdentrieb\/#website\"},\"datePublished\":\"2012-04-19T12:03:43+00:00\",\"dateModified\":\"2012-04-19T13:36:23+00:00\",\"author\":{\"@id\":\"https:\/\/blog.zeit.de\/herdentrieb\/#\/schema\/person\/a2dfa95bbd4de7e06edc88db4e3d3871\"},\"breadcrumb\":{\"@id\":\"https:\/\/blog.zeit.de\/herdentrieb\/2012\/04\/19\/der-deutsche-sonderweg-in-der-okonomie_4645#breadcrumb\"},\"inLanguage\":\"de\",\"potentialAction\":[{\"@type\":\"ReadAction\",\"target\":[\"https:\/\/blog.zeit.de\/herdentrieb\/2012\/04\/19\/der-deutsche-sonderweg-in-der-okonomie_4645\"]}]},{\"@type\":\"BreadcrumbList\",\"@id\":\"https:\/\/blog.zeit.de\/herdentrieb\/2012\/04\/19\/der-deutsche-sonderweg-in-der-okonomie_4645#breadcrumb\",\"itemListElement\":[{\"@type\":\"ListItem\",\"position\":1,\"name\":\"Startseite\",\"item\":\"https:\/\/blog.zeit.de\/herdentrieb\"},{\"@type\":\"ListItem\",\"position\":2,\"name\":\"Der deutsche Sonderweg in der \u00d6konomie\"}]},{\"@type\":\"WebSite\",\"@id\":\"https:\/\/blog.zeit.de\/herdentrieb\/#website\",\"url\":\"https:\/\/blog.zeit.de\/herdentrieb\/\",\"name\":\"Herdentrieb\",\"description\":\"So funktioniert Kapitalismus. Ein Blog\",\"potentialAction\":[{\"@type\":\"SearchAction\",\"target\":{\"@type\":\"EntryPoint\",\"urlTemplate\":\"https:\/\/blog.zeit.de\/herdentrieb\/?s={search_term_string}\"},\"query-input\":\"required name=search_term_string\"}],\"inLanguage\":\"de\"},{\"@type\":\"Person\",\"@id\":\"https:\/\/blog.zeit.de\/herdentrieb\/#\/schema\/person\/a2dfa95bbd4de7e06edc88db4e3d3871\",\"name\":\"Mark Schieritz\",\"image\":{\"@type\":\"ImageObject\",\"inLanguage\":\"de\",\"@id\":\"https:\/\/blog.zeit.de\/herdentrieb\/#\/schema\/person\/image\/\",\"url\":\"https:\/\/secure.gravatar.com\/avatar\/66e072b8ecaf6d851921c0577ca78c8c9a24223a3c3cb6df48c5d839d1b622e0?s=96&d=mm&r=g\",\"contentUrl\":\"https:\/\/secure.gravatar.com\/avatar\/66e072b8ecaf6d851921c0577ca78c8c9a24223a3c3cb6df48c5d839d1b622e0?s=96&d=mm&r=g\",\"caption\":\"Mark Schieritz\"},\"url\":\"https:\/\/blog.zeit.de\/herdentrieb\/author\/mark-schieritz\"}]}<\/script>\n<!-- \/ Yoast SEO plugin. -->","yoast_head_json":{"title":"Der deutsche Sonderweg in der \u00d6konomie - Herdentrieb","robots":{"index":"index","follow":"follow","max-snippet":"max-snippet:-1","max-image-preview":"max-image-preview:large","max-video-preview":"max-video-preview:-1"},"canonical":"https:\/\/blog.zeit.de\/herdentrieb\/2012\/04\/19\/der-deutsche-sonderweg-in-der-okonomie_4645","og_locale":"de_DE","og_type":"article","og_title":"Der deutsche Sonderweg in der \u00d6konomie - Herdentrieb","og_description":"Manchmal tut einem der Weltgeist einen Gefallen und der zeitliche Ablauf der Ereignisse l\u00e4sst die Widerspr\u00fcche so richtig sch\u00f6n durchscheinen. Aus dem Fr\u00fchjahrsgutachten der Institute: Die verbesserte Finanzlage des Staates sollte somit nicht zum Anlass genommen werden, in den Konsolidierungsbem\u00fchungen nachzulassen. Dies scheint gegenw\u00e4rtig aber der Fall zu sein. Aus dem Weltwirtschaftsausblick des IWF: In [&hellip;]","og_url":"https:\/\/blog.zeit.de\/herdentrieb\/2012\/04\/19\/der-deutsche-sonderweg-in-der-okonomie_4645","og_site_name":"Herdentrieb","article_published_time":"2012-04-19T12:03:43+00:00","article_modified_time":"2012-04-19T13:36:23+00:00","author":"Mark Schieritz","twitter_card":"summary_large_image","twitter_creator":"@zeitonline","twitter_site":"@zeitonline","twitter_misc":{"Geschrieben von":"Mark Schieritz","Gesch\u00e4tzte Lesezeit":"1\u00a0Minute"},"schema":{"@context":"https:\/\/schema.org","@graph":[{"@type":"WebPage","@id":"https:\/\/blog.zeit.de\/herdentrieb\/2012\/04\/19\/der-deutsche-sonderweg-in-der-okonomie_4645","url":"https:\/\/blog.zeit.de\/herdentrieb\/2012\/04\/19\/der-deutsche-sonderweg-in-der-okonomie_4645","name":"Der deutsche Sonderweg in der \u00d6konomie - Herdentrieb","isPartOf":{"@id":"https:\/\/blog.zeit.de\/herdentrieb\/#website"},"datePublished":"2012-04-19T12:03:43+00:00","dateModified":"2012-04-19T13:36:23+00:00","author":{"@id":"https:\/\/blog.zeit.de\/herdentrieb\/#\/schema\/person\/a2dfa95bbd4de7e06edc88db4e3d3871"},"breadcrumb":{"@id":"https:\/\/blog.zeit.de\/herdentrieb\/2012\/04\/19\/der-deutsche-sonderweg-in-der-okonomie_4645#breadcrumb"},"inLanguage":"de","potentialAction":[{"@type":"ReadAction","target":["https:\/\/blog.zeit.de\/herdentrieb\/2012\/04\/19\/der-deutsche-sonderweg-in-der-okonomie_4645"]}]},{"@type":"BreadcrumbList","@id":"https:\/\/blog.zeit.de\/herdentrieb\/2012\/04\/19\/der-deutsche-sonderweg-in-der-okonomie_4645#breadcrumb","itemListElement":[{"@type":"ListItem","position":1,"name":"Startseite","item":"https:\/\/blog.zeit.de\/herdentrieb"},{"@type":"ListItem","position":2,"name":"Der deutsche Sonderweg in der \u00d6konomie"}]},{"@type":"WebSite","@id":"https:\/\/blog.zeit.de\/herdentrieb\/#website","url":"https:\/\/blog.zeit.de\/herdentrieb\/","name":"Herdentrieb","description":"So funktioniert Kapitalismus. Ein Blog","potentialAction":[{"@type":"SearchAction","target":{"@type":"EntryPoint","urlTemplate":"https:\/\/blog.zeit.de\/herdentrieb\/?s={search_term_string}"},"query-input":"required name=search_term_string"}],"inLanguage":"de"},{"@type":"Person","@id":"https:\/\/blog.zeit.de\/herdentrieb\/#\/schema\/person\/a2dfa95bbd4de7e06edc88db4e3d3871","name":"Mark Schieritz","image":{"@type":"ImageObject","inLanguage":"de","@id":"https:\/\/blog.zeit.de\/herdentrieb\/#\/schema\/person\/image\/","url":"https:\/\/secure.gravatar.com\/avatar\/66e072b8ecaf6d851921c0577ca78c8c9a24223a3c3cb6df48c5d839d1b622e0?s=96&d=mm&r=g","contentUrl":"https:\/\/secure.gravatar.com\/avatar\/66e072b8ecaf6d851921c0577ca78c8c9a24223a3c3cb6df48c5d839d1b622e0?s=96&d=mm&r=g","caption":"Mark Schieritz"},"url":"https:\/\/blog.zeit.de\/herdentrieb\/author\/mark-schieritz"}]}},"jetpack_featured_media_url":"","jetpack_sharing_enabled":true,"_links":{"self":[{"href":"https:\/\/blog.zeit.de\/herdentrieb\/wp-json\/wp\/v2\/posts\/4645","targetHints":{"allow":["GET"]}}],"collection":[{"href":"https:\/\/blog.zeit.de\/herdentrieb\/wp-json\/wp\/v2\/posts"}],"about":[{"href":"https:\/\/blog.zeit.de\/herdentrieb\/wp-json\/wp\/v2\/types\/post"}],"author":[{"embeddable":true,"href":"https:\/\/blog.zeit.de\/herdentrieb\/wp-json\/wp\/v2\/users\/215"}],"replies":[{"embeddable":true,"href":"https:\/\/blog.zeit.de\/herdentrieb\/wp-json\/wp\/v2\/comments?post=4645"}],"version-history":[{"count":5,"href":"https:\/\/blog.zeit.de\/herdentrieb\/wp-json\/wp\/v2\/posts\/4645\/revisions"}],"predecessor-version":[{"id":4650,"href":"https:\/\/blog.zeit.de\/herdentrieb\/wp-json\/wp\/v2\/posts\/4645\/revisions\/4650"}],"wp:attachment":[{"href":"https:\/\/blog.zeit.de\/herdentrieb\/wp-json\/wp\/v2\/media?parent=4645"}],"wp:term":[{"taxonomy":"category","embeddable":true,"href":"https:\/\/blog.zeit.de\/herdentrieb\/wp-json\/wp\/v2\/categories?post=4645"},{"taxonomy":"post_tag","embeddable":true,"href":"https:\/\/blog.zeit.de\/herdentrieb\/wp-json\/wp\/v2\/tags?post=4645"}],"curies":[{"name":"wp","href":"https:\/\/api.w.org\/{rel}","templated":true}]}}