{"id":4653,"date":"2012-04-23T21:12:57","date_gmt":"2012-04-23T19:12:57","guid":{"rendered":"http:\/\/blog.zeit.de\/herdentrieb\/?p=4653"},"modified":"2012-04-24T10:58:12","modified_gmt":"2012-04-24T08:58:12","slug":"sollen-wir-jetzt-die-piraten-wahlen","status":"publish","type":"post","link":"https:\/\/blog.zeit.de\/herdentrieb\/2012\/04\/23\/sollen-wir-jetzt-die-piraten-wahlen_4653","title":{"rendered":"Sollen wir jetzt die Piraten w\u00e4hlen?"},"content":{"rendered":"<p>Auf diesen Seiten war bislang noch nicht von den Piraten die Rede \u2013 wie auch, wir interessieren uns in der Regel f\u00fcr <em>policies<\/em>\u00a0und was die Piraten wollen, wei\u00df man nicht so richtig. Interessant erscheint mit, dass die Piraten in linken Zirkeln als progressive Kraft wahrgenommen werden, ich habe da n\u00e4mlich meine Zweifel, und ich finde, dass es Bj\u00f6rn B\u00f6hning in der <a href=\"http:\/\/www.faz.net\/aktuell\/feuilleton\/gastbeitrag-zur-piratenpartei-unwissenheit-ist-nicht-sexy-11726582.html\" target=\"_blank\"><em>FAZ<\/em><\/a> sehr sch\u00f6n gesagt hat.<\/p>\n<p style=\"padding-left: 30px;\"><em>\u00a0Kern meiner Kritik an den Piraten ist deren grunds\u00e4tzlich anti-staatliche Propaganda, mit der sie erfolgreich punkten. Sie bedienen g\u00e4ngige Klischees von faulen, korrupten und machtgierigen, aber unf\u00e4higen Politikern. Das verwundert erst einmal, da die Piraten derzeit selbst vor allem mit internen Machtk\u00e4mpfen Schlagzeilen machen. Es ist aber schon auff\u00e4llig, mit welcher Selbst\u00fcbersch\u00e4tzung sie die parlamentarische Arbeit angreifen und damit die Komplexit\u00e4t von politischen Entscheidungen bewusst verkennen.<\/em><\/p>\n<p style=\"padding-left: 30px;\"><em>Die Finanzkrise, das Auseinanderdriften von Arm und Reich, der Klimawandel &#8211; das sind keine Herausforderungen, die man mit Polemik meistern kann. Ich erwarte mir von Abgeordneten und Parteien, dass sie Antworten vorschlagen und diskutieren: ein alternatives, demokratischeres Wirtschaftssystem, gerechte Sozialpolitik und eine soziale Energiewende. Wie lange wollen die Piraten noch warten, bevor sie sich positionieren?<\/em><\/p>\n<p>Die Innovation der Piraten scheint mit der Fokus auf Verfahren zu sein \u2013 aber <em>liquid feedback <\/em>ist an sich weder rechts noch links sondern ein politisch neutrales, und in meinen Augen sehr fragw\u00fcrdiges Instrument, um individuelle Pr\u00e4ferenzen zu aggregieren und in kollektives Handeln umzusetzen, zumal wir seit <a href=\"http:\/\/de.wikipedia.org\/wiki\/Arrow-Theorem\">Kenneth Arrow<\/a> wissen, dass soziale Entscheidungen nur begrenzt aus dem Willen des Einzelnen abgeleitet werden k\u00f6nnen.<\/p>\n<p>Die repr\u00e4sentative Demokratie hat schon ihren Sinn, \u00a0und wer z.B. denkt \u2013 was ich nicht tue \u2013, der Staat sei von den b\u00f6sen Bankern gekauft, der kann ja die Linkspartei w\u00e4hlen.\u00a0Mit anderen Worten: Mit ist nicht klar, wof\u00fcr diese Partei steht und ich glaube, das ist kein Zufall sondern ein immanentes Problem der Piraten, die die Form zum Inhalt erkoren haben.<\/p>\n","protected":false},"excerpt":{"rendered":"<p>Auf diesen Seiten war bislang noch nicht von den Piraten die Rede \u2013 wie auch, wir interessieren uns in der Regel f\u00fcr policies\u00a0und was die Piraten wollen, wei\u00df man nicht so richtig. Interessant erscheint mit, dass die Piraten in linken Zirkeln als progressive Kraft wahrgenommen werden, ich habe da n\u00e4mlich meine Zweifel, und ich finde, [&hellip;]<\/p>\n","protected":false},"author":215,"featured_media":0,"comment_status":"open","ping_status":"closed","sticky":false,"template":"","format":"standard","meta":{"_jetpack_memberships_contains_paid_content":false,"footnotes":""},"categories":[3,1259],"tags":[],"class_list":["post-4653","post","type-post","status-publish","format-standard","hentry","category-der-aktuelle-rand","category-der-zeitungsleser"],"yoast_head":"<!-- This site is optimized with the Yoast SEO plugin v21.0 - https:\/\/yoast.com\/wordpress\/plugins\/seo\/ -->\n<title>Sollen wir jetzt die Piraten w\u00e4hlen? - Herdentrieb<\/title>\n<meta name=\"robots\" content=\"index, follow, max-snippet:-1, max-image-preview:large, max-video-preview:-1\" \/>\n<link rel=\"canonical\" href=\"https:\/\/blog.zeit.de\/herdentrieb\/2012\/04\/23\/sollen-wir-jetzt-die-piraten-wahlen_4653\" \/>\n<meta property=\"og:locale\" content=\"de_DE\" \/>\n<meta property=\"og:type\" content=\"article\" \/>\n<meta property=\"og:title\" content=\"Sollen wir jetzt die Piraten w\u00e4hlen? - Herdentrieb\" \/>\n<meta property=\"og:description\" content=\"Auf diesen Seiten war bislang noch nicht von den Piraten die Rede \u2013 wie auch, wir interessieren uns in der Regel f\u00fcr policies\u00a0und was die Piraten wollen, wei\u00df man nicht so richtig. Interessant erscheint mit, dass die Piraten in linken Zirkeln als progressive Kraft wahrgenommen werden, ich habe da n\u00e4mlich meine Zweifel, und ich finde, [&hellip;]\" \/>\n<meta property=\"og:url\" content=\"https:\/\/blog.zeit.de\/herdentrieb\/2012\/04\/23\/sollen-wir-jetzt-die-piraten-wahlen_4653\" \/>\n<meta property=\"og:site_name\" content=\"Herdentrieb\" \/>\n<meta property=\"article:published_time\" content=\"2012-04-23T19:12:57+00:00\" \/>\n<meta property=\"article:modified_time\" content=\"2012-04-24T08:58:12+00:00\" \/>\n<meta name=\"author\" content=\"Mark Schieritz\" \/>\n<meta name=\"twitter:card\" content=\"summary_large_image\" \/>\n<meta name=\"twitter:creator\" content=\"@zeitonline\" \/>\n<meta name=\"twitter:site\" content=\"@zeitonline\" \/>\n<meta name=\"twitter:label1\" content=\"Geschrieben von\" \/>\n\t<meta name=\"twitter:data1\" content=\"Mark Schieritz\" \/>\n\t<meta name=\"twitter:label2\" content=\"Gesch\u00e4tzte Lesezeit\" \/>\n\t<meta name=\"twitter:data2\" content=\"2\u00a0Minuten\" \/>\n<script type=\"application\/ld+json\" class=\"yoast-schema-graph\">{\"@context\":\"https:\/\/schema.org\",\"@graph\":[{\"@type\":\"WebPage\",\"@id\":\"https:\/\/blog.zeit.de\/herdentrieb\/2012\/04\/23\/sollen-wir-jetzt-die-piraten-wahlen_4653\",\"url\":\"https:\/\/blog.zeit.de\/herdentrieb\/2012\/04\/23\/sollen-wir-jetzt-die-piraten-wahlen_4653\",\"name\":\"Sollen wir jetzt die Piraten w\u00e4hlen? - Herdentrieb\",\"isPartOf\":{\"@id\":\"https:\/\/blog.zeit.de\/herdentrieb\/#website\"},\"datePublished\":\"2012-04-23T19:12:57+00:00\",\"dateModified\":\"2012-04-24T08:58:12+00:00\",\"author\":{\"@id\":\"https:\/\/blog.zeit.de\/herdentrieb\/#\/schema\/person\/a2dfa95bbd4de7e06edc88db4e3d3871\"},\"breadcrumb\":{\"@id\":\"https:\/\/blog.zeit.de\/herdentrieb\/2012\/04\/23\/sollen-wir-jetzt-die-piraten-wahlen_4653#breadcrumb\"},\"inLanguage\":\"de\",\"potentialAction\":[{\"@type\":\"ReadAction\",\"target\":[\"https:\/\/blog.zeit.de\/herdentrieb\/2012\/04\/23\/sollen-wir-jetzt-die-piraten-wahlen_4653\"]}]},{\"@type\":\"BreadcrumbList\",\"@id\":\"https:\/\/blog.zeit.de\/herdentrieb\/2012\/04\/23\/sollen-wir-jetzt-die-piraten-wahlen_4653#breadcrumb\",\"itemListElement\":[{\"@type\":\"ListItem\",\"position\":1,\"name\":\"Startseite\",\"item\":\"https:\/\/blog.zeit.de\/herdentrieb\"},{\"@type\":\"ListItem\",\"position\":2,\"name\":\"Sollen wir jetzt die Piraten w\u00e4hlen?\"}]},{\"@type\":\"WebSite\",\"@id\":\"https:\/\/blog.zeit.de\/herdentrieb\/#website\",\"url\":\"https:\/\/blog.zeit.de\/herdentrieb\/\",\"name\":\"Herdentrieb\",\"description\":\"So funktioniert Kapitalismus. Ein Blog\",\"potentialAction\":[{\"@type\":\"SearchAction\",\"target\":{\"@type\":\"EntryPoint\",\"urlTemplate\":\"https:\/\/blog.zeit.de\/herdentrieb\/?s={search_term_string}\"},\"query-input\":\"required name=search_term_string\"}],\"inLanguage\":\"de\"},{\"@type\":\"Person\",\"@id\":\"https:\/\/blog.zeit.de\/herdentrieb\/#\/schema\/person\/a2dfa95bbd4de7e06edc88db4e3d3871\",\"name\":\"Mark Schieritz\",\"image\":{\"@type\":\"ImageObject\",\"inLanguage\":\"de\",\"@id\":\"https:\/\/blog.zeit.de\/herdentrieb\/#\/schema\/person\/image\/\",\"url\":\"https:\/\/secure.gravatar.com\/avatar\/66e072b8ecaf6d851921c0577ca78c8c9a24223a3c3cb6df48c5d839d1b622e0?s=96&d=mm&r=g\",\"contentUrl\":\"https:\/\/secure.gravatar.com\/avatar\/66e072b8ecaf6d851921c0577ca78c8c9a24223a3c3cb6df48c5d839d1b622e0?s=96&d=mm&r=g\",\"caption\":\"Mark Schieritz\"},\"url\":\"https:\/\/blog.zeit.de\/herdentrieb\/author\/mark-schieritz\"}]}<\/script>\n<!-- \/ Yoast SEO plugin. -->","yoast_head_json":{"title":"Sollen wir jetzt die Piraten w\u00e4hlen? - Herdentrieb","robots":{"index":"index","follow":"follow","max-snippet":"max-snippet:-1","max-image-preview":"max-image-preview:large","max-video-preview":"max-video-preview:-1"},"canonical":"https:\/\/blog.zeit.de\/herdentrieb\/2012\/04\/23\/sollen-wir-jetzt-die-piraten-wahlen_4653","og_locale":"de_DE","og_type":"article","og_title":"Sollen wir jetzt die Piraten w\u00e4hlen? - Herdentrieb","og_description":"Auf diesen Seiten war bislang noch nicht von den Piraten die Rede \u2013 wie auch, wir interessieren uns in der Regel f\u00fcr policies\u00a0und was die Piraten wollen, wei\u00df man nicht so richtig. Interessant erscheint mit, dass die Piraten in linken Zirkeln als progressive Kraft wahrgenommen werden, ich habe da n\u00e4mlich meine Zweifel, und ich finde, [&hellip;]","og_url":"https:\/\/blog.zeit.de\/herdentrieb\/2012\/04\/23\/sollen-wir-jetzt-die-piraten-wahlen_4653","og_site_name":"Herdentrieb","article_published_time":"2012-04-23T19:12:57+00:00","article_modified_time":"2012-04-24T08:58:12+00:00","author":"Mark Schieritz","twitter_card":"summary_large_image","twitter_creator":"@zeitonline","twitter_site":"@zeitonline","twitter_misc":{"Geschrieben von":"Mark Schieritz","Gesch\u00e4tzte Lesezeit":"2\u00a0Minuten"},"schema":{"@context":"https:\/\/schema.org","@graph":[{"@type":"WebPage","@id":"https:\/\/blog.zeit.de\/herdentrieb\/2012\/04\/23\/sollen-wir-jetzt-die-piraten-wahlen_4653","url":"https:\/\/blog.zeit.de\/herdentrieb\/2012\/04\/23\/sollen-wir-jetzt-die-piraten-wahlen_4653","name":"Sollen wir jetzt die Piraten w\u00e4hlen? - Herdentrieb","isPartOf":{"@id":"https:\/\/blog.zeit.de\/herdentrieb\/#website"},"datePublished":"2012-04-23T19:12:57+00:00","dateModified":"2012-04-24T08:58:12+00:00","author":{"@id":"https:\/\/blog.zeit.de\/herdentrieb\/#\/schema\/person\/a2dfa95bbd4de7e06edc88db4e3d3871"},"breadcrumb":{"@id":"https:\/\/blog.zeit.de\/herdentrieb\/2012\/04\/23\/sollen-wir-jetzt-die-piraten-wahlen_4653#breadcrumb"},"inLanguage":"de","potentialAction":[{"@type":"ReadAction","target":["https:\/\/blog.zeit.de\/herdentrieb\/2012\/04\/23\/sollen-wir-jetzt-die-piraten-wahlen_4653"]}]},{"@type":"BreadcrumbList","@id":"https:\/\/blog.zeit.de\/herdentrieb\/2012\/04\/23\/sollen-wir-jetzt-die-piraten-wahlen_4653#breadcrumb","itemListElement":[{"@type":"ListItem","position":1,"name":"Startseite","item":"https:\/\/blog.zeit.de\/herdentrieb"},{"@type":"ListItem","position":2,"name":"Sollen wir jetzt die Piraten w\u00e4hlen?"}]},{"@type":"WebSite","@id":"https:\/\/blog.zeit.de\/herdentrieb\/#website","url":"https:\/\/blog.zeit.de\/herdentrieb\/","name":"Herdentrieb","description":"So funktioniert Kapitalismus. Ein Blog","potentialAction":[{"@type":"SearchAction","target":{"@type":"EntryPoint","urlTemplate":"https:\/\/blog.zeit.de\/herdentrieb\/?s={search_term_string}"},"query-input":"required name=search_term_string"}],"inLanguage":"de"},{"@type":"Person","@id":"https:\/\/blog.zeit.de\/herdentrieb\/#\/schema\/person\/a2dfa95bbd4de7e06edc88db4e3d3871","name":"Mark Schieritz","image":{"@type":"ImageObject","inLanguage":"de","@id":"https:\/\/blog.zeit.de\/herdentrieb\/#\/schema\/person\/image\/","url":"https:\/\/secure.gravatar.com\/avatar\/66e072b8ecaf6d851921c0577ca78c8c9a24223a3c3cb6df48c5d839d1b622e0?s=96&d=mm&r=g","contentUrl":"https:\/\/secure.gravatar.com\/avatar\/66e072b8ecaf6d851921c0577ca78c8c9a24223a3c3cb6df48c5d839d1b622e0?s=96&d=mm&r=g","caption":"Mark Schieritz"},"url":"https:\/\/blog.zeit.de\/herdentrieb\/author\/mark-schieritz"}]}},"jetpack_featured_media_url":"","jetpack_sharing_enabled":true,"_links":{"self":[{"href":"https:\/\/blog.zeit.de\/herdentrieb\/wp-json\/wp\/v2\/posts\/4653","targetHints":{"allow":["GET"]}}],"collection":[{"href":"https:\/\/blog.zeit.de\/herdentrieb\/wp-json\/wp\/v2\/posts"}],"about":[{"href":"https:\/\/blog.zeit.de\/herdentrieb\/wp-json\/wp\/v2\/types\/post"}],"author":[{"embeddable":true,"href":"https:\/\/blog.zeit.de\/herdentrieb\/wp-json\/wp\/v2\/users\/215"}],"replies":[{"embeddable":true,"href":"https:\/\/blog.zeit.de\/herdentrieb\/wp-json\/wp\/v2\/comments?post=4653"}],"version-history":[{"count":5,"href":"https:\/\/blog.zeit.de\/herdentrieb\/wp-json\/wp\/v2\/posts\/4653\/revisions"}],"predecessor-version":[{"id":4658,"href":"https:\/\/blog.zeit.de\/herdentrieb\/wp-json\/wp\/v2\/posts\/4653\/revisions\/4658"}],"wp:attachment":[{"href":"https:\/\/blog.zeit.de\/herdentrieb\/wp-json\/wp\/v2\/media?parent=4653"}],"wp:term":[{"taxonomy":"category","embeddable":true,"href":"https:\/\/blog.zeit.de\/herdentrieb\/wp-json\/wp\/v2\/categories?post=4653"},{"taxonomy":"post_tag","embeddable":true,"href":"https:\/\/blog.zeit.de\/herdentrieb\/wp-json\/wp\/v2\/tags?post=4653"}],"curies":[{"name":"wp","href":"https:\/\/api.w.org\/{rel}","templated":true}]}}