{"id":4741,"date":"2012-05-03T23:51:48","date_gmt":"2012-05-03T21:51:48","guid":{"rendered":"http:\/\/blog.zeit.de\/herdentrieb\/?p=4741"},"modified":"2012-05-04T09:03:03","modified_gmt":"2012-05-04T07:03:03","slug":"die-renationalisierung-der-geldpolitik","status":"publish","type":"post","link":"https:\/\/blog.zeit.de\/herdentrieb\/2012\/05\/03\/die-renationalisierung-der-geldpolitik_4741","title":{"rendered":"Die Renationalisierung der Geldpolitik"},"content":{"rendered":"<p>Ich hatte vor einiger Zeit bereits <a href=\"https:\/\/blog.zeit.de\/herdentrieb\/2012\/04\/24\/makroprudenzielle-regulierung-das-ende-der-gemeinsamen-geldpolitik_4660\">dar\u00fcber geschrieben<\/a>, dass die \u2013 an sich sehr sinnvollen \u2013 neuen makroprudentiellen Instrumente auf nationaler Ebene, wie sie jetzt in Deutschland per Gesetz eingef\u00fchrt werden, bei nicht sachgerechter Anwendung zu einer Renationalisierung der Geldpolitik f\u00fchren k\u00f6nnen. Warum? Weil die nationalen Beh\u00f6rden \u00fcber Eigenkapitalvorschriften oder \u00e4hnliche Ma\u00dfnahmen die Kontrolle \u00fcber die Kreditvergabe zur\u00fcckerobern.<\/p>\n<p>Auch der <a href=\"http:\/\/www.economist.com\/node\/21554198\" target=\"_blank\"><em>Economist<\/em><\/a> nimmt sich des Themas nun an:<\/p>\n<p style=\"padding-left: 30px;\"><em>But in the current climate there is also the danger that such regulations may be used in bigger economies to grab back power from the ECB. By reducing credit availability national central banks can contravene the euro zone\u2019s wider monetary stance.<\/em><\/p>\n<p>Aus meiner Sicht gibt es nur eine L\u00f6sung: Die nationalen Beh\u00f6rden m\u00fcssen in kritischen F\u00e4llen ihre Ma\u00dfnahmen von einer europ\u00e4ischen Institution genehmigen lassen, etwa dem ESRB. Damit bliebe die Flexibilit\u00e4t erhalten, national zu reagieren, ohne dass gesamteurop\u00e4ische Ziele unterlaufen werden k\u00f6nnen.<\/p>\n","protected":false},"excerpt":{"rendered":"<p>Ich hatte vor einiger Zeit bereits dar\u00fcber geschrieben, dass die \u2013 an sich sehr sinnvollen \u2013 neuen makroprudentiellen Instrumente auf nationaler Ebene, wie sie jetzt in Deutschland per Gesetz eingef\u00fchrt werden, bei nicht sachgerechter Anwendung zu einer Renationalisierung der Geldpolitik f\u00fchren k\u00f6nnen. Warum? Weil die nationalen Beh\u00f6rden \u00fcber Eigenkapitalvorschriften oder \u00e4hnliche Ma\u00dfnahmen die Kontrolle \u00fcber [&hellip;]<\/p>\n","protected":false},"author":215,"featured_media":0,"comment_status":"open","ping_status":"closed","sticky":false,"template":"","format":"standard","meta":{"_jetpack_memberships_contains_paid_content":false,"footnotes":""},"categories":[3,1259],"tags":[],"class_list":["post-4741","post","type-post","status-publish","format-standard","hentry","category-der-aktuelle-rand","category-der-zeitungsleser"],"yoast_head":"<!-- This site is optimized with the Yoast SEO plugin v21.0 - https:\/\/yoast.com\/wordpress\/plugins\/seo\/ -->\n<title>Die Renationalisierung der Geldpolitik - Herdentrieb<\/title>\n<meta name=\"robots\" content=\"index, follow, max-snippet:-1, max-image-preview:large, max-video-preview:-1\" \/>\n<link rel=\"canonical\" href=\"https:\/\/blog.zeit.de\/herdentrieb\/2012\/05\/03\/die-renationalisierung-der-geldpolitik_4741\" \/>\n<meta property=\"og:locale\" content=\"de_DE\" \/>\n<meta property=\"og:type\" content=\"article\" \/>\n<meta property=\"og:title\" content=\"Die Renationalisierung der Geldpolitik - Herdentrieb\" \/>\n<meta property=\"og:description\" content=\"Ich hatte vor einiger Zeit bereits dar\u00fcber geschrieben, dass die \u2013 an sich sehr sinnvollen \u2013 neuen makroprudentiellen Instrumente auf nationaler Ebene, wie sie jetzt in Deutschland per Gesetz eingef\u00fchrt werden, bei nicht sachgerechter Anwendung zu einer Renationalisierung der Geldpolitik f\u00fchren k\u00f6nnen. Warum? Weil die nationalen Beh\u00f6rden \u00fcber Eigenkapitalvorschriften oder \u00e4hnliche Ma\u00dfnahmen die Kontrolle \u00fcber [&hellip;]\" \/>\n<meta property=\"og:url\" content=\"https:\/\/blog.zeit.de\/herdentrieb\/2012\/05\/03\/die-renationalisierung-der-geldpolitik_4741\" \/>\n<meta property=\"og:site_name\" content=\"Herdentrieb\" \/>\n<meta property=\"article:published_time\" content=\"2012-05-03T21:51:48+00:00\" \/>\n<meta property=\"article:modified_time\" content=\"2012-05-04T07:03:03+00:00\" \/>\n<meta name=\"author\" content=\"Mark Schieritz\" \/>\n<meta name=\"twitter:card\" content=\"summary_large_image\" \/>\n<meta name=\"twitter:creator\" content=\"@zeitonline\" \/>\n<meta name=\"twitter:site\" content=\"@zeitonline\" \/>\n<meta name=\"twitter:label1\" content=\"Geschrieben von\" \/>\n\t<meta name=\"twitter:data1\" content=\"Mark Schieritz\" \/>\n\t<meta name=\"twitter:label2\" content=\"Gesch\u00e4tzte Lesezeit\" \/>\n\t<meta name=\"twitter:data2\" content=\"1\u00a0Minute\" \/>\n<script type=\"application\/ld+json\" class=\"yoast-schema-graph\">{\"@context\":\"https:\/\/schema.org\",\"@graph\":[{\"@type\":\"WebPage\",\"@id\":\"https:\/\/blog.zeit.de\/herdentrieb\/2012\/05\/03\/die-renationalisierung-der-geldpolitik_4741\",\"url\":\"https:\/\/blog.zeit.de\/herdentrieb\/2012\/05\/03\/die-renationalisierung-der-geldpolitik_4741\",\"name\":\"Die Renationalisierung der Geldpolitik - Herdentrieb\",\"isPartOf\":{\"@id\":\"https:\/\/blog.zeit.de\/herdentrieb\/#website\"},\"datePublished\":\"2012-05-03T21:51:48+00:00\",\"dateModified\":\"2012-05-04T07:03:03+00:00\",\"author\":{\"@id\":\"https:\/\/blog.zeit.de\/herdentrieb\/#\/schema\/person\/a2dfa95bbd4de7e06edc88db4e3d3871\"},\"breadcrumb\":{\"@id\":\"https:\/\/blog.zeit.de\/herdentrieb\/2012\/05\/03\/die-renationalisierung-der-geldpolitik_4741#breadcrumb\"},\"inLanguage\":\"de\",\"potentialAction\":[{\"@type\":\"ReadAction\",\"target\":[\"https:\/\/blog.zeit.de\/herdentrieb\/2012\/05\/03\/die-renationalisierung-der-geldpolitik_4741\"]}]},{\"@type\":\"BreadcrumbList\",\"@id\":\"https:\/\/blog.zeit.de\/herdentrieb\/2012\/05\/03\/die-renationalisierung-der-geldpolitik_4741#breadcrumb\",\"itemListElement\":[{\"@type\":\"ListItem\",\"position\":1,\"name\":\"Startseite\",\"item\":\"https:\/\/blog.zeit.de\/herdentrieb\"},{\"@type\":\"ListItem\",\"position\":2,\"name\":\"Die Renationalisierung der Geldpolitik\"}]},{\"@type\":\"WebSite\",\"@id\":\"https:\/\/blog.zeit.de\/herdentrieb\/#website\",\"url\":\"https:\/\/blog.zeit.de\/herdentrieb\/\",\"name\":\"Herdentrieb\",\"description\":\"So funktioniert Kapitalismus. Ein Blog\",\"potentialAction\":[{\"@type\":\"SearchAction\",\"target\":{\"@type\":\"EntryPoint\",\"urlTemplate\":\"https:\/\/blog.zeit.de\/herdentrieb\/?s={search_term_string}\"},\"query-input\":\"required name=search_term_string\"}],\"inLanguage\":\"de\"},{\"@type\":\"Person\",\"@id\":\"https:\/\/blog.zeit.de\/herdentrieb\/#\/schema\/person\/a2dfa95bbd4de7e06edc88db4e3d3871\",\"name\":\"Mark Schieritz\",\"image\":{\"@type\":\"ImageObject\",\"inLanguage\":\"de\",\"@id\":\"https:\/\/blog.zeit.de\/herdentrieb\/#\/schema\/person\/image\/\",\"url\":\"https:\/\/secure.gravatar.com\/avatar\/66e072b8ecaf6d851921c0577ca78c8c9a24223a3c3cb6df48c5d839d1b622e0?s=96&d=mm&r=g\",\"contentUrl\":\"https:\/\/secure.gravatar.com\/avatar\/66e072b8ecaf6d851921c0577ca78c8c9a24223a3c3cb6df48c5d839d1b622e0?s=96&d=mm&r=g\",\"caption\":\"Mark Schieritz\"},\"url\":\"https:\/\/blog.zeit.de\/herdentrieb\/author\/mark-schieritz\"}]}<\/script>\n<!-- \/ Yoast SEO plugin. -->","yoast_head_json":{"title":"Die Renationalisierung der Geldpolitik - Herdentrieb","robots":{"index":"index","follow":"follow","max-snippet":"max-snippet:-1","max-image-preview":"max-image-preview:large","max-video-preview":"max-video-preview:-1"},"canonical":"https:\/\/blog.zeit.de\/herdentrieb\/2012\/05\/03\/die-renationalisierung-der-geldpolitik_4741","og_locale":"de_DE","og_type":"article","og_title":"Die Renationalisierung der Geldpolitik - Herdentrieb","og_description":"Ich hatte vor einiger Zeit bereits dar\u00fcber geschrieben, dass die \u2013 an sich sehr sinnvollen \u2013 neuen makroprudentiellen Instrumente auf nationaler Ebene, wie sie jetzt in Deutschland per Gesetz eingef\u00fchrt werden, bei nicht sachgerechter Anwendung zu einer Renationalisierung der Geldpolitik f\u00fchren k\u00f6nnen. Warum? Weil die nationalen Beh\u00f6rden \u00fcber Eigenkapitalvorschriften oder \u00e4hnliche Ma\u00dfnahmen die Kontrolle \u00fcber [&hellip;]","og_url":"https:\/\/blog.zeit.de\/herdentrieb\/2012\/05\/03\/die-renationalisierung-der-geldpolitik_4741","og_site_name":"Herdentrieb","article_published_time":"2012-05-03T21:51:48+00:00","article_modified_time":"2012-05-04T07:03:03+00:00","author":"Mark Schieritz","twitter_card":"summary_large_image","twitter_creator":"@zeitonline","twitter_site":"@zeitonline","twitter_misc":{"Geschrieben von":"Mark Schieritz","Gesch\u00e4tzte Lesezeit":"1\u00a0Minute"},"schema":{"@context":"https:\/\/schema.org","@graph":[{"@type":"WebPage","@id":"https:\/\/blog.zeit.de\/herdentrieb\/2012\/05\/03\/die-renationalisierung-der-geldpolitik_4741","url":"https:\/\/blog.zeit.de\/herdentrieb\/2012\/05\/03\/die-renationalisierung-der-geldpolitik_4741","name":"Die Renationalisierung der Geldpolitik - Herdentrieb","isPartOf":{"@id":"https:\/\/blog.zeit.de\/herdentrieb\/#website"},"datePublished":"2012-05-03T21:51:48+00:00","dateModified":"2012-05-04T07:03:03+00:00","author":{"@id":"https:\/\/blog.zeit.de\/herdentrieb\/#\/schema\/person\/a2dfa95bbd4de7e06edc88db4e3d3871"},"breadcrumb":{"@id":"https:\/\/blog.zeit.de\/herdentrieb\/2012\/05\/03\/die-renationalisierung-der-geldpolitik_4741#breadcrumb"},"inLanguage":"de","potentialAction":[{"@type":"ReadAction","target":["https:\/\/blog.zeit.de\/herdentrieb\/2012\/05\/03\/die-renationalisierung-der-geldpolitik_4741"]}]},{"@type":"BreadcrumbList","@id":"https:\/\/blog.zeit.de\/herdentrieb\/2012\/05\/03\/die-renationalisierung-der-geldpolitik_4741#breadcrumb","itemListElement":[{"@type":"ListItem","position":1,"name":"Startseite","item":"https:\/\/blog.zeit.de\/herdentrieb"},{"@type":"ListItem","position":2,"name":"Die Renationalisierung der Geldpolitik"}]},{"@type":"WebSite","@id":"https:\/\/blog.zeit.de\/herdentrieb\/#website","url":"https:\/\/blog.zeit.de\/herdentrieb\/","name":"Herdentrieb","description":"So funktioniert Kapitalismus. Ein Blog","potentialAction":[{"@type":"SearchAction","target":{"@type":"EntryPoint","urlTemplate":"https:\/\/blog.zeit.de\/herdentrieb\/?s={search_term_string}"},"query-input":"required name=search_term_string"}],"inLanguage":"de"},{"@type":"Person","@id":"https:\/\/blog.zeit.de\/herdentrieb\/#\/schema\/person\/a2dfa95bbd4de7e06edc88db4e3d3871","name":"Mark Schieritz","image":{"@type":"ImageObject","inLanguage":"de","@id":"https:\/\/blog.zeit.de\/herdentrieb\/#\/schema\/person\/image\/","url":"https:\/\/secure.gravatar.com\/avatar\/66e072b8ecaf6d851921c0577ca78c8c9a24223a3c3cb6df48c5d839d1b622e0?s=96&d=mm&r=g","contentUrl":"https:\/\/secure.gravatar.com\/avatar\/66e072b8ecaf6d851921c0577ca78c8c9a24223a3c3cb6df48c5d839d1b622e0?s=96&d=mm&r=g","caption":"Mark Schieritz"},"url":"https:\/\/blog.zeit.de\/herdentrieb\/author\/mark-schieritz"}]}},"jetpack_featured_media_url":"","jetpack_sharing_enabled":true,"_links":{"self":[{"href":"https:\/\/blog.zeit.de\/herdentrieb\/wp-json\/wp\/v2\/posts\/4741","targetHints":{"allow":["GET"]}}],"collection":[{"href":"https:\/\/blog.zeit.de\/herdentrieb\/wp-json\/wp\/v2\/posts"}],"about":[{"href":"https:\/\/blog.zeit.de\/herdentrieb\/wp-json\/wp\/v2\/types\/post"}],"author":[{"embeddable":true,"href":"https:\/\/blog.zeit.de\/herdentrieb\/wp-json\/wp\/v2\/users\/215"}],"replies":[{"embeddable":true,"href":"https:\/\/blog.zeit.de\/herdentrieb\/wp-json\/wp\/v2\/comments?post=4741"}],"version-history":[{"count":3,"href":"https:\/\/blog.zeit.de\/herdentrieb\/wp-json\/wp\/v2\/posts\/4741\/revisions"}],"predecessor-version":[{"id":4746,"href":"https:\/\/blog.zeit.de\/herdentrieb\/wp-json\/wp\/v2\/posts\/4741\/revisions\/4746"}],"wp:attachment":[{"href":"https:\/\/blog.zeit.de\/herdentrieb\/wp-json\/wp\/v2\/media?parent=4741"}],"wp:term":[{"taxonomy":"category","embeddable":true,"href":"https:\/\/blog.zeit.de\/herdentrieb\/wp-json\/wp\/v2\/categories?post=4741"},{"taxonomy":"post_tag","embeddable":true,"href":"https:\/\/blog.zeit.de\/herdentrieb\/wp-json\/wp\/v2\/tags?post=4741"}],"curies":[{"name":"wp","href":"https:\/\/api.w.org\/{rel}","templated":true}]}}