{"id":4788,"date":"2012-05-11T14:37:44","date_gmt":"2012-05-11T12:37:44","guid":{"rendered":"http:\/\/blog.zeit.de\/herdentrieb\/?p=4788"},"modified":"2012-05-11T16:06:48","modified_gmt":"2012-05-11T14:06:48","slug":"bildonomics","status":"publish","type":"post","link":"https:\/\/blog.zeit.de\/herdentrieb\/2012\/05\/11\/bildonomics_4788","title":{"rendered":"Bildonomics"},"content":{"rendered":"<p>Erstaunlicherweise haben die meisten deutschen Medien zivilisiert auf die Aussage der Bundesbank reagiert, die Inflation k\u00f6nne zeitweise \u00fcber den Durchschnitt der Euro-Zone steigen. Letztlich signalisieren die Bundesbanker damit ja auch nur, dass sie sich an die Vertr\u00e4ge halten. Das Inflationsziel der EZB lautet nun einmal zwei Prozent f\u00fcr die Euro-Zone insgesamt und nicht zwei Prozent f\u00fcr Deutschland.<\/p>\n<p>Wer also nun argumentiert, wenn der S\u00fcden disinflationiere, d\u00fcrfe Deutschland nicht inflationieren, der kann entweder nicht rechnen \u2013 oder er ruft zur Vertragsverletzung auf.<\/p>\n<p>Nur Bild kann es nicht <a href=\"http:\/\/www.bild.de\/geld\/wirtschaft\/inflation\/alarm-inflation-kehrt-zurueck-24090356.bild.html\" target=\"_blank\">lassen<\/a>.<!--more--><\/p>\n<p style=\"padding-left: 30px;\"><em>Bundesbank weicht den Euro auf<\/em><\/p>\n<p>so titelt der Boulevard. Das wird der Steuerrechtler Stefan Homburg (das ist derjenigen, der im Spiegel vergangenes Jahr erz\u00e4hlte, er lege einen gr\u00f6\u00dferen Betrag in Griechenland an, weil es nie zu einem Schuldenschnitt kommen werde) als Experte ins Spiel gebracht<\/p>\n<p style=\"padding-left: 30px;\"><em>Experte Homburg: \u201eWie bei einer Ketchupflasche, die man sch\u00fcttelt, erst kommt nichts und dann ein ganzer Schwall, den man nicht aufhalten kann.\u201c Hei\u00dft: Nach einer ruhigen Phase schie\u00dfen die Preise pl\u00f6tzlich rauf. Homburg warnt, dass sich der Preisanstieg auf \u00fcber 5\u2005% mehr als verdoppeln k\u00f6nnte. Versch\u00e4rft sich die Eurokrise, sind sogar 10\u2005% Inflation drin!<\/em><\/p>\n<p>Die Kausalkette, die von einer Versch\u00e4rfung der Euro-Krise zu mehr Inflation in Deutschland f\u00fchrt, w\u00fcrde ich gerne einmal sehen. Wenn der Laden auseinanderbricht, dann gibt es Deflation, nicht Inflation, weil die neue deutsche W\u00e4hrung in die H\u00f6he schie\u00dft.<\/p>\n<p>Es ist egal, wieviel Geld die EZB &#8222;druckt&#8220;, wichtig ist, ob es ausgegeben wird. Und danach sieht es derzeit nicht aus \u2013 ergo keine Inflation. So einfach ist das.<\/p>\n","protected":false},"excerpt":{"rendered":"<p>Erstaunlicherweise haben die meisten deutschen Medien zivilisiert auf die Aussage der Bundesbank reagiert, die Inflation k\u00f6nne zeitweise \u00fcber den Durchschnitt der Euro-Zone steigen. Letztlich signalisieren die Bundesbanker damit ja auch nur, dass sie sich an die Vertr\u00e4ge halten. Das Inflationsziel der EZB lautet nun einmal zwei Prozent f\u00fcr die Euro-Zone insgesamt und nicht zwei Prozent [&hellip;]<\/p>\n","protected":false},"author":215,"featured_media":0,"comment_status":"open","ping_status":"closed","sticky":false,"template":"","format":"standard","meta":{"_jetpack_memberships_contains_paid_content":false,"footnotes":""},"categories":[3],"tags":[],"class_list":["post-4788","post","type-post","status-publish","format-standard","hentry","category-der-aktuelle-rand"],"yoast_head":"<!-- This site is optimized with the Yoast SEO plugin v21.0 - https:\/\/yoast.com\/wordpress\/plugins\/seo\/ -->\n<title>Bildonomics - Herdentrieb<\/title>\n<meta name=\"robots\" content=\"index, follow, max-snippet:-1, max-image-preview:large, max-video-preview:-1\" \/>\n<link rel=\"canonical\" href=\"https:\/\/blog.zeit.de\/herdentrieb\/2012\/05\/11\/bildonomics_4788\" \/>\n<meta property=\"og:locale\" content=\"de_DE\" \/>\n<meta property=\"og:type\" content=\"article\" \/>\n<meta property=\"og:title\" content=\"Bildonomics - Herdentrieb\" \/>\n<meta property=\"og:description\" content=\"Erstaunlicherweise haben die meisten deutschen Medien zivilisiert auf die Aussage der Bundesbank reagiert, die Inflation k\u00f6nne zeitweise \u00fcber den Durchschnitt der Euro-Zone steigen. Letztlich signalisieren die Bundesbanker damit ja auch nur, dass sie sich an die Vertr\u00e4ge halten. Das Inflationsziel der EZB lautet nun einmal zwei Prozent f\u00fcr die Euro-Zone insgesamt und nicht zwei Prozent [&hellip;]\" \/>\n<meta property=\"og:url\" content=\"https:\/\/blog.zeit.de\/herdentrieb\/2012\/05\/11\/bildonomics_4788\" \/>\n<meta property=\"og:site_name\" content=\"Herdentrieb\" \/>\n<meta property=\"article:published_time\" content=\"2012-05-11T12:37:44+00:00\" \/>\n<meta property=\"article:modified_time\" content=\"2012-05-11T14:06:48+00:00\" \/>\n<meta name=\"author\" content=\"Mark Schieritz\" \/>\n<meta name=\"twitter:card\" content=\"summary_large_image\" \/>\n<meta name=\"twitter:creator\" content=\"@zeitonline\" \/>\n<meta name=\"twitter:site\" content=\"@zeitonline\" \/>\n<meta name=\"twitter:label1\" content=\"Geschrieben von\" \/>\n\t<meta name=\"twitter:data1\" content=\"Mark Schieritz\" \/>\n\t<meta name=\"twitter:label2\" content=\"Gesch\u00e4tzte Lesezeit\" \/>\n\t<meta name=\"twitter:data2\" content=\"1\u00a0Minute\" \/>\n<script type=\"application\/ld+json\" class=\"yoast-schema-graph\">{\"@context\":\"https:\/\/schema.org\",\"@graph\":[{\"@type\":\"WebPage\",\"@id\":\"https:\/\/blog.zeit.de\/herdentrieb\/2012\/05\/11\/bildonomics_4788\",\"url\":\"https:\/\/blog.zeit.de\/herdentrieb\/2012\/05\/11\/bildonomics_4788\",\"name\":\"Bildonomics - Herdentrieb\",\"isPartOf\":{\"@id\":\"https:\/\/blog.zeit.de\/herdentrieb\/#website\"},\"datePublished\":\"2012-05-11T12:37:44+00:00\",\"dateModified\":\"2012-05-11T14:06:48+00:00\",\"author\":{\"@id\":\"https:\/\/blog.zeit.de\/herdentrieb\/#\/schema\/person\/a2dfa95bbd4de7e06edc88db4e3d3871\"},\"breadcrumb\":{\"@id\":\"https:\/\/blog.zeit.de\/herdentrieb\/2012\/05\/11\/bildonomics_4788#breadcrumb\"},\"inLanguage\":\"de\",\"potentialAction\":[{\"@type\":\"ReadAction\",\"target\":[\"https:\/\/blog.zeit.de\/herdentrieb\/2012\/05\/11\/bildonomics_4788\"]}]},{\"@type\":\"BreadcrumbList\",\"@id\":\"https:\/\/blog.zeit.de\/herdentrieb\/2012\/05\/11\/bildonomics_4788#breadcrumb\",\"itemListElement\":[{\"@type\":\"ListItem\",\"position\":1,\"name\":\"Startseite\",\"item\":\"https:\/\/blog.zeit.de\/herdentrieb\"},{\"@type\":\"ListItem\",\"position\":2,\"name\":\"Bildonomics\"}]},{\"@type\":\"WebSite\",\"@id\":\"https:\/\/blog.zeit.de\/herdentrieb\/#website\",\"url\":\"https:\/\/blog.zeit.de\/herdentrieb\/\",\"name\":\"Herdentrieb\",\"description\":\"So funktioniert Kapitalismus. Ein Blog\",\"potentialAction\":[{\"@type\":\"SearchAction\",\"target\":{\"@type\":\"EntryPoint\",\"urlTemplate\":\"https:\/\/blog.zeit.de\/herdentrieb\/?s={search_term_string}\"},\"query-input\":\"required name=search_term_string\"}],\"inLanguage\":\"de\"},{\"@type\":\"Person\",\"@id\":\"https:\/\/blog.zeit.de\/herdentrieb\/#\/schema\/person\/a2dfa95bbd4de7e06edc88db4e3d3871\",\"name\":\"Mark Schieritz\",\"image\":{\"@type\":\"ImageObject\",\"inLanguage\":\"de\",\"@id\":\"https:\/\/blog.zeit.de\/herdentrieb\/#\/schema\/person\/image\/\",\"url\":\"https:\/\/secure.gravatar.com\/avatar\/66e072b8ecaf6d851921c0577ca78c8c9a24223a3c3cb6df48c5d839d1b622e0?s=96&d=mm&r=g\",\"contentUrl\":\"https:\/\/secure.gravatar.com\/avatar\/66e072b8ecaf6d851921c0577ca78c8c9a24223a3c3cb6df48c5d839d1b622e0?s=96&d=mm&r=g\",\"caption\":\"Mark Schieritz\"},\"url\":\"https:\/\/blog.zeit.de\/herdentrieb\/author\/mark-schieritz\"}]}<\/script>\n<!-- \/ Yoast SEO plugin. -->","yoast_head_json":{"title":"Bildonomics - Herdentrieb","robots":{"index":"index","follow":"follow","max-snippet":"max-snippet:-1","max-image-preview":"max-image-preview:large","max-video-preview":"max-video-preview:-1"},"canonical":"https:\/\/blog.zeit.de\/herdentrieb\/2012\/05\/11\/bildonomics_4788","og_locale":"de_DE","og_type":"article","og_title":"Bildonomics - Herdentrieb","og_description":"Erstaunlicherweise haben die meisten deutschen Medien zivilisiert auf die Aussage der Bundesbank reagiert, die Inflation k\u00f6nne zeitweise \u00fcber den Durchschnitt der Euro-Zone steigen. Letztlich signalisieren die Bundesbanker damit ja auch nur, dass sie sich an die Vertr\u00e4ge halten. Das Inflationsziel der EZB lautet nun einmal zwei Prozent f\u00fcr die Euro-Zone insgesamt und nicht zwei Prozent [&hellip;]","og_url":"https:\/\/blog.zeit.de\/herdentrieb\/2012\/05\/11\/bildonomics_4788","og_site_name":"Herdentrieb","article_published_time":"2012-05-11T12:37:44+00:00","article_modified_time":"2012-05-11T14:06:48+00:00","author":"Mark Schieritz","twitter_card":"summary_large_image","twitter_creator":"@zeitonline","twitter_site":"@zeitonline","twitter_misc":{"Geschrieben von":"Mark Schieritz","Gesch\u00e4tzte Lesezeit":"1\u00a0Minute"},"schema":{"@context":"https:\/\/schema.org","@graph":[{"@type":"WebPage","@id":"https:\/\/blog.zeit.de\/herdentrieb\/2012\/05\/11\/bildonomics_4788","url":"https:\/\/blog.zeit.de\/herdentrieb\/2012\/05\/11\/bildonomics_4788","name":"Bildonomics - Herdentrieb","isPartOf":{"@id":"https:\/\/blog.zeit.de\/herdentrieb\/#website"},"datePublished":"2012-05-11T12:37:44+00:00","dateModified":"2012-05-11T14:06:48+00:00","author":{"@id":"https:\/\/blog.zeit.de\/herdentrieb\/#\/schema\/person\/a2dfa95bbd4de7e06edc88db4e3d3871"},"breadcrumb":{"@id":"https:\/\/blog.zeit.de\/herdentrieb\/2012\/05\/11\/bildonomics_4788#breadcrumb"},"inLanguage":"de","potentialAction":[{"@type":"ReadAction","target":["https:\/\/blog.zeit.de\/herdentrieb\/2012\/05\/11\/bildonomics_4788"]}]},{"@type":"BreadcrumbList","@id":"https:\/\/blog.zeit.de\/herdentrieb\/2012\/05\/11\/bildonomics_4788#breadcrumb","itemListElement":[{"@type":"ListItem","position":1,"name":"Startseite","item":"https:\/\/blog.zeit.de\/herdentrieb"},{"@type":"ListItem","position":2,"name":"Bildonomics"}]},{"@type":"WebSite","@id":"https:\/\/blog.zeit.de\/herdentrieb\/#website","url":"https:\/\/blog.zeit.de\/herdentrieb\/","name":"Herdentrieb","description":"So funktioniert Kapitalismus. Ein Blog","potentialAction":[{"@type":"SearchAction","target":{"@type":"EntryPoint","urlTemplate":"https:\/\/blog.zeit.de\/herdentrieb\/?s={search_term_string}"},"query-input":"required name=search_term_string"}],"inLanguage":"de"},{"@type":"Person","@id":"https:\/\/blog.zeit.de\/herdentrieb\/#\/schema\/person\/a2dfa95bbd4de7e06edc88db4e3d3871","name":"Mark Schieritz","image":{"@type":"ImageObject","inLanguage":"de","@id":"https:\/\/blog.zeit.de\/herdentrieb\/#\/schema\/person\/image\/","url":"https:\/\/secure.gravatar.com\/avatar\/66e072b8ecaf6d851921c0577ca78c8c9a24223a3c3cb6df48c5d839d1b622e0?s=96&d=mm&r=g","contentUrl":"https:\/\/secure.gravatar.com\/avatar\/66e072b8ecaf6d851921c0577ca78c8c9a24223a3c3cb6df48c5d839d1b622e0?s=96&d=mm&r=g","caption":"Mark Schieritz"},"url":"https:\/\/blog.zeit.de\/herdentrieb\/author\/mark-schieritz"}]}},"jetpack_featured_media_url":"","jetpack_sharing_enabled":true,"_links":{"self":[{"href":"https:\/\/blog.zeit.de\/herdentrieb\/wp-json\/wp\/v2\/posts\/4788","targetHints":{"allow":["GET"]}}],"collection":[{"href":"https:\/\/blog.zeit.de\/herdentrieb\/wp-json\/wp\/v2\/posts"}],"about":[{"href":"https:\/\/blog.zeit.de\/herdentrieb\/wp-json\/wp\/v2\/types\/post"}],"author":[{"embeddable":true,"href":"https:\/\/blog.zeit.de\/herdentrieb\/wp-json\/wp\/v2\/users\/215"}],"replies":[{"embeddable":true,"href":"https:\/\/blog.zeit.de\/herdentrieb\/wp-json\/wp\/v2\/comments?post=4788"}],"version-history":[{"count":3,"href":"https:\/\/blog.zeit.de\/herdentrieb\/wp-json\/wp\/v2\/posts\/4788\/revisions"}],"predecessor-version":[{"id":4790,"href":"https:\/\/blog.zeit.de\/herdentrieb\/wp-json\/wp\/v2\/posts\/4788\/revisions\/4790"}],"wp:attachment":[{"href":"https:\/\/blog.zeit.de\/herdentrieb\/wp-json\/wp\/v2\/media?parent=4788"}],"wp:term":[{"taxonomy":"category","embeddable":true,"href":"https:\/\/blog.zeit.de\/herdentrieb\/wp-json\/wp\/v2\/categories?post=4788"},{"taxonomy":"post_tag","embeddable":true,"href":"https:\/\/blog.zeit.de\/herdentrieb\/wp-json\/wp\/v2\/tags?post=4788"}],"curies":[{"name":"wp","href":"https:\/\/api.w.org\/{rel}","templated":true}]}}