{"id":482,"date":"2008-11-28T09:32:15","date_gmt":"2008-11-28T08:32:15","guid":{"rendered":"http:\/\/blog.zeit.de\/herdentrieb\/?p=482"},"modified":"2008-11-28T09:32:15","modified_gmt":"2008-11-28T08:32:15","slug":"niemand-hat-angst-vor-inflation","status":"publish","type":"post","link":"https:\/\/blog.zeit.de\/herdentrieb\/2008\/11\/28\/niemand-hat-angst-vor-inflation_482","title":{"rendered":"Niemand hat Angst vor Inflation"},"content":{"rendered":"<p>Die Notenbankzinsen sind in den wichtigsten L\u00e4ndern entweder im freien Fall, oder sie sind bereits nahe Null. Gleichzeitig \u00fcberbieten sich die Regierungen mit finanzpolitischen Rettungsprogrammen (Deutschland ausgenommen). Expansiver k\u00f6nnte die Wirtschaftspolitik im Moment nicht sein. Die Angst vor einer globalen Rezession ist aber offenbar so gro\u00df, dass die Anleger aus diesem Aktionismus nicht etwa folgern, dass das \u00fcber kurz oder lang zu deutlich steigenden Inflationsraten f\u00fchren wird.<br \/>\n<!--more--><br \/>\nIn den USA, wo sowohl die Geldpolitik als auch die Finanzpolitik auf volle Kraft voraus geschaltet haben, sind die Inflationserwartungen nach mindestens einem wichtigen Indikator, der Renditedifferenz zwischen normalen und inflationsindizierten Staatsanleihen, entweder deutlich negativ (auf Sicht von f\u00fcnf Jahren) oder in der N\u00e4he von Null (bei den Zehnj\u00e4hrigen). Bis Anfang Juli hatten die Erwartungen bei beiden Laufzeiten noch bei etwa 2\u00bd Prozent gelegen. Die Wende fiel zeitlich exakt zusammen mit dem Platzen der Rohstoffblase, vor allem beim Erd\u00f6l.<\/p>\n<p><img decoding=\"async\" src=\"https:\/\/blog.zeit.de\/herdentrieb\/files\/2008\/11\/tips_tb_infl_expect_081124.gif\" alt=\"TIPS-derived expected inflation\" title=\"TIPS-derived expected inflation\" \/><\/p>\n<p>Die Rendite der zehnj\u00e4hrigen Treasuries ist inzwischen auf 2,98 Prozent gefallen. Bisher war die Annahme stets, dass das mittelfristige Wachstum der US-Wirtschaft bei 3\u00bc Prozent liegt, schon allein weil die Erwerbsbev\u00f6lkerung mit einer Rate von j\u00e4hrlich etwa einem Prozent w\u00e4chst. Wenn das noch gilt, reflektieren auch normale Staatsanleihen die Erwartung, dass die n\u00e4chsten Jahre von Deflation gepr\u00e4gt sein werden.<\/p>\n<p>Das hat nat\u00fcrlich auch damit zu tun, dass sich einige amerikanische Preisindices seit dem Sommer im R\u00fcckw\u00e4rtsgang befinden: Im Oktober lagen die Verbraucherpreise um 0,3 Prozent unter dem Wert vom Juni, die industriellen Erzeugerpreise um 1,2 Prozent unter denen vom Mai, w\u00e4hrend die Einfuhrpreise in den vergangenen drei Monaten um 11,4 Prozent gefallen sind. Selbst die Exportpreise sind zuletzt dreimal in Folge gesunken. Man extrapoliert, wie wir wissen, immer ganz gern, was zumindest teilweise erkl\u00e4rt, weshalb die Anleger augenblicklich auf Deflation setzen. Best\u00e4tigt wird diese Sichtweise im \u00dcbrigen von den immer pessimistischeren Konjunkturprognosen.<\/p>\n<p>Ein Indikator daf\u00fcr, wie sich der Welthandel und damit die Weltkonjunktur entwickeln werden, ist der Baltic Dry-Frachtindex. Er bildet die Frachtraten f\u00fcr Hochseeschiffe ab. So wie er von 600 Mitte 2002 auf 11.600 im vergangenen Juni gestiegen ist und damit den globalen Wirtschaftsboom mit leichtem Vorlauf gut widergespiegelt hat, so ist er in den letzten Monaten um nicht weniger als 94% auf 733 eingebrochen. Der internationale Warenhandel schw\u00e4chelt so sehr, dass die Reeder beinahe jeden Preis akzeptieren m\u00fcssen, wenn sie ihre Schiffe nicht leer fahren lassen wollen. Seit dem Weltkrieg ist so etwas noch nie vorgekommen.<\/p>\n<p>&#32;<\/p>\n<p align=\"center\"><img decoding=\"async\" src=\"https:\/\/blog.zeit.de\/herdentrieb\/files\/2008\/11\/baltic_dry_index_bloomberg.gif\" alt=\"Baltic Dry Index\" title=\"Baltic Dry Index\" \/><\/p>\n<p>&#32;<\/p>\n<p>Im Euroland gehen die Verbraucherpreise seit ihrem H\u00f6hepunkt im Juni ebenfalls zur\u00fcck. Wenn ich annehme, dass das Preisniveau auch au\u00dferhalb Deutschlands im November um 0,3 Prozent gesunken ist (+2,3 Prozent im Vorjahresvergleich), bekomme ich f\u00fcr den Zeitraum Juni bis November aufs Jahr hochgerechnet eine Inflationsrate von &#8211;0,9 Prozent. Es handelt sich also auch bei uns nicht l\u00e4nger darum, dass das Preisniveau gelegentlich von einem Monat auf den anderen auch mal fallen kann. Es sieht, auch wenn man die vorgelagerten Gro\u00dfhandelspreise oder die Einfuhrpreise betrachtet, nach einem gut etablierten Trend in Richtung Deflation aus. Jetzt brauche ich mir nur noch vorzustellen, dass der Euro angesichts der gesunden Fundamentals wieder aufwertet, die Baisse der Rohstoffpreise f\u00fcrs Erste anh\u00e4lt und die L\u00f6hne ab sofort wieder moderater ausfallen, dann f\u00e4llt es mir nicht schwer, die j\u00fcngsten Preistrends bis mindestens in die Mitte des n\u00e4chsten Jahres zu verl\u00e4ngern. Das hei\u00dft, die Headline-Rate k\u00f6nnte dann weniger als 0 Prozent betragen.<\/p>\n<p>Hat das schon jemand auf der Rechnung? Erstaunlicherweise liegen die Renditen der Bunds im Zehnjahresbereich bei 3,29 Prozent und damit um rund 30 Basispunkte \u00fcber vergleichbaren US Treasuries, und das trotz des Aufwertungspotentials des Euro und der insgesamt viel konservativeren Finanzpolitik im Euroraum. Ich denke, wenn es in den USA so ausgepr\u00e4gte Deflationserwartungen gibt, m\u00fcsste das hierzulande erst recht der Fall sein. Die deutschen Renditen werden weiter sinken, und am langen Ende der Zinskurve werden sie auch wieder unter die amerikanischen fallen. Es ist nur eine Frage der Zeit. Am kurzen Ende wird es wohl nicht dazu kommen, weil die EZB den Refinanzierungssatz kaum auf weniger als 1 Prozent zur\u00fcckfahren wird. Das k\u00f6nnte sich allerdings dann \u00e4ndern, wenn der Euro eines Tages wieder 1,60 Dollar oder mehr kostet und sich die Deflation einzunisten beginnt. Nicht das wahrscheinlichste Szenarium, aber auch kein unwahrscheinliches.<\/p>\n","protected":false},"excerpt":{"rendered":"<p>Die Notenbankzinsen sind in den wichtigsten L\u00e4ndern entweder im freien Fall, oder sie sind bereits nahe Null. Gleichzeitig \u00fcberbieten sich die Regierungen mit finanzpolitischen Rettungsprogrammen (Deutschland ausgenommen). Expansiver k\u00f6nnte die Wirtschaftspolitik im Moment nicht sein. Die Angst vor einer globalen Rezession ist aber offenbar so gro\u00df, dass die Anleger aus diesem Aktionismus nicht etwa folgern, [&hellip;]<\/p>\n","protected":false},"author":61,"featured_media":0,"comment_status":"open","ping_status":"closed","sticky":false,"template":"","format":"standard","meta":{"_jetpack_memberships_contains_paid_content":false,"footnotes":""},"categories":[15],"tags":[],"class_list":["post-482","post","type-post","status-publish","format-standard","hentry","category-ja-wo-laufen-sie-denn-hin"],"yoast_head":"<!-- This site is optimized with the Yoast SEO plugin v21.0 - https:\/\/yoast.com\/wordpress\/plugins\/seo\/ -->\n<title>Niemand hat Angst vor Inflation - Herdentrieb<\/title>\n<meta name=\"robots\" content=\"index, follow, max-snippet:-1, max-image-preview:large, max-video-preview:-1\" \/>\n<link rel=\"canonical\" href=\"https:\/\/blog.zeit.de\/herdentrieb\/2008\/11\/28\/niemand-hat-angst-vor-inflation_482\" \/>\n<meta property=\"og:locale\" content=\"de_DE\" \/>\n<meta property=\"og:type\" content=\"article\" \/>\n<meta property=\"og:title\" content=\"Niemand hat Angst vor Inflation - Herdentrieb\" \/>\n<meta property=\"og:description\" content=\"Die Notenbankzinsen sind in den wichtigsten L\u00e4ndern entweder im freien Fall, oder sie sind bereits nahe Null. Gleichzeitig \u00fcberbieten sich die Regierungen mit finanzpolitischen Rettungsprogrammen (Deutschland ausgenommen). Expansiver k\u00f6nnte die Wirtschaftspolitik im Moment nicht sein. Die Angst vor einer globalen Rezession ist aber offenbar so gro\u00df, dass die Anleger aus diesem Aktionismus nicht etwa folgern, [&hellip;]\" \/>\n<meta property=\"og:url\" content=\"https:\/\/blog.zeit.de\/herdentrieb\/2008\/11\/28\/niemand-hat-angst-vor-inflation_482\" \/>\n<meta property=\"og:site_name\" content=\"Herdentrieb\" \/>\n<meta property=\"article:published_time\" content=\"2008-11-28T08:32:15+00:00\" \/>\n<meta property=\"og:image\" content=\"https:\/\/blog.zeit.de\/herdentrieb\/files\/2008\/11\/tips_tb_infl_expect_081124.gif\" \/>\n<meta name=\"author\" content=\"Dieter Wermuth\" \/>\n<meta name=\"twitter:card\" content=\"summary_large_image\" \/>\n<meta name=\"twitter:creator\" content=\"@zeitonline\" \/>\n<meta name=\"twitter:site\" content=\"@zeitonline\" \/>\n<meta name=\"twitter:label1\" content=\"Geschrieben von\" \/>\n\t<meta name=\"twitter:data1\" content=\"Dieter Wermuth\" \/>\n\t<meta name=\"twitter:label2\" content=\"Gesch\u00e4tzte Lesezeit\" \/>\n\t<meta name=\"twitter:data2\" content=\"4\u00a0Minuten\" \/>\n<script type=\"application\/ld+json\" class=\"yoast-schema-graph\">{\"@context\":\"https:\/\/schema.org\",\"@graph\":[{\"@type\":\"WebPage\",\"@id\":\"https:\/\/blog.zeit.de\/herdentrieb\/2008\/11\/28\/niemand-hat-angst-vor-inflation_482\",\"url\":\"https:\/\/blog.zeit.de\/herdentrieb\/2008\/11\/28\/niemand-hat-angst-vor-inflation_482\",\"name\":\"Niemand hat Angst vor Inflation - Herdentrieb\",\"isPartOf\":{\"@id\":\"https:\/\/blog.zeit.de\/herdentrieb\/#website\"},\"datePublished\":\"2008-11-28T08:32:15+00:00\",\"dateModified\":\"2008-11-28T08:32:15+00:00\",\"author\":{\"@id\":\"https:\/\/blog.zeit.de\/herdentrieb\/#\/schema\/person\/cded255e8a7893fa16565de10e59b891\"},\"breadcrumb\":{\"@id\":\"https:\/\/blog.zeit.de\/herdentrieb\/2008\/11\/28\/niemand-hat-angst-vor-inflation_482#breadcrumb\"},\"inLanguage\":\"de\",\"potentialAction\":[{\"@type\":\"ReadAction\",\"target\":[\"https:\/\/blog.zeit.de\/herdentrieb\/2008\/11\/28\/niemand-hat-angst-vor-inflation_482\"]}]},{\"@type\":\"BreadcrumbList\",\"@id\":\"https:\/\/blog.zeit.de\/herdentrieb\/2008\/11\/28\/niemand-hat-angst-vor-inflation_482#breadcrumb\",\"itemListElement\":[{\"@type\":\"ListItem\",\"position\":1,\"name\":\"Startseite\",\"item\":\"https:\/\/blog.zeit.de\/herdentrieb\"},{\"@type\":\"ListItem\",\"position\":2,\"name\":\"Niemand hat Angst vor Inflation\"}]},{\"@type\":\"WebSite\",\"@id\":\"https:\/\/blog.zeit.de\/herdentrieb\/#website\",\"url\":\"https:\/\/blog.zeit.de\/herdentrieb\/\",\"name\":\"Herdentrieb\",\"description\":\"So funktioniert Kapitalismus. Ein Blog\",\"potentialAction\":[{\"@type\":\"SearchAction\",\"target\":{\"@type\":\"EntryPoint\",\"urlTemplate\":\"https:\/\/blog.zeit.de\/herdentrieb\/?s={search_term_string}\"},\"query-input\":\"required name=search_term_string\"}],\"inLanguage\":\"de\"},{\"@type\":\"Person\",\"@id\":\"https:\/\/blog.zeit.de\/herdentrieb\/#\/schema\/person\/cded255e8a7893fa16565de10e59b891\",\"name\":\"Dieter Wermuth\",\"image\":{\"@type\":\"ImageObject\",\"inLanguage\":\"de\",\"@id\":\"https:\/\/blog.zeit.de\/herdentrieb\/#\/schema\/person\/image\/\",\"url\":\"https:\/\/secure.gravatar.com\/avatar\/17b936dcdfff00d08ede21a6c8044f16e55bc8832ed4a15d30fdb3dcfd0adec3?s=96&d=mm&r=g\",\"contentUrl\":\"https:\/\/secure.gravatar.com\/avatar\/17b936dcdfff00d08ede21a6c8044f16e55bc8832ed4a15d30fdb3dcfd0adec3?s=96&d=mm&r=g\",\"caption\":\"Dieter Wermuth\"},\"url\":\"https:\/\/blog.zeit.de\/herdentrieb\/author\/dieter-wermuth\"}]}<\/script>\n<!-- \/ Yoast SEO plugin. -->","yoast_head_json":{"title":"Niemand hat Angst vor Inflation - Herdentrieb","robots":{"index":"index","follow":"follow","max-snippet":"max-snippet:-1","max-image-preview":"max-image-preview:large","max-video-preview":"max-video-preview:-1"},"canonical":"https:\/\/blog.zeit.de\/herdentrieb\/2008\/11\/28\/niemand-hat-angst-vor-inflation_482","og_locale":"de_DE","og_type":"article","og_title":"Niemand hat Angst vor Inflation - Herdentrieb","og_description":"Die Notenbankzinsen sind in den wichtigsten L\u00e4ndern entweder im freien Fall, oder sie sind bereits nahe Null. Gleichzeitig \u00fcberbieten sich die Regierungen mit finanzpolitischen Rettungsprogrammen (Deutschland ausgenommen). Expansiver k\u00f6nnte die Wirtschaftspolitik im Moment nicht sein. Die Angst vor einer globalen Rezession ist aber offenbar so gro\u00df, dass die Anleger aus diesem Aktionismus nicht etwa folgern, [&hellip;]","og_url":"https:\/\/blog.zeit.de\/herdentrieb\/2008\/11\/28\/niemand-hat-angst-vor-inflation_482","og_site_name":"Herdentrieb","article_published_time":"2008-11-28T08:32:15+00:00","og_image":[{"url":"https:\/\/blog.zeit.de\/herdentrieb\/files\/2008\/11\/tips_tb_infl_expect_081124.gif"}],"author":"Dieter Wermuth","twitter_card":"summary_large_image","twitter_creator":"@zeitonline","twitter_site":"@zeitonline","twitter_misc":{"Geschrieben von":"Dieter Wermuth","Gesch\u00e4tzte Lesezeit":"4\u00a0Minuten"},"schema":{"@context":"https:\/\/schema.org","@graph":[{"@type":"WebPage","@id":"https:\/\/blog.zeit.de\/herdentrieb\/2008\/11\/28\/niemand-hat-angst-vor-inflation_482","url":"https:\/\/blog.zeit.de\/herdentrieb\/2008\/11\/28\/niemand-hat-angst-vor-inflation_482","name":"Niemand hat Angst vor Inflation - Herdentrieb","isPartOf":{"@id":"https:\/\/blog.zeit.de\/herdentrieb\/#website"},"datePublished":"2008-11-28T08:32:15+00:00","dateModified":"2008-11-28T08:32:15+00:00","author":{"@id":"https:\/\/blog.zeit.de\/herdentrieb\/#\/schema\/person\/cded255e8a7893fa16565de10e59b891"},"breadcrumb":{"@id":"https:\/\/blog.zeit.de\/herdentrieb\/2008\/11\/28\/niemand-hat-angst-vor-inflation_482#breadcrumb"},"inLanguage":"de","potentialAction":[{"@type":"ReadAction","target":["https:\/\/blog.zeit.de\/herdentrieb\/2008\/11\/28\/niemand-hat-angst-vor-inflation_482"]}]},{"@type":"BreadcrumbList","@id":"https:\/\/blog.zeit.de\/herdentrieb\/2008\/11\/28\/niemand-hat-angst-vor-inflation_482#breadcrumb","itemListElement":[{"@type":"ListItem","position":1,"name":"Startseite","item":"https:\/\/blog.zeit.de\/herdentrieb"},{"@type":"ListItem","position":2,"name":"Niemand hat Angst vor Inflation"}]},{"@type":"WebSite","@id":"https:\/\/blog.zeit.de\/herdentrieb\/#website","url":"https:\/\/blog.zeit.de\/herdentrieb\/","name":"Herdentrieb","description":"So funktioniert Kapitalismus. Ein Blog","potentialAction":[{"@type":"SearchAction","target":{"@type":"EntryPoint","urlTemplate":"https:\/\/blog.zeit.de\/herdentrieb\/?s={search_term_string}"},"query-input":"required name=search_term_string"}],"inLanguage":"de"},{"@type":"Person","@id":"https:\/\/blog.zeit.de\/herdentrieb\/#\/schema\/person\/cded255e8a7893fa16565de10e59b891","name":"Dieter Wermuth","image":{"@type":"ImageObject","inLanguage":"de","@id":"https:\/\/blog.zeit.de\/herdentrieb\/#\/schema\/person\/image\/","url":"https:\/\/secure.gravatar.com\/avatar\/17b936dcdfff00d08ede21a6c8044f16e55bc8832ed4a15d30fdb3dcfd0adec3?s=96&d=mm&r=g","contentUrl":"https:\/\/secure.gravatar.com\/avatar\/17b936dcdfff00d08ede21a6c8044f16e55bc8832ed4a15d30fdb3dcfd0adec3?s=96&d=mm&r=g","caption":"Dieter Wermuth"},"url":"https:\/\/blog.zeit.de\/herdentrieb\/author\/dieter-wermuth"}]}},"jetpack_featured_media_url":"","jetpack_sharing_enabled":true,"_links":{"self":[{"href":"https:\/\/blog.zeit.de\/herdentrieb\/wp-json\/wp\/v2\/posts\/482","targetHints":{"allow":["GET"]}}],"collection":[{"href":"https:\/\/blog.zeit.de\/herdentrieb\/wp-json\/wp\/v2\/posts"}],"about":[{"href":"https:\/\/blog.zeit.de\/herdentrieb\/wp-json\/wp\/v2\/types\/post"}],"author":[{"embeddable":true,"href":"https:\/\/blog.zeit.de\/herdentrieb\/wp-json\/wp\/v2\/users\/61"}],"replies":[{"embeddable":true,"href":"https:\/\/blog.zeit.de\/herdentrieb\/wp-json\/wp\/v2\/comments?post=482"}],"version-history":[{"count":0,"href":"https:\/\/blog.zeit.de\/herdentrieb\/wp-json\/wp\/v2\/posts\/482\/revisions"}],"wp:attachment":[{"href":"https:\/\/blog.zeit.de\/herdentrieb\/wp-json\/wp\/v2\/media?parent=482"}],"wp:term":[{"taxonomy":"category","embeddable":true,"href":"https:\/\/blog.zeit.de\/herdentrieb\/wp-json\/wp\/v2\/categories?post=482"},{"taxonomy":"post_tag","embeddable":true,"href":"https:\/\/blog.zeit.de\/herdentrieb\/wp-json\/wp\/v2\/tags?post=482"}],"curies":[{"name":"wp","href":"https:\/\/api.w.org\/{rel}","templated":true}]}}