{"id":4852,"date":"2012-06-04T03:49:53","date_gmt":"2012-06-04T01:49:53","guid":{"rendered":"http:\/\/blog.zeit.de\/herdentrieb\/?p=4852"},"modified":"2012-06-04T10:09:59","modified_gmt":"2012-06-04T08:09:59","slug":"wie-hilft-man-spaniens-banken","status":"publish","type":"post","link":"https:\/\/blog.zeit.de\/herdentrieb\/2012\/06\/04\/wie-hilft-man-spaniens-banken_4852","title":{"rendered":"Wie hilft man Spaniens Banken?"},"content":{"rendered":"<p>In der Bundesregierung setzt sich die Einsch\u00e4tzung durch, dass Spanien auf Hilfe von au\u00dfen angewiesen ist. Aber wie sollte diese gew\u00e4hrt werden? Die Deutschen argumentieren, dass Spanien den EFSF\/ESM in Anspruch nehmen sollte. Es ist nach allem was ich h\u00f6re wohl nicht so, dass man in Berlin die Spanier unter den Schirm zwingen will, aber man will sie ermutigen, den Antrag zu stellen, wenn absehbar ist, dass sie es nicht alleine schaffen.<\/p>\n<p>Die \u00dcberlegung: Hilfen f\u00fcr die Banken w\u00e4ren erstens ein Transfer und damit problematisch und zweitens w\u00e4re die sachgerechte Verwendung der Mittel nicht zu kontrollieren. Das stimmt auch, denn noch existiert keine paneurop\u00e4ische Bankenaufsicht und der EFSF\/ESM ist nicht f\u00fcr Bankenrettungsaktionen ausgelegt.<\/p>\n<p>Das Problem ist nur, dass auch die Inanspruchnahme des EFSF\/ESM ihre Nachteile hat. Denn erstens w\u00fcrde dadurch die spanische Schuldenquote weiter steigen \u2013 und vielleicht einen Punkt \u00fcberschreiten, den die M\u00e4rkte noch f\u00fcr akzeptabel erachten. Schlie\u00dflich sollte man bei der Rekapitalisierung nicht knausern und 100 bis 200 Milliarden in die Hand nehmen.<\/p>\n<p>Und zweitens hat der ESM den Status eines bevorrechtigten Gl\u00e4ubigers, was die Investoren verschrecken k\u00f6nnte, weil sie damit rechnen m\u00fcssen, dass die Ressourcen des Landes zuerst f\u00fcr die Bedienung der ESM-Kredite verwendet werden und damit weniger f\u00fcr sie \u00fcbrig bleibt.<\/p>\n<p>Kurzfristig k\u00f6nnte sich der Rettungsschirm also sogar negativ auf die F\u00e4higkeit Spaniens auswirken, sich am Markt mit Kredit zu versorgen. Die Erfahrung mit den bisherigen Programml\u00e4ndern jedenfalls ist, dass die Inanspruchnahme sich nicht unbedingt positiv auf die Zinsspreads auswirkt.<\/p>\n<p>Das w\u00fcrde bedeuten, dass eine kleine L\u00f6sung nicht m\u00f6glich ist und das Land m\u00f6glicherweise voll durch den ESM\/EFSF finanziert werden muss, sobald es den Antrag stellt. Dann reden wir also \u00fcber ein klassisches Programm \u2013 und das wird teuer.<\/p>\n","protected":false},"excerpt":{"rendered":"<p>In der Bundesregierung setzt sich die Einsch\u00e4tzung durch, dass Spanien auf Hilfe von au\u00dfen angewiesen ist. Aber wie sollte diese gew\u00e4hrt werden? Die Deutschen argumentieren, dass Spanien den EFSF\/ESM in Anspruch nehmen sollte. Es ist nach allem was ich h\u00f6re wohl nicht so, dass man in Berlin die Spanier unter den Schirm zwingen will, aber [&hellip;]<\/p>\n","protected":false},"author":215,"featured_media":0,"comment_status":"open","ping_status":"closed","sticky":false,"template":"","format":"standard","meta":{"_jetpack_memberships_contains_paid_content":false,"footnotes":""},"categories":[3],"tags":[],"class_list":["post-4852","post","type-post","status-publish","format-standard","hentry","category-der-aktuelle-rand"],"yoast_head":"<!-- This site is optimized with the Yoast SEO plugin v21.0 - https:\/\/yoast.com\/wordpress\/plugins\/seo\/ -->\n<title>Wie hilft man Spaniens Banken? - Herdentrieb<\/title>\n<meta name=\"robots\" content=\"index, follow, max-snippet:-1, max-image-preview:large, max-video-preview:-1\" \/>\n<link rel=\"canonical\" href=\"https:\/\/blog.zeit.de\/herdentrieb\/2012\/06\/04\/wie-hilft-man-spaniens-banken_4852\" \/>\n<meta property=\"og:locale\" content=\"de_DE\" \/>\n<meta property=\"og:type\" content=\"article\" \/>\n<meta property=\"og:title\" content=\"Wie hilft man Spaniens Banken? - Herdentrieb\" \/>\n<meta property=\"og:description\" content=\"In der Bundesregierung setzt sich die Einsch\u00e4tzung durch, dass Spanien auf Hilfe von au\u00dfen angewiesen ist. Aber wie sollte diese gew\u00e4hrt werden? Die Deutschen argumentieren, dass Spanien den EFSF\/ESM in Anspruch nehmen sollte. Es ist nach allem was ich h\u00f6re wohl nicht so, dass man in Berlin die Spanier unter den Schirm zwingen will, aber [&hellip;]\" \/>\n<meta property=\"og:url\" content=\"https:\/\/blog.zeit.de\/herdentrieb\/2012\/06\/04\/wie-hilft-man-spaniens-banken_4852\" \/>\n<meta property=\"og:site_name\" content=\"Herdentrieb\" \/>\n<meta property=\"article:published_time\" content=\"2012-06-04T01:49:53+00:00\" \/>\n<meta property=\"article:modified_time\" content=\"2012-06-04T08:09:59+00:00\" \/>\n<meta name=\"author\" content=\"Mark Schieritz\" \/>\n<meta name=\"twitter:card\" content=\"summary_large_image\" \/>\n<meta name=\"twitter:creator\" content=\"@zeitonline\" \/>\n<meta name=\"twitter:site\" content=\"@zeitonline\" \/>\n<meta name=\"twitter:label1\" content=\"Geschrieben von\" \/>\n\t<meta name=\"twitter:data1\" content=\"Mark Schieritz\" \/>\n\t<meta name=\"twitter:label2\" content=\"Gesch\u00e4tzte Lesezeit\" \/>\n\t<meta name=\"twitter:data2\" content=\"2\u00a0Minuten\" \/>\n<script type=\"application\/ld+json\" class=\"yoast-schema-graph\">{\"@context\":\"https:\/\/schema.org\",\"@graph\":[{\"@type\":\"WebPage\",\"@id\":\"https:\/\/blog.zeit.de\/herdentrieb\/2012\/06\/04\/wie-hilft-man-spaniens-banken_4852\",\"url\":\"https:\/\/blog.zeit.de\/herdentrieb\/2012\/06\/04\/wie-hilft-man-spaniens-banken_4852\",\"name\":\"Wie hilft man Spaniens Banken? - Herdentrieb\",\"isPartOf\":{\"@id\":\"https:\/\/blog.zeit.de\/herdentrieb\/#website\"},\"datePublished\":\"2012-06-04T01:49:53+00:00\",\"dateModified\":\"2012-06-04T08:09:59+00:00\",\"author\":{\"@id\":\"https:\/\/blog.zeit.de\/herdentrieb\/#\/schema\/person\/a2dfa95bbd4de7e06edc88db4e3d3871\"},\"breadcrumb\":{\"@id\":\"https:\/\/blog.zeit.de\/herdentrieb\/2012\/06\/04\/wie-hilft-man-spaniens-banken_4852#breadcrumb\"},\"inLanguage\":\"de\",\"potentialAction\":[{\"@type\":\"ReadAction\",\"target\":[\"https:\/\/blog.zeit.de\/herdentrieb\/2012\/06\/04\/wie-hilft-man-spaniens-banken_4852\"]}]},{\"@type\":\"BreadcrumbList\",\"@id\":\"https:\/\/blog.zeit.de\/herdentrieb\/2012\/06\/04\/wie-hilft-man-spaniens-banken_4852#breadcrumb\",\"itemListElement\":[{\"@type\":\"ListItem\",\"position\":1,\"name\":\"Startseite\",\"item\":\"https:\/\/blog.zeit.de\/herdentrieb\"},{\"@type\":\"ListItem\",\"position\":2,\"name\":\"Wie hilft man Spaniens Banken?\"}]},{\"@type\":\"WebSite\",\"@id\":\"https:\/\/blog.zeit.de\/herdentrieb\/#website\",\"url\":\"https:\/\/blog.zeit.de\/herdentrieb\/\",\"name\":\"Herdentrieb\",\"description\":\"So funktioniert Kapitalismus. Ein Blog\",\"potentialAction\":[{\"@type\":\"SearchAction\",\"target\":{\"@type\":\"EntryPoint\",\"urlTemplate\":\"https:\/\/blog.zeit.de\/herdentrieb\/?s={search_term_string}\"},\"query-input\":\"required name=search_term_string\"}],\"inLanguage\":\"de\"},{\"@type\":\"Person\",\"@id\":\"https:\/\/blog.zeit.de\/herdentrieb\/#\/schema\/person\/a2dfa95bbd4de7e06edc88db4e3d3871\",\"name\":\"Mark Schieritz\",\"image\":{\"@type\":\"ImageObject\",\"inLanguage\":\"de\",\"@id\":\"https:\/\/blog.zeit.de\/herdentrieb\/#\/schema\/person\/image\/\",\"url\":\"https:\/\/secure.gravatar.com\/avatar\/66e072b8ecaf6d851921c0577ca78c8c9a24223a3c3cb6df48c5d839d1b622e0?s=96&d=mm&r=g\",\"contentUrl\":\"https:\/\/secure.gravatar.com\/avatar\/66e072b8ecaf6d851921c0577ca78c8c9a24223a3c3cb6df48c5d839d1b622e0?s=96&d=mm&r=g\",\"caption\":\"Mark Schieritz\"},\"url\":\"https:\/\/blog.zeit.de\/herdentrieb\/author\/mark-schieritz\"}]}<\/script>\n<!-- \/ Yoast SEO plugin. -->","yoast_head_json":{"title":"Wie hilft man Spaniens Banken? - Herdentrieb","robots":{"index":"index","follow":"follow","max-snippet":"max-snippet:-1","max-image-preview":"max-image-preview:large","max-video-preview":"max-video-preview:-1"},"canonical":"https:\/\/blog.zeit.de\/herdentrieb\/2012\/06\/04\/wie-hilft-man-spaniens-banken_4852","og_locale":"de_DE","og_type":"article","og_title":"Wie hilft man Spaniens Banken? - Herdentrieb","og_description":"In der Bundesregierung setzt sich die Einsch\u00e4tzung durch, dass Spanien auf Hilfe von au\u00dfen angewiesen ist. Aber wie sollte diese gew\u00e4hrt werden? Die Deutschen argumentieren, dass Spanien den EFSF\/ESM in Anspruch nehmen sollte. Es ist nach allem was ich h\u00f6re wohl nicht so, dass man in Berlin die Spanier unter den Schirm zwingen will, aber [&hellip;]","og_url":"https:\/\/blog.zeit.de\/herdentrieb\/2012\/06\/04\/wie-hilft-man-spaniens-banken_4852","og_site_name":"Herdentrieb","article_published_time":"2012-06-04T01:49:53+00:00","article_modified_time":"2012-06-04T08:09:59+00:00","author":"Mark Schieritz","twitter_card":"summary_large_image","twitter_creator":"@zeitonline","twitter_site":"@zeitonline","twitter_misc":{"Geschrieben von":"Mark Schieritz","Gesch\u00e4tzte Lesezeit":"2\u00a0Minuten"},"schema":{"@context":"https:\/\/schema.org","@graph":[{"@type":"WebPage","@id":"https:\/\/blog.zeit.de\/herdentrieb\/2012\/06\/04\/wie-hilft-man-spaniens-banken_4852","url":"https:\/\/blog.zeit.de\/herdentrieb\/2012\/06\/04\/wie-hilft-man-spaniens-banken_4852","name":"Wie hilft man Spaniens Banken? - Herdentrieb","isPartOf":{"@id":"https:\/\/blog.zeit.de\/herdentrieb\/#website"},"datePublished":"2012-06-04T01:49:53+00:00","dateModified":"2012-06-04T08:09:59+00:00","author":{"@id":"https:\/\/blog.zeit.de\/herdentrieb\/#\/schema\/person\/a2dfa95bbd4de7e06edc88db4e3d3871"},"breadcrumb":{"@id":"https:\/\/blog.zeit.de\/herdentrieb\/2012\/06\/04\/wie-hilft-man-spaniens-banken_4852#breadcrumb"},"inLanguage":"de","potentialAction":[{"@type":"ReadAction","target":["https:\/\/blog.zeit.de\/herdentrieb\/2012\/06\/04\/wie-hilft-man-spaniens-banken_4852"]}]},{"@type":"BreadcrumbList","@id":"https:\/\/blog.zeit.de\/herdentrieb\/2012\/06\/04\/wie-hilft-man-spaniens-banken_4852#breadcrumb","itemListElement":[{"@type":"ListItem","position":1,"name":"Startseite","item":"https:\/\/blog.zeit.de\/herdentrieb"},{"@type":"ListItem","position":2,"name":"Wie hilft man Spaniens Banken?"}]},{"@type":"WebSite","@id":"https:\/\/blog.zeit.de\/herdentrieb\/#website","url":"https:\/\/blog.zeit.de\/herdentrieb\/","name":"Herdentrieb","description":"So funktioniert Kapitalismus. Ein Blog","potentialAction":[{"@type":"SearchAction","target":{"@type":"EntryPoint","urlTemplate":"https:\/\/blog.zeit.de\/herdentrieb\/?s={search_term_string}"},"query-input":"required name=search_term_string"}],"inLanguage":"de"},{"@type":"Person","@id":"https:\/\/blog.zeit.de\/herdentrieb\/#\/schema\/person\/a2dfa95bbd4de7e06edc88db4e3d3871","name":"Mark Schieritz","image":{"@type":"ImageObject","inLanguage":"de","@id":"https:\/\/blog.zeit.de\/herdentrieb\/#\/schema\/person\/image\/","url":"https:\/\/secure.gravatar.com\/avatar\/66e072b8ecaf6d851921c0577ca78c8c9a24223a3c3cb6df48c5d839d1b622e0?s=96&d=mm&r=g","contentUrl":"https:\/\/secure.gravatar.com\/avatar\/66e072b8ecaf6d851921c0577ca78c8c9a24223a3c3cb6df48c5d839d1b622e0?s=96&d=mm&r=g","caption":"Mark Schieritz"},"url":"https:\/\/blog.zeit.de\/herdentrieb\/author\/mark-schieritz"}]}},"jetpack_featured_media_url":"","jetpack_sharing_enabled":true,"_links":{"self":[{"href":"https:\/\/blog.zeit.de\/herdentrieb\/wp-json\/wp\/v2\/posts\/4852","targetHints":{"allow":["GET"]}}],"collection":[{"href":"https:\/\/blog.zeit.de\/herdentrieb\/wp-json\/wp\/v2\/posts"}],"about":[{"href":"https:\/\/blog.zeit.de\/herdentrieb\/wp-json\/wp\/v2\/types\/post"}],"author":[{"embeddable":true,"href":"https:\/\/blog.zeit.de\/herdentrieb\/wp-json\/wp\/v2\/users\/215"}],"replies":[{"embeddable":true,"href":"https:\/\/blog.zeit.de\/herdentrieb\/wp-json\/wp\/v2\/comments?post=4852"}],"version-history":[{"count":6,"href":"https:\/\/blog.zeit.de\/herdentrieb\/wp-json\/wp\/v2\/posts\/4852\/revisions"}],"predecessor-version":[{"id":4858,"href":"https:\/\/blog.zeit.de\/herdentrieb\/wp-json\/wp\/v2\/posts\/4852\/revisions\/4858"}],"wp:attachment":[{"href":"https:\/\/blog.zeit.de\/herdentrieb\/wp-json\/wp\/v2\/media?parent=4852"}],"wp:term":[{"taxonomy":"category","embeddable":true,"href":"https:\/\/blog.zeit.de\/herdentrieb\/wp-json\/wp\/v2\/categories?post=4852"},{"taxonomy":"post_tag","embeddable":true,"href":"https:\/\/blog.zeit.de\/herdentrieb\/wp-json\/wp\/v2\/tags?post=4852"}],"curies":[{"name":"wp","href":"https:\/\/api.w.org\/{rel}","templated":true}]}}