{"id":4934,"date":"2012-06-17T23:52:35","date_gmt":"2012-06-17T21:52:35","guid":{"rendered":"http:\/\/blog.zeit.de\/herdentrieb\/?p=4934"},"modified":"2012-06-18T11:18:01","modified_gmt":"2012-06-18T09:18:01","slug":"das-elend-der-sozialdemokratie","status":"publish","type":"post","link":"https:\/\/blog.zeit.de\/herdentrieb\/2012\/06\/17\/das-elend-der-sozialdemokratie_4934","title":{"rendered":"Das Elend der Sozialdemokratie"},"content":{"rendered":"<p>Stephan schreibt bei <a href=\"http:\/\/www.wiesaussieht.de\/2012\/06\/17\/alexis-tsipras-ein-griechischer-wladimir-woytinsky\/\" target=\"_blank\">wiesaussieht<\/a> \u00fcber Wladimir Woytinsky \u2013 ein Gewerkschafter in der Weimarer Republik \u2013 und trifft den Nagel auf den Kopf:<\/p>\n<p style=\"padding-left: 30px;\"><em>Da haben wir zum einen auch die \u00f6konomischen \u201cIgnoranten\u201d a\u2019la Hollande, die begeistert von mehr Wachstum schwadronieren, aber bei \u00a0(&#8230;) der Frage, woher denn dieses Wachstum kommen soll, die Krise kriegen. Da wird dann \u00fcber die Beruhigung der Finanzm\u00e4rkte nachgedacht und ausgeglichene Staatshaushalte als Allheilmittel gepriesen.\u00a0Wenn es um die Schulden anderer geht, entdeckt jeder Genosse seinen inneren Nationalisten. Die EZB ist ein europ\u00e4isches Tabu und Steuererh\u00f6hung sowieso. usw. usf.<\/em><\/p>\n<p>Genau das ist das Dilemma der SPD. Sie schwadroniert \u00fcber Wachstum und will Merkel angeblich den Schneid abkaufen \u00a0\u2013 um dann (abgesehen von der Finanztransaktionssteuer, von der man halten kann, was man will, die aber zur L\u00f6sung der Krise praktisch nichts beitragen wird) genau das zu fordern, was die Kanzlerin ohnehin will: Mehr Geld f\u00fcr die EIB, eine effizientere Verwendung der Strukturfonds etc.<\/p>\n<p>Ich hatte neulich das Wachstumspapier aus dem Wirtschaftsministerium und den Entwurf von SPD und Gr\u00fcnen auf dem Schreibtisch, da gibt es keinen gro\u00dfen Unterschiede. Ob Eurobonds oder eine aktivere Rolle der EZB \u2013 f\u00fcr die deutsche Sozialdemokratie ist das offensichtlich nicht denkbar.<\/p>\n<p>Nun kann man sagen, die Kanzlerin macht alles richtig und die Vergemeinschaftung der Schulden, ob direkt oder indirekt \u00fcber die Zentralbank, ist ein Irrweg. Das ist eine Position, \u00fcber die man streiten kann, aber es ist eine legitime Position. Die SPD aber kritisiert, ohne eine Alternative zu pr\u00e4sentieren. Das ist unglaubw\u00fcrdig und zunehmend l\u00e4cherlich.<\/p>\n<p>Jemand sollte ihr raten, endlich eine solche Alternative zu entwickeln \u2013 oder zu schweigen.<\/p>\n","protected":false},"excerpt":{"rendered":"<p>Stephan schreibt bei wiesaussieht \u00fcber Wladimir Woytinsky \u2013 ein Gewerkschafter in der Weimarer Republik \u2013 und trifft den Nagel auf den Kopf: Da haben wir zum einen auch die \u00f6konomischen \u201cIgnoranten\u201d a\u2019la Hollande, die begeistert von mehr Wachstum schwadronieren, aber bei \u00a0(&#8230;) der Frage, woher denn dieses Wachstum kommen soll, die Krise kriegen. Da wird [&hellip;]<\/p>\n","protected":false},"author":215,"featured_media":0,"comment_status":"open","ping_status":"closed","sticky":false,"template":"","format":"standard","meta":{"_jetpack_memberships_contains_paid_content":false,"footnotes":""},"categories":[3],"tags":[],"class_list":["post-4934","post","type-post","status-publish","format-standard","hentry","category-der-aktuelle-rand"],"yoast_head":"<!-- This site is optimized with the Yoast SEO plugin v21.0 - https:\/\/yoast.com\/wordpress\/plugins\/seo\/ -->\n<title>Das Elend der Sozialdemokratie - Herdentrieb<\/title>\n<meta name=\"robots\" content=\"index, follow, max-snippet:-1, max-image-preview:large, max-video-preview:-1\" \/>\n<link rel=\"canonical\" href=\"https:\/\/blog.zeit.de\/herdentrieb\/2012\/06\/17\/das-elend-der-sozialdemokratie_4934\" \/>\n<meta property=\"og:locale\" content=\"de_DE\" \/>\n<meta property=\"og:type\" content=\"article\" \/>\n<meta property=\"og:title\" content=\"Das Elend der Sozialdemokratie - Herdentrieb\" \/>\n<meta property=\"og:description\" content=\"Stephan schreibt bei wiesaussieht \u00fcber Wladimir Woytinsky \u2013 ein Gewerkschafter in der Weimarer Republik \u2013 und trifft den Nagel auf den Kopf: Da haben wir zum einen auch die \u00f6konomischen \u201cIgnoranten\u201d a\u2019la Hollande, die begeistert von mehr Wachstum schwadronieren, aber bei \u00a0(&#8230;) der Frage, woher denn dieses Wachstum kommen soll, die Krise kriegen. Da wird [&hellip;]\" \/>\n<meta property=\"og:url\" content=\"https:\/\/blog.zeit.de\/herdentrieb\/2012\/06\/17\/das-elend-der-sozialdemokratie_4934\" \/>\n<meta property=\"og:site_name\" content=\"Herdentrieb\" \/>\n<meta property=\"article:published_time\" content=\"2012-06-17T21:52:35+00:00\" \/>\n<meta property=\"article:modified_time\" content=\"2012-06-18T09:18:01+00:00\" \/>\n<meta name=\"author\" content=\"Mark Schieritz\" \/>\n<meta name=\"twitter:card\" content=\"summary_large_image\" \/>\n<meta name=\"twitter:creator\" content=\"@zeitonline\" \/>\n<meta name=\"twitter:site\" content=\"@zeitonline\" \/>\n<meta name=\"twitter:label1\" content=\"Geschrieben von\" \/>\n\t<meta name=\"twitter:data1\" content=\"Mark Schieritz\" \/>\n\t<meta name=\"twitter:label2\" content=\"Gesch\u00e4tzte Lesezeit\" \/>\n\t<meta name=\"twitter:data2\" content=\"1\u00a0Minute\" \/>\n<script type=\"application\/ld+json\" class=\"yoast-schema-graph\">{\"@context\":\"https:\/\/schema.org\",\"@graph\":[{\"@type\":\"WebPage\",\"@id\":\"https:\/\/blog.zeit.de\/herdentrieb\/2012\/06\/17\/das-elend-der-sozialdemokratie_4934\",\"url\":\"https:\/\/blog.zeit.de\/herdentrieb\/2012\/06\/17\/das-elend-der-sozialdemokratie_4934\",\"name\":\"Das Elend der Sozialdemokratie - Herdentrieb\",\"isPartOf\":{\"@id\":\"https:\/\/blog.zeit.de\/herdentrieb\/#website\"},\"datePublished\":\"2012-06-17T21:52:35+00:00\",\"dateModified\":\"2012-06-18T09:18:01+00:00\",\"author\":{\"@id\":\"https:\/\/blog.zeit.de\/herdentrieb\/#\/schema\/person\/a2dfa95bbd4de7e06edc88db4e3d3871\"},\"breadcrumb\":{\"@id\":\"https:\/\/blog.zeit.de\/herdentrieb\/2012\/06\/17\/das-elend-der-sozialdemokratie_4934#breadcrumb\"},\"inLanguage\":\"de\",\"potentialAction\":[{\"@type\":\"ReadAction\",\"target\":[\"https:\/\/blog.zeit.de\/herdentrieb\/2012\/06\/17\/das-elend-der-sozialdemokratie_4934\"]}]},{\"@type\":\"BreadcrumbList\",\"@id\":\"https:\/\/blog.zeit.de\/herdentrieb\/2012\/06\/17\/das-elend-der-sozialdemokratie_4934#breadcrumb\",\"itemListElement\":[{\"@type\":\"ListItem\",\"position\":1,\"name\":\"Startseite\",\"item\":\"https:\/\/blog.zeit.de\/herdentrieb\"},{\"@type\":\"ListItem\",\"position\":2,\"name\":\"Das Elend der Sozialdemokratie\"}]},{\"@type\":\"WebSite\",\"@id\":\"https:\/\/blog.zeit.de\/herdentrieb\/#website\",\"url\":\"https:\/\/blog.zeit.de\/herdentrieb\/\",\"name\":\"Herdentrieb\",\"description\":\"So funktioniert Kapitalismus. Ein Blog\",\"potentialAction\":[{\"@type\":\"SearchAction\",\"target\":{\"@type\":\"EntryPoint\",\"urlTemplate\":\"https:\/\/blog.zeit.de\/herdentrieb\/?s={search_term_string}\"},\"query-input\":\"required name=search_term_string\"}],\"inLanguage\":\"de\"},{\"@type\":\"Person\",\"@id\":\"https:\/\/blog.zeit.de\/herdentrieb\/#\/schema\/person\/a2dfa95bbd4de7e06edc88db4e3d3871\",\"name\":\"Mark Schieritz\",\"image\":{\"@type\":\"ImageObject\",\"inLanguage\":\"de\",\"@id\":\"https:\/\/blog.zeit.de\/herdentrieb\/#\/schema\/person\/image\/\",\"url\":\"https:\/\/secure.gravatar.com\/avatar\/66e072b8ecaf6d851921c0577ca78c8c9a24223a3c3cb6df48c5d839d1b622e0?s=96&d=mm&r=g\",\"contentUrl\":\"https:\/\/secure.gravatar.com\/avatar\/66e072b8ecaf6d851921c0577ca78c8c9a24223a3c3cb6df48c5d839d1b622e0?s=96&d=mm&r=g\",\"caption\":\"Mark Schieritz\"},\"url\":\"https:\/\/blog.zeit.de\/herdentrieb\/author\/mark-schieritz\"}]}<\/script>\n<!-- \/ Yoast SEO plugin. -->","yoast_head_json":{"title":"Das Elend der Sozialdemokratie - Herdentrieb","robots":{"index":"index","follow":"follow","max-snippet":"max-snippet:-1","max-image-preview":"max-image-preview:large","max-video-preview":"max-video-preview:-1"},"canonical":"https:\/\/blog.zeit.de\/herdentrieb\/2012\/06\/17\/das-elend-der-sozialdemokratie_4934","og_locale":"de_DE","og_type":"article","og_title":"Das Elend der Sozialdemokratie - Herdentrieb","og_description":"Stephan schreibt bei wiesaussieht \u00fcber Wladimir Woytinsky \u2013 ein Gewerkschafter in der Weimarer Republik \u2013 und trifft den Nagel auf den Kopf: Da haben wir zum einen auch die \u00f6konomischen \u201cIgnoranten\u201d a\u2019la Hollande, die begeistert von mehr Wachstum schwadronieren, aber bei \u00a0(&#8230;) der Frage, woher denn dieses Wachstum kommen soll, die Krise kriegen. Da wird [&hellip;]","og_url":"https:\/\/blog.zeit.de\/herdentrieb\/2012\/06\/17\/das-elend-der-sozialdemokratie_4934","og_site_name":"Herdentrieb","article_published_time":"2012-06-17T21:52:35+00:00","article_modified_time":"2012-06-18T09:18:01+00:00","author":"Mark Schieritz","twitter_card":"summary_large_image","twitter_creator":"@zeitonline","twitter_site":"@zeitonline","twitter_misc":{"Geschrieben von":"Mark Schieritz","Gesch\u00e4tzte Lesezeit":"1\u00a0Minute"},"schema":{"@context":"https:\/\/schema.org","@graph":[{"@type":"WebPage","@id":"https:\/\/blog.zeit.de\/herdentrieb\/2012\/06\/17\/das-elend-der-sozialdemokratie_4934","url":"https:\/\/blog.zeit.de\/herdentrieb\/2012\/06\/17\/das-elend-der-sozialdemokratie_4934","name":"Das Elend der Sozialdemokratie - Herdentrieb","isPartOf":{"@id":"https:\/\/blog.zeit.de\/herdentrieb\/#website"},"datePublished":"2012-06-17T21:52:35+00:00","dateModified":"2012-06-18T09:18:01+00:00","author":{"@id":"https:\/\/blog.zeit.de\/herdentrieb\/#\/schema\/person\/a2dfa95bbd4de7e06edc88db4e3d3871"},"breadcrumb":{"@id":"https:\/\/blog.zeit.de\/herdentrieb\/2012\/06\/17\/das-elend-der-sozialdemokratie_4934#breadcrumb"},"inLanguage":"de","potentialAction":[{"@type":"ReadAction","target":["https:\/\/blog.zeit.de\/herdentrieb\/2012\/06\/17\/das-elend-der-sozialdemokratie_4934"]}]},{"@type":"BreadcrumbList","@id":"https:\/\/blog.zeit.de\/herdentrieb\/2012\/06\/17\/das-elend-der-sozialdemokratie_4934#breadcrumb","itemListElement":[{"@type":"ListItem","position":1,"name":"Startseite","item":"https:\/\/blog.zeit.de\/herdentrieb"},{"@type":"ListItem","position":2,"name":"Das Elend der Sozialdemokratie"}]},{"@type":"WebSite","@id":"https:\/\/blog.zeit.de\/herdentrieb\/#website","url":"https:\/\/blog.zeit.de\/herdentrieb\/","name":"Herdentrieb","description":"So funktioniert Kapitalismus. Ein Blog","potentialAction":[{"@type":"SearchAction","target":{"@type":"EntryPoint","urlTemplate":"https:\/\/blog.zeit.de\/herdentrieb\/?s={search_term_string}"},"query-input":"required name=search_term_string"}],"inLanguage":"de"},{"@type":"Person","@id":"https:\/\/blog.zeit.de\/herdentrieb\/#\/schema\/person\/a2dfa95bbd4de7e06edc88db4e3d3871","name":"Mark Schieritz","image":{"@type":"ImageObject","inLanguage":"de","@id":"https:\/\/blog.zeit.de\/herdentrieb\/#\/schema\/person\/image\/","url":"https:\/\/secure.gravatar.com\/avatar\/66e072b8ecaf6d851921c0577ca78c8c9a24223a3c3cb6df48c5d839d1b622e0?s=96&d=mm&r=g","contentUrl":"https:\/\/secure.gravatar.com\/avatar\/66e072b8ecaf6d851921c0577ca78c8c9a24223a3c3cb6df48c5d839d1b622e0?s=96&d=mm&r=g","caption":"Mark Schieritz"},"url":"https:\/\/blog.zeit.de\/herdentrieb\/author\/mark-schieritz"}]}},"jetpack_featured_media_url":"","jetpack_sharing_enabled":true,"_links":{"self":[{"href":"https:\/\/blog.zeit.de\/herdentrieb\/wp-json\/wp\/v2\/posts\/4934","targetHints":{"allow":["GET"]}}],"collection":[{"href":"https:\/\/blog.zeit.de\/herdentrieb\/wp-json\/wp\/v2\/posts"}],"about":[{"href":"https:\/\/blog.zeit.de\/herdentrieb\/wp-json\/wp\/v2\/types\/post"}],"author":[{"embeddable":true,"href":"https:\/\/blog.zeit.de\/herdentrieb\/wp-json\/wp\/v2\/users\/215"}],"replies":[{"embeddable":true,"href":"https:\/\/blog.zeit.de\/herdentrieb\/wp-json\/wp\/v2\/comments?post=4934"}],"version-history":[{"count":4,"href":"https:\/\/blog.zeit.de\/herdentrieb\/wp-json\/wp\/v2\/posts\/4934\/revisions"}],"predecessor-version":[{"id":4938,"href":"https:\/\/blog.zeit.de\/herdentrieb\/wp-json\/wp\/v2\/posts\/4934\/revisions\/4938"}],"wp:attachment":[{"href":"https:\/\/blog.zeit.de\/herdentrieb\/wp-json\/wp\/v2\/media?parent=4934"}],"wp:term":[{"taxonomy":"category","embeddable":true,"href":"https:\/\/blog.zeit.de\/herdentrieb\/wp-json\/wp\/v2\/categories?post=4934"},{"taxonomy":"post_tag","embeddable":true,"href":"https:\/\/blog.zeit.de\/herdentrieb\/wp-json\/wp\/v2\/tags?post=4934"}],"curies":[{"name":"wp","href":"https:\/\/api.w.org\/{rel}","templated":true}]}}